{"id":126675,"date":"2022-01-03T10:08:41","date_gmt":"2022-01-03T09:08:41","guid":{"rendered":"https:\/\/likemetkovic.hr\/?p=126675"},"modified":"2022-01-03T10:13:53","modified_gmt":"2022-01-03T09:13:53","slug":"o-sportskoj-suradnju-ivan-perisica-i-filipa-majica-pise-talijanska-gazzetta","status":"publish","type":"post","link":"https:\/\/likemetkovic.hr\/portal\/o-sportskoj-suradnju-ivan-perisica-i-filipa-majica-pise-talijanska-gazzetta\/","title":{"rendered":"O sportskoj suradnju Ivana Peri\u0161i\u0107a i Filipa Maji\u0107a pi\u0161e talijanska Gazzetta"},"content":{"rendered":"<p class=\"is-subtitle\">Talijanska <a href=\"https:\/\/www.gazzetta.it\/fitness\/allenamento\/storie\/02-01-2022\/ivan-perisic-boxe-tomic-personal-trainer-sue-passioni-430726814117\/calciatori-boxe.shtml\" target=\"_blank\" rel=\"noopener\">Gazzetta <\/a>je objavila \u010dlanak u kojem otkriva svijet hrvatskog nogometa\u0161a Intera <b>Ivana Peri\u0161i\u0107a<\/b>, kako privatni i obiteljski tako i onaj sportski u kojem zna\u010dajnu ima Metkovac Filip Maji\u0107.<\/p>\n<p>Peri\u0161i\u0107 se u odr\u017eavanju forme bavi razli\u010ditim sportskim aktivnostima (bok, tr\u010danje, ko\u0161arka, odbojka&#8230;), sve to pod nadzorom<strong> Filipa Maji\u0107a<\/strong>, njegovog osobnog trenera koji ga svakodnevno prati izme\u0111u Intera i hrvatske reprezentacije ve\u0107 vi\u0161e od godinu dana. Peri\u0161i\u0107 s njim modelira sav posao koji op\u0107enito radi s Interom, a prije svega radi na dr\u017eanju i ja\u010danju mi\u0161i\u0107a.<\/p>\n<p>Vi\u0161e o ovome mo\u017eete pro\u010ditati <a href=\"https:\/\/www.gazzetta.it\/fitness\/allenamento\/storie\/02-01-2022\/ivan-perisic-boxe-tomic-personal-trainer-sue-passioni-430726814117\/personal-trainer.shtml\" target=\"_blank\" rel=\"noopener\">ovdje<\/a>.<\/p>\n","protected":false},"excerpt":{"rendered":"<p>Talijanska Gazzetta je objavila \u010dlanak u kojem otkriva svijet hrvatskog nogometa\u0161a Intera Ivana Peri\u0161i\u0107a, kako privatni i obiteljski tako i onaj sportski u kojem zna\u010dajnu ima Metkovac Filip Maji\u0107. Peri\u0161i\u0107 se u odr\u017eavanju forme bavi razli\u010ditim sportskim aktivnostima (bok, tr\u010danje, ko\u0161arka, odbojka&#8230;), sve to pod nadzorom Filipa Maji\u0107a, njegovog osobnog trenera koji ga svakodnevno prati [&hellip;]<\/p>\n","protected":false},"author":9,"featured_media":126676,"comment_status":"open","ping_status":"open","sticky":false,"template":"","format":"standard","meta":{"footnotes":""},"categories":[296,30],"tags":[7830,8986],"class_list":{"0":"post-126675","1":"post","2":"type-post","3":"status-publish","4":"format-standard","5":"has-post-thumbnail","7":"category-ab","8":"category-nogomet","9":"tag-filip-majic","10":"tag-ivan-perisic"},"yoast_head":"<!-- This site is optimized with the Yoast SEO plugin v25.2 - https:\/\/yoast.com\/wordpress\/plugins\/seo\/ -->\n<title>O sportskoj suradnju Ivana Peri\u0161i\u0107a i Filipa Maji\u0107a pi\u0161e talijanska Gazzetta - likemetkovic.hr<\/title>\n<meta name=\"robots\" content=\"index, follow, max-snippet:-1, max-image-preview:large, max-video-preview:-1\" \/>\n<link rel=\"canonical\" href=\"https:\/\/likemetkovic.hr\/o-sportskoj-suradnju-ivan-perisica-i-filipa-majica-pise-talijanska-gazzetta\/\" \/>\n<meta property=\"og:locale\" content=\"hr_HR\" \/>\n<meta property=\"og:type\" content=\"article\" \/>\n<meta property=\"og:title\" content=\"O sportskoj suradnju Ivana Peri\u0161i\u0107a i Filipa Maji\u0107a pi\u0161e talijanska Gazzetta - likemetkovic.hr\" \/>\n<meta property=\"og:description\" content=\"Talijanska Gazzetta je objavila \u010dlanak u kojem otkriva svijet hrvatskog nogometa\u0161a Intera Ivana Peri\u0161i\u0107a, kako privatni i obiteljski tako i onaj sportski u kojem zna\u010dajnu ima Metkovac Filip Maji\u0107. Peri\u0161i\u0107 se u odr\u017eavanju forme bavi razli\u010ditim sportskim aktivnostima (bok, tr\u010danje, ko\u0161arka, odbojka&#8230;), sve to pod nadzorom Filipa Maji\u0107a, njegovog osobnog trenera koji ga svakodnevno prati [&hellip;]\" \/>\n<meta property=\"og:url\" content=\"https:\/\/likemetkovic.hr\/o-sportskoj-suradnju-ivan-perisica-i-filipa-majica-pise-talijanska-gazzetta\/\" \/>\n<meta property=\"og:site_name\" content=\"likemetkovic.hr\" \/>\n<meta property=\"article:publisher\" content=\"https:\/\/www.facebook.com\/likemetkovic.hr\/\" \/>\n<meta property=\"article:published_time\" content=\"2022-01-03T09:08:41+00:00\" \/>\n<meta property=\"article:modified_time\" content=\"2022-01-03T09:13:53+00:00\" \/>\n<meta property=\"og:image\" content=\"https:\/\/likemetkovic.hr\/wp-content\/uploads\/2022\/01\/majic-perisic.jpg\" \/>\n\t<meta property=\"og:image:width\" content=\"799\" \/>\n\t<meta property=\"og:image:height\" content=\"499\" \/>\n\t<meta property=\"og:image:type\" content=\"image\/jpeg\" \/>\n<meta name=\"author\" content=\"K. J.\" \/>\n<meta name=\"twitter:card\" content=\"summary_large_image\" \/>\n<meta name=\"twitter:label1\" content=\"Napisao\/la\" \/>\n\t<meta name=\"twitter:data1\" content=\"K. J.\" \/>\n\t<meta name=\"twitter:label2\" content=\"Procijenjeno vrijeme \u010ditanja\" \/>\n\t<meta name=\"twitter:data2\" content=\"1 minuta\" \/>\n<script type=\"application\/ld+json\" class=\"yoast-schema-graph\">{\"@context\":\"https:\/\/schema.org\",\"@graph\":[{\"@type\":\"WebPage\",\"@id\":\"https:\/\/likemetkovic.hr\/o-sportskoj-suradnju-ivan-perisica-i-filipa-majica-pise-talijanska-gazzetta\/\",\"url\":\"https:\/\/likemetkovic.hr\/o-sportskoj-suradnju-ivan-perisica-i-filipa-majica-pise-talijanska-gazzetta\/\",\"name\":\"O sportskoj suradnju Ivana Peri\u0161i\u0107a i Filipa Maji\u0107a pi\u0161e talijanska Gazzetta - likemetkovic.hr\",\"isPartOf\":{\"@id\":\"https:\/\/likemetkovic.hr\/#website\"},\"primaryImageOfPage\":{\"@id\":\"https:\/\/likemetkovic.hr\/o-sportskoj-suradnju-ivan-perisica-i-filipa-majica-pise-talijanska-gazzetta\/#primaryimage\"},\"image\":{\"@id\":\"https:\/\/likemetkovic.hr\/o-sportskoj-suradnju-ivan-perisica-i-filipa-majica-pise-talijanska-gazzetta\/#primaryimage\"},\"thumbnailUrl\":\"https:\/\/likemetkovic.hr\/portal\/wp-content\/uploads\/2022\/01\/majic-perisic.jpg\",\"datePublished\":\"2022-01-03T09:08:41+00:00\",\"dateModified\":\"2022-01-03T09:13:53+00:00\",\"author\":{\"@id\":\"https:\/\/likemetkovic.hr\/#\/schema\/person\/0a8b4ebfdfe1ff01192dccda40c5da0c\"},\"breadcrumb\":{\"@id\":\"https:\/\/likemetkovic.hr\/o-sportskoj-suradnju-ivan-perisica-i-filipa-majica-pise-talijanska-gazzetta\/#breadcrumb\"},\"inLanguage\":\"hr\",\"potentialAction\":[{\"@type\":\"ReadAction\",\"target\":[\"https:\/\/likemetkovic.hr\/o-sportskoj-suradnju-ivan-perisica-i-filipa-majica-pise-talijanska-gazzetta\/\"]}]},{\"@type\":\"ImageObject\",\"inLanguage\":\"hr\",\"@id\":\"https:\/\/likemetkovic.hr\/o-sportskoj-suradnju-ivan-perisica-i-filipa-majica-pise-talijanska-gazzetta\/#primaryimage\",\"url\":\"https:\/\/likemetkovic.hr\/portal\/wp-content\/uploads\/2022\/01\/majic-perisic.jpg\",\"contentUrl\":\"https:\/\/likemetkovic.hr\/portal\/wp-content\/uploads\/2022\/01\/majic-perisic.jpg\",\"width\":799,\"height\":499},{\"@type\":\"BreadcrumbList\",\"@id\":\"https:\/\/likemetkovic.hr\/o-sportskoj-suradnju-ivan-perisica-i-filipa-majica-pise-talijanska-gazzetta\/#breadcrumb\",\"itemListElement\":[{\"@type\":\"ListItem\",\"position\":1,\"name\":\"Po\u010detna stranica\",\"item\":\"https:\/\/likemetkovic.hr\/portal\/\"},{\"@type\":\"ListItem\",\"position\":2,\"name\":\"O sportskoj suradnju Ivana Peri\u0161i\u0107a i Filipa Maji\u0107a pi\u0161e talijanska Gazzetta\"}]},{\"@type\":\"WebSite\",\"@id\":\"https:\/\/likemetkovic.hr\/#website\",\"url\":\"https:\/\/likemetkovic.hr\/\",\"name\":\"likemetkovic.hr\",\"description\":\"Misli pozitivno... \u010ditaj LIKE\",\"potentialAction\":[{\"@type\":\"SearchAction\",\"target\":{\"@type\":\"EntryPoint\",\"urlTemplate\":\"https:\/\/likemetkovic.hr\/?s={search_term_string}\"},\"query-input\":{\"@type\":\"PropertyValueSpecification\",\"valueRequired\":true,\"valueName\":\"search_term_string\"}}],\"inLanguage\":\"hr\"},{\"@type\":\"Person\",\"@id\":\"https:\/\/likemetkovic.hr\/#\/schema\/person\/0a8b4ebfdfe1ff01192dccda40c5da0c\",\"name\":\"K. J.\",\"url\":\"https:\/\/likemetkovic.hr\/portal\/author\/likemetkovic\/\"}]}<\/script>\n<!-- \/ Yoast SEO plugin. -->","yoast_head_json":{"title":"O sportskoj suradnju Ivana Peri\u0161i\u0107a i Filipa Maji\u0107a pi\u0161e talijanska Gazzetta - likemetkovic.hr","robots":{"index":"index","follow":"follow","max-snippet":"max-snippet:-1","max-image-preview":"max-image-preview:large","max-video-preview":"max-video-preview:-1"},"canonical":"https:\/\/likemetkovic.hr\/o-sportskoj-suradnju-ivan-perisica-i-filipa-majica-pise-talijanska-gazzetta\/","og_locale":"hr_HR","og_type":"article","og_title":"O sportskoj suradnju Ivana Peri\u0161i\u0107a i Filipa Maji\u0107a pi\u0161e talijanska Gazzetta - likemetkovic.hr","og_description":"Talijanska Gazzetta je objavila \u010dlanak u kojem otkriva svijet hrvatskog nogometa\u0161a Intera Ivana Peri\u0161i\u0107a, kako privatni i obiteljski tako i onaj sportski u kojem zna\u010dajnu ima Metkovac Filip Maji\u0107. Peri\u0161i\u0107 se u odr\u017eavanju forme bavi razli\u010ditim sportskim aktivnostima (bok, tr\u010danje, ko\u0161arka, odbojka&#8230;), sve to pod nadzorom Filipa Maji\u0107a, njegovog osobnog trenera koji ga svakodnevno prati [&hellip;]","og_url":"https:\/\/likemetkovic.hr\/o-sportskoj-suradnju-ivan-perisica-i-filipa-majica-pise-talijanska-gazzetta\/","og_site_name":"likemetkovic.hr","article_publisher":"https:\/\/www.facebook.com\/likemetkovic.hr\/","article_published_time":"2022-01-03T09:08:41+00:00","article_modified_time":"2022-01-03T09:13:53+00:00","og_image":[{"width":799,"height":499,"url":"https:\/\/likemetkovic.hr\/wp-content\/uploads\/2022\/01\/majic-perisic.jpg","type":"image\/jpeg"}],"author":"K. J.","twitter_card":"summary_large_image","twitter_misc":{"Napisao\/la":"K. J.","Procijenjeno vrijeme \u010ditanja":"1 minuta"},"schema":{"@context":"https:\/\/schema.org","@graph":[{"@type":"WebPage","@id":"https:\/\/likemetkovic.hr\/o-sportskoj-suradnju-ivan-perisica-i-filipa-majica-pise-talijanska-gazzetta\/","url":"https:\/\/likemetkovic.hr\/o-sportskoj-suradnju-ivan-perisica-i-filipa-majica-pise-talijanska-gazzetta\/","name":"O sportskoj suradnju Ivana Peri\u0161i\u0107a i Filipa Maji\u0107a pi\u0161e talijanska Gazzetta - likemetkovic.hr","isPartOf":{"@id":"https:\/\/likemetkovic.hr\/#website"},"primaryImageOfPage":{"@id":"https:\/\/likemetkovic.hr\/o-sportskoj-suradnju-ivan-perisica-i-filipa-majica-pise-talijanska-gazzetta\/#primaryimage"},"image":{"@id":"https:\/\/likemetkovic.hr\/o-sportskoj-suradnju-ivan-perisica-i-filipa-majica-pise-talijanska-gazzetta\/#primaryimage"},"thumbnailUrl":"https:\/\/likemetkovic.hr\/portal\/wp-content\/uploads\/2022\/01\/majic-perisic.jpg","datePublished":"2022-01-03T09:08:41+00:00","dateModified":"2022-01-03T09:13:53+00:00","author":{"@id":"https:\/\/likemetkovic.hr\/#\/schema\/person\/0a8b4ebfdfe1ff01192dccda40c5da0c"},"breadcrumb":{"@id":"https:\/\/likemetkovic.hr\/o-sportskoj-suradnju-ivan-perisica-i-filipa-majica-pise-talijanska-gazzetta\/#breadcrumb"},"inLanguage":"hr","potentialAction":[{"@type":"ReadAction","target":["https:\/\/likemetkovic.hr\/o-sportskoj-suradnju-ivan-perisica-i-filipa-majica-pise-talijanska-gazzetta\/"]}]},{"@type":"ImageObject","inLanguage":"hr","@id":"https:\/\/likemetkovic.hr\/o-sportskoj-suradnju-ivan-perisica-i-filipa-majica-pise-talijanska-gazzetta\/#primaryimage","url":"https:\/\/likemetkovic.hr\/portal\/wp-content\/uploads\/2022\/01\/majic-perisic.jpg","contentUrl":"https:\/\/likemetkovic.hr\/portal\/wp-content\/uploads\/2022\/01\/majic-perisic.jpg","width":799,"height":499},{"@type":"BreadcrumbList","@id":"https:\/\/likemetkovic.hr\/o-sportskoj-suradnju-ivan-perisica-i-filipa-majica-pise-talijanska-gazzetta\/#breadcrumb","itemListElement":[{"@type":"ListItem","position":1,"name":"Po\u010detna stranica","item":"https:\/\/likemetkovic.hr\/portal\/"},{"@type":"ListItem","position":2,"name":"O sportskoj suradnju Ivana Peri\u0161i\u0107a i Filipa Maji\u0107a pi\u0161e talijanska Gazzetta"}]},{"@type":"WebSite","@id":"https:\/\/likemetkovic.hr\/#website","url":"https:\/\/likemetkovic.hr\/","name":"likemetkovic.hr","description":"Misli pozitivno... \u010ditaj LIKE","potentialAction":[{"@type":"SearchAction","target":{"@type":"EntryPoint","urlTemplate":"https:\/\/likemetkovic.hr\/?s={search_term_string}"},"query-input":{"@type":"PropertyValueSpecification","valueRequired":true,"valueName":"search_term_string"}}],"inLanguage":"hr"},{"@type":"Person","@id":"https:\/\/likemetkovic.hr\/#\/schema\/person\/0a8b4ebfdfe1ff01192dccda40c5da0c","name":"K. J.","url":"https:\/\/likemetkovic.hr\/portal\/author\/likemetkovic\/"}]}},"_links":{"self":[{"href":"https:\/\/likemetkovic.hr\/portal\/wp-json\/wp\/v2\/posts\/126675","targetHints":{"allow":["GET"]}}],"collection":[{"href":"https:\/\/likemetkovic.hr\/portal\/wp-json\/wp\/v2\/posts"}],"about":[{"href":"https:\/\/likemetkovic.hr\/portal\/wp-json\/wp\/v2\/types\/post"}],"author":[{"embeddable":true,"href":"https:\/\/likemetkovic.hr\/portal\/wp-json\/wp\/v2\/users\/9"}],"replies":[{"embeddable":true,"href":"https:\/\/likemetkovic.hr\/portal\/wp-json\/wp\/v2\/comments?post=126675"}],"version-history":[{"count":0,"href":"https:\/\/likemetkovic.hr\/portal\/wp-json\/wp\/v2\/posts\/126675\/revisions"}],"wp:featuredmedia":[{"embeddable":true,"href":"https:\/\/likemetkovic.hr\/portal\/wp-json\/wp\/v2\/media\/126676"}],"wp:attachment":[{"href":"https:\/\/likemetkovic.hr\/portal\/wp-json\/wp\/v2\/media?parent=126675"}],"wp:term":[{"taxonomy":"category","embeddable":true,"href":"https:\/\/likemetkovic.hr\/portal\/wp-json\/wp\/v2\/categories?post=126675"},{"taxonomy":"post_tag","embeddable":true,"href":"https:\/\/likemetkovic.hr\/portal\/wp-json\/wp\/v2\/tags?post=126675"}],"curies":[{"name":"wp","href":"https:\/\/api.w.org\/{rel}","templated":true}]}}