{"id":127092,"date":"2022-01-20T14:31:01","date_gmt":"2022-01-20T13:31:01","guid":{"rendered":"https:\/\/likemetkovic.hr\/?p=127092"},"modified":"2022-01-20T14:32:47","modified_gmt":"2022-01-20T13:32:47","slug":"pocelo-testiranje-peljeskoga-mosta-opterecen-s-21-kamionom-punim-tereta","status":"publish","type":"post","link":"https:\/\/likemetkovic.hr\/portal\/pocelo-testiranje-peljeskoga-mosta-opterecen-s-21-kamionom-punim-tereta\/","title":{"rendered":"Po\u010delo je testiranje Pelje\u0161koga mosta: optere\u0107en je s 21 kamionom punim tereta"},"content":{"rendered":"<p>Danas su na mostu Pelje\u0161ac po\u010dela probna ispitivanja optere\u0107enja mosta. U Hrvatskim cestama isti\u010du da su na zavr\u0161etku ugradnje asfalta i opreme mosta, u obliku za\u0161titnih ograda i opreme unutar rasponske konstrukcije, ostvareni uvjeti za probno optere\u0107enje mosta.<\/p>\n<p>Za tu priliku na gradili\u0161te je stigao 21 kamion te\u017eine do 40 tona, kojima \u0107e se provoditi ispitivanje u suradnji sa stru\u010dnjacima s Gra\u0111evinskog fakulteta u Zagrebu. Probno optere\u0107enje provodi se na ciljanim to\u010dkama konstrukcije u pokretu brzinama 20\/40\/60 km\/h te pri naglom ko\u010denju, donosi<a href=\"https:\/\/www.jutarnji.hr\/video\/news\/pocelo-ispitivanje-opterecenja-pogledajte-kako-golemi-kamioni-gaze-preko-velebnog-mosta-15147583#&amp;gid=1&amp;pid=19\">\u00a0Jutarnji list.<\/a><\/p>\n<p><img decoding=\"async\" class=\"alignnone size-medium wp-image-127095\" src=\"https:\/\/likemetkovic.hr\/wp-content\/uploads\/2022\/01\/peljeski-most-testiranje2-21-1-2022-800x450.jpg\" alt=\"\" width=\"800\" height=\"450\" srcset=\"https:\/\/likemetkovic.hr\/portal\/wp-content\/uploads\/2022\/01\/peljeski-most-testiranje2-21-1-2022-800x450.jpg 800w, https:\/\/likemetkovic.hr\/portal\/wp-content\/uploads\/2022\/01\/peljeski-most-testiranje2-21-1-2022-768x432.jpg 768w, https:\/\/likemetkovic.hr\/portal\/wp-content\/uploads\/2022\/01\/peljeski-most-testiranje2-21-1-2022-696x391.jpg 696w, https:\/\/likemetkovic.hr\/portal\/wp-content\/uploads\/2022\/01\/peljeski-most-testiranje2-21-1-2022-747x420.jpg 747w, https:\/\/likemetkovic.hr\/portal\/wp-content\/uploads\/2022\/01\/peljeski-most-testiranje2-21-1-2022.jpg 900w\" sizes=\"(max-width: 800px) 100vw, 800px\" \/><\/p>\n<p>Cilj je ispitivanja pokazati je li pona\u0161anje konstrukcije pod pokretnim i nepokretnim optere\u0107enjem u skladu s projektiranim vrijednostima. Za potrebe ispitivanja koristit \u0107e se postoje\u0107i sustav monitoringa, poput senzora ve\u0107 ugra\u0111enih u most te s dodatnim kontrolnim senzorima fakulteta.<\/p>\n<p>Na pelje\u0161kom gradili\u0161tu ovaj je tjedan rije\u0161en jo\u0161 jedan logisti\u010dki problem. U srijedu je s bar\u017ee na operativnu obalu budu\u0107eg mosta Ston iskrcana dizalica Manitowoc kapaciteta 750 tona. Ona \u0107e se koristiti za podizanje i monta\u017eu \u0161est segmenata \u010deli\u010dne rasponske konstrukcije mosta Ston dugog 485 metara koji spaja direktno dva tunela na stonskoj obilaznici. Most Ston je na dionici budu\u0107e ceste preko Pelje\u0161ca koju gradi gr\u010dka tvrtka Avax.<\/p>\n<p>Nakon \u0161to je kod mosta iskrcana dizalica i potporna skela za pridr\u017eavanje segmenata konstrukcije do okrupnjavanja zavarivanja, bar\u017ea se vra\u0107a u Split u tvrtku Brodosplit po prva dva segmenta mosta koja bi na gradi\u0161te trebala biti dopremljena po\u010detkom idu\u0107eg tjedna. U prvoj isporuci je i najdu\u017ei segment mosta, segment A dug 93 metra i te\u017eak 330 tona. Ukupno su planirane tri isporuke segmenata, a sama monta\u017ea zavr\u0161ila bi se do kraja o\u017eujka, nakon \u010dega slijedi betoniranje kolni\u010dke plo\u010de, ujedno najduljih radova na mostu.<\/p>\n<div class=\"itemFullText\">\n<p>Most Ston je dug 485 metara, a njegova je specifi\u010dnost \u0161to \u0107e iznad stonskog zaljeva povezivati dva tunela &#8211; Polakovicu koji je dug 1242 metra i Supavu du\u017eine 1290 metara. Most ima pet stupova i dva upornjaka, a bit \u0107e visok 40 metara.<\/p>\n<p><img decoding=\"async\" class=\"size-full wp-image-127093 aligncenter\" src=\"https:\/\/likemetkovic.hr\/wp-content\/uploads\/2022\/01\/peljeski-most-testiranje-21-1-2022.jpg\" alt=\"\" width=\"600\" height=\"799\" srcset=\"https:\/\/likemetkovic.hr\/portal\/wp-content\/uploads\/2022\/01\/peljeski-most-testiranje-21-1-2022.jpg 600w, https:\/\/likemetkovic.hr\/portal\/wp-content\/uploads\/2022\/01\/peljeski-most-testiranje-21-1-2022-315x420.jpg 315w\" sizes=\"(max-width: 600px) 100vw, 600px\" \/><\/p>\n<p>U Hrvatskim cestama isti\u010du da je dolaskom opreme i \u010deli\u010dnih segmenata nosive konstrukcije na gradili\u0161te mosta Ston rije\u0161en problem njihove dopreme koji je nastao zbog te\u0161ko\u0107a u osiguranju specijalne bar\u017ee s obzirom da je more na tom dijelu izrazito plitko.<\/p>\n<p>Radovi na monta\u017ei po\u010deli su ve\u0107 u jesen pro\u0161le godine kada se po\u010delo raditi na ostvarivanju svih uvjeta za izvo\u0111enje preostalih radova na gradili\u0161tu i dolazak segmenata. Isto tako, bilo je jako puno radova i na operativnoj obali, zatim oko temelja za privremene skele i omogu\u0107avanja uvjeta da bar\u017ea do\u0111e na gradili\u0161te. U sklopu radova monta\u017ee na izradi operativnih obala i temelja za privremene oslonce, sklapali su se i privremeni oslonci za prihvat nosa\u010da na stupovima.<\/p>\n<p><img decoding=\"async\" class=\"alignnone size-medium wp-image-127094\" src=\"https:\/\/likemetkovic.hr\/wp-content\/uploads\/2022\/01\/peljeski-most-testiranje1-21-1-2022.jpg\" alt=\"\" width=\"800\" height=\"479\" srcset=\"https:\/\/likemetkovic.hr\/portal\/wp-content\/uploads\/2022\/01\/peljeski-most-testiranje1-21-1-2022.jpg 800w, https:\/\/likemetkovic.hr\/portal\/wp-content\/uploads\/2022\/01\/peljeski-most-testiranje1-21-1-2022-768x460.jpg 768w, https:\/\/likemetkovic.hr\/portal\/wp-content\/uploads\/2022\/01\/peljeski-most-testiranje1-21-1-2022-696x417.jpg 696w, https:\/\/likemetkovic.hr\/portal\/wp-content\/uploads\/2022\/01\/peljeski-most-testiranje1-21-1-2022-701x420.jpg 701w\" sizes=\"(max-width: 800px) 100vw, 800px\" \/><\/p>\n<p>U Hrvatskim cestama nagla\u0161avaju da \u0107e Pelje\u0161ki most u promet biti pu\u0161ten ovo ljeto, kao i dionica pelje\u0161ke ceste Duboka &#8211; Sparagovi\u0107i koju gradi tvrtka Strabag. Tako\u0111er \u0107e u promet biti pu\u0161ten i dio dionice koju gradi gr\u010dki Avax, osim stonske obilaznice \u010diji je dio i most Ston. Stonska obilaznica, otkrivaju u Hrvatskim cestama, bit \u0107e gotova na jesen, najkasnije do kraja 2022.<\/p>\n<p>Foto: Hrvatske ceste<\/p>\n<\/div>\n","protected":false},"excerpt":{"rendered":"<p>Danas su na mostu Pelje\u0161ac po\u010dela probna ispitivanja optere\u0107enja mosta. U Hrvatskim cestama isti\u010du da su na zavr\u0161etku ugradnje asfalta i opreme mosta, u obliku za\u0161titnih ograda i opreme unutar rasponske konstrukcije, ostvareni uvjeti za probno optere\u0107enje mosta. Za tu priliku na gradili\u0161te je stigao 21 kamion te\u017eine do 40 tona, kojima \u0107e se provoditi [&hellip;]<\/p>\n","protected":false},"author":7,"featured_media":127095,"comment_status":"open","ping_status":"open","sticky":false,"template":"","format":"standard","meta":{"footnotes":""},"categories":[283,11,300],"tags":[872],"class_list":{"0":"post-127092","1":"post","2":"type-post","3":"status-publish","4":"format-standard","5":"has-post-thumbnail","7":"category-a","8":"category-metkovic-dolina","9":"category-zupanija","10":"tag-peljeski-most"},"yoast_head":"<!-- This site is optimized with the Yoast SEO plugin v25.2 - https:\/\/yoast.com\/wordpress\/plugins\/seo\/ -->\n<title>Po\u010delo je testiranje Pelje\u0161koga mosta: optere\u0107en je s 21 kamionom punim tereta - likemetkovic.hr<\/title>\n<meta name=\"robots\" content=\"index, follow, max-snippet:-1, max-image-preview:large, max-video-preview:-1\" \/>\n<link rel=\"canonical\" href=\"https:\/\/likemetkovic.hr\/pocelo-testiranje-peljeskoga-mosta-opterecen-s-21-kamionom-punim-tereta\/\" \/>\n<meta property=\"og:locale\" content=\"hr_HR\" \/>\n<meta property=\"og:type\" content=\"article\" \/>\n<meta property=\"og:title\" content=\"Po\u010delo je testiranje Pelje\u0161koga mosta: optere\u0107en je s 21 kamionom punim tereta - likemetkovic.hr\" \/>\n<meta property=\"og:description\" content=\"Danas su na mostu Pelje\u0161ac po\u010dela probna ispitivanja optere\u0107enja mosta. U Hrvatskim cestama isti\u010du da su na zavr\u0161etku ugradnje asfalta i opreme mosta, u obliku za\u0161titnih ograda i opreme unutar rasponske konstrukcije, ostvareni uvjeti za probno optere\u0107enje mosta. Za tu priliku na gradili\u0161te je stigao 21 kamion te\u017eine do 40 tona, kojima \u0107e se provoditi [&hellip;]\" \/>\n<meta property=\"og:url\" content=\"https:\/\/likemetkovic.hr\/pocelo-testiranje-peljeskoga-mosta-opterecen-s-21-kamionom-punim-tereta\/\" \/>\n<meta property=\"og:site_name\" content=\"likemetkovic.hr\" \/>\n<meta property=\"article:publisher\" content=\"https:\/\/www.facebook.com\/likemetkovic.hr\/\" \/>\n<meta property=\"article:published_time\" content=\"2022-01-20T13:31:01+00:00\" \/>\n<meta property=\"article:modified_time\" content=\"2022-01-20T13:32:47+00:00\" \/>\n<meta property=\"og:image\" content=\"https:\/\/likemetkovic.hr\/wp-content\/uploads\/2022\/01\/peljeski-most-testiranje2-21-1-2022.jpg\" \/>\n\t<meta property=\"og:image:width\" content=\"900\" \/>\n\t<meta property=\"og:image:height\" content=\"506\" \/>\n\t<meta property=\"og:image:type\" content=\"image\/jpeg\" \/>\n<meta name=\"author\" content=\"LIKEmetkovic.hr\" \/>\n<meta name=\"twitter:card\" content=\"summary_large_image\" \/>\n<meta name=\"twitter:label1\" content=\"Napisao\/la\" \/>\n\t<meta name=\"twitter:data1\" content=\"LIKEmetkovic.hr\" \/>\n\t<meta name=\"twitter:label2\" content=\"Procijenjeno vrijeme \u010ditanja\" \/>\n\t<meta name=\"twitter:data2\" content=\"4 minute\" \/>\n<script type=\"application\/ld+json\" class=\"yoast-schema-graph\">{\"@context\":\"https:\/\/schema.org\",\"@graph\":[{\"@type\":\"WebPage\",\"@id\":\"https:\/\/likemetkovic.hr\/pocelo-testiranje-peljeskoga-mosta-opterecen-s-21-kamionom-punim-tereta\/\",\"url\":\"https:\/\/likemetkovic.hr\/pocelo-testiranje-peljeskoga-mosta-opterecen-s-21-kamionom-punim-tereta\/\",\"name\":\"Po\u010delo je testiranje Pelje\u0161koga mosta: optere\u0107en je s 21 kamionom punim tereta - likemetkovic.hr\",\"isPartOf\":{\"@id\":\"https:\/\/likemetkovic.hr\/#website\"},\"primaryImageOfPage\":{\"@id\":\"https:\/\/likemetkovic.hr\/pocelo-testiranje-peljeskoga-mosta-opterecen-s-21-kamionom-punim-tereta\/#primaryimage\"},\"image\":{\"@id\":\"https:\/\/likemetkovic.hr\/pocelo-testiranje-peljeskoga-mosta-opterecen-s-21-kamionom-punim-tereta\/#primaryimage\"},\"thumbnailUrl\":\"https:\/\/likemetkovic.hr\/portal\/wp-content\/uploads\/2022\/01\/peljeski-most-testiranje2-21-1-2022.jpg\",\"datePublished\":\"2022-01-20T13:31:01+00:00\",\"dateModified\":\"2022-01-20T13:32:47+00:00\",\"author\":{\"@id\":\"https:\/\/likemetkovic.hr\/#\/schema\/person\/a42711f3385a0e2be6f7e0443bfb28f0\"},\"breadcrumb\":{\"@id\":\"https:\/\/likemetkovic.hr\/pocelo-testiranje-peljeskoga-mosta-opterecen-s-21-kamionom-punim-tereta\/#breadcrumb\"},\"inLanguage\":\"hr\",\"potentialAction\":[{\"@type\":\"ReadAction\",\"target\":[\"https:\/\/likemetkovic.hr\/pocelo-testiranje-peljeskoga-mosta-opterecen-s-21-kamionom-punim-tereta\/\"]}]},{\"@type\":\"ImageObject\",\"inLanguage\":\"hr\",\"@id\":\"https:\/\/likemetkovic.hr\/pocelo-testiranje-peljeskoga-mosta-opterecen-s-21-kamionom-punim-tereta\/#primaryimage\",\"url\":\"https:\/\/likemetkovic.hr\/portal\/wp-content\/uploads\/2022\/01\/peljeski-most-testiranje2-21-1-2022.jpg\",\"contentUrl\":\"https:\/\/likemetkovic.hr\/portal\/wp-content\/uploads\/2022\/01\/peljeski-most-testiranje2-21-1-2022.jpg\",\"width\":900,\"height\":506},{\"@type\":\"BreadcrumbList\",\"@id\":\"https:\/\/likemetkovic.hr\/pocelo-testiranje-peljeskoga-mosta-opterecen-s-21-kamionom-punim-tereta\/#breadcrumb\",\"itemListElement\":[{\"@type\":\"ListItem\",\"position\":1,\"name\":\"Po\u010detna stranica\",\"item\":\"https:\/\/likemetkovic.hr\/portal\/\"},{\"@type\":\"ListItem\",\"position\":2,\"name\":\"Po\u010delo je testiranje Pelje\u0161koga mosta: optere\u0107en je s 21 kamionom punim tereta\"}]},{\"@type\":\"WebSite\",\"@id\":\"https:\/\/likemetkovic.hr\/#website\",\"url\":\"https:\/\/likemetkovic.hr\/\",\"name\":\"likemetkovic.hr\",\"description\":\"Misli pozitivno... \u010ditaj LIKE\",\"potentialAction\":[{\"@type\":\"SearchAction\",\"target\":{\"@type\":\"EntryPoint\",\"urlTemplate\":\"https:\/\/likemetkovic.hr\/?s={search_term_string}\"},\"query-input\":{\"@type\":\"PropertyValueSpecification\",\"valueRequired\":true,\"valueName\":\"search_term_string\"}}],\"inLanguage\":\"hr\"},{\"@type\":\"Person\",\"@id\":\"https:\/\/likemetkovic.hr\/#\/schema\/person\/a42711f3385a0e2be6f7e0443bfb28f0\",\"name\":\"LIKEmetkovic.hr\",\"sameAs\":[\"http:\/\/likemetkovic.hr\"],\"url\":\"https:\/\/likemetkovic.hr\/portal\/author\/likemetkovic-hr\/\"}]}<\/script>\n<!-- \/ Yoast SEO plugin. -->","yoast_head_json":{"title":"Po\u010delo je testiranje Pelje\u0161koga mosta: optere\u0107en je s 21 kamionom punim tereta - likemetkovic.hr","robots":{"index":"index","follow":"follow","max-snippet":"max-snippet:-1","max-image-preview":"max-image-preview:large","max-video-preview":"max-video-preview:-1"},"canonical":"https:\/\/likemetkovic.hr\/pocelo-testiranje-peljeskoga-mosta-opterecen-s-21-kamionom-punim-tereta\/","og_locale":"hr_HR","og_type":"article","og_title":"Po\u010delo je testiranje Pelje\u0161koga mosta: optere\u0107en je s 21 kamionom punim tereta - likemetkovic.hr","og_description":"Danas su na mostu Pelje\u0161ac po\u010dela probna ispitivanja optere\u0107enja mosta. U Hrvatskim cestama isti\u010du da su na zavr\u0161etku ugradnje asfalta i opreme mosta, u obliku za\u0161titnih ograda i opreme unutar rasponske konstrukcije, ostvareni uvjeti za probno optere\u0107enje mosta. Za tu priliku na gradili\u0161te je stigao 21 kamion te\u017eine do 40 tona, kojima \u0107e se provoditi [&hellip;]","og_url":"https:\/\/likemetkovic.hr\/pocelo-testiranje-peljeskoga-mosta-opterecen-s-21-kamionom-punim-tereta\/","og_site_name":"likemetkovic.hr","article_publisher":"https:\/\/www.facebook.com\/likemetkovic.hr\/","article_published_time":"2022-01-20T13:31:01+00:00","article_modified_time":"2022-01-20T13:32:47+00:00","og_image":[{"width":900,"height":506,"url":"https:\/\/likemetkovic.hr\/wp-content\/uploads\/2022\/01\/peljeski-most-testiranje2-21-1-2022.jpg","type":"image\/jpeg"}],"author":"LIKEmetkovic.hr","twitter_card":"summary_large_image","twitter_misc":{"Napisao\/la":"LIKEmetkovic.hr","Procijenjeno vrijeme \u010ditanja":"4 minute"},"schema":{"@context":"https:\/\/schema.org","@graph":[{"@type":"WebPage","@id":"https:\/\/likemetkovic.hr\/pocelo-testiranje-peljeskoga-mosta-opterecen-s-21-kamionom-punim-tereta\/","url":"https:\/\/likemetkovic.hr\/pocelo-testiranje-peljeskoga-mosta-opterecen-s-21-kamionom-punim-tereta\/","name":"Po\u010delo je testiranje Pelje\u0161koga mosta: optere\u0107en je s 21 kamionom punim tereta - likemetkovic.hr","isPartOf":{"@id":"https:\/\/likemetkovic.hr\/#website"},"primaryImageOfPage":{"@id":"https:\/\/likemetkovic.hr\/pocelo-testiranje-peljeskoga-mosta-opterecen-s-21-kamionom-punim-tereta\/#primaryimage"},"image":{"@id":"https:\/\/likemetkovic.hr\/pocelo-testiranje-peljeskoga-mosta-opterecen-s-21-kamionom-punim-tereta\/#primaryimage"},"thumbnailUrl":"https:\/\/likemetkovic.hr\/portal\/wp-content\/uploads\/2022\/01\/peljeski-most-testiranje2-21-1-2022.jpg","datePublished":"2022-01-20T13:31:01+00:00","dateModified":"2022-01-20T13:32:47+00:00","author":{"@id":"https:\/\/likemetkovic.hr\/#\/schema\/person\/a42711f3385a0e2be6f7e0443bfb28f0"},"breadcrumb":{"@id":"https:\/\/likemetkovic.hr\/pocelo-testiranje-peljeskoga-mosta-opterecen-s-21-kamionom-punim-tereta\/#breadcrumb"},"inLanguage":"hr","potentialAction":[{"@type":"ReadAction","target":["https:\/\/likemetkovic.hr\/pocelo-testiranje-peljeskoga-mosta-opterecen-s-21-kamionom-punim-tereta\/"]}]},{"@type":"ImageObject","inLanguage":"hr","@id":"https:\/\/likemetkovic.hr\/pocelo-testiranje-peljeskoga-mosta-opterecen-s-21-kamionom-punim-tereta\/#primaryimage","url":"https:\/\/likemetkovic.hr\/portal\/wp-content\/uploads\/2022\/01\/peljeski-most-testiranje2-21-1-2022.jpg","contentUrl":"https:\/\/likemetkovic.hr\/portal\/wp-content\/uploads\/2022\/01\/peljeski-most-testiranje2-21-1-2022.jpg","width":900,"height":506},{"@type":"BreadcrumbList","@id":"https:\/\/likemetkovic.hr\/pocelo-testiranje-peljeskoga-mosta-opterecen-s-21-kamionom-punim-tereta\/#breadcrumb","itemListElement":[{"@type":"ListItem","position":1,"name":"Po\u010detna stranica","item":"https:\/\/likemetkovic.hr\/portal\/"},{"@type":"ListItem","position":2,"name":"Po\u010delo je testiranje Pelje\u0161koga mosta: optere\u0107en je s 21 kamionom punim tereta"}]},{"@type":"WebSite","@id":"https:\/\/likemetkovic.hr\/#website","url":"https:\/\/likemetkovic.hr\/","name":"likemetkovic.hr","description":"Misli pozitivno... \u010ditaj LIKE","potentialAction":[{"@type":"SearchAction","target":{"@type":"EntryPoint","urlTemplate":"https:\/\/likemetkovic.hr\/?s={search_term_string}"},"query-input":{"@type":"PropertyValueSpecification","valueRequired":true,"valueName":"search_term_string"}}],"inLanguage":"hr"},{"@type":"Person","@id":"https:\/\/likemetkovic.hr\/#\/schema\/person\/a42711f3385a0e2be6f7e0443bfb28f0","name":"LIKEmetkovic.hr","sameAs":["http:\/\/likemetkovic.hr"],"url":"https:\/\/likemetkovic.hr\/portal\/author\/likemetkovic-hr\/"}]}},"_links":{"self":[{"href":"https:\/\/likemetkovic.hr\/portal\/wp-json\/wp\/v2\/posts\/127092","targetHints":{"allow":["GET"]}}],"collection":[{"href":"https:\/\/likemetkovic.hr\/portal\/wp-json\/wp\/v2\/posts"}],"about":[{"href":"https:\/\/likemetkovic.hr\/portal\/wp-json\/wp\/v2\/types\/post"}],"author":[{"embeddable":true,"href":"https:\/\/likemetkovic.hr\/portal\/wp-json\/wp\/v2\/users\/7"}],"replies":[{"embeddable":true,"href":"https:\/\/likemetkovic.hr\/portal\/wp-json\/wp\/v2\/comments?post=127092"}],"version-history":[{"count":0,"href":"https:\/\/likemetkovic.hr\/portal\/wp-json\/wp\/v2\/posts\/127092\/revisions"}],"wp:featuredmedia":[{"embeddable":true,"href":"https:\/\/likemetkovic.hr\/portal\/wp-json\/wp\/v2\/media\/127095"}],"wp:attachment":[{"href":"https:\/\/likemetkovic.hr\/portal\/wp-json\/wp\/v2\/media?parent=127092"}],"wp:term":[{"taxonomy":"category","embeddable":true,"href":"https:\/\/likemetkovic.hr\/portal\/wp-json\/wp\/v2\/categories?post=127092"},{"taxonomy":"post_tag","embeddable":true,"href":"https:\/\/likemetkovic.hr\/portal\/wp-json\/wp\/v2\/tags?post=127092"}],"curies":[{"name":"wp","href":"https:\/\/api.w.org\/{rel}","templated":true}]}}