{"id":127256,"date":"2022-01-26T08:35:58","date_gmt":"2022-01-26T07:35:58","guid":{"rendered":"https:\/\/likemetkovic.hr\/?p=127256"},"modified":"2022-01-26T08:38:40","modified_gmt":"2022-01-26T07:38:40","slug":"tuzna-vijest-u-39-godini-preminuo-stipe-vuletic-najbolji-mladi-poljoprivrednik-2018-godine","status":"publish","type":"post","link":"https:\/\/likemetkovic.hr\/portal\/tuzna-vijest-u-39-godini-preminuo-stipe-vuletic-najbolji-mladi-poljoprivrednik-2018-godine\/","title":{"rendered":"TU\u017dNA VIJEST | U 39. godini preminuo Stipe Vuleti\u0107, najbolji mladi poljoprivrednik 2018. godine"},"content":{"rendered":"<p>Tu\u017ena vijest potresla je Neretvansku dolinu. Preminuo je <strong>Stipe Vuleti\u0107<\/strong>\u00a0(39), vo\u0107ar i inovativni proizvo\u0111a\u010d specijaliteta od agruma koji je na natje\u010daju za izbor najboljeg mladog hrvatskog poljoprivrednika 2018. godine\u00a0<a href=\"https:\/\/euractiv.jutarnji.hr\/euractiv\/hrana-i-poljoprivreda\/najbolji-mladi-poljoprivrednici-u-hrvatskoj-7672359\" target=\"_blank\" rel=\"noopener\"><strong>pobijedio u glasanju \u010ditatelja Jutarnjeg lista<\/strong><\/a>.<\/p>\n<p>Sa suprugom<strong>\u00a0Mateom<\/strong>\u00a0<strong><a href=\"https:\/\/www.jutarnji.hr\/life\/zivotne-price\/mladi-profesor-nakon-pet-godina-dao-otkaz-u-skoli-sada-zivi-novi-zivot-put-je-bio-trnovit-ali-i-strelovit-sve-je-osmislila-moja-cura-matea-7304500\" target=\"_blank\" rel=\"noopener\">Stipe je 2014. godine pokrenuo projekt &#8220;Mandinaret&#8221;<\/a><\/strong>\u00a0iz kojeg su sljede\u0107ih godina na tr\u017ei\u0161te plasirani nagra\u0111ivani su\u0161eni slatki\u0161i od mandarine, marmelade od naran\u010di i limuna i pomalo zaboravljeni arancini.<\/p>\n<p>Prepoznatljive prera\u0111evine i ekolo\u0161ko svje\u017ee vo\u0107e sa njegova OPG-a prona\u0161li su svoje mjesto na europskom tr\u017ei\u0161tu, a za nove ideje dobio je i nagradu Zaba Start u kategoriji poduzetni\u0161tvo.<\/p>\n<p><img decoding=\"async\" class=\"alignnone size-medium wp-image-57669\" src=\"https:\/\/likemetkovic.hr\/wp-content\/uploads\/2018\/05\/mandarine-800x474.jpg\" alt=\"\" width=\"800\" height=\"474\" srcset=\"https:\/\/likemetkovic.hr\/portal\/wp-content\/uploads\/2018\/05\/mandarine.jpg 800w, https:\/\/likemetkovic.hr\/portal\/wp-content\/uploads\/2018\/05\/mandarine-768x455.jpg 768w, https:\/\/likemetkovic.hr\/portal\/wp-content\/uploads\/2018\/05\/mandarine-696x412.jpg 696w, https:\/\/likemetkovic.hr\/portal\/wp-content\/uploads\/2018\/05\/mandarine-709x420.jpg 709w\" sizes=\"(max-width: 800px) 100vw, 800px\" \/><\/p>\n<p>Kao \u0161to su njegovi djed i baka,\u00a0<strong>Stipan<\/strong>\u00a0i\u00a0<strong>Danica<\/strong>\u00a0bili pioniri u proizvodnji agruma polovinom pro\u0161log stolje\u0107a tako je i on, njihovim stopama, uzgoju i preradi sezonskog vo\u0107a dao novu dimenziju.<\/p>\n<p>Postao je uzorom brojnim mladim poljoprivrednicima u Neretvanskoj dolini i rodnom Opuzenu, te pokazao da se iz njegova kraja na zahtjevno europsko tr\u017ei\u0161te mo\u017ee uspje\u0161no plasirati brendirani hrvatski ekolo\u0161ki proizvod.<\/p>\n<p>Sa suprugom Mateom Stipe je boravio i u Bruxellesu na sve\u010danom progla\u0161enju za najboljeg europskog mladog poljoprivrednika u organizaciji tada\u0161nje europarlamentarne\u00a0<strong>Marijane Petir<\/strong>, \u010dlanice EPP-a.<\/p>\n<p>Stipe je bio poznat u kao sporta\u0161 i glazbar te aktivni sudionik raznih doga\u0111anja na podru\u010dju Opuzena i Neretvanske doline.<\/p>\n<p>Posljednji ispra\u0107aj pok. Stipe bit \u0107e danas, 26. sije\u010dnja 2022., u 14:30 na groblju sv. Roka u Podgradini.<\/p>\n<p><img decoding=\"async\" class=\"size-full wp-image-127257 aligncenter\" src=\"https:\/\/likemetkovic.hr\/wp-content\/uploads\/2022\/01\/stipe-vuletic-osmrtnica.jpg\" alt=\"\" width=\"600\" height=\"438\" srcset=\"https:\/\/likemetkovic.hr\/portal\/wp-content\/uploads\/2022\/01\/stipe-vuletic-osmrtnica.jpg 600w, https:\/\/likemetkovic.hr\/portal\/wp-content\/uploads\/2022\/01\/stipe-vuletic-osmrtnica-575x420.jpg 575w\" sizes=\"(max-width: 600px) 100vw, 600px\" \/><\/p>\n","protected":false},"excerpt":{"rendered":"<p>Tu\u017ena vijest potresla je Neretvansku dolinu. Preminuo je Stipe Vuleti\u0107\u00a0(39), vo\u0107ar i inovativni proizvo\u0111a\u010d specijaliteta od agruma koji je na natje\u010daju za izbor najboljeg mladog hrvatskog poljoprivrednika 2018. godine\u00a0pobijedio u glasanju \u010ditatelja Jutarnjeg lista. Sa suprugom\u00a0Mateom\u00a0Stipe je 2014. godine pokrenuo projekt &#8220;Mandinaret&#8221;\u00a0iz kojeg su sljede\u0107ih godina na tr\u017ei\u0161te plasirani nagra\u0111ivani su\u0161eni slatki\u0161i od mandarine, marmelade [&hellip;]<\/p>\n","protected":false},"author":7,"featured_media":58104,"comment_status":"open","ping_status":"open","sticky":false,"template":"","format":"standard","meta":{"footnotes":""},"categories":[296,11],"tags":[3087],"class_list":{"0":"post-127256","1":"post","2":"type-post","3":"status-publish","4":"format-standard","5":"has-post-thumbnail","7":"category-ab","8":"category-metkovic-dolina","9":"tag-stipe-vuletic"},"yoast_head":"<!-- This site is optimized with the Yoast SEO plugin v25.2 - https:\/\/yoast.com\/wordpress\/plugins\/seo\/ -->\n<title>TU\u017dNA VIJEST | U 39. godini preminuo Stipe Vuleti\u0107, najbolji mladi poljoprivrednik 2018. godine - likemetkovic.hr<\/title>\n<meta name=\"robots\" content=\"index, follow, max-snippet:-1, max-image-preview:large, max-video-preview:-1\" \/>\n<link rel=\"canonical\" href=\"https:\/\/likemetkovic.hr\/tuzna-vijest-u-39-godini-preminuo-stipe-vuletic-najbolji-mladi-poljoprivrednik-2018-godine\/\" \/>\n<meta property=\"og:locale\" content=\"hr_HR\" \/>\n<meta property=\"og:type\" content=\"article\" \/>\n<meta property=\"og:title\" content=\"TU\u017dNA VIJEST | U 39. godini preminuo Stipe Vuleti\u0107, najbolji mladi poljoprivrednik 2018. godine - likemetkovic.hr\" \/>\n<meta property=\"og:description\" content=\"Tu\u017ena vijest potresla je Neretvansku dolinu. Preminuo je Stipe Vuleti\u0107\u00a0(39), vo\u0107ar i inovativni proizvo\u0111a\u010d specijaliteta od agruma koji je na natje\u010daju za izbor najboljeg mladog hrvatskog poljoprivrednika 2018. godine\u00a0pobijedio u glasanju \u010ditatelja Jutarnjeg lista. Sa suprugom\u00a0Mateom\u00a0Stipe je 2014. godine pokrenuo projekt &#8220;Mandinaret&#8221;\u00a0iz kojeg su sljede\u0107ih godina na tr\u017ei\u0161te plasirani nagra\u0111ivani su\u0161eni slatki\u0161i od mandarine, marmelade [&hellip;]\" \/>\n<meta property=\"og:url\" content=\"https:\/\/likemetkovic.hr\/tuzna-vijest-u-39-godini-preminuo-stipe-vuletic-najbolji-mladi-poljoprivrednik-2018-godine\/\" \/>\n<meta property=\"og:site_name\" content=\"likemetkovic.hr\" \/>\n<meta property=\"article:publisher\" content=\"https:\/\/www.facebook.com\/likemetkovic.hr\/\" \/>\n<meta property=\"article:published_time\" content=\"2022-01-26T07:35:58+00:00\" \/>\n<meta property=\"article:modified_time\" content=\"2022-01-26T07:38:40+00:00\" \/>\n<meta property=\"og:image\" content=\"https:\/\/likemetkovic.hr\/wp-content\/uploads\/2018\/05\/stipe-vuleti\u0107.jpg\" \/>\n\t<meta property=\"og:image:width\" content=\"800\" \/>\n\t<meta property=\"og:image:height\" content=\"532\" \/>\n\t<meta property=\"og:image:type\" content=\"image\/jpeg\" \/>\n<meta name=\"author\" content=\"LIKEmetkovic.hr\" \/>\n<meta name=\"twitter:card\" content=\"summary_large_image\" \/>\n<meta name=\"twitter:label1\" content=\"Napisao\/la\" \/>\n\t<meta name=\"twitter:data1\" content=\"LIKEmetkovic.hr\" \/>\n\t<meta name=\"twitter:label2\" content=\"Procijenjeno vrijeme \u010ditanja\" \/>\n\t<meta name=\"twitter:data2\" content=\"2 minute\" \/>\n<script type=\"application\/ld+json\" class=\"yoast-schema-graph\">{\"@context\":\"https:\/\/schema.org\",\"@graph\":[{\"@type\":\"WebPage\",\"@id\":\"https:\/\/likemetkovic.hr\/tuzna-vijest-u-39-godini-preminuo-stipe-vuletic-najbolji-mladi-poljoprivrednik-2018-godine\/\",\"url\":\"https:\/\/likemetkovic.hr\/tuzna-vijest-u-39-godini-preminuo-stipe-vuletic-najbolji-mladi-poljoprivrednik-2018-godine\/\",\"name\":\"TU\u017dNA VIJEST | U 39. godini preminuo Stipe Vuleti\u0107, najbolji mladi poljoprivrednik 2018. godine - likemetkovic.hr\",\"isPartOf\":{\"@id\":\"https:\/\/likemetkovic.hr\/#website\"},\"primaryImageOfPage\":{\"@id\":\"https:\/\/likemetkovic.hr\/tuzna-vijest-u-39-godini-preminuo-stipe-vuletic-najbolji-mladi-poljoprivrednik-2018-godine\/#primaryimage\"},\"image\":{\"@id\":\"https:\/\/likemetkovic.hr\/tuzna-vijest-u-39-godini-preminuo-stipe-vuletic-najbolji-mladi-poljoprivrednik-2018-godine\/#primaryimage\"},\"thumbnailUrl\":\"https:\/\/likemetkovic.hr\/portal\/wp-content\/uploads\/2018\/05\/stipe-vuleti\u0107.jpg\",\"datePublished\":\"2022-01-26T07:35:58+00:00\",\"dateModified\":\"2022-01-26T07:38:40+00:00\",\"author\":{\"@id\":\"https:\/\/likemetkovic.hr\/#\/schema\/person\/a42711f3385a0e2be6f7e0443bfb28f0\"},\"breadcrumb\":{\"@id\":\"https:\/\/likemetkovic.hr\/tuzna-vijest-u-39-godini-preminuo-stipe-vuletic-najbolji-mladi-poljoprivrednik-2018-godine\/#breadcrumb\"},\"inLanguage\":\"hr\",\"potentialAction\":[{\"@type\":\"ReadAction\",\"target\":[\"https:\/\/likemetkovic.hr\/tuzna-vijest-u-39-godini-preminuo-stipe-vuletic-najbolji-mladi-poljoprivrednik-2018-godine\/\"]}]},{\"@type\":\"ImageObject\",\"inLanguage\":\"hr\",\"@id\":\"https:\/\/likemetkovic.hr\/tuzna-vijest-u-39-godini-preminuo-stipe-vuletic-najbolji-mladi-poljoprivrednik-2018-godine\/#primaryimage\",\"url\":\"https:\/\/likemetkovic.hr\/portal\/wp-content\/uploads\/2018\/05\/stipe-vuleti\u0107.jpg\",\"contentUrl\":\"https:\/\/likemetkovic.hr\/portal\/wp-content\/uploads\/2018\/05\/stipe-vuleti\u0107.jpg\",\"width\":800,\"height\":532},{\"@type\":\"BreadcrumbList\",\"@id\":\"https:\/\/likemetkovic.hr\/tuzna-vijest-u-39-godini-preminuo-stipe-vuletic-najbolji-mladi-poljoprivrednik-2018-godine\/#breadcrumb\",\"itemListElement\":[{\"@type\":\"ListItem\",\"position\":1,\"name\":\"Po\u010detna stranica\",\"item\":\"https:\/\/likemetkovic.hr\/portal\/\"},{\"@type\":\"ListItem\",\"position\":2,\"name\":\"TU\u017dNA VIJEST | U 39. godini preminuo Stipe Vuleti\u0107, najbolji mladi poljoprivrednik 2018. godine\"}]},{\"@type\":\"WebSite\",\"@id\":\"https:\/\/likemetkovic.hr\/#website\",\"url\":\"https:\/\/likemetkovic.hr\/\",\"name\":\"likemetkovic.hr\",\"description\":\"Misli pozitivno... \u010ditaj LIKE\",\"potentialAction\":[{\"@type\":\"SearchAction\",\"target\":{\"@type\":\"EntryPoint\",\"urlTemplate\":\"https:\/\/likemetkovic.hr\/?s={search_term_string}\"},\"query-input\":{\"@type\":\"PropertyValueSpecification\",\"valueRequired\":true,\"valueName\":\"search_term_string\"}}],\"inLanguage\":\"hr\"},{\"@type\":\"Person\",\"@id\":\"https:\/\/likemetkovic.hr\/#\/schema\/person\/a42711f3385a0e2be6f7e0443bfb28f0\",\"name\":\"LIKEmetkovic.hr\",\"sameAs\":[\"http:\/\/likemetkovic.hr\"],\"url\":\"https:\/\/likemetkovic.hr\/portal\/author\/likemetkovic-hr\/\"}]}<\/script>\n<!-- \/ Yoast SEO plugin. -->","yoast_head_json":{"title":"TU\u017dNA VIJEST | U 39. godini preminuo Stipe Vuleti\u0107, najbolji mladi poljoprivrednik 2018. godine - likemetkovic.hr","robots":{"index":"index","follow":"follow","max-snippet":"max-snippet:-1","max-image-preview":"max-image-preview:large","max-video-preview":"max-video-preview:-1"},"canonical":"https:\/\/likemetkovic.hr\/tuzna-vijest-u-39-godini-preminuo-stipe-vuletic-najbolji-mladi-poljoprivrednik-2018-godine\/","og_locale":"hr_HR","og_type":"article","og_title":"TU\u017dNA VIJEST | U 39. godini preminuo Stipe Vuleti\u0107, najbolji mladi poljoprivrednik 2018. godine - likemetkovic.hr","og_description":"Tu\u017ena vijest potresla je Neretvansku dolinu. Preminuo je Stipe Vuleti\u0107\u00a0(39), vo\u0107ar i inovativni proizvo\u0111a\u010d specijaliteta od agruma koji je na natje\u010daju za izbor najboljeg mladog hrvatskog poljoprivrednika 2018. godine\u00a0pobijedio u glasanju \u010ditatelja Jutarnjeg lista. Sa suprugom\u00a0Mateom\u00a0Stipe je 2014. godine pokrenuo projekt &#8220;Mandinaret&#8221;\u00a0iz kojeg su sljede\u0107ih godina na tr\u017ei\u0161te plasirani nagra\u0111ivani su\u0161eni slatki\u0161i od mandarine, marmelade [&hellip;]","og_url":"https:\/\/likemetkovic.hr\/tuzna-vijest-u-39-godini-preminuo-stipe-vuletic-najbolji-mladi-poljoprivrednik-2018-godine\/","og_site_name":"likemetkovic.hr","article_publisher":"https:\/\/www.facebook.com\/likemetkovic.hr\/","article_published_time":"2022-01-26T07:35:58+00:00","article_modified_time":"2022-01-26T07:38:40+00:00","og_image":[{"width":800,"height":532,"url":"https:\/\/likemetkovic.hr\/wp-content\/uploads\/2018\/05\/stipe-vuleti\u0107.jpg","type":"image\/jpeg"}],"author":"LIKEmetkovic.hr","twitter_card":"summary_large_image","twitter_misc":{"Napisao\/la":"LIKEmetkovic.hr","Procijenjeno vrijeme \u010ditanja":"2 minute"},"schema":{"@context":"https:\/\/schema.org","@graph":[{"@type":"WebPage","@id":"https:\/\/likemetkovic.hr\/tuzna-vijest-u-39-godini-preminuo-stipe-vuletic-najbolji-mladi-poljoprivrednik-2018-godine\/","url":"https:\/\/likemetkovic.hr\/tuzna-vijest-u-39-godini-preminuo-stipe-vuletic-najbolji-mladi-poljoprivrednik-2018-godine\/","name":"TU\u017dNA VIJEST | U 39. godini preminuo Stipe Vuleti\u0107, najbolji mladi poljoprivrednik 2018. godine - likemetkovic.hr","isPartOf":{"@id":"https:\/\/likemetkovic.hr\/#website"},"primaryImageOfPage":{"@id":"https:\/\/likemetkovic.hr\/tuzna-vijest-u-39-godini-preminuo-stipe-vuletic-najbolji-mladi-poljoprivrednik-2018-godine\/#primaryimage"},"image":{"@id":"https:\/\/likemetkovic.hr\/tuzna-vijest-u-39-godini-preminuo-stipe-vuletic-najbolji-mladi-poljoprivrednik-2018-godine\/#primaryimage"},"thumbnailUrl":"https:\/\/likemetkovic.hr\/portal\/wp-content\/uploads\/2018\/05\/stipe-vuleti\u0107.jpg","datePublished":"2022-01-26T07:35:58+00:00","dateModified":"2022-01-26T07:38:40+00:00","author":{"@id":"https:\/\/likemetkovic.hr\/#\/schema\/person\/a42711f3385a0e2be6f7e0443bfb28f0"},"breadcrumb":{"@id":"https:\/\/likemetkovic.hr\/tuzna-vijest-u-39-godini-preminuo-stipe-vuletic-najbolji-mladi-poljoprivrednik-2018-godine\/#breadcrumb"},"inLanguage":"hr","potentialAction":[{"@type":"ReadAction","target":["https:\/\/likemetkovic.hr\/tuzna-vijest-u-39-godini-preminuo-stipe-vuletic-najbolji-mladi-poljoprivrednik-2018-godine\/"]}]},{"@type":"ImageObject","inLanguage":"hr","@id":"https:\/\/likemetkovic.hr\/tuzna-vijest-u-39-godini-preminuo-stipe-vuletic-najbolji-mladi-poljoprivrednik-2018-godine\/#primaryimage","url":"https:\/\/likemetkovic.hr\/portal\/wp-content\/uploads\/2018\/05\/stipe-vuleti\u0107.jpg","contentUrl":"https:\/\/likemetkovic.hr\/portal\/wp-content\/uploads\/2018\/05\/stipe-vuleti\u0107.jpg","width":800,"height":532},{"@type":"BreadcrumbList","@id":"https:\/\/likemetkovic.hr\/tuzna-vijest-u-39-godini-preminuo-stipe-vuletic-najbolji-mladi-poljoprivrednik-2018-godine\/#breadcrumb","itemListElement":[{"@type":"ListItem","position":1,"name":"Po\u010detna stranica","item":"https:\/\/likemetkovic.hr\/portal\/"},{"@type":"ListItem","position":2,"name":"TU\u017dNA VIJEST | U 39. godini preminuo Stipe Vuleti\u0107, najbolji mladi poljoprivrednik 2018. godine"}]},{"@type":"WebSite","@id":"https:\/\/likemetkovic.hr\/#website","url":"https:\/\/likemetkovic.hr\/","name":"likemetkovic.hr","description":"Misli pozitivno... \u010ditaj LIKE","potentialAction":[{"@type":"SearchAction","target":{"@type":"EntryPoint","urlTemplate":"https:\/\/likemetkovic.hr\/?s={search_term_string}"},"query-input":{"@type":"PropertyValueSpecification","valueRequired":true,"valueName":"search_term_string"}}],"inLanguage":"hr"},{"@type":"Person","@id":"https:\/\/likemetkovic.hr\/#\/schema\/person\/a42711f3385a0e2be6f7e0443bfb28f0","name":"LIKEmetkovic.hr","sameAs":["http:\/\/likemetkovic.hr"],"url":"https:\/\/likemetkovic.hr\/portal\/author\/likemetkovic-hr\/"}]}},"_links":{"self":[{"href":"https:\/\/likemetkovic.hr\/portal\/wp-json\/wp\/v2\/posts\/127256","targetHints":{"allow":["GET"]}}],"collection":[{"href":"https:\/\/likemetkovic.hr\/portal\/wp-json\/wp\/v2\/posts"}],"about":[{"href":"https:\/\/likemetkovic.hr\/portal\/wp-json\/wp\/v2\/types\/post"}],"author":[{"embeddable":true,"href":"https:\/\/likemetkovic.hr\/portal\/wp-json\/wp\/v2\/users\/7"}],"replies":[{"embeddable":true,"href":"https:\/\/likemetkovic.hr\/portal\/wp-json\/wp\/v2\/comments?post=127256"}],"version-history":[{"count":3,"href":"https:\/\/likemetkovic.hr\/portal\/wp-json\/wp\/v2\/posts\/127256\/revisions"}],"predecessor-version":[{"id":127260,"href":"https:\/\/likemetkovic.hr\/portal\/wp-json\/wp\/v2\/posts\/127256\/revisions\/127260"}],"wp:featuredmedia":[{"embeddable":true,"href":"https:\/\/likemetkovic.hr\/portal\/wp-json\/wp\/v2\/media\/58104"}],"wp:attachment":[{"href":"https:\/\/likemetkovic.hr\/portal\/wp-json\/wp\/v2\/media?parent=127256"}],"wp:term":[{"taxonomy":"category","embeddable":true,"href":"https:\/\/likemetkovic.hr\/portal\/wp-json\/wp\/v2\/categories?post=127256"},{"taxonomy":"post_tag","embeddable":true,"href":"https:\/\/likemetkovic.hr\/portal\/wp-json\/wp\/v2\/tags?post=127256"}],"curies":[{"name":"wp","href":"https:\/\/api.w.org\/{rel}","templated":true}]}}