{"id":127445,"date":"2022-02-04T09:32:03","date_gmt":"2022-02-04T08:32:03","guid":{"rendered":"https:\/\/likemetkovic.hr\/?p=127445"},"modified":"2022-02-04T09:32:03","modified_gmt":"2022-02-04T08:32:03","slug":"vremenska-prognoza-prije-deset-godina-veljaca-nam-je-priredila-povijesti-snijeg-ima-li-ga-na-vidiku","status":"publish","type":"post","link":"https:\/\/likemetkovic.hr\/portal\/vremenska-prognoza-prije-deset-godina-veljaca-nam-je-priredila-povijesti-snijeg-ima-li-ga-na-vidiku\/","title":{"rendered":"VREMENSKA PROGNOZA Prije deset godina velja\u010da nam je priredila povijesti snijeg! Ima li ga na vidiku?"},"content":{"rendered":"<p>Mnogi su se prisjetili desete obljetnice jedne od najja\u010dih zimskih oluja koje su pogodile Dalmaciju posljednjih desetlje\u0107a. Bilo je to<strong> 3. velja\u010de 2012.<\/strong> kada nas je pogodila ciklona (Gabor) i izra\u017eena kontinentalna hladno\u0107a i kada je po\u010delo hladno razdoblje koje je potrajalo gotovo 20 dana, <a href=\"https:\/\/www.dalmacijadanas.hr\/prije-deset-godina-veljaca-je-donijela-led-i-povijesni-snijeg-ima-li-zime-na-vidiku-ovog-mjeseca\/\">Dalmaciju danas<\/a>.<\/p>\n<p>Evo je to bilo u Metkovi\u0107u&#8230;<\/p>\n<p><iframe style=\"border: none; overflow: hidden;\" src=\"https:\/\/www.facebook.com\/plugins\/post.php?href=https%3A%2F%2Fwww.facebook.com%2Fivica.puljan%2Fposts%2F3143041865973544&amp;show_text=true&amp;width=500\" width=\"500\" height=\"665\" frameborder=\"0\" scrolling=\"no\" allowfullscreen=\"allowfullscreen\"><\/iframe><\/p>\n<p>Ove velja\u010de niti tragovi zimskog scenarija od prije 10 godina. Da je zima vidimo tek po no\u0107nim temperaturnim minusima u Zagori, a tako \u0107e biti i sljede\u0107ih desetak dana.<\/p>\n<p><strong>Danas<\/strong> \u0107e biti djelomi\u010dno sun\u010dano i suho.\u00a0Tek kasno nave\u010der na krajnjem sjeveru Dalmacije ja\u010de naobla\u010denje uz mogu\u0107nost za vrlo malo ki\u0161e. Puhat \u0107e umjereno, a popodne na moru ponegdje i jako jugo. Minimalne jutarnje temperature zraka -2 do 2\u00b0C u Zagori, od 2 do 8\u00b0C uz obalu i na otocima. Najvi\u0161e dnevne temperature od od 8 do 14\u00b0C.<\/p>\n<p>U prvom dijelu\u00a0<strong>subote<\/strong>\u00a0bit \u0107e prete\u017eno obla\u010dno, tek ponegdje uz malo ki\u0161e. U drugom dijelu dana u sjevernoj i srednjoj Dalmaciji djelomi\u010dno razvedravanje. Jugo \u0107e u no\u0107i prestati, danju \u0107e puhati slab vjetar promjenjiva smjera. Jutro \u0107e biti nekoliko stupnjeva toplije u odnosu na petak, najvi\u0161e dnevne temperature od od 10 do 16\u00b0C.<\/p>\n<p><strong>Nedjelja<\/strong>\u00a0\u0107e biti prete\u017eno sun\u010dana, no krajem dana sa zapada postupno ja\u010de naobla\u010denje, ponegdje uz slabu ki\u0161u, iznad 1000 metara i snijeg. No\u0107u slaba bura, danju \u0107e vjetar okrenuti na slabo, nave\u010der umjereno jugo. Jutro malo svje\u017eije, danju ve\u0107inom od 10 do 15\u00b0.<\/p>\n<p><strong>U ponedjeljak<\/strong>\u00a0ponovno obla\u010dnije, povremeno \u0107e biti slabe ki\u0161e, u vi\u0161im planinama snijega, no ne o\u010dekuju se zna\u010dajne koli\u010dine oborina. Nave\u010der razvedravanje. Jugo \u0107e zamijeniti bura koja \u0107e popodne biti jaka. Ujutro toplo, popodne hladnije.<\/p>\n<p>Foto: Ivica Puljan<\/p>\n","protected":false},"excerpt":{"rendered":"<p>Mnogi su se prisjetili desete obljetnice jedne od najja\u010dih zimskih oluja koje su pogodile Dalmaciju posljednjih desetlje\u0107a. Bilo je to 3. velja\u010de 2012. kada nas je pogodila ciklona (Gabor) i izra\u017eena kontinentalna hladno\u0107a i kada je po\u010delo hladno razdoblje koje je potrajalo gotovo 20 dana, Dalmaciju danas. Evo je to bilo u Metkovi\u0107u&#8230; Ove velja\u010de [&hellip;]<\/p>\n","protected":false},"author":7,"featured_media":127446,"comment_status":"open","ping_status":"open","sticky":false,"template":"","format":"standard","meta":{"footnotes":""},"categories":[296,11],"tags":[365],"class_list":{"0":"post-127445","1":"post","2":"type-post","3":"status-publish","4":"format-standard","5":"has-post-thumbnail","7":"category-ab","8":"category-metkovic-dolina","9":"tag-vremenska-prognoza"},"yoast_head":"<!-- This site is optimized with the Yoast SEO plugin v25.2 - https:\/\/yoast.com\/wordpress\/plugins\/seo\/ -->\n<title>VREMENSKA PROGNOZA Prije deset godina velja\u010da nam je priredila povijesti snijeg! Ima li ga na vidiku? - likemetkovic.hr<\/title>\n<meta name=\"robots\" content=\"index, follow, max-snippet:-1, max-image-preview:large, max-video-preview:-1\" \/>\n<link rel=\"canonical\" href=\"https:\/\/likemetkovic.hr\/vremenska-prognoza-prije-deset-godina-veljaca-nam-je-priredila-povijesti-snijeg-ima-li-ga-na-vidiku\/\" \/>\n<meta property=\"og:locale\" content=\"hr_HR\" \/>\n<meta property=\"og:type\" content=\"article\" \/>\n<meta property=\"og:title\" content=\"VREMENSKA PROGNOZA Prije deset godina velja\u010da nam je priredila povijesti snijeg! Ima li ga na vidiku? - likemetkovic.hr\" \/>\n<meta property=\"og:description\" content=\"Mnogi su se prisjetili desete obljetnice jedne od najja\u010dih zimskih oluja koje su pogodile Dalmaciju posljednjih desetlje\u0107a. Bilo je to 3. velja\u010de 2012. kada nas je pogodila ciklona (Gabor) i izra\u017eena kontinentalna hladno\u0107a i kada je po\u010delo hladno razdoblje koje je potrajalo gotovo 20 dana, Dalmaciju danas. Evo je to bilo u Metkovi\u0107u&#8230; Ove velja\u010de [&hellip;]\" \/>\n<meta property=\"og:url\" content=\"https:\/\/likemetkovic.hr\/vremenska-prognoza-prije-deset-godina-veljaca-nam-je-priredila-povijesti-snijeg-ima-li-ga-na-vidiku\/\" \/>\n<meta property=\"og:site_name\" content=\"likemetkovic.hr\" \/>\n<meta property=\"article:publisher\" content=\"https:\/\/www.facebook.com\/likemetkovic.hr\/\" \/>\n<meta property=\"article:published_time\" content=\"2022-02-04T08:32:03+00:00\" \/>\n<meta property=\"og:image\" content=\"https:\/\/likemetkovic.hr\/wp-content\/uploads\/2022\/02\/snijeg-2012-puljan.jpg\" \/>\n\t<meta property=\"og:image:width\" content=\"800\" \/>\n\t<meta property=\"og:image:height\" content=\"427\" \/>\n\t<meta property=\"og:image:type\" content=\"image\/jpeg\" \/>\n<meta name=\"author\" content=\"LIKEmetkovic.hr\" \/>\n<meta name=\"twitter:card\" content=\"summary_large_image\" \/>\n<meta name=\"twitter:label1\" content=\"Napisao\/la\" \/>\n\t<meta name=\"twitter:data1\" content=\"LIKEmetkovic.hr\" \/>\n\t<meta name=\"twitter:label2\" content=\"Procijenjeno vrijeme \u010ditanja\" \/>\n\t<meta name=\"twitter:data2\" content=\"2 minute\" \/>\n<script type=\"application\/ld+json\" class=\"yoast-schema-graph\">{\"@context\":\"https:\/\/schema.org\",\"@graph\":[{\"@type\":\"WebPage\",\"@id\":\"https:\/\/likemetkovic.hr\/vremenska-prognoza-prije-deset-godina-veljaca-nam-je-priredila-povijesti-snijeg-ima-li-ga-na-vidiku\/\",\"url\":\"https:\/\/likemetkovic.hr\/vremenska-prognoza-prije-deset-godina-veljaca-nam-je-priredila-povijesti-snijeg-ima-li-ga-na-vidiku\/\",\"name\":\"VREMENSKA PROGNOZA Prije deset godina velja\u010da nam je priredila povijesti snijeg! Ima li ga na vidiku? - likemetkovic.hr\",\"isPartOf\":{\"@id\":\"https:\/\/likemetkovic.hr\/#website\"},\"primaryImageOfPage\":{\"@id\":\"https:\/\/likemetkovic.hr\/vremenska-prognoza-prije-deset-godina-veljaca-nam-je-priredila-povijesti-snijeg-ima-li-ga-na-vidiku\/#primaryimage\"},\"image\":{\"@id\":\"https:\/\/likemetkovic.hr\/vremenska-prognoza-prije-deset-godina-veljaca-nam-je-priredila-povijesti-snijeg-ima-li-ga-na-vidiku\/#primaryimage\"},\"thumbnailUrl\":\"https:\/\/likemetkovic.hr\/portal\/wp-content\/uploads\/2022\/02\/snijeg-2012-puljan.jpg\",\"datePublished\":\"2022-02-04T08:32:03+00:00\",\"author\":{\"@id\":\"https:\/\/likemetkovic.hr\/#\/schema\/person\/a42711f3385a0e2be6f7e0443bfb28f0\"},\"breadcrumb\":{\"@id\":\"https:\/\/likemetkovic.hr\/vremenska-prognoza-prije-deset-godina-veljaca-nam-je-priredila-povijesti-snijeg-ima-li-ga-na-vidiku\/#breadcrumb\"},\"inLanguage\":\"hr\",\"potentialAction\":[{\"@type\":\"ReadAction\",\"target\":[\"https:\/\/likemetkovic.hr\/vremenska-prognoza-prije-deset-godina-veljaca-nam-je-priredila-povijesti-snijeg-ima-li-ga-na-vidiku\/\"]}]},{\"@type\":\"ImageObject\",\"inLanguage\":\"hr\",\"@id\":\"https:\/\/likemetkovic.hr\/vremenska-prognoza-prije-deset-godina-veljaca-nam-je-priredila-povijesti-snijeg-ima-li-ga-na-vidiku\/#primaryimage\",\"url\":\"https:\/\/likemetkovic.hr\/portal\/wp-content\/uploads\/2022\/02\/snijeg-2012-puljan.jpg\",\"contentUrl\":\"https:\/\/likemetkovic.hr\/portal\/wp-content\/uploads\/2022\/02\/snijeg-2012-puljan.jpg\",\"width\":800,\"height\":427},{\"@type\":\"BreadcrumbList\",\"@id\":\"https:\/\/likemetkovic.hr\/vremenska-prognoza-prije-deset-godina-veljaca-nam-je-priredila-povijesti-snijeg-ima-li-ga-na-vidiku\/#breadcrumb\",\"itemListElement\":[{\"@type\":\"ListItem\",\"position\":1,\"name\":\"Po\u010detna stranica\",\"item\":\"https:\/\/likemetkovic.hr\/portal\/\"},{\"@type\":\"ListItem\",\"position\":2,\"name\":\"VREMENSKA PROGNOZA Prije deset godina velja\u010da nam je priredila povijesti snijeg! Ima li ga na vidiku?\"}]},{\"@type\":\"WebSite\",\"@id\":\"https:\/\/likemetkovic.hr\/#website\",\"url\":\"https:\/\/likemetkovic.hr\/\",\"name\":\"likemetkovic.hr\",\"description\":\"Misli pozitivno... \u010ditaj LIKE\",\"potentialAction\":[{\"@type\":\"SearchAction\",\"target\":{\"@type\":\"EntryPoint\",\"urlTemplate\":\"https:\/\/likemetkovic.hr\/?s={search_term_string}\"},\"query-input\":{\"@type\":\"PropertyValueSpecification\",\"valueRequired\":true,\"valueName\":\"search_term_string\"}}],\"inLanguage\":\"hr\"},{\"@type\":\"Person\",\"@id\":\"https:\/\/likemetkovic.hr\/#\/schema\/person\/a42711f3385a0e2be6f7e0443bfb28f0\",\"name\":\"LIKEmetkovic.hr\",\"sameAs\":[\"http:\/\/likemetkovic.hr\"],\"url\":\"https:\/\/likemetkovic.hr\/portal\/author\/likemetkovic-hr\/\"}]}<\/script>\n<!-- \/ Yoast SEO plugin. -->","yoast_head_json":{"title":"VREMENSKA PROGNOZA Prije deset godina velja\u010da nam je priredila povijesti snijeg! Ima li ga na vidiku? - likemetkovic.hr","robots":{"index":"index","follow":"follow","max-snippet":"max-snippet:-1","max-image-preview":"max-image-preview:large","max-video-preview":"max-video-preview:-1"},"canonical":"https:\/\/likemetkovic.hr\/vremenska-prognoza-prije-deset-godina-veljaca-nam-je-priredila-povijesti-snijeg-ima-li-ga-na-vidiku\/","og_locale":"hr_HR","og_type":"article","og_title":"VREMENSKA PROGNOZA Prije deset godina velja\u010da nam je priredila povijesti snijeg! Ima li ga na vidiku? - likemetkovic.hr","og_description":"Mnogi su se prisjetili desete obljetnice jedne od najja\u010dih zimskih oluja koje su pogodile Dalmaciju posljednjih desetlje\u0107a. Bilo je to 3. velja\u010de 2012. kada nas je pogodila ciklona (Gabor) i izra\u017eena kontinentalna hladno\u0107a i kada je po\u010delo hladno razdoblje koje je potrajalo gotovo 20 dana, Dalmaciju danas. Evo je to bilo u Metkovi\u0107u&#8230; Ove velja\u010de [&hellip;]","og_url":"https:\/\/likemetkovic.hr\/vremenska-prognoza-prije-deset-godina-veljaca-nam-je-priredila-povijesti-snijeg-ima-li-ga-na-vidiku\/","og_site_name":"likemetkovic.hr","article_publisher":"https:\/\/www.facebook.com\/likemetkovic.hr\/","article_published_time":"2022-02-04T08:32:03+00:00","og_image":[{"width":800,"height":427,"url":"https:\/\/likemetkovic.hr\/wp-content\/uploads\/2022\/02\/snijeg-2012-puljan.jpg","type":"image\/jpeg"}],"author":"LIKEmetkovic.hr","twitter_card":"summary_large_image","twitter_misc":{"Napisao\/la":"LIKEmetkovic.hr","Procijenjeno vrijeme \u010ditanja":"2 minute"},"schema":{"@context":"https:\/\/schema.org","@graph":[{"@type":"WebPage","@id":"https:\/\/likemetkovic.hr\/vremenska-prognoza-prije-deset-godina-veljaca-nam-je-priredila-povijesti-snijeg-ima-li-ga-na-vidiku\/","url":"https:\/\/likemetkovic.hr\/vremenska-prognoza-prije-deset-godina-veljaca-nam-je-priredila-povijesti-snijeg-ima-li-ga-na-vidiku\/","name":"VREMENSKA PROGNOZA Prije deset godina velja\u010da nam je priredila povijesti snijeg! Ima li ga na vidiku? - likemetkovic.hr","isPartOf":{"@id":"https:\/\/likemetkovic.hr\/#website"},"primaryImageOfPage":{"@id":"https:\/\/likemetkovic.hr\/vremenska-prognoza-prije-deset-godina-veljaca-nam-je-priredila-povijesti-snijeg-ima-li-ga-na-vidiku\/#primaryimage"},"image":{"@id":"https:\/\/likemetkovic.hr\/vremenska-prognoza-prije-deset-godina-veljaca-nam-je-priredila-povijesti-snijeg-ima-li-ga-na-vidiku\/#primaryimage"},"thumbnailUrl":"https:\/\/likemetkovic.hr\/portal\/wp-content\/uploads\/2022\/02\/snijeg-2012-puljan.jpg","datePublished":"2022-02-04T08:32:03+00:00","author":{"@id":"https:\/\/likemetkovic.hr\/#\/schema\/person\/a42711f3385a0e2be6f7e0443bfb28f0"},"breadcrumb":{"@id":"https:\/\/likemetkovic.hr\/vremenska-prognoza-prije-deset-godina-veljaca-nam-je-priredila-povijesti-snijeg-ima-li-ga-na-vidiku\/#breadcrumb"},"inLanguage":"hr","potentialAction":[{"@type":"ReadAction","target":["https:\/\/likemetkovic.hr\/vremenska-prognoza-prije-deset-godina-veljaca-nam-je-priredila-povijesti-snijeg-ima-li-ga-na-vidiku\/"]}]},{"@type":"ImageObject","inLanguage":"hr","@id":"https:\/\/likemetkovic.hr\/vremenska-prognoza-prije-deset-godina-veljaca-nam-je-priredila-povijesti-snijeg-ima-li-ga-na-vidiku\/#primaryimage","url":"https:\/\/likemetkovic.hr\/portal\/wp-content\/uploads\/2022\/02\/snijeg-2012-puljan.jpg","contentUrl":"https:\/\/likemetkovic.hr\/portal\/wp-content\/uploads\/2022\/02\/snijeg-2012-puljan.jpg","width":800,"height":427},{"@type":"BreadcrumbList","@id":"https:\/\/likemetkovic.hr\/vremenska-prognoza-prije-deset-godina-veljaca-nam-je-priredila-povijesti-snijeg-ima-li-ga-na-vidiku\/#breadcrumb","itemListElement":[{"@type":"ListItem","position":1,"name":"Po\u010detna stranica","item":"https:\/\/likemetkovic.hr\/portal\/"},{"@type":"ListItem","position":2,"name":"VREMENSKA PROGNOZA Prije deset godina velja\u010da nam je priredila povijesti snijeg! Ima li ga na vidiku?"}]},{"@type":"WebSite","@id":"https:\/\/likemetkovic.hr\/#website","url":"https:\/\/likemetkovic.hr\/","name":"likemetkovic.hr","description":"Misli pozitivno... \u010ditaj LIKE","potentialAction":[{"@type":"SearchAction","target":{"@type":"EntryPoint","urlTemplate":"https:\/\/likemetkovic.hr\/?s={search_term_string}"},"query-input":{"@type":"PropertyValueSpecification","valueRequired":true,"valueName":"search_term_string"}}],"inLanguage":"hr"},{"@type":"Person","@id":"https:\/\/likemetkovic.hr\/#\/schema\/person\/a42711f3385a0e2be6f7e0443bfb28f0","name":"LIKEmetkovic.hr","sameAs":["http:\/\/likemetkovic.hr"],"url":"https:\/\/likemetkovic.hr\/portal\/author\/likemetkovic-hr\/"}]}},"_links":{"self":[{"href":"https:\/\/likemetkovic.hr\/portal\/wp-json\/wp\/v2\/posts\/127445","targetHints":{"allow":["GET"]}}],"collection":[{"href":"https:\/\/likemetkovic.hr\/portal\/wp-json\/wp\/v2\/posts"}],"about":[{"href":"https:\/\/likemetkovic.hr\/portal\/wp-json\/wp\/v2\/types\/post"}],"author":[{"embeddable":true,"href":"https:\/\/likemetkovic.hr\/portal\/wp-json\/wp\/v2\/users\/7"}],"replies":[{"embeddable":true,"href":"https:\/\/likemetkovic.hr\/portal\/wp-json\/wp\/v2\/comments?post=127445"}],"version-history":[{"count":1,"href":"https:\/\/likemetkovic.hr\/portal\/wp-json\/wp\/v2\/posts\/127445\/revisions"}],"predecessor-version":[{"id":127447,"href":"https:\/\/likemetkovic.hr\/portal\/wp-json\/wp\/v2\/posts\/127445\/revisions\/127447"}],"wp:featuredmedia":[{"embeddable":true,"href":"https:\/\/likemetkovic.hr\/portal\/wp-json\/wp\/v2\/media\/127446"}],"wp:attachment":[{"href":"https:\/\/likemetkovic.hr\/portal\/wp-json\/wp\/v2\/media?parent=127445"}],"wp:term":[{"taxonomy":"category","embeddable":true,"href":"https:\/\/likemetkovic.hr\/portal\/wp-json\/wp\/v2\/categories?post=127445"},{"taxonomy":"post_tag","embeddable":true,"href":"https:\/\/likemetkovic.hr\/portal\/wp-json\/wp\/v2\/tags?post=127445"}],"curies":[{"name":"wp","href":"https:\/\/api.w.org\/{rel}","templated":true}]}}