{"id":127459,"date":"2022-02-05T08:37:24","date_gmt":"2022-02-05T07:37:24","guid":{"rendered":"https:\/\/likemetkovic.hr\/?p=127459"},"modified":"2022-02-05T08:37:59","modified_gmt":"2022-02-05T07:37:59","slug":"ovoga-ljeta-ce-se-ponovno-uspostaviti-zeljeznicka-putnicka-linija-ploce-sarajevo","status":"publish","type":"post","link":"https:\/\/likemetkovic.hr\/portal\/ovoga-ljeta-ce-se-ponovno-uspostaviti-zeljeznicka-putnicka-linija-ploce-sarajevo\/","title":{"rendered":"Ovoga ljeta \u0107e se ponovno uspostaviti \u017eeljezni\u010dka putni\u010dka linija Plo\u010de-Sarajevo"},"content":{"rendered":"<p>Nakon punih osam godina, voznim redom predvi\u0111ena je \u017eeljezni\u010dka linija Sarajevo \u2013 Plo\u010de i obrnuto, od 1. srpnja do 28. kolovoza, pi\u0161e <a href=\"http:\/\/www.rogotin.hr\/2022\/02\/04\/video-odlicne-vijesti-za-ljubitelje-putovanja-zeljeznicom-voznim-redom-predvidena-linija-sarajevo-ploce\/\" target=\"_blank\" rel=\"noopener\">Rogotin.hr<\/a>.<\/p>\n<p>Kako su izvijestili iz H\u017d Putni\u010dki prijevoz, <em>s obzirom da su uo\u010di pro\u0161logodi\u0161nje turisti\u010dke sezone odr\u017eavani razgovori izme\u0111u \u017dFBH i H\u017dPP-a o mogu\u0107nostima uvo\u0111enja sezonskih vlakova izme\u0111u Sarajeva i Plo\u010da, H\u017dPP je u novom voznom redu u plan stavio vo\u017enju sezonskih vlakova te \u0107e se ponovno pokrenuti razgovori s \u017dFBH o mogu\u0107nostima i interesu putnika za potencijalno uvo\u0111enje sezonskih vlakova\u201c. <\/em><\/p>\n<p>U H\u017dPP su se, istina, ogradili kako \u0107e se pri dono\u0161enju kona\u010dne odluke uz komercijalne i tehni\u010dke uvjete, vodit ra\u010duna i o pandemiji koronavirusa, no ova vijest zasigurno \u0107e obradovati sve ljubitelje putovanja \u017eeljeznicom.<\/p>\n<p>Prekidom putni\u010dkog prometa u prosincu 2013., iako je prijevoz tereta nastavljen, tada je bila zavr\u0161ena pri\u010da koja je trajala vi\u0161e od 120 godina, jer je prugu od Sarajeva do Plo\u010da zapo\u010dela Austro-Ugarska, nastavila Kraljevina Jugoslavija, a zavr\u0161ila SFRJ. Pruga je bila izgra\u0111ivana u vi\u0161e etapa i bila je jedan od najve\u0107ih prometnih i infrastrukturnih projekata pro\u0161loga stolje\u0107a. Duga\u010dka je gotovo 200 kilometara, sa 27 \u017eeljezni\u010dkih postaja, 71 mostom i 106 tunela. Tuneli su duga\u010dki oko 37 kilometara, a me\u0111u njima je, s preko tri kilometra, najdulji Ivan, tunel prokopan kroz istoimenu planinu.<\/p>\n<p>Dana 1. kolovoza 1891. godine, uz prigodnu sve\u010danost i pucanje topova s obli\u017enjih brda, do\u0161ao je prvi vlak u Sarajevo iz pravca Metkovi\u0107a. Neretvanska pruga, kako su je zvali, gra\u0111ena je punih sedam godina i u nekoliko etapa. U novinskoj vijesti objavljenoj u mostarskom Novom Hercegova\u010dkom Bosiljku, od 30. kolovoza 1884. godine stajalo je: <em>Glasa se da \u0107e op\u0107a radnja \u017eeljeznice Mostar- Metkovi\u0107 zapo\u010deti 8. idu\u0107eg mjeseca, te do 30. travnja 1885. mora biti izru\u010dena sasvim gotova\u00a0dr\u017eavi.<\/em><\/p>\n","protected":false},"excerpt":{"rendered":"<p>Nakon punih osam godina, voznim redom predvi\u0111ena je \u017eeljezni\u010dka linija Sarajevo \u2013 Plo\u010de i obrnuto, od 1. srpnja do 28. kolovoza, pi\u0161e Rogotin.hr. Kako su izvijestili iz H\u017d Putni\u010dki prijevoz, s obzirom da su uo\u010di pro\u0161logodi\u0161nje turisti\u010dke sezone odr\u017eavani razgovori izme\u0111u \u017dFBH i H\u017dPP-a o mogu\u0107nostima uvo\u0111enja sezonskih vlakova izme\u0111u Sarajeva i Plo\u010da, H\u017dPP je [&hellip;]<\/p>\n","protected":false},"author":7,"featured_media":66420,"comment_status":"open","ping_status":"open","sticky":false,"template":"","format":"standard","meta":{"footnotes":""},"categories":[283,11],"tags":[10357,1982,10356],"class_list":{"0":"post-127459","1":"post","2":"type-post","3":"status-publish","4":"format-standard","5":"has-post-thumbnail","7":"category-a","8":"category-metkovic-dolina","9":"tag-linija-ploce-sarajevo","10":"tag-vlak","11":"tag-zeljeznicki-promet"},"yoast_head":"<!-- This site is optimized with the Yoast SEO plugin v25.2 - https:\/\/yoast.com\/wordpress\/plugins\/seo\/ -->\n<title>Ovoga ljeta \u0107e se ponovno uspostaviti \u017eeljezni\u010dka putni\u010dka linija Plo\u010de-Sarajevo - likemetkovic.hr<\/title>\n<meta name=\"robots\" content=\"index, follow, max-snippet:-1, max-image-preview:large, max-video-preview:-1\" \/>\n<link rel=\"canonical\" href=\"https:\/\/likemetkovic.hr\/ovoga-ljeta-ce-se-ponovno-uspostaviti-zeljeznicka-putnicka-linija-ploce-sarajevo\/\" \/>\n<meta property=\"og:locale\" content=\"hr_HR\" \/>\n<meta property=\"og:type\" content=\"article\" \/>\n<meta property=\"og:title\" content=\"Ovoga ljeta \u0107e se ponovno uspostaviti \u017eeljezni\u010dka putni\u010dka linija Plo\u010de-Sarajevo - likemetkovic.hr\" \/>\n<meta property=\"og:description\" content=\"Nakon punih osam godina, voznim redom predvi\u0111ena je \u017eeljezni\u010dka linija Sarajevo \u2013 Plo\u010de i obrnuto, od 1. srpnja do 28. kolovoza, pi\u0161e Rogotin.hr. Kako su izvijestili iz H\u017d Putni\u010dki prijevoz, s obzirom da su uo\u010di pro\u0161logodi\u0161nje turisti\u010dke sezone odr\u017eavani razgovori izme\u0111u \u017dFBH i H\u017dPP-a o mogu\u0107nostima uvo\u0111enja sezonskih vlakova izme\u0111u Sarajeva i Plo\u010da, H\u017dPP je [&hellip;]\" \/>\n<meta property=\"og:url\" content=\"https:\/\/likemetkovic.hr\/ovoga-ljeta-ce-se-ponovno-uspostaviti-zeljeznicka-putnicka-linija-ploce-sarajevo\/\" \/>\n<meta property=\"og:site_name\" content=\"likemetkovic.hr\" \/>\n<meta property=\"article:publisher\" content=\"https:\/\/www.facebook.com\/likemetkovic.hr\/\" \/>\n<meta property=\"article:published_time\" content=\"2022-02-05T07:37:24+00:00\" \/>\n<meta property=\"article:modified_time\" content=\"2022-02-05T07:37:59+00:00\" \/>\n<meta property=\"og:image\" content=\"https:\/\/likemetkovic.hr\/wp-content\/uploads\/2018\/08\/maraton-la\u0111a-2018-147.jpg\" \/>\n\t<meta property=\"og:image:width\" content=\"800\" \/>\n\t<meta property=\"og:image:height\" content=\"534\" \/>\n\t<meta property=\"og:image:type\" content=\"image\/jpeg\" \/>\n<meta name=\"author\" content=\"LIKEmetkovic.hr\" \/>\n<meta name=\"twitter:card\" content=\"summary_large_image\" \/>\n<meta name=\"twitter:label1\" content=\"Napisao\/la\" \/>\n\t<meta name=\"twitter:data1\" content=\"LIKEmetkovic.hr\" \/>\n\t<meta name=\"twitter:label2\" content=\"Procijenjeno vrijeme \u010ditanja\" \/>\n\t<meta name=\"twitter:data2\" content=\"2 minute\" \/>\n<script type=\"application\/ld+json\" class=\"yoast-schema-graph\">{\"@context\":\"https:\/\/schema.org\",\"@graph\":[{\"@type\":\"WebPage\",\"@id\":\"https:\/\/likemetkovic.hr\/ovoga-ljeta-ce-se-ponovno-uspostaviti-zeljeznicka-putnicka-linija-ploce-sarajevo\/\",\"url\":\"https:\/\/likemetkovic.hr\/ovoga-ljeta-ce-se-ponovno-uspostaviti-zeljeznicka-putnicka-linija-ploce-sarajevo\/\",\"name\":\"Ovoga ljeta \u0107e se ponovno uspostaviti \u017eeljezni\u010dka putni\u010dka linija Plo\u010de-Sarajevo - likemetkovic.hr\",\"isPartOf\":{\"@id\":\"https:\/\/likemetkovic.hr\/#website\"},\"primaryImageOfPage\":{\"@id\":\"https:\/\/likemetkovic.hr\/ovoga-ljeta-ce-se-ponovno-uspostaviti-zeljeznicka-putnicka-linija-ploce-sarajevo\/#primaryimage\"},\"image\":{\"@id\":\"https:\/\/likemetkovic.hr\/ovoga-ljeta-ce-se-ponovno-uspostaviti-zeljeznicka-putnicka-linija-ploce-sarajevo\/#primaryimage\"},\"thumbnailUrl\":\"https:\/\/likemetkovic.hr\/portal\/wp-content\/uploads\/2018\/08\/maraton-la\u0111a-2018-147.jpg\",\"datePublished\":\"2022-02-05T07:37:24+00:00\",\"dateModified\":\"2022-02-05T07:37:59+00:00\",\"author\":{\"@id\":\"https:\/\/likemetkovic.hr\/#\/schema\/person\/a42711f3385a0e2be6f7e0443bfb28f0\"},\"breadcrumb\":{\"@id\":\"https:\/\/likemetkovic.hr\/ovoga-ljeta-ce-se-ponovno-uspostaviti-zeljeznicka-putnicka-linija-ploce-sarajevo\/#breadcrumb\"},\"inLanguage\":\"hr\",\"potentialAction\":[{\"@type\":\"ReadAction\",\"target\":[\"https:\/\/likemetkovic.hr\/ovoga-ljeta-ce-se-ponovno-uspostaviti-zeljeznicka-putnicka-linija-ploce-sarajevo\/\"]}]},{\"@type\":\"ImageObject\",\"inLanguage\":\"hr\",\"@id\":\"https:\/\/likemetkovic.hr\/ovoga-ljeta-ce-se-ponovno-uspostaviti-zeljeznicka-putnicka-linija-ploce-sarajevo\/#primaryimage\",\"url\":\"https:\/\/likemetkovic.hr\/portal\/wp-content\/uploads\/2018\/08\/maraton-la\u0111a-2018-147.jpg\",\"contentUrl\":\"https:\/\/likemetkovic.hr\/portal\/wp-content\/uploads\/2018\/08\/maraton-la\u0111a-2018-147.jpg\",\"width\":800,\"height\":534},{\"@type\":\"BreadcrumbList\",\"@id\":\"https:\/\/likemetkovic.hr\/ovoga-ljeta-ce-se-ponovno-uspostaviti-zeljeznicka-putnicka-linija-ploce-sarajevo\/#breadcrumb\",\"itemListElement\":[{\"@type\":\"ListItem\",\"position\":1,\"name\":\"Po\u010detna stranica\",\"item\":\"https:\/\/likemetkovic.hr\/portal\/\"},{\"@type\":\"ListItem\",\"position\":2,\"name\":\"Ovoga ljeta \u0107e se ponovno uspostaviti \u017eeljezni\u010dka putni\u010dka linija Plo\u010de-Sarajevo\"}]},{\"@type\":\"WebSite\",\"@id\":\"https:\/\/likemetkovic.hr\/#website\",\"url\":\"https:\/\/likemetkovic.hr\/\",\"name\":\"likemetkovic.hr\",\"description\":\"Misli pozitivno... \u010ditaj LIKE\",\"potentialAction\":[{\"@type\":\"SearchAction\",\"target\":{\"@type\":\"EntryPoint\",\"urlTemplate\":\"https:\/\/likemetkovic.hr\/?s={search_term_string}\"},\"query-input\":{\"@type\":\"PropertyValueSpecification\",\"valueRequired\":true,\"valueName\":\"search_term_string\"}}],\"inLanguage\":\"hr\"},{\"@type\":\"Person\",\"@id\":\"https:\/\/likemetkovic.hr\/#\/schema\/person\/a42711f3385a0e2be6f7e0443bfb28f0\",\"name\":\"LIKEmetkovic.hr\",\"sameAs\":[\"http:\/\/likemetkovic.hr\"],\"url\":\"https:\/\/likemetkovic.hr\/portal\/author\/likemetkovic-hr\/\"}]}<\/script>\n<!-- \/ Yoast SEO plugin. -->","yoast_head_json":{"title":"Ovoga ljeta \u0107e se ponovno uspostaviti \u017eeljezni\u010dka putni\u010dka linija Plo\u010de-Sarajevo - likemetkovic.hr","robots":{"index":"index","follow":"follow","max-snippet":"max-snippet:-1","max-image-preview":"max-image-preview:large","max-video-preview":"max-video-preview:-1"},"canonical":"https:\/\/likemetkovic.hr\/ovoga-ljeta-ce-se-ponovno-uspostaviti-zeljeznicka-putnicka-linija-ploce-sarajevo\/","og_locale":"hr_HR","og_type":"article","og_title":"Ovoga ljeta \u0107e se ponovno uspostaviti \u017eeljezni\u010dka putni\u010dka linija Plo\u010de-Sarajevo - likemetkovic.hr","og_description":"Nakon punih osam godina, voznim redom predvi\u0111ena je \u017eeljezni\u010dka linija Sarajevo \u2013 Plo\u010de i obrnuto, od 1. srpnja do 28. kolovoza, pi\u0161e Rogotin.hr. Kako su izvijestili iz H\u017d Putni\u010dki prijevoz, s obzirom da su uo\u010di pro\u0161logodi\u0161nje turisti\u010dke sezone odr\u017eavani razgovori izme\u0111u \u017dFBH i H\u017dPP-a o mogu\u0107nostima uvo\u0111enja sezonskih vlakova izme\u0111u Sarajeva i Plo\u010da, H\u017dPP je [&hellip;]","og_url":"https:\/\/likemetkovic.hr\/ovoga-ljeta-ce-se-ponovno-uspostaviti-zeljeznicka-putnicka-linija-ploce-sarajevo\/","og_site_name":"likemetkovic.hr","article_publisher":"https:\/\/www.facebook.com\/likemetkovic.hr\/","article_published_time":"2022-02-05T07:37:24+00:00","article_modified_time":"2022-02-05T07:37:59+00:00","og_image":[{"width":800,"height":534,"url":"https:\/\/likemetkovic.hr\/wp-content\/uploads\/2018\/08\/maraton-la\u0111a-2018-147.jpg","type":"image\/jpeg"}],"author":"LIKEmetkovic.hr","twitter_card":"summary_large_image","twitter_misc":{"Napisao\/la":"LIKEmetkovic.hr","Procijenjeno vrijeme \u010ditanja":"2 minute"},"schema":{"@context":"https:\/\/schema.org","@graph":[{"@type":"WebPage","@id":"https:\/\/likemetkovic.hr\/ovoga-ljeta-ce-se-ponovno-uspostaviti-zeljeznicka-putnicka-linija-ploce-sarajevo\/","url":"https:\/\/likemetkovic.hr\/ovoga-ljeta-ce-se-ponovno-uspostaviti-zeljeznicka-putnicka-linija-ploce-sarajevo\/","name":"Ovoga ljeta \u0107e se ponovno uspostaviti \u017eeljezni\u010dka putni\u010dka linija Plo\u010de-Sarajevo - likemetkovic.hr","isPartOf":{"@id":"https:\/\/likemetkovic.hr\/#website"},"primaryImageOfPage":{"@id":"https:\/\/likemetkovic.hr\/ovoga-ljeta-ce-se-ponovno-uspostaviti-zeljeznicka-putnicka-linija-ploce-sarajevo\/#primaryimage"},"image":{"@id":"https:\/\/likemetkovic.hr\/ovoga-ljeta-ce-se-ponovno-uspostaviti-zeljeznicka-putnicka-linija-ploce-sarajevo\/#primaryimage"},"thumbnailUrl":"https:\/\/likemetkovic.hr\/portal\/wp-content\/uploads\/2018\/08\/maraton-la\u0111a-2018-147.jpg","datePublished":"2022-02-05T07:37:24+00:00","dateModified":"2022-02-05T07:37:59+00:00","author":{"@id":"https:\/\/likemetkovic.hr\/#\/schema\/person\/a42711f3385a0e2be6f7e0443bfb28f0"},"breadcrumb":{"@id":"https:\/\/likemetkovic.hr\/ovoga-ljeta-ce-se-ponovno-uspostaviti-zeljeznicka-putnicka-linija-ploce-sarajevo\/#breadcrumb"},"inLanguage":"hr","potentialAction":[{"@type":"ReadAction","target":["https:\/\/likemetkovic.hr\/ovoga-ljeta-ce-se-ponovno-uspostaviti-zeljeznicka-putnicka-linija-ploce-sarajevo\/"]}]},{"@type":"ImageObject","inLanguage":"hr","@id":"https:\/\/likemetkovic.hr\/ovoga-ljeta-ce-se-ponovno-uspostaviti-zeljeznicka-putnicka-linija-ploce-sarajevo\/#primaryimage","url":"https:\/\/likemetkovic.hr\/portal\/wp-content\/uploads\/2018\/08\/maraton-la\u0111a-2018-147.jpg","contentUrl":"https:\/\/likemetkovic.hr\/portal\/wp-content\/uploads\/2018\/08\/maraton-la\u0111a-2018-147.jpg","width":800,"height":534},{"@type":"BreadcrumbList","@id":"https:\/\/likemetkovic.hr\/ovoga-ljeta-ce-se-ponovno-uspostaviti-zeljeznicka-putnicka-linija-ploce-sarajevo\/#breadcrumb","itemListElement":[{"@type":"ListItem","position":1,"name":"Po\u010detna stranica","item":"https:\/\/likemetkovic.hr\/portal\/"},{"@type":"ListItem","position":2,"name":"Ovoga ljeta \u0107e se ponovno uspostaviti \u017eeljezni\u010dka putni\u010dka linija Plo\u010de-Sarajevo"}]},{"@type":"WebSite","@id":"https:\/\/likemetkovic.hr\/#website","url":"https:\/\/likemetkovic.hr\/","name":"likemetkovic.hr","description":"Misli pozitivno... \u010ditaj LIKE","potentialAction":[{"@type":"SearchAction","target":{"@type":"EntryPoint","urlTemplate":"https:\/\/likemetkovic.hr\/?s={search_term_string}"},"query-input":{"@type":"PropertyValueSpecification","valueRequired":true,"valueName":"search_term_string"}}],"inLanguage":"hr"},{"@type":"Person","@id":"https:\/\/likemetkovic.hr\/#\/schema\/person\/a42711f3385a0e2be6f7e0443bfb28f0","name":"LIKEmetkovic.hr","sameAs":["http:\/\/likemetkovic.hr"],"url":"https:\/\/likemetkovic.hr\/portal\/author\/likemetkovic-hr\/"}]}},"_links":{"self":[{"href":"https:\/\/likemetkovic.hr\/portal\/wp-json\/wp\/v2\/posts\/127459","targetHints":{"allow":["GET"]}}],"collection":[{"href":"https:\/\/likemetkovic.hr\/portal\/wp-json\/wp\/v2\/posts"}],"about":[{"href":"https:\/\/likemetkovic.hr\/portal\/wp-json\/wp\/v2\/types\/post"}],"author":[{"embeddable":true,"href":"https:\/\/likemetkovic.hr\/portal\/wp-json\/wp\/v2\/users\/7"}],"replies":[{"embeddable":true,"href":"https:\/\/likemetkovic.hr\/portal\/wp-json\/wp\/v2\/comments?post=127459"}],"version-history":[{"count":2,"href":"https:\/\/likemetkovic.hr\/portal\/wp-json\/wp\/v2\/posts\/127459\/revisions"}],"predecessor-version":[{"id":127461,"href":"https:\/\/likemetkovic.hr\/portal\/wp-json\/wp\/v2\/posts\/127459\/revisions\/127461"}],"wp:featuredmedia":[{"embeddable":true,"href":"https:\/\/likemetkovic.hr\/portal\/wp-json\/wp\/v2\/media\/66420"}],"wp:attachment":[{"href":"https:\/\/likemetkovic.hr\/portal\/wp-json\/wp\/v2\/media?parent=127459"}],"wp:term":[{"taxonomy":"category","embeddable":true,"href":"https:\/\/likemetkovic.hr\/portal\/wp-json\/wp\/v2\/categories?post=127459"},{"taxonomy":"post_tag","embeddable":true,"href":"https:\/\/likemetkovic.hr\/portal\/wp-json\/wp\/v2\/tags?post=127459"}],"curies":[{"name":"wp","href":"https:\/\/api.w.org\/{rel}","templated":true}]}}