{"id":127654,"date":"2022-02-11T10:29:42","date_gmt":"2022-02-11T09:29:42","guid":{"rendered":"https:\/\/likemetkovic.hr\/?p=127654"},"modified":"2022-02-11T10:29:42","modified_gmt":"2022-02-11T09:29:42","slug":"i-ove-godine-ce-poklade-proci-bez-maskarske-povorke","status":"publish","type":"post","link":"https:\/\/likemetkovic.hr\/portal\/i-ove-godine-ce-poklade-proci-bez-maskarske-povorke\/","title":{"rendered":"I ove godine \u0107e poklade pro\u0107i bez ma\u0161karske povorke"},"content":{"rendered":"<p data-uw-styling-context=\"true\">Premda u nedjelju, 20. velja\u010de zapo\u010dinju poklade, zbog korone ni ove godine ne\u0107e biti ma\u0161karskih povorki kroz grad.<\/p>\n<p data-uw-styling-context=\"true\">\u010clanovi Pokladnoga dru\u0161tva Metkovi\u0107 \u0107e na Male i Velike ma\u0161kare, 20. i 27. velja\u010de, napraviti \u0111ir po gradu i prigradskim naseljima s Markom Krnjevalom.<\/p>\n<p data-uw-styling-context=\"true\">U utorak, 1. o\u017eujka, uo\u010di Pepelnice, u Zgradi politi\u010dkih stranaka \u0107e biti \u010ditanje optu\u017enice i presude, a potom \u0107e po obi\u010daju Marko biti spaljen na Maloj rivi.<\/p>\n","protected":false},"excerpt":{"rendered":"<p>Premda u nedjelju, 20. velja\u010de zapo\u010dinju poklade, zbog korone ni ove godine ne\u0107e biti ma\u0161karskih povorki kroz grad. \u010clanovi Pokladnoga dru\u0161tva Metkovi\u0107 \u0107e na Male i Velike ma\u0161kare, 20. i 27. velja\u010de, napraviti \u0111ir po gradu i prigradskim naseljima s Markom Krnjevalom. U utorak, 1. o\u017eujka, uo\u010di Pepelnice, u Zgradi politi\u010dkih stranaka \u0107e biti \u010ditanje [&hellip;]<\/p>\n","protected":false},"author":7,"featured_media":113540,"comment_status":"open","ping_status":"open","sticky":false,"template":"","format":"standard","meta":{"footnotes":""},"categories":[296,11],"tags":[10377],"class_list":{"0":"post-127654","1":"post","2":"type-post","3":"status-publish","4":"format-standard","5":"has-post-thumbnail","7":"category-ab","8":"category-metkovic-dolina","9":"tag-poklade-2022"},"yoast_head":"<!-- This site is optimized with the Yoast SEO plugin v25.2 - https:\/\/yoast.com\/wordpress\/plugins\/seo\/ -->\n<title>I ove godine \u0107e poklade pro\u0107i bez ma\u0161karske povorke - likemetkovic.hr<\/title>\n<meta name=\"robots\" content=\"index, follow, max-snippet:-1, max-image-preview:large, max-video-preview:-1\" \/>\n<link rel=\"canonical\" href=\"https:\/\/likemetkovic.hr\/i-ove-godine-ce-poklade-proci-bez-maskarske-povorke\/\" \/>\n<meta property=\"og:locale\" content=\"hr_HR\" \/>\n<meta property=\"og:type\" content=\"article\" \/>\n<meta property=\"og:title\" content=\"I ove godine \u0107e poklade pro\u0107i bez ma\u0161karske povorke - likemetkovic.hr\" \/>\n<meta property=\"og:description\" content=\"Premda u nedjelju, 20. velja\u010de zapo\u010dinju poklade, zbog korone ni ove godine ne\u0107e biti ma\u0161karskih povorki kroz grad. \u010clanovi Pokladnoga dru\u0161tva Metkovi\u0107 \u0107e na Male i Velike ma\u0161kare, 20. i 27. velja\u010de, napraviti \u0111ir po gradu i prigradskim naseljima s Markom Krnjevalom. U utorak, 1. o\u017eujka, uo\u010di Pepelnice, u Zgradi politi\u010dkih stranaka \u0107e biti \u010ditanje [&hellip;]\" \/>\n<meta property=\"og:url\" content=\"https:\/\/likemetkovic.hr\/i-ove-godine-ce-poklade-proci-bez-maskarske-povorke\/\" \/>\n<meta property=\"og:site_name\" content=\"likemetkovic.hr\" \/>\n<meta property=\"article:publisher\" content=\"https:\/\/www.facebook.com\/likemetkovic.hr\/\" \/>\n<meta property=\"article:published_time\" content=\"2022-02-11T09:29:42+00:00\" \/>\n<meta property=\"og:image\" content=\"https:\/\/likemetkovic.hr\/wp-content\/uploads\/2021\/02\/maskare-marko-krnjeval_3.jpg\" \/>\n\t<meta property=\"og:image:width\" content=\"800\" \/>\n\t<meta property=\"og:image:height\" content=\"533\" \/>\n\t<meta property=\"og:image:type\" content=\"image\/jpeg\" \/>\n<meta name=\"author\" content=\"LIKEmetkovic.hr\" \/>\n<meta name=\"twitter:card\" content=\"summary_large_image\" \/>\n<meta name=\"twitter:label1\" content=\"Napisao\/la\" \/>\n\t<meta name=\"twitter:data1\" content=\"LIKEmetkovic.hr\" \/>\n<script type=\"application\/ld+json\" class=\"yoast-schema-graph\">{\"@context\":\"https:\/\/schema.org\",\"@graph\":[{\"@type\":\"WebPage\",\"@id\":\"https:\/\/likemetkovic.hr\/i-ove-godine-ce-poklade-proci-bez-maskarske-povorke\/\",\"url\":\"https:\/\/likemetkovic.hr\/i-ove-godine-ce-poklade-proci-bez-maskarske-povorke\/\",\"name\":\"I ove godine \u0107e poklade pro\u0107i bez ma\u0161karske povorke - likemetkovic.hr\",\"isPartOf\":{\"@id\":\"https:\/\/likemetkovic.hr\/#website\"},\"primaryImageOfPage\":{\"@id\":\"https:\/\/likemetkovic.hr\/i-ove-godine-ce-poklade-proci-bez-maskarske-povorke\/#primaryimage\"},\"image\":{\"@id\":\"https:\/\/likemetkovic.hr\/i-ove-godine-ce-poklade-proci-bez-maskarske-povorke\/#primaryimage\"},\"thumbnailUrl\":\"https:\/\/likemetkovic.hr\/portal\/wp-content\/uploads\/2021\/02\/maskare-marko-krnjeval_3.jpg\",\"datePublished\":\"2022-02-11T09:29:42+00:00\",\"author\":{\"@id\":\"https:\/\/likemetkovic.hr\/#\/schema\/person\/a42711f3385a0e2be6f7e0443bfb28f0\"},\"breadcrumb\":{\"@id\":\"https:\/\/likemetkovic.hr\/i-ove-godine-ce-poklade-proci-bez-maskarske-povorke\/#breadcrumb\"},\"inLanguage\":\"hr\",\"potentialAction\":[{\"@type\":\"ReadAction\",\"target\":[\"https:\/\/likemetkovic.hr\/i-ove-godine-ce-poklade-proci-bez-maskarske-povorke\/\"]}]},{\"@type\":\"ImageObject\",\"inLanguage\":\"hr\",\"@id\":\"https:\/\/likemetkovic.hr\/i-ove-godine-ce-poklade-proci-bez-maskarske-povorke\/#primaryimage\",\"url\":\"https:\/\/likemetkovic.hr\/portal\/wp-content\/uploads\/2021\/02\/maskare-marko-krnjeval_3.jpg\",\"contentUrl\":\"https:\/\/likemetkovic.hr\/portal\/wp-content\/uploads\/2021\/02\/maskare-marko-krnjeval_3.jpg\",\"width\":800,\"height\":533},{\"@type\":\"BreadcrumbList\",\"@id\":\"https:\/\/likemetkovic.hr\/i-ove-godine-ce-poklade-proci-bez-maskarske-povorke\/#breadcrumb\",\"itemListElement\":[{\"@type\":\"ListItem\",\"position\":1,\"name\":\"Po\u010detna stranica\",\"item\":\"https:\/\/likemetkovic.hr\/portal\/\"},{\"@type\":\"ListItem\",\"position\":2,\"name\":\"I ove godine \u0107e poklade pro\u0107i bez ma\u0161karske povorke\"}]},{\"@type\":\"WebSite\",\"@id\":\"https:\/\/likemetkovic.hr\/#website\",\"url\":\"https:\/\/likemetkovic.hr\/\",\"name\":\"likemetkovic.hr\",\"description\":\"Misli pozitivno... \u010ditaj LIKE\",\"potentialAction\":[{\"@type\":\"SearchAction\",\"target\":{\"@type\":\"EntryPoint\",\"urlTemplate\":\"https:\/\/likemetkovic.hr\/?s={search_term_string}\"},\"query-input\":{\"@type\":\"PropertyValueSpecification\",\"valueRequired\":true,\"valueName\":\"search_term_string\"}}],\"inLanguage\":\"hr\"},{\"@type\":\"Person\",\"@id\":\"https:\/\/likemetkovic.hr\/#\/schema\/person\/a42711f3385a0e2be6f7e0443bfb28f0\",\"name\":\"LIKEmetkovic.hr\",\"sameAs\":[\"http:\/\/likemetkovic.hr\"],\"url\":\"https:\/\/likemetkovic.hr\/portal\/author\/likemetkovic-hr\/\"}]}<\/script>\n<!-- \/ Yoast SEO plugin. -->","yoast_head_json":{"title":"I ove godine \u0107e poklade pro\u0107i bez ma\u0161karske povorke - likemetkovic.hr","robots":{"index":"index","follow":"follow","max-snippet":"max-snippet:-1","max-image-preview":"max-image-preview:large","max-video-preview":"max-video-preview:-1"},"canonical":"https:\/\/likemetkovic.hr\/i-ove-godine-ce-poklade-proci-bez-maskarske-povorke\/","og_locale":"hr_HR","og_type":"article","og_title":"I ove godine \u0107e poklade pro\u0107i bez ma\u0161karske povorke - likemetkovic.hr","og_description":"Premda u nedjelju, 20. velja\u010de zapo\u010dinju poklade, zbog korone ni ove godine ne\u0107e biti ma\u0161karskih povorki kroz grad. \u010clanovi Pokladnoga dru\u0161tva Metkovi\u0107 \u0107e na Male i Velike ma\u0161kare, 20. i 27. velja\u010de, napraviti \u0111ir po gradu i prigradskim naseljima s Markom Krnjevalom. U utorak, 1. o\u017eujka, uo\u010di Pepelnice, u Zgradi politi\u010dkih stranaka \u0107e biti \u010ditanje [&hellip;]","og_url":"https:\/\/likemetkovic.hr\/i-ove-godine-ce-poklade-proci-bez-maskarske-povorke\/","og_site_name":"likemetkovic.hr","article_publisher":"https:\/\/www.facebook.com\/likemetkovic.hr\/","article_published_time":"2022-02-11T09:29:42+00:00","og_image":[{"width":800,"height":533,"url":"https:\/\/likemetkovic.hr\/wp-content\/uploads\/2021\/02\/maskare-marko-krnjeval_3.jpg","type":"image\/jpeg"}],"author":"LIKEmetkovic.hr","twitter_card":"summary_large_image","twitter_misc":{"Napisao\/la":"LIKEmetkovic.hr"},"schema":{"@context":"https:\/\/schema.org","@graph":[{"@type":"WebPage","@id":"https:\/\/likemetkovic.hr\/i-ove-godine-ce-poklade-proci-bez-maskarske-povorke\/","url":"https:\/\/likemetkovic.hr\/i-ove-godine-ce-poklade-proci-bez-maskarske-povorke\/","name":"I ove godine \u0107e poklade pro\u0107i bez ma\u0161karske povorke - likemetkovic.hr","isPartOf":{"@id":"https:\/\/likemetkovic.hr\/#website"},"primaryImageOfPage":{"@id":"https:\/\/likemetkovic.hr\/i-ove-godine-ce-poklade-proci-bez-maskarske-povorke\/#primaryimage"},"image":{"@id":"https:\/\/likemetkovic.hr\/i-ove-godine-ce-poklade-proci-bez-maskarske-povorke\/#primaryimage"},"thumbnailUrl":"https:\/\/likemetkovic.hr\/portal\/wp-content\/uploads\/2021\/02\/maskare-marko-krnjeval_3.jpg","datePublished":"2022-02-11T09:29:42+00:00","author":{"@id":"https:\/\/likemetkovic.hr\/#\/schema\/person\/a42711f3385a0e2be6f7e0443bfb28f0"},"breadcrumb":{"@id":"https:\/\/likemetkovic.hr\/i-ove-godine-ce-poklade-proci-bez-maskarske-povorke\/#breadcrumb"},"inLanguage":"hr","potentialAction":[{"@type":"ReadAction","target":["https:\/\/likemetkovic.hr\/i-ove-godine-ce-poklade-proci-bez-maskarske-povorke\/"]}]},{"@type":"ImageObject","inLanguage":"hr","@id":"https:\/\/likemetkovic.hr\/i-ove-godine-ce-poklade-proci-bez-maskarske-povorke\/#primaryimage","url":"https:\/\/likemetkovic.hr\/portal\/wp-content\/uploads\/2021\/02\/maskare-marko-krnjeval_3.jpg","contentUrl":"https:\/\/likemetkovic.hr\/portal\/wp-content\/uploads\/2021\/02\/maskare-marko-krnjeval_3.jpg","width":800,"height":533},{"@type":"BreadcrumbList","@id":"https:\/\/likemetkovic.hr\/i-ove-godine-ce-poklade-proci-bez-maskarske-povorke\/#breadcrumb","itemListElement":[{"@type":"ListItem","position":1,"name":"Po\u010detna stranica","item":"https:\/\/likemetkovic.hr\/portal\/"},{"@type":"ListItem","position":2,"name":"I ove godine \u0107e poklade pro\u0107i bez ma\u0161karske povorke"}]},{"@type":"WebSite","@id":"https:\/\/likemetkovic.hr\/#website","url":"https:\/\/likemetkovic.hr\/","name":"likemetkovic.hr","description":"Misli pozitivno... \u010ditaj LIKE","potentialAction":[{"@type":"SearchAction","target":{"@type":"EntryPoint","urlTemplate":"https:\/\/likemetkovic.hr\/?s={search_term_string}"},"query-input":{"@type":"PropertyValueSpecification","valueRequired":true,"valueName":"search_term_string"}}],"inLanguage":"hr"},{"@type":"Person","@id":"https:\/\/likemetkovic.hr\/#\/schema\/person\/a42711f3385a0e2be6f7e0443bfb28f0","name":"LIKEmetkovic.hr","sameAs":["http:\/\/likemetkovic.hr"],"url":"https:\/\/likemetkovic.hr\/portal\/author\/likemetkovic-hr\/"}]}},"_links":{"self":[{"href":"https:\/\/likemetkovic.hr\/portal\/wp-json\/wp\/v2\/posts\/127654","targetHints":{"allow":["GET"]}}],"collection":[{"href":"https:\/\/likemetkovic.hr\/portal\/wp-json\/wp\/v2\/posts"}],"about":[{"href":"https:\/\/likemetkovic.hr\/portal\/wp-json\/wp\/v2\/types\/post"}],"author":[{"embeddable":true,"href":"https:\/\/likemetkovic.hr\/portal\/wp-json\/wp\/v2\/users\/7"}],"replies":[{"embeddable":true,"href":"https:\/\/likemetkovic.hr\/portal\/wp-json\/wp\/v2\/comments?post=127654"}],"version-history":[{"count":1,"href":"https:\/\/likemetkovic.hr\/portal\/wp-json\/wp\/v2\/posts\/127654\/revisions"}],"predecessor-version":[{"id":127655,"href":"https:\/\/likemetkovic.hr\/portal\/wp-json\/wp\/v2\/posts\/127654\/revisions\/127655"}],"wp:featuredmedia":[{"embeddable":true,"href":"https:\/\/likemetkovic.hr\/portal\/wp-json\/wp\/v2\/media\/113540"}],"wp:attachment":[{"href":"https:\/\/likemetkovic.hr\/portal\/wp-json\/wp\/v2\/media?parent=127654"}],"wp:term":[{"taxonomy":"category","embeddable":true,"href":"https:\/\/likemetkovic.hr\/portal\/wp-json\/wp\/v2\/categories?post=127654"},{"taxonomy":"post_tag","embeddable":true,"href":"https:\/\/likemetkovic.hr\/portal\/wp-json\/wp\/v2\/tags?post=127654"}],"curies":[{"name":"wp","href":"https:\/\/api.w.org\/{rel}","templated":true}]}}