{"id":127679,"date":"2022-02-11T15:37:18","date_gmt":"2022-02-11T14:37:18","guid":{"rendered":"https:\/\/likemetkovic.hr\/?p=127679"},"modified":"2022-02-11T15:45:33","modified_gmt":"2022-02-11T14:45:33","slug":"most-metkovic-hoce-li-nakon-likvidacije-zdrave-gradske-tvrtke-metkovic-d-o-o-poskupjeti-voda-i-kada","status":"publish","type":"post","link":"https:\/\/likemetkovic.hr\/portal\/most-metkovic-hoce-li-nakon-likvidacije-zdrave-gradske-tvrtke-metkovic-d-o-o-poskupjeti-voda-i-kada\/","title":{"rendered":"Most Metkovi\u0107: \u201eHo\u0107e li nakon likvidacije zdrave gradske tvrtke Metkovi\u0107 d.o.o. poskupjeti voda i kada?\u201c"},"content":{"rendered":"<p>Na\u0161 grad posljednjih dana potresa slu\u010daj zdrave gradske tvrtke Metkovi\u0107 d.o.o. za vodoopskrbu i odvodnju otpadnih voda, koja \u0107e se silom Uredbe o uslu\u017enim podru\u010djima <strong>morati pripojiti plo\u010danskoj tvrtki Izvor d.o.o., dakle<\/strong> <strong>prestati postojati kao samostalna pravna osoba<\/strong>. Puno se o tome govorilo i pisalo, no smatramo da je gra\u0111ane va\u017eno upoznati s bitnim detaljima, priop\u0107io <strong>Most Metkovi\u0107<\/strong>.<\/p>\n<p>Evo nekih na\u010dela iz \u010dlanka 5. Zakona o vodnim uslugama, na temelju kojega je Vlada Republike Hrvatske donijela Uredbu o uslu\u017enim podru\u010djima te po kojoj je za preuzimatelja na uslu\u017enom podru\u010dju 38 odabran Izvor Plo\u010de d.o.o., a Metkovi\u0107 d.o.o. treba se likvidirati.<\/p>\n<p>(<em>6) Cijena vodne usluge odre\u0111uje se, u pravilu, u jednakim visinama na uslu\u017enom podru\u010dju.<\/em><\/p>\n<p><em>(7) Tro\u0161kovi upravljanja komunalnim vodnim gra\u0111evinama, uklju\u010duju\u0107i odr\u017eavanje komunalnih vodnih gra\u0111evina i tro\u0161kovi poslovanja javnog isporu\u010ditelja vodnih usluga financiraju se iz cijene vode.<\/em><\/p>\n<p><em>(9) Javnost mora biti upoznata s bitnim informacijama o pru\u017eanju vodnih usluga.<\/em><\/p>\n<p>Sukladno na\u010delu 9. da javnost mora biti upoznata s bitnim informacijama o pru\u017eanju vodnih usluga, tra\u017eimo od gradona\u010delnika Milana odgovore na sljede\u0107a pitanja:<\/p>\n<ul>\n<li><strong>Kada zapo\u010dinju procesi prema Uredbi, tj. za koji su datum gradona\u010delniku odredili da u svojstvu Skup\u0161tine Metkovi\u0107 d.o.o. likvidira poduze\u0107e?<\/strong><\/li>\n<li><strong>Ho\u0107e li sada\u0161nji zaposlenici Metkovi\u0107 d.o.o., od trenutka kada postanu zaposlenici tvrtke Izvor d.o.o. Plo\u010de, krpati rupe u cjevovodima u Plo\u010dama, Vrgorcu, Gradcu\u2026, s obzirom na to da su pokazali da i te kako znaju kvalitetno raditi?<\/strong><\/li>\n<li><strong>Kako \u0107e se formirati cijena vode za potro\u0161a\u010de i koliko \u0107e se cijena pove\u0107ati?<\/strong><\/li>\n<li><strong>Ho\u0107e li prikupljenu naknadu za razvoj, koju ve\u0107 dugo u iznosu od 3,84 kune po metru prostornome potro\u0161ene vode pla\u0107aju gra\u0111ani Metkovi\u0107a, Izvor d.o.o. koristiti u Plo\u010dama, Vrgorcu i na drugim mjestima na uslu\u017enom podru\u010dju?<\/strong><\/li>\n<li><strong>Mo\u017eete li jam\u010diti i \u010dime da ne\u0107e biti otpu\u0161tanja djelatnika Metkovi\u0107 d.o.o.?<\/strong><\/li>\n<li><strong>Ho\u0107e li se projektom Aglomeracije Metkovi\u0107 nastaviti upravljati iz Plo\u010da ili iz Metkovi\u0107a?<\/strong><\/li>\n<\/ul>\n<p>Puno je pitanja u svezi Uredbe o uslu\u017enim podru\u010djima, a gradona\u010delnik \u0161uti. Jedino \u0161to smo od njega \u010duli jest to da je Zakon lo\u0161. Pozivamo ga da se obrati na\u010delniku Konavala ili gradona\u010delniku Omi\u0161a i savjetuje se kako su oni uz tako lo\u0161 Zakon uspjeli sa\u010duvati svoja komunalna poduze\u0107a i opskrbna podru\u010dja, stoji u priop\u0107enju Mosta Metkovi\u0107.<\/p>\n","protected":false},"excerpt":{"rendered":"<p>Na\u0161 grad posljednjih dana potresa slu\u010daj zdrave gradske tvrtke Metkovi\u0107 d.o.o. za vodoopskrbu i odvodnju otpadnih voda, koja \u0107e se silom Uredbe o uslu\u017enim podru\u010djima morati pripojiti plo\u010danskoj tvrtki Izvor d.o.o., dakle prestati postojati kao samostalna pravna osoba. Puno se o tome govorilo i pisalo, no smatramo da je gra\u0111ane va\u017eno upoznati s bitnim detaljima, [&hellip;]<\/p>\n","protected":false},"author":7,"featured_media":57349,"comment_status":"open","ping_status":"open","sticky":false,"template":"","format":"standard","meta":{"footnotes":""},"categories":[283,11],"tags":[10381,597,9000],"class_list":{"0":"post-127679","1":"post","2":"type-post","3":"status-publish","4":"format-standard","5":"has-post-thumbnail","7":"category-a","8":"category-metkovic-dolina","9":"tag-cijena-vode","10":"tag-metkovic-d-o-o","11":"tag-most-metkovic"},"yoast_head":"<!-- This site is optimized with the Yoast SEO plugin v25.2 - https:\/\/yoast.com\/wordpress\/plugins\/seo\/ -->\n<title>Most Metkovi\u0107: \u201eHo\u0107e li nakon likvidacije zdrave gradske tvrtke Metkovi\u0107 d.o.o. poskupjeti voda i kada?\u201c - likemetkovic.hr<\/title>\n<meta name=\"robots\" content=\"index, follow, max-snippet:-1, max-image-preview:large, max-video-preview:-1\" \/>\n<link rel=\"canonical\" href=\"https:\/\/likemetkovic.hr\/most-metkovic-hoce-li-nakon-likvidacije-zdrave-gradske-tvrtke-metkovic-d-o-o-poskupjeti-voda-i-kada\/\" \/>\n<meta property=\"og:locale\" content=\"hr_HR\" \/>\n<meta property=\"og:type\" content=\"article\" \/>\n<meta property=\"og:title\" content=\"Most Metkovi\u0107: \u201eHo\u0107e li nakon likvidacije zdrave gradske tvrtke Metkovi\u0107 d.o.o. poskupjeti voda i kada?\u201c - likemetkovic.hr\" \/>\n<meta property=\"og:description\" content=\"Na\u0161 grad posljednjih dana potresa slu\u010daj zdrave gradske tvrtke Metkovi\u0107 d.o.o. za vodoopskrbu i odvodnju otpadnih voda, koja \u0107e se silom Uredbe o uslu\u017enim podru\u010djima morati pripojiti plo\u010danskoj tvrtki Izvor d.o.o., dakle prestati postojati kao samostalna pravna osoba. Puno se o tome govorilo i pisalo, no smatramo da je gra\u0111ane va\u017eno upoznati s bitnim detaljima, [&hellip;]\" \/>\n<meta property=\"og:url\" content=\"https:\/\/likemetkovic.hr\/most-metkovic-hoce-li-nakon-likvidacije-zdrave-gradske-tvrtke-metkovic-d-o-o-poskupjeti-voda-i-kada\/\" \/>\n<meta property=\"og:site_name\" content=\"likemetkovic.hr\" \/>\n<meta property=\"article:publisher\" content=\"https:\/\/www.facebook.com\/likemetkovic.hr\/\" \/>\n<meta property=\"article:published_time\" content=\"2022-02-11T14:37:18+00:00\" \/>\n<meta property=\"article:modified_time\" content=\"2022-02-11T14:45:33+00:00\" \/>\n<meta property=\"og:image\" content=\"https:\/\/likemetkovic.hr\/wp-content\/uploads\/2018\/04\/metkovi\u0107-d.o.o..jpg\" \/>\n\t<meta property=\"og:image:width\" content=\"800\" \/>\n\t<meta property=\"og:image:height\" content=\"427\" \/>\n\t<meta property=\"og:image:type\" content=\"image\/jpeg\" \/>\n<meta name=\"author\" content=\"LIKEmetkovic.hr\" \/>\n<meta name=\"twitter:card\" content=\"summary_large_image\" \/>\n<meta name=\"twitter:label1\" content=\"Napisao\/la\" \/>\n\t<meta name=\"twitter:data1\" content=\"LIKEmetkovic.hr\" \/>\n\t<meta name=\"twitter:label2\" content=\"Procijenjeno vrijeme \u010ditanja\" \/>\n\t<meta name=\"twitter:data2\" content=\"2 minute\" \/>\n<script type=\"application\/ld+json\" class=\"yoast-schema-graph\">{\"@context\":\"https:\/\/schema.org\",\"@graph\":[{\"@type\":\"WebPage\",\"@id\":\"https:\/\/likemetkovic.hr\/most-metkovic-hoce-li-nakon-likvidacije-zdrave-gradske-tvrtke-metkovic-d-o-o-poskupjeti-voda-i-kada\/\",\"url\":\"https:\/\/likemetkovic.hr\/most-metkovic-hoce-li-nakon-likvidacije-zdrave-gradske-tvrtke-metkovic-d-o-o-poskupjeti-voda-i-kada\/\",\"name\":\"Most Metkovi\u0107: \u201eHo\u0107e li nakon likvidacije zdrave gradske tvrtke Metkovi\u0107 d.o.o. poskupjeti voda i kada?\u201c - likemetkovic.hr\",\"isPartOf\":{\"@id\":\"https:\/\/likemetkovic.hr\/#website\"},\"primaryImageOfPage\":{\"@id\":\"https:\/\/likemetkovic.hr\/most-metkovic-hoce-li-nakon-likvidacije-zdrave-gradske-tvrtke-metkovic-d-o-o-poskupjeti-voda-i-kada\/#primaryimage\"},\"image\":{\"@id\":\"https:\/\/likemetkovic.hr\/most-metkovic-hoce-li-nakon-likvidacije-zdrave-gradske-tvrtke-metkovic-d-o-o-poskupjeti-voda-i-kada\/#primaryimage\"},\"thumbnailUrl\":\"https:\/\/likemetkovic.hr\/portal\/wp-content\/uploads\/2018\/04\/metkovi\u0107-d.o.o..jpg\",\"datePublished\":\"2022-02-11T14:37:18+00:00\",\"dateModified\":\"2022-02-11T14:45:33+00:00\",\"author\":{\"@id\":\"https:\/\/likemetkovic.hr\/#\/schema\/person\/a42711f3385a0e2be6f7e0443bfb28f0\"},\"breadcrumb\":{\"@id\":\"https:\/\/likemetkovic.hr\/most-metkovic-hoce-li-nakon-likvidacije-zdrave-gradske-tvrtke-metkovic-d-o-o-poskupjeti-voda-i-kada\/#breadcrumb\"},\"inLanguage\":\"hr\",\"potentialAction\":[{\"@type\":\"ReadAction\",\"target\":[\"https:\/\/likemetkovic.hr\/most-metkovic-hoce-li-nakon-likvidacije-zdrave-gradske-tvrtke-metkovic-d-o-o-poskupjeti-voda-i-kada\/\"]}]},{\"@type\":\"ImageObject\",\"inLanguage\":\"hr\",\"@id\":\"https:\/\/likemetkovic.hr\/most-metkovic-hoce-li-nakon-likvidacije-zdrave-gradske-tvrtke-metkovic-d-o-o-poskupjeti-voda-i-kada\/#primaryimage\",\"url\":\"https:\/\/likemetkovic.hr\/portal\/wp-content\/uploads\/2018\/04\/metkovi\u0107-d.o.o..jpg\",\"contentUrl\":\"https:\/\/likemetkovic.hr\/portal\/wp-content\/uploads\/2018\/04\/metkovi\u0107-d.o.o..jpg\",\"width\":800,\"height\":427},{\"@type\":\"BreadcrumbList\",\"@id\":\"https:\/\/likemetkovic.hr\/most-metkovic-hoce-li-nakon-likvidacije-zdrave-gradske-tvrtke-metkovic-d-o-o-poskupjeti-voda-i-kada\/#breadcrumb\",\"itemListElement\":[{\"@type\":\"ListItem\",\"position\":1,\"name\":\"Po\u010detna stranica\",\"item\":\"https:\/\/likemetkovic.hr\/portal\/\"},{\"@type\":\"ListItem\",\"position\":2,\"name\":\"Most Metkovi\u0107: \u201eHo\u0107e li nakon likvidacije zdrave gradske tvrtke Metkovi\u0107 d.o.o. poskupjeti voda i kada?\u201c\"}]},{\"@type\":\"WebSite\",\"@id\":\"https:\/\/likemetkovic.hr\/#website\",\"url\":\"https:\/\/likemetkovic.hr\/\",\"name\":\"likemetkovic.hr\",\"description\":\"Misli pozitivno... \u010ditaj LIKE\",\"potentialAction\":[{\"@type\":\"SearchAction\",\"target\":{\"@type\":\"EntryPoint\",\"urlTemplate\":\"https:\/\/likemetkovic.hr\/?s={search_term_string}\"},\"query-input\":{\"@type\":\"PropertyValueSpecification\",\"valueRequired\":true,\"valueName\":\"search_term_string\"}}],\"inLanguage\":\"hr\"},{\"@type\":\"Person\",\"@id\":\"https:\/\/likemetkovic.hr\/#\/schema\/person\/a42711f3385a0e2be6f7e0443bfb28f0\",\"name\":\"LIKEmetkovic.hr\",\"sameAs\":[\"http:\/\/likemetkovic.hr\"],\"url\":\"https:\/\/likemetkovic.hr\/portal\/author\/likemetkovic-hr\/\"}]}<\/script>\n<!-- \/ Yoast SEO plugin. -->","yoast_head_json":{"title":"Most Metkovi\u0107: \u201eHo\u0107e li nakon likvidacije zdrave gradske tvrtke Metkovi\u0107 d.o.o. poskupjeti voda i kada?\u201c - likemetkovic.hr","robots":{"index":"index","follow":"follow","max-snippet":"max-snippet:-1","max-image-preview":"max-image-preview:large","max-video-preview":"max-video-preview:-1"},"canonical":"https:\/\/likemetkovic.hr\/most-metkovic-hoce-li-nakon-likvidacije-zdrave-gradske-tvrtke-metkovic-d-o-o-poskupjeti-voda-i-kada\/","og_locale":"hr_HR","og_type":"article","og_title":"Most Metkovi\u0107: \u201eHo\u0107e li nakon likvidacije zdrave gradske tvrtke Metkovi\u0107 d.o.o. poskupjeti voda i kada?\u201c - likemetkovic.hr","og_description":"Na\u0161 grad posljednjih dana potresa slu\u010daj zdrave gradske tvrtke Metkovi\u0107 d.o.o. za vodoopskrbu i odvodnju otpadnih voda, koja \u0107e se silom Uredbe o uslu\u017enim podru\u010djima morati pripojiti plo\u010danskoj tvrtki Izvor d.o.o., dakle prestati postojati kao samostalna pravna osoba. Puno se o tome govorilo i pisalo, no smatramo da je gra\u0111ane va\u017eno upoznati s bitnim detaljima, [&hellip;]","og_url":"https:\/\/likemetkovic.hr\/most-metkovic-hoce-li-nakon-likvidacije-zdrave-gradske-tvrtke-metkovic-d-o-o-poskupjeti-voda-i-kada\/","og_site_name":"likemetkovic.hr","article_publisher":"https:\/\/www.facebook.com\/likemetkovic.hr\/","article_published_time":"2022-02-11T14:37:18+00:00","article_modified_time":"2022-02-11T14:45:33+00:00","og_image":[{"width":800,"height":427,"url":"https:\/\/likemetkovic.hr\/wp-content\/uploads\/2018\/04\/metkovi\u0107-d.o.o..jpg","type":"image\/jpeg"}],"author":"LIKEmetkovic.hr","twitter_card":"summary_large_image","twitter_misc":{"Napisao\/la":"LIKEmetkovic.hr","Procijenjeno vrijeme \u010ditanja":"2 minute"},"schema":{"@context":"https:\/\/schema.org","@graph":[{"@type":"WebPage","@id":"https:\/\/likemetkovic.hr\/most-metkovic-hoce-li-nakon-likvidacije-zdrave-gradske-tvrtke-metkovic-d-o-o-poskupjeti-voda-i-kada\/","url":"https:\/\/likemetkovic.hr\/most-metkovic-hoce-li-nakon-likvidacije-zdrave-gradske-tvrtke-metkovic-d-o-o-poskupjeti-voda-i-kada\/","name":"Most Metkovi\u0107: \u201eHo\u0107e li nakon likvidacije zdrave gradske tvrtke Metkovi\u0107 d.o.o. poskupjeti voda i kada?\u201c - likemetkovic.hr","isPartOf":{"@id":"https:\/\/likemetkovic.hr\/#website"},"primaryImageOfPage":{"@id":"https:\/\/likemetkovic.hr\/most-metkovic-hoce-li-nakon-likvidacije-zdrave-gradske-tvrtke-metkovic-d-o-o-poskupjeti-voda-i-kada\/#primaryimage"},"image":{"@id":"https:\/\/likemetkovic.hr\/most-metkovic-hoce-li-nakon-likvidacije-zdrave-gradske-tvrtke-metkovic-d-o-o-poskupjeti-voda-i-kada\/#primaryimage"},"thumbnailUrl":"https:\/\/likemetkovic.hr\/portal\/wp-content\/uploads\/2018\/04\/metkovi\u0107-d.o.o..jpg","datePublished":"2022-02-11T14:37:18+00:00","dateModified":"2022-02-11T14:45:33+00:00","author":{"@id":"https:\/\/likemetkovic.hr\/#\/schema\/person\/a42711f3385a0e2be6f7e0443bfb28f0"},"breadcrumb":{"@id":"https:\/\/likemetkovic.hr\/most-metkovic-hoce-li-nakon-likvidacije-zdrave-gradske-tvrtke-metkovic-d-o-o-poskupjeti-voda-i-kada\/#breadcrumb"},"inLanguage":"hr","potentialAction":[{"@type":"ReadAction","target":["https:\/\/likemetkovic.hr\/most-metkovic-hoce-li-nakon-likvidacije-zdrave-gradske-tvrtke-metkovic-d-o-o-poskupjeti-voda-i-kada\/"]}]},{"@type":"ImageObject","inLanguage":"hr","@id":"https:\/\/likemetkovic.hr\/most-metkovic-hoce-li-nakon-likvidacije-zdrave-gradske-tvrtke-metkovic-d-o-o-poskupjeti-voda-i-kada\/#primaryimage","url":"https:\/\/likemetkovic.hr\/portal\/wp-content\/uploads\/2018\/04\/metkovi\u0107-d.o.o..jpg","contentUrl":"https:\/\/likemetkovic.hr\/portal\/wp-content\/uploads\/2018\/04\/metkovi\u0107-d.o.o..jpg","width":800,"height":427},{"@type":"BreadcrumbList","@id":"https:\/\/likemetkovic.hr\/most-metkovic-hoce-li-nakon-likvidacije-zdrave-gradske-tvrtke-metkovic-d-o-o-poskupjeti-voda-i-kada\/#breadcrumb","itemListElement":[{"@type":"ListItem","position":1,"name":"Po\u010detna stranica","item":"https:\/\/likemetkovic.hr\/portal\/"},{"@type":"ListItem","position":2,"name":"Most Metkovi\u0107: \u201eHo\u0107e li nakon likvidacije zdrave gradske tvrtke Metkovi\u0107 d.o.o. poskupjeti voda i kada?\u201c"}]},{"@type":"WebSite","@id":"https:\/\/likemetkovic.hr\/#website","url":"https:\/\/likemetkovic.hr\/","name":"likemetkovic.hr","description":"Misli pozitivno... \u010ditaj LIKE","potentialAction":[{"@type":"SearchAction","target":{"@type":"EntryPoint","urlTemplate":"https:\/\/likemetkovic.hr\/?s={search_term_string}"},"query-input":{"@type":"PropertyValueSpecification","valueRequired":true,"valueName":"search_term_string"}}],"inLanguage":"hr"},{"@type":"Person","@id":"https:\/\/likemetkovic.hr\/#\/schema\/person\/a42711f3385a0e2be6f7e0443bfb28f0","name":"LIKEmetkovic.hr","sameAs":["http:\/\/likemetkovic.hr"],"url":"https:\/\/likemetkovic.hr\/portal\/author\/likemetkovic-hr\/"}]}},"_links":{"self":[{"href":"https:\/\/likemetkovic.hr\/portal\/wp-json\/wp\/v2\/posts\/127679","targetHints":{"allow":["GET"]}}],"collection":[{"href":"https:\/\/likemetkovic.hr\/portal\/wp-json\/wp\/v2\/posts"}],"about":[{"href":"https:\/\/likemetkovic.hr\/portal\/wp-json\/wp\/v2\/types\/post"}],"author":[{"embeddable":true,"href":"https:\/\/likemetkovic.hr\/portal\/wp-json\/wp\/v2\/users\/7"}],"replies":[{"embeddable":true,"href":"https:\/\/likemetkovic.hr\/portal\/wp-json\/wp\/v2\/comments?post=127679"}],"version-history":[{"count":2,"href":"https:\/\/likemetkovic.hr\/portal\/wp-json\/wp\/v2\/posts\/127679\/revisions"}],"predecessor-version":[{"id":127683,"href":"https:\/\/likemetkovic.hr\/portal\/wp-json\/wp\/v2\/posts\/127679\/revisions\/127683"}],"wp:featuredmedia":[{"embeddable":true,"href":"https:\/\/likemetkovic.hr\/portal\/wp-json\/wp\/v2\/media\/57349"}],"wp:attachment":[{"href":"https:\/\/likemetkovic.hr\/portal\/wp-json\/wp\/v2\/media?parent=127679"}],"wp:term":[{"taxonomy":"category","embeddable":true,"href":"https:\/\/likemetkovic.hr\/portal\/wp-json\/wp\/v2\/categories?post=127679"},{"taxonomy":"post_tag","embeddable":true,"href":"https:\/\/likemetkovic.hr\/portal\/wp-json\/wp\/v2\/tags?post=127679"}],"curies":[{"name":"wp","href":"https:\/\/api.w.org\/{rel}","templated":true}]}}