{"id":127691,"date":"2022-02-12T08:03:21","date_gmt":"2022-02-12T07:03:21","guid":{"rendered":"https:\/\/likemetkovic.hr\/?p=127691"},"modified":"2022-02-12T08:03:21","modified_gmt":"2022-02-12T07:03:21","slug":"kapetan-se-vratio-kuci-dario-srna-registriran-za-neretvu-nastupit-ce-na-prvenstvu-hrvatske-za-veterane","status":"publish","type":"post","link":"https:\/\/likemetkovic.hr\/portal\/kapetan-se-vratio-kuci-dario-srna-registriran-za-neretvu-nastupit-ce-na-prvenstvu-hrvatske-za-veterane\/","title":{"rendered":"Kapetan se vratio ku\u0107i: Dario Srna registriran za Neretvu, nastupit \u0107e na Prvenstvu Hrvatske za veterane"},"content":{"rendered":"<p>Legendarni kapetan Vatrenih\u00a0<strong>Darijo Srna<\/strong> s 134 nastupa u kockastom dresu registriran je za Neretvu.<\/p>\n<p>39-godi\u0161nji Srna, ina\u010de sportski direktor \u0160ahtara, zaigrat \u0107e za veterane Neretve na dvoranskom veteranskom prvenstvu Hrvatske koje se odr\u017eava od 18. do 20. velja\u010de u Belom Manastiru i Dardi.<\/p>\n<p><img decoding=\"async\" class=\"alignnone size-full wp-image-127692\" src=\"https:\/\/likemetkovic.hr\/wp-content\/uploads\/2022\/02\/dario-srna.jpg\" alt=\"\" width=\"800\" height=\"413\" srcset=\"https:\/\/likemetkovic.hr\/portal\/wp-content\/uploads\/2022\/02\/dario-srna.jpg 800w, https:\/\/likemetkovic.hr\/portal\/wp-content\/uploads\/2022\/02\/dario-srna-768x396.jpg 768w, https:\/\/likemetkovic.hr\/portal\/wp-content\/uploads\/2022\/02\/dario-srna-696x359.jpg 696w\" sizes=\"(max-width: 800px) 100vw, 800px\" \/><\/p>\n<p>Nema sumnje da je Neretva, koja je 2018. godine osvojila prvenstvo, a godinu iza bila tre\u0107a, sa Srnom u sastavu jedan od glavnih favorita za prvo mjesto.<\/p>\n<p><img decoding=\"async\" class=\"alignnone size-full wp-image-126594\" src=\"https:\/\/likemetkovic.hr\/wp-content\/uploads\/2021\/12\/veterani-neretva-srna-29-12-2021_5.jpg\" alt=\"\" width=\"800\" height=\"533\" srcset=\"https:\/\/likemetkovic.hr\/portal\/wp-content\/uploads\/2021\/12\/veterani-neretva-srna-29-12-2021_5.jpg 800w, https:\/\/likemetkovic.hr\/portal\/wp-content\/uploads\/2021\/12\/veterani-neretva-srna-29-12-2021_5-768x512.jpg 768w, https:\/\/likemetkovic.hr\/portal\/wp-content\/uploads\/2021\/12\/veterani-neretva-srna-29-12-2021_5-696x464.jpg 696w, https:\/\/likemetkovic.hr\/portal\/wp-content\/uploads\/2021\/12\/veterani-neretva-srna-29-12-2021_5-630x420.jpg 630w\" sizes=\"(max-width: 800px) 100vw, 800px\" \/><\/p>\n","protected":false},"excerpt":{"rendered":"<p>Legendarni kapetan Vatrenih\u00a0Darijo Srna s 134 nastupa u kockastom dresu registriran je za Neretvu. 39-godi\u0161nji Srna, ina\u010de sportski direktor \u0160ahtara, zaigrat \u0107e za veterane Neretve na dvoranskom veteranskom prvenstvu Hrvatske koje se odr\u017eava od 18. do 20. velja\u010de u Belom Manastiru i Dardi. Nema sumnje da je Neretva, koja je 2018. godine osvojila prvenstvo, a [&hellip;]<\/p>\n","protected":false},"author":7,"featured_media":127692,"comment_status":"open","ping_status":"open","sticky":false,"template":"","format":"standard","meta":{"footnotes":""},"categories":[283,30],"tags":[1093,4576],"class_list":{"0":"post-127691","1":"post","2":"type-post","3":"status-publish","4":"format-standard","5":"has-post-thumbnail","7":"category-a","8":"category-nogomet","9":"tag-dario-srna","10":"tag-nk-neretva-veterani"},"yoast_head":"<!-- This site is optimized with the Yoast SEO plugin v25.2 - https:\/\/yoast.com\/wordpress\/plugins\/seo\/ -->\n<title>Kapetan se vratio ku\u0107i: Dario Srna registriran za Neretvu, nastupit \u0107e na Prvenstvu Hrvatske za veterane - likemetkovic.hr<\/title>\n<meta name=\"robots\" content=\"index, follow, max-snippet:-1, max-image-preview:large, max-video-preview:-1\" \/>\n<link rel=\"canonical\" href=\"https:\/\/likemetkovic.hr\/kapetan-se-vratio-kuci-dario-srna-registriran-za-neretvu-nastupit-ce-na-prvenstvu-hrvatske-za-veterane\/\" \/>\n<meta property=\"og:locale\" content=\"hr_HR\" \/>\n<meta property=\"og:type\" content=\"article\" \/>\n<meta property=\"og:title\" content=\"Kapetan se vratio ku\u0107i: Dario Srna registriran za Neretvu, nastupit \u0107e na Prvenstvu Hrvatske za veterane - likemetkovic.hr\" \/>\n<meta property=\"og:description\" content=\"Legendarni kapetan Vatrenih\u00a0Darijo Srna s 134 nastupa u kockastom dresu registriran je za Neretvu. 39-godi\u0161nji Srna, ina\u010de sportski direktor \u0160ahtara, zaigrat \u0107e za veterane Neretve na dvoranskom veteranskom prvenstvu Hrvatske koje se odr\u017eava od 18. do 20. velja\u010de u Belom Manastiru i Dardi. Nema sumnje da je Neretva, koja je 2018. godine osvojila prvenstvo, a [&hellip;]\" \/>\n<meta property=\"og:url\" content=\"https:\/\/likemetkovic.hr\/kapetan-se-vratio-kuci-dario-srna-registriran-za-neretvu-nastupit-ce-na-prvenstvu-hrvatske-za-veterane\/\" \/>\n<meta property=\"og:site_name\" content=\"likemetkovic.hr\" \/>\n<meta property=\"article:publisher\" content=\"https:\/\/www.facebook.com\/likemetkovic.hr\/\" \/>\n<meta property=\"article:published_time\" content=\"2022-02-12T07:03:21+00:00\" \/>\n<meta property=\"og:image\" content=\"https:\/\/likemetkovic.hr\/wp-content\/uploads\/2022\/02\/dario-srna.jpg\" \/>\n\t<meta property=\"og:image:width\" content=\"800\" \/>\n\t<meta property=\"og:image:height\" content=\"413\" \/>\n\t<meta property=\"og:image:type\" content=\"image\/jpeg\" \/>\n<meta name=\"author\" content=\"LIKEmetkovic.hr\" \/>\n<meta name=\"twitter:card\" content=\"summary_large_image\" \/>\n<meta name=\"twitter:label1\" content=\"Napisao\/la\" \/>\n\t<meta name=\"twitter:data1\" content=\"LIKEmetkovic.hr\" \/>\n\t<meta name=\"twitter:label2\" content=\"Procijenjeno vrijeme \u010ditanja\" \/>\n\t<meta name=\"twitter:data2\" content=\"1 minuta\" \/>\n<script type=\"application\/ld+json\" class=\"yoast-schema-graph\">{\"@context\":\"https:\/\/schema.org\",\"@graph\":[{\"@type\":\"WebPage\",\"@id\":\"https:\/\/likemetkovic.hr\/kapetan-se-vratio-kuci-dario-srna-registriran-za-neretvu-nastupit-ce-na-prvenstvu-hrvatske-za-veterane\/\",\"url\":\"https:\/\/likemetkovic.hr\/kapetan-se-vratio-kuci-dario-srna-registriran-za-neretvu-nastupit-ce-na-prvenstvu-hrvatske-za-veterane\/\",\"name\":\"Kapetan se vratio ku\u0107i: Dario Srna registriran za Neretvu, nastupit \u0107e na Prvenstvu Hrvatske za veterane - likemetkovic.hr\",\"isPartOf\":{\"@id\":\"https:\/\/likemetkovic.hr\/#website\"},\"primaryImageOfPage\":{\"@id\":\"https:\/\/likemetkovic.hr\/kapetan-se-vratio-kuci-dario-srna-registriran-za-neretvu-nastupit-ce-na-prvenstvu-hrvatske-za-veterane\/#primaryimage\"},\"image\":{\"@id\":\"https:\/\/likemetkovic.hr\/kapetan-se-vratio-kuci-dario-srna-registriran-za-neretvu-nastupit-ce-na-prvenstvu-hrvatske-za-veterane\/#primaryimage\"},\"thumbnailUrl\":\"https:\/\/likemetkovic.hr\/portal\/wp-content\/uploads\/2022\/02\/dario-srna.jpg\",\"datePublished\":\"2022-02-12T07:03:21+00:00\",\"author\":{\"@id\":\"https:\/\/likemetkovic.hr\/#\/schema\/person\/a42711f3385a0e2be6f7e0443bfb28f0\"},\"breadcrumb\":{\"@id\":\"https:\/\/likemetkovic.hr\/kapetan-se-vratio-kuci-dario-srna-registriran-za-neretvu-nastupit-ce-na-prvenstvu-hrvatske-za-veterane\/#breadcrumb\"},\"inLanguage\":\"hr\",\"potentialAction\":[{\"@type\":\"ReadAction\",\"target\":[\"https:\/\/likemetkovic.hr\/kapetan-se-vratio-kuci-dario-srna-registriran-za-neretvu-nastupit-ce-na-prvenstvu-hrvatske-za-veterane\/\"]}]},{\"@type\":\"ImageObject\",\"inLanguage\":\"hr\",\"@id\":\"https:\/\/likemetkovic.hr\/kapetan-se-vratio-kuci-dario-srna-registriran-za-neretvu-nastupit-ce-na-prvenstvu-hrvatske-za-veterane\/#primaryimage\",\"url\":\"https:\/\/likemetkovic.hr\/portal\/wp-content\/uploads\/2022\/02\/dario-srna.jpg\",\"contentUrl\":\"https:\/\/likemetkovic.hr\/portal\/wp-content\/uploads\/2022\/02\/dario-srna.jpg\",\"width\":800,\"height\":413},{\"@type\":\"BreadcrumbList\",\"@id\":\"https:\/\/likemetkovic.hr\/kapetan-se-vratio-kuci-dario-srna-registriran-za-neretvu-nastupit-ce-na-prvenstvu-hrvatske-za-veterane\/#breadcrumb\",\"itemListElement\":[{\"@type\":\"ListItem\",\"position\":1,\"name\":\"Po\u010detna stranica\",\"item\":\"https:\/\/likemetkovic.hr\/portal\/\"},{\"@type\":\"ListItem\",\"position\":2,\"name\":\"Kapetan se vratio ku\u0107i: Dario Srna registriran za Neretvu, nastupit \u0107e na Prvenstvu Hrvatske za veterane\"}]},{\"@type\":\"WebSite\",\"@id\":\"https:\/\/likemetkovic.hr\/#website\",\"url\":\"https:\/\/likemetkovic.hr\/\",\"name\":\"likemetkovic.hr\",\"description\":\"Misli pozitivno... \u010ditaj LIKE\",\"potentialAction\":[{\"@type\":\"SearchAction\",\"target\":{\"@type\":\"EntryPoint\",\"urlTemplate\":\"https:\/\/likemetkovic.hr\/?s={search_term_string}\"},\"query-input\":{\"@type\":\"PropertyValueSpecification\",\"valueRequired\":true,\"valueName\":\"search_term_string\"}}],\"inLanguage\":\"hr\"},{\"@type\":\"Person\",\"@id\":\"https:\/\/likemetkovic.hr\/#\/schema\/person\/a42711f3385a0e2be6f7e0443bfb28f0\",\"name\":\"LIKEmetkovic.hr\",\"sameAs\":[\"http:\/\/likemetkovic.hr\"],\"url\":\"https:\/\/likemetkovic.hr\/portal\/author\/likemetkovic-hr\/\"}]}<\/script>\n<!-- \/ Yoast SEO plugin. -->","yoast_head_json":{"title":"Kapetan se vratio ku\u0107i: Dario Srna registriran za Neretvu, nastupit \u0107e na Prvenstvu Hrvatske za veterane - likemetkovic.hr","robots":{"index":"index","follow":"follow","max-snippet":"max-snippet:-1","max-image-preview":"max-image-preview:large","max-video-preview":"max-video-preview:-1"},"canonical":"https:\/\/likemetkovic.hr\/kapetan-se-vratio-kuci-dario-srna-registriran-za-neretvu-nastupit-ce-na-prvenstvu-hrvatske-za-veterane\/","og_locale":"hr_HR","og_type":"article","og_title":"Kapetan se vratio ku\u0107i: Dario Srna registriran za Neretvu, nastupit \u0107e na Prvenstvu Hrvatske za veterane - likemetkovic.hr","og_description":"Legendarni kapetan Vatrenih\u00a0Darijo Srna s 134 nastupa u kockastom dresu registriran je za Neretvu. 39-godi\u0161nji Srna, ina\u010de sportski direktor \u0160ahtara, zaigrat \u0107e za veterane Neretve na dvoranskom veteranskom prvenstvu Hrvatske koje se odr\u017eava od 18. do 20. velja\u010de u Belom Manastiru i Dardi. Nema sumnje da je Neretva, koja je 2018. godine osvojila prvenstvo, a [&hellip;]","og_url":"https:\/\/likemetkovic.hr\/kapetan-se-vratio-kuci-dario-srna-registriran-za-neretvu-nastupit-ce-na-prvenstvu-hrvatske-za-veterane\/","og_site_name":"likemetkovic.hr","article_publisher":"https:\/\/www.facebook.com\/likemetkovic.hr\/","article_published_time":"2022-02-12T07:03:21+00:00","og_image":[{"width":800,"height":413,"url":"https:\/\/likemetkovic.hr\/wp-content\/uploads\/2022\/02\/dario-srna.jpg","type":"image\/jpeg"}],"author":"LIKEmetkovic.hr","twitter_card":"summary_large_image","twitter_misc":{"Napisao\/la":"LIKEmetkovic.hr","Procijenjeno vrijeme \u010ditanja":"1 minuta"},"schema":{"@context":"https:\/\/schema.org","@graph":[{"@type":"WebPage","@id":"https:\/\/likemetkovic.hr\/kapetan-se-vratio-kuci-dario-srna-registriran-za-neretvu-nastupit-ce-na-prvenstvu-hrvatske-za-veterane\/","url":"https:\/\/likemetkovic.hr\/kapetan-se-vratio-kuci-dario-srna-registriran-za-neretvu-nastupit-ce-na-prvenstvu-hrvatske-za-veterane\/","name":"Kapetan se vratio ku\u0107i: Dario Srna registriran za Neretvu, nastupit \u0107e na Prvenstvu Hrvatske za veterane - likemetkovic.hr","isPartOf":{"@id":"https:\/\/likemetkovic.hr\/#website"},"primaryImageOfPage":{"@id":"https:\/\/likemetkovic.hr\/kapetan-se-vratio-kuci-dario-srna-registriran-za-neretvu-nastupit-ce-na-prvenstvu-hrvatske-za-veterane\/#primaryimage"},"image":{"@id":"https:\/\/likemetkovic.hr\/kapetan-se-vratio-kuci-dario-srna-registriran-za-neretvu-nastupit-ce-na-prvenstvu-hrvatske-za-veterane\/#primaryimage"},"thumbnailUrl":"https:\/\/likemetkovic.hr\/portal\/wp-content\/uploads\/2022\/02\/dario-srna.jpg","datePublished":"2022-02-12T07:03:21+00:00","author":{"@id":"https:\/\/likemetkovic.hr\/#\/schema\/person\/a42711f3385a0e2be6f7e0443bfb28f0"},"breadcrumb":{"@id":"https:\/\/likemetkovic.hr\/kapetan-se-vratio-kuci-dario-srna-registriran-za-neretvu-nastupit-ce-na-prvenstvu-hrvatske-za-veterane\/#breadcrumb"},"inLanguage":"hr","potentialAction":[{"@type":"ReadAction","target":["https:\/\/likemetkovic.hr\/kapetan-se-vratio-kuci-dario-srna-registriran-za-neretvu-nastupit-ce-na-prvenstvu-hrvatske-za-veterane\/"]}]},{"@type":"ImageObject","inLanguage":"hr","@id":"https:\/\/likemetkovic.hr\/kapetan-se-vratio-kuci-dario-srna-registriran-za-neretvu-nastupit-ce-na-prvenstvu-hrvatske-za-veterane\/#primaryimage","url":"https:\/\/likemetkovic.hr\/portal\/wp-content\/uploads\/2022\/02\/dario-srna.jpg","contentUrl":"https:\/\/likemetkovic.hr\/portal\/wp-content\/uploads\/2022\/02\/dario-srna.jpg","width":800,"height":413},{"@type":"BreadcrumbList","@id":"https:\/\/likemetkovic.hr\/kapetan-se-vratio-kuci-dario-srna-registriran-za-neretvu-nastupit-ce-na-prvenstvu-hrvatske-za-veterane\/#breadcrumb","itemListElement":[{"@type":"ListItem","position":1,"name":"Po\u010detna stranica","item":"https:\/\/likemetkovic.hr\/portal\/"},{"@type":"ListItem","position":2,"name":"Kapetan se vratio ku\u0107i: Dario Srna registriran za Neretvu, nastupit \u0107e na Prvenstvu Hrvatske za veterane"}]},{"@type":"WebSite","@id":"https:\/\/likemetkovic.hr\/#website","url":"https:\/\/likemetkovic.hr\/","name":"likemetkovic.hr","description":"Misli pozitivno... \u010ditaj LIKE","potentialAction":[{"@type":"SearchAction","target":{"@type":"EntryPoint","urlTemplate":"https:\/\/likemetkovic.hr\/?s={search_term_string}"},"query-input":{"@type":"PropertyValueSpecification","valueRequired":true,"valueName":"search_term_string"}}],"inLanguage":"hr"},{"@type":"Person","@id":"https:\/\/likemetkovic.hr\/#\/schema\/person\/a42711f3385a0e2be6f7e0443bfb28f0","name":"LIKEmetkovic.hr","sameAs":["http:\/\/likemetkovic.hr"],"url":"https:\/\/likemetkovic.hr\/portal\/author\/likemetkovic-hr\/"}]}},"_links":{"self":[{"href":"https:\/\/likemetkovic.hr\/portal\/wp-json\/wp\/v2\/posts\/127691","targetHints":{"allow":["GET"]}}],"collection":[{"href":"https:\/\/likemetkovic.hr\/portal\/wp-json\/wp\/v2\/posts"}],"about":[{"href":"https:\/\/likemetkovic.hr\/portal\/wp-json\/wp\/v2\/types\/post"}],"author":[{"embeddable":true,"href":"https:\/\/likemetkovic.hr\/portal\/wp-json\/wp\/v2\/users\/7"}],"replies":[{"embeddable":true,"href":"https:\/\/likemetkovic.hr\/portal\/wp-json\/wp\/v2\/comments?post=127691"}],"version-history":[{"count":1,"href":"https:\/\/likemetkovic.hr\/portal\/wp-json\/wp\/v2\/posts\/127691\/revisions"}],"predecessor-version":[{"id":127693,"href":"https:\/\/likemetkovic.hr\/portal\/wp-json\/wp\/v2\/posts\/127691\/revisions\/127693"}],"wp:featuredmedia":[{"embeddable":true,"href":"https:\/\/likemetkovic.hr\/portal\/wp-json\/wp\/v2\/media\/127692"}],"wp:attachment":[{"href":"https:\/\/likemetkovic.hr\/portal\/wp-json\/wp\/v2\/media?parent=127691"}],"wp:term":[{"taxonomy":"category","embeddable":true,"href":"https:\/\/likemetkovic.hr\/portal\/wp-json\/wp\/v2\/categories?post=127691"},{"taxonomy":"post_tag","embeddable":true,"href":"https:\/\/likemetkovic.hr\/portal\/wp-json\/wp\/v2\/tags?post=127691"}],"curies":[{"name":"wp","href":"https:\/\/api.w.org\/{rel}","templated":true}]}}