{"id":127878,"date":"2022-02-16T10:20:39","date_gmt":"2022-02-16T09:20:39","guid":{"rendered":"https:\/\/likemetkovic.hr\/?p=127878"},"modified":"2022-02-16T18:41:47","modified_gmt":"2022-02-16T17:41:47","slug":"spajanje-vodoopskrbnih-poduzeca-do-ljeta-izvor-ploce-je-preuzimatelj-upravljanje-novim-poduzecem-prema-udjelima","status":"publish","type":"post","link":"https:\/\/likemetkovic.hr\/portal\/spajanje-vodoopskrbnih-poduzeca-do-ljeta-izvor-ploce-je-preuzimatelj-upravljanje-novim-poduzecem-prema-udjelima\/","title":{"rendered":"VODOOPSKRBA | Izvor Plo\u010de je \u201epreuzimatelj\u201c, upravljanje novim poduze\u0107em prema udjelima"},"content":{"rendered":"<p>\u0160to donosi novi zakon o vodnim uslugama i vodno-gospodarskim podru\u010djima. Na to pitanje u ovom trenutku gotovo je nemogu\u0107e odgovoriti. Zakonodavac je predvidio <strong>formiranje<\/strong> <strong>jednog vodnogospodarskog poduze\u0107a i izjedna\u010davanje\u00a0<span id=\"xClaimOglasId-636490-1\" class=\"xClaimClass\">cijene<\/span> vode na uslu\u017enom podru\u010dju<\/strong>. Ali gra\u0111ane na prvom mjestu zanima ho\u0107e li im poskupjeti voda jer logi\u010dno je da \u0107e netko morati <strong>pokrivati minuse<\/strong> gubita\u0161kih komunalnih poduze\u0107a jer nisu svi koji se ujedinjuju uspje\u0161ni i profitabilni.<\/p>\n<p>Neki su vi\u0161e ili manje razvijeni, neki godinama nisu ulagali u cjevovode pa im voda curi na sve strane. I to \u0107e se pla\u0107ati <strong>iz zajedni\u010dke kase<\/strong> tog novoformiranog poduze\u0107a. Tako je predvi\u0111eno u zakonu i primjenjuje se na \u010ditavu dr\u017eavu bez iznimke.<\/p>\n<p>Konkretno za dolinu Neretve je predvi\u0111eno formiranje jednog uslu\u017enog podru\u010dja pa slijedom toga i jednog regionalnog komunalnog poduze\u0107a, kojem \u0107e se uz neretvanske gradove i op\u0107ine priklju\u010diti i Vrgorac, Podgora, Gradac te Zagvozd iz Splitsko-dalmatinske \u017eupanije. Kao poduze\u0107e preuzimatelj odre\u0111eno je dru\u0161tvo <strong>Izvor Plo\u010de<\/strong>, koje mora pripremiti sve \u201epapire\u201c za osnivanje novog poduze\u0107a koje \u0107e po svemu sude\u0107i imati jedanaest udjelni\u010dara. Pa, iako je odre\u0111en kao poduze\u0107e preuzimatelj ne zna\u010di nu\u017eno da \u0107e u novom poduze\u0107u Izvor Plo\u010de biti glavni &#8211; poja\u0161njava za <a href=\"https:\/\/dubrovacki.slobodnadalmacija.hr\/dubrovnik\/zupanija\/neretva\/izvor-ploce-je-preuzimatelj-ali-upravljanje-novim-poduzecem-ide-najvecem-udjelnicaru-koliko-tko-ulozi-u-temeljni-kapital-toliko-ga-se-i-pita-1168032\" target=\"_blank\" rel=\"noopener\">Dubrova\u010dki vjesnik<\/a> neimenovani stru\u010dnjak za trgova\u010dko pravo.<\/p>\n<p>&#8211; Nije isto unosite li u zajedni\u010dko poduze\u0107e stol i stolicu ili zgradu, gra\u0111evine i opremu. Koliko unesete toliko imate prava glasa u upravljanju. &#8211; isti\u010de sugovornik.<\/p>\n<p>Me\u0111usobni odnosi vezani za organizaciju, poslovanje i upravljanje dru\u0161tvom preko kojeg \u0107e obavljati komunalnu djelatnost regulirati \u0107e se dru\u0161tvenim ugovorom a budu\u0107im poduze\u0107em \u0107e svaki udjelni\u010dar upravljati sukladno visini svog uloga. Osim djelatnosti kojom se poduze\u0107e bavi, tim dru\u0161tvenim ugovorom se odre\u0111uje i naziv, sjedi\u0161te, pe\u010dat poduze\u0107a te visina temeljnog kapitala.<\/p>\n<p>Budu\u0107im regionalnim poduze\u0107em, koje \u0107e pokrivati \u0161ire podru\u010dje doline Neretve upravljati \u0107e<strong> skup\u0161tina, nadzorni odbor i uprava<\/strong> koju bira skup\u0161tina ve\u0107inom glasova.<\/p>\n<p>Uprava dru\u0161tva sastoji se od jednog \u010dlana &#8211; direktora dru\u0161tva. Ukoliko potrebe posla to bude zahtijevale uprava mo\u017ee imati i vi\u0161e \u010dlanova. Odluku o upravi donosi skup\u0161tina, koja imenuje i opoziva i \u010dlanove nadzornog odbora. Skup\u0161tinu dru\u0161tva sa\u010dinjavaju svi \u010dlanovi dru\u0161tva koji su upisani u knjigu poslovnih udjela dru\u0161tva.<\/p>\n<p>Skup\u0161tina mo\u017ee donositi odluke ako u njenom radu sudjeluju \u010dlanovi dru\u0161tva \u010dija ukupna vrijednost poslovnih udjela iznosi vi\u0161e od 50 posto vrijednosti temeljnog kapitala dru\u0161tva.<\/p>\n<p>Prilikom glasovanja svaki poslovni udio nosi onoliko glasova koliko iznosi njegovo u\u010de\u0161\u0107e u temeljnom kapitalu.<\/p>\n<p>Prema prvim projekcijama najve\u0107i udjelni\u010dar novog poduze\u0107a bi trebao biti <strong>Grad Metkovi\u0107<\/strong> koji \u0107e slijedom toga ste\u0107i i najve\u0107a upravlja\u010dka prava. Prema stanje bilance Metkovi\u0107 d.o.o. za vodoopskrbu i odvodnju raspola\u017ee sa 102, 8 milijuna kuna vrijednosti imovine. Tako\u0111er Metkovi\u0107 mo\u017ee prebaciti svoje poslovne udjele iz Regionalnog vodovoda NPKLM u iznosu od 19,2 milijuna kuna koja \u0107e se unijeti u temeljni kapital novog dru\u0161tva, pa bi pojedina\u010dno trebao biti \u201enajja\u010di\u201c udjelni\u010dar.<\/p>\n<p><strong>Grad Plo\u010de<\/strong> odnosno komunalno poduze\u0107e Izvor (koje je Vladinom uredbom odre\u0111eno kao dru\u0161tvo preuzimatelj) u temeljni kapital novoofrmiranog dru\u0161tva unosi 40 milijuna kuna vrijednosti imovine (toliko je upisana u godi\u0161njoj bilanci) dok \u0107e <strong>Vrgorac<\/strong> sudjelovati sa 68 milijuna kuna. <strong>Opuzen<\/strong> je manji udjelni\u010dar i njegova imovina iznosi 4,7 milijuna kuna.<\/p>\n<p>Za pretpostaviti \u0107e da \u0107e<strong> Pojezerje, Za\u017eablje, Gradac, Podgora i Zagvozd<\/strong> koji nemaju svoja komunalna dru\u0161tva u temeljnom kapitali novoofrimranog poduze\u0107a sudjelovati sa zakonskim minimumom od deset tisu\u0107a kuna. U boljoj poziciji su<strong> Kula Norinska i Slivno<\/strong> koji bi svoja 2 % udjela iz NPKL (3,2 milijuna kuna) mogli prebaciti u novo regionalno poduze\u0107e doline Neretve.<\/p>\n<p>Rok u kojem bi se lokalna komunalna poduze\u0107a trebala udru\u017eiti u jedinstveno poduze\u0107e na vodoouslu\u017enom podru\u010dju je \u0161est mjeseci od dono\u0161enja uredbe Vlade RH, dakle<strong> najkasnije do ljeta<\/strong>. Ukoliko se sudionici ovog projekta ne uspiju dogovoriti, Ministarstvo gospodarstva donosi rje\u0161enje o prijenosu kori\u0161tenja komunalnih vodnih gra\u0111evina na dru\u0161tvo preuzimatelja, uklju\u010duju\u0107i i poslovne prostore koji sadr\u017ee upravlja\u010dko-nadzornu opremu sa brojem zaposlenika na dan 31. prosinca 2018 godine, pi\u0161e <a href=\"https:\/\/dubrovacki.slobodnadalmacija.hr\/dubrovnik\/zupanija\/neretva\/izvor-ploce-je-preuzimatelj-ali-upravljanje-novim-poduzecem-ide-najvecem-udjelnicaru-koliko-tko-ulozi-u-temeljni-kapital-toliko-ga-se-i-pita-1168032\" target=\"_blank\" rel=\"noopener\">Dubrova\u010dki vjesnik<\/a>.<\/p>\n","protected":false},"excerpt":{"rendered":"<p>\u0160to donosi novi zakon o vodnim uslugama i vodno-gospodarskim podru\u010djima. Na to pitanje u ovom trenutku gotovo je nemogu\u0107e odgovoriti. Zakonodavac je predvidio formiranje jednog vodnogospodarskog poduze\u0107a i izjedna\u010davanje\u00a0cijene vode na uslu\u017enom podru\u010dju. Ali gra\u0111ane na prvom mjestu zanima ho\u0107e li im poskupjeti voda jer logi\u010dno je da \u0107e netko morati pokrivati minuse gubita\u0161kih komunalnih [&hellip;]<\/p>\n","protected":false},"author":7,"featured_media":126151,"comment_status":"open","ping_status":"open","sticky":false,"template":"","format":"standard","meta":{"footnotes":""},"categories":[283,11],"tags":[10398,597,940],"class_list":{"0":"post-127878","1":"post","2":"type-post","3":"status-publish","4":"format-standard","5":"has-post-thumbnail","7":"category-a","8":"category-metkovic-dolina","9":"tag-izvor-ploce-d-o-o","10":"tag-metkovic-d-o-o","11":"tag-vodoopskrba"},"yoast_head":"<!-- This site is optimized with the Yoast SEO plugin v25.2 - https:\/\/yoast.com\/wordpress\/plugins\/seo\/ -->\n<title>VODOOPSKRBA | Izvor Plo\u010de je \u201epreuzimatelj\u201c, upravljanje novim poduze\u0107em prema udjelima - likemetkovic.hr<\/title>\n<meta name=\"robots\" content=\"index, follow, max-snippet:-1, max-image-preview:large, max-video-preview:-1\" \/>\n<link rel=\"canonical\" href=\"https:\/\/likemetkovic.hr\/spajanje-vodoopskrbnih-poduzeca-do-ljeta-izvor-ploce-je-preuzimatelj-upravljanje-novim-poduzecem-prema-udjelima\/\" \/>\n<meta property=\"og:locale\" content=\"hr_HR\" \/>\n<meta property=\"og:type\" content=\"article\" \/>\n<meta property=\"og:title\" content=\"VODOOPSKRBA | Izvor Plo\u010de je \u201epreuzimatelj\u201c, upravljanje novim poduze\u0107em prema udjelima - likemetkovic.hr\" \/>\n<meta property=\"og:description\" content=\"\u0160to donosi novi zakon o vodnim uslugama i vodno-gospodarskim podru\u010djima. Na to pitanje u ovom trenutku gotovo je nemogu\u0107e odgovoriti. Zakonodavac je predvidio formiranje jednog vodnogospodarskog poduze\u0107a i izjedna\u010davanje\u00a0cijene vode na uslu\u017enom podru\u010dju. Ali gra\u0111ane na prvom mjestu zanima ho\u0107e li im poskupjeti voda jer logi\u010dno je da \u0107e netko morati pokrivati minuse gubita\u0161kih komunalnih [&hellip;]\" \/>\n<meta property=\"og:url\" content=\"https:\/\/likemetkovic.hr\/spajanje-vodoopskrbnih-poduzeca-do-ljeta-izvor-ploce-je-preuzimatelj-upravljanje-novim-poduzecem-prema-udjelima\/\" \/>\n<meta property=\"og:site_name\" content=\"likemetkovic.hr\" \/>\n<meta property=\"article:publisher\" content=\"https:\/\/www.facebook.com\/likemetkovic.hr\/\" \/>\n<meta property=\"article:published_time\" content=\"2022-02-16T09:20:39+00:00\" \/>\n<meta property=\"article:modified_time\" content=\"2022-02-16T17:41:47+00:00\" \/>\n<meta property=\"og:image\" content=\"https:\/\/likemetkovic.hr\/wp-content\/uploads\/2021\/12\/aglomeracija-radovi-16-12-2021_6.jpg\" \/>\n\t<meta property=\"og:image:width\" content=\"800\" \/>\n\t<meta property=\"og:image:height\" content=\"533\" \/>\n\t<meta property=\"og:image:type\" content=\"image\/jpeg\" \/>\n<meta name=\"author\" content=\"LIKEmetkovic.hr\" \/>\n<meta name=\"twitter:card\" content=\"summary_large_image\" \/>\n<meta name=\"twitter:label1\" content=\"Napisao\/la\" \/>\n\t<meta name=\"twitter:data1\" content=\"LIKEmetkovic.hr\" \/>\n\t<meta name=\"twitter:label2\" content=\"Procijenjeno vrijeme \u010ditanja\" \/>\n\t<meta name=\"twitter:data2\" content=\"4 minute\" \/>\n<script type=\"application\/ld+json\" class=\"yoast-schema-graph\">{\"@context\":\"https:\/\/schema.org\",\"@graph\":[{\"@type\":\"WebPage\",\"@id\":\"https:\/\/likemetkovic.hr\/spajanje-vodoopskrbnih-poduzeca-do-ljeta-izvor-ploce-je-preuzimatelj-upravljanje-novim-poduzecem-prema-udjelima\/\",\"url\":\"https:\/\/likemetkovic.hr\/spajanje-vodoopskrbnih-poduzeca-do-ljeta-izvor-ploce-je-preuzimatelj-upravljanje-novim-poduzecem-prema-udjelima\/\",\"name\":\"VODOOPSKRBA | Izvor Plo\u010de je \u201epreuzimatelj\u201c, upravljanje novim poduze\u0107em prema udjelima - likemetkovic.hr\",\"isPartOf\":{\"@id\":\"https:\/\/likemetkovic.hr\/#website\"},\"primaryImageOfPage\":{\"@id\":\"https:\/\/likemetkovic.hr\/spajanje-vodoopskrbnih-poduzeca-do-ljeta-izvor-ploce-je-preuzimatelj-upravljanje-novim-poduzecem-prema-udjelima\/#primaryimage\"},\"image\":{\"@id\":\"https:\/\/likemetkovic.hr\/spajanje-vodoopskrbnih-poduzeca-do-ljeta-izvor-ploce-je-preuzimatelj-upravljanje-novim-poduzecem-prema-udjelima\/#primaryimage\"},\"thumbnailUrl\":\"https:\/\/likemetkovic.hr\/portal\/wp-content\/uploads\/2021\/12\/aglomeracija-radovi-16-12-2021_6.jpg\",\"datePublished\":\"2022-02-16T09:20:39+00:00\",\"dateModified\":\"2022-02-16T17:41:47+00:00\",\"author\":{\"@id\":\"https:\/\/likemetkovic.hr\/#\/schema\/person\/a42711f3385a0e2be6f7e0443bfb28f0\"},\"breadcrumb\":{\"@id\":\"https:\/\/likemetkovic.hr\/spajanje-vodoopskrbnih-poduzeca-do-ljeta-izvor-ploce-je-preuzimatelj-upravljanje-novim-poduzecem-prema-udjelima\/#breadcrumb\"},\"inLanguage\":\"hr\",\"potentialAction\":[{\"@type\":\"ReadAction\",\"target\":[\"https:\/\/likemetkovic.hr\/spajanje-vodoopskrbnih-poduzeca-do-ljeta-izvor-ploce-je-preuzimatelj-upravljanje-novim-poduzecem-prema-udjelima\/\"]}]},{\"@type\":\"ImageObject\",\"inLanguage\":\"hr\",\"@id\":\"https:\/\/likemetkovic.hr\/spajanje-vodoopskrbnih-poduzeca-do-ljeta-izvor-ploce-je-preuzimatelj-upravljanje-novim-poduzecem-prema-udjelima\/#primaryimage\",\"url\":\"https:\/\/likemetkovic.hr\/portal\/wp-content\/uploads\/2021\/12\/aglomeracija-radovi-16-12-2021_6.jpg\",\"contentUrl\":\"https:\/\/likemetkovic.hr\/portal\/wp-content\/uploads\/2021\/12\/aglomeracija-radovi-16-12-2021_6.jpg\",\"width\":800,\"height\":533},{\"@type\":\"BreadcrumbList\",\"@id\":\"https:\/\/likemetkovic.hr\/spajanje-vodoopskrbnih-poduzeca-do-ljeta-izvor-ploce-je-preuzimatelj-upravljanje-novim-poduzecem-prema-udjelima\/#breadcrumb\",\"itemListElement\":[{\"@type\":\"ListItem\",\"position\":1,\"name\":\"Po\u010detna stranica\",\"item\":\"https:\/\/likemetkovic.hr\/portal\/\"},{\"@type\":\"ListItem\",\"position\":2,\"name\":\"VODOOPSKRBA | Izvor Plo\u010de je \u201epreuzimatelj\u201c, upravljanje novim poduze\u0107em prema udjelima\"}]},{\"@type\":\"WebSite\",\"@id\":\"https:\/\/likemetkovic.hr\/#website\",\"url\":\"https:\/\/likemetkovic.hr\/\",\"name\":\"likemetkovic.hr\",\"description\":\"Misli pozitivno... \u010ditaj LIKE\",\"potentialAction\":[{\"@type\":\"SearchAction\",\"target\":{\"@type\":\"EntryPoint\",\"urlTemplate\":\"https:\/\/likemetkovic.hr\/?s={search_term_string}\"},\"query-input\":{\"@type\":\"PropertyValueSpecification\",\"valueRequired\":true,\"valueName\":\"search_term_string\"}}],\"inLanguage\":\"hr\"},{\"@type\":\"Person\",\"@id\":\"https:\/\/likemetkovic.hr\/#\/schema\/person\/a42711f3385a0e2be6f7e0443bfb28f0\",\"name\":\"LIKEmetkovic.hr\",\"sameAs\":[\"http:\/\/likemetkovic.hr\"],\"url\":\"https:\/\/likemetkovic.hr\/portal\/author\/likemetkovic-hr\/\"}]}<\/script>\n<!-- \/ Yoast SEO plugin. -->","yoast_head_json":{"title":"VODOOPSKRBA | Izvor Plo\u010de je \u201epreuzimatelj\u201c, upravljanje novim poduze\u0107em prema udjelima - likemetkovic.hr","robots":{"index":"index","follow":"follow","max-snippet":"max-snippet:-1","max-image-preview":"max-image-preview:large","max-video-preview":"max-video-preview:-1"},"canonical":"https:\/\/likemetkovic.hr\/spajanje-vodoopskrbnih-poduzeca-do-ljeta-izvor-ploce-je-preuzimatelj-upravljanje-novim-poduzecem-prema-udjelima\/","og_locale":"hr_HR","og_type":"article","og_title":"VODOOPSKRBA | Izvor Plo\u010de je \u201epreuzimatelj\u201c, upravljanje novim poduze\u0107em prema udjelima - likemetkovic.hr","og_description":"\u0160to donosi novi zakon o vodnim uslugama i vodno-gospodarskim podru\u010djima. Na to pitanje u ovom trenutku gotovo je nemogu\u0107e odgovoriti. Zakonodavac je predvidio formiranje jednog vodnogospodarskog poduze\u0107a i izjedna\u010davanje\u00a0cijene vode na uslu\u017enom podru\u010dju. Ali gra\u0111ane na prvom mjestu zanima ho\u0107e li im poskupjeti voda jer logi\u010dno je da \u0107e netko morati pokrivati minuse gubita\u0161kih komunalnih [&hellip;]","og_url":"https:\/\/likemetkovic.hr\/spajanje-vodoopskrbnih-poduzeca-do-ljeta-izvor-ploce-je-preuzimatelj-upravljanje-novim-poduzecem-prema-udjelima\/","og_site_name":"likemetkovic.hr","article_publisher":"https:\/\/www.facebook.com\/likemetkovic.hr\/","article_published_time":"2022-02-16T09:20:39+00:00","article_modified_time":"2022-02-16T17:41:47+00:00","og_image":[{"width":800,"height":533,"url":"https:\/\/likemetkovic.hr\/wp-content\/uploads\/2021\/12\/aglomeracija-radovi-16-12-2021_6.jpg","type":"image\/jpeg"}],"author":"LIKEmetkovic.hr","twitter_card":"summary_large_image","twitter_misc":{"Napisao\/la":"LIKEmetkovic.hr","Procijenjeno vrijeme \u010ditanja":"4 minute"},"schema":{"@context":"https:\/\/schema.org","@graph":[{"@type":"WebPage","@id":"https:\/\/likemetkovic.hr\/spajanje-vodoopskrbnih-poduzeca-do-ljeta-izvor-ploce-je-preuzimatelj-upravljanje-novim-poduzecem-prema-udjelima\/","url":"https:\/\/likemetkovic.hr\/spajanje-vodoopskrbnih-poduzeca-do-ljeta-izvor-ploce-je-preuzimatelj-upravljanje-novim-poduzecem-prema-udjelima\/","name":"VODOOPSKRBA | Izvor Plo\u010de je \u201epreuzimatelj\u201c, upravljanje novim poduze\u0107em prema udjelima - likemetkovic.hr","isPartOf":{"@id":"https:\/\/likemetkovic.hr\/#website"},"primaryImageOfPage":{"@id":"https:\/\/likemetkovic.hr\/spajanje-vodoopskrbnih-poduzeca-do-ljeta-izvor-ploce-je-preuzimatelj-upravljanje-novim-poduzecem-prema-udjelima\/#primaryimage"},"image":{"@id":"https:\/\/likemetkovic.hr\/spajanje-vodoopskrbnih-poduzeca-do-ljeta-izvor-ploce-je-preuzimatelj-upravljanje-novim-poduzecem-prema-udjelima\/#primaryimage"},"thumbnailUrl":"https:\/\/likemetkovic.hr\/portal\/wp-content\/uploads\/2021\/12\/aglomeracija-radovi-16-12-2021_6.jpg","datePublished":"2022-02-16T09:20:39+00:00","dateModified":"2022-02-16T17:41:47+00:00","author":{"@id":"https:\/\/likemetkovic.hr\/#\/schema\/person\/a42711f3385a0e2be6f7e0443bfb28f0"},"breadcrumb":{"@id":"https:\/\/likemetkovic.hr\/spajanje-vodoopskrbnih-poduzeca-do-ljeta-izvor-ploce-je-preuzimatelj-upravljanje-novim-poduzecem-prema-udjelima\/#breadcrumb"},"inLanguage":"hr","potentialAction":[{"@type":"ReadAction","target":["https:\/\/likemetkovic.hr\/spajanje-vodoopskrbnih-poduzeca-do-ljeta-izvor-ploce-je-preuzimatelj-upravljanje-novim-poduzecem-prema-udjelima\/"]}]},{"@type":"ImageObject","inLanguage":"hr","@id":"https:\/\/likemetkovic.hr\/spajanje-vodoopskrbnih-poduzeca-do-ljeta-izvor-ploce-je-preuzimatelj-upravljanje-novim-poduzecem-prema-udjelima\/#primaryimage","url":"https:\/\/likemetkovic.hr\/portal\/wp-content\/uploads\/2021\/12\/aglomeracija-radovi-16-12-2021_6.jpg","contentUrl":"https:\/\/likemetkovic.hr\/portal\/wp-content\/uploads\/2021\/12\/aglomeracija-radovi-16-12-2021_6.jpg","width":800,"height":533},{"@type":"BreadcrumbList","@id":"https:\/\/likemetkovic.hr\/spajanje-vodoopskrbnih-poduzeca-do-ljeta-izvor-ploce-je-preuzimatelj-upravljanje-novim-poduzecem-prema-udjelima\/#breadcrumb","itemListElement":[{"@type":"ListItem","position":1,"name":"Po\u010detna stranica","item":"https:\/\/likemetkovic.hr\/portal\/"},{"@type":"ListItem","position":2,"name":"VODOOPSKRBA | Izvor Plo\u010de je \u201epreuzimatelj\u201c, upravljanje novim poduze\u0107em prema udjelima"}]},{"@type":"WebSite","@id":"https:\/\/likemetkovic.hr\/#website","url":"https:\/\/likemetkovic.hr\/","name":"likemetkovic.hr","description":"Misli pozitivno... \u010ditaj LIKE","potentialAction":[{"@type":"SearchAction","target":{"@type":"EntryPoint","urlTemplate":"https:\/\/likemetkovic.hr\/?s={search_term_string}"},"query-input":{"@type":"PropertyValueSpecification","valueRequired":true,"valueName":"search_term_string"}}],"inLanguage":"hr"},{"@type":"Person","@id":"https:\/\/likemetkovic.hr\/#\/schema\/person\/a42711f3385a0e2be6f7e0443bfb28f0","name":"LIKEmetkovic.hr","sameAs":["http:\/\/likemetkovic.hr"],"url":"https:\/\/likemetkovic.hr\/portal\/author\/likemetkovic-hr\/"}]}},"_links":{"self":[{"href":"https:\/\/likemetkovic.hr\/portal\/wp-json\/wp\/v2\/posts\/127878","targetHints":{"allow":["GET"]}}],"collection":[{"href":"https:\/\/likemetkovic.hr\/portal\/wp-json\/wp\/v2\/posts"}],"about":[{"href":"https:\/\/likemetkovic.hr\/portal\/wp-json\/wp\/v2\/types\/post"}],"author":[{"embeddable":true,"href":"https:\/\/likemetkovic.hr\/portal\/wp-json\/wp\/v2\/users\/7"}],"replies":[{"embeddable":true,"href":"https:\/\/likemetkovic.hr\/portal\/wp-json\/wp\/v2\/comments?post=127878"}],"version-history":[{"count":5,"href":"https:\/\/likemetkovic.hr\/portal\/wp-json\/wp\/v2\/posts\/127878\/revisions"}],"predecessor-version":[{"id":127898,"href":"https:\/\/likemetkovic.hr\/portal\/wp-json\/wp\/v2\/posts\/127878\/revisions\/127898"}],"wp:featuredmedia":[{"embeddable":true,"href":"https:\/\/likemetkovic.hr\/portal\/wp-json\/wp\/v2\/media\/126151"}],"wp:attachment":[{"href":"https:\/\/likemetkovic.hr\/portal\/wp-json\/wp\/v2\/media?parent=127878"}],"wp:term":[{"taxonomy":"category","embeddable":true,"href":"https:\/\/likemetkovic.hr\/portal\/wp-json\/wp\/v2\/categories?post=127878"},{"taxonomy":"post_tag","embeddable":true,"href":"https:\/\/likemetkovic.hr\/portal\/wp-json\/wp\/v2\/tags?post=127878"}],"curies":[{"name":"wp","href":"https:\/\/api.w.org\/{rel}","templated":true}]}}