{"id":127924,"date":"2022-02-17T14:55:40","date_gmt":"2022-02-17T13:55:40","guid":{"rendered":"https:\/\/likemetkovic.hr\/?p=127924"},"modified":"2022-02-17T14:55:40","modified_gmt":"2022-02-17T13:55:40","slug":"udar-na-dzepove-gradana-plocane-zaboljela-glava-od-novoga-cjenika-za-komunalni-doprinos","status":"publish","type":"post","link":"https:\/\/likemetkovic.hr\/portal\/udar-na-dzepove-gradana-plocane-zaboljela-glava-od-novoga-cjenika-za-komunalni-doprinos\/","title":{"rendered":"Udar na d\u017eepove gra\u0111ana! Plo\u010dane zaboljela glava od novoga cjenika za komunalni doprinos!"},"content":{"rendered":"<p>Prema prijedlogu nove Odluke o komunalnom doprinosu koja je trenuta\u010dno na e-savjetovanju, a objavljena je na\u00a0<span id=\"xClaimOglasId-636202-1\" class=\"xClaimClass\">internet<\/span>\u00a0stranicama Grada Plo\u010da, predvi\u0111a se zna\u010dajno pove\u0107anje jedini\u010dne vrijednosti za obra\u010dun komunalnog doprinosa po metru kubi\u010dnom gra\u0111evine.<\/p>\n<p>Naime, za prvu zonu koja predstavlja zonu grada Plo\u010da, zonu Luke Plo\u010de i\u00a0<span id=\"xClaimOglasId-637676-2\" class=\"xClaimClass\">sve<\/span> gospodarske zone na podru\u010dju Grada Plo\u010da, predvi\u0111a se pove\u0107anje jedini\u010dne vrijednosti (Jv) komunalnog doprinosa po m3 gra\u0111evine, sa 40 kuna koliko je iznosila po staroj Odluci, na 138 kuna koliko se predla\u017ee u novoj Odluci, dakle predlo\u017eeno pove\u0107anje iznosi 245 posto, pi\u0161e <a href=\"https:\/\/dubrovacki.slobodnadalmacija.hr\/dubrovnik\/zupanija\/neretva\/veliki-udar-na-dzepove-gradana-plocane-zaboljela-glava-od-novog-cjenika-za-komunalni-doprinos-1168396\" target=\"_blank\" rel=\"noopener\">Dubrova\u010dki vjesnik<\/a>.<\/p>\n<p>BRINU I PODUZETNICI<\/p>\n<p>Projekcija obra\u010duna komunalnog doprinosa po novoj Odluci, pokazuje da \u0107e poduzetnici za gradnju nekog objekta poslovne namjene (trgovina) prosje\u010dnog volumena 10 tisu\u0107a kubnih metara, pla\u0107ati komunalni doprinos u iznosu od 1.380.000 kuna (ne predvi\u0111a se umanjenje za korektivni faktor), umjesto 300.000 kuna (korektivni faktor 0,75) koliko bi to iznosilo po staroj Odluci, odnosno rije\u010d je o pove\u0107anju od 360 posto.<\/p>\n<p>Projekcija obra\u010duna komunalnog doprinosa po novoj Odluci, pokazuje da \u0107e poduzetnici za gradnju nekog objekta poslovne namjene (proizvodnja) prosje\u010dnog volumena 10 tisu\u0107a m3, pla\u0107ati komunalni doprinos u iznosu od 1.380.000 kuna (ne predvi\u0111a se umanjenje za korektivni faktor), umjesto 160.000 kuna (korektivni faktor 0,40) koliko bi to iznosilo po staroj Odluci, odnosno rije\u010d je o pove\u0107anju od 762 posto.<\/p>\n<p>SKUPE NOVOGRADNJE<\/p>\n<p>Projekcija obra\u010duna komunalnog doprinosa po novoj Odluci, pokazuje da \u0107e fizi\u010dke osobe za gradnju obiteljske ku\u0107e (I zona) prosje\u010dnog volumena 1 000 m3, pla\u0107ati komunalni doprinos u iznosu od 56.580 kuna (korektivni faktor 0,41), umjesto 24.000 kuna (korektivni faktor 0,60) koliko bi to iznosilo po staroj Odluci, odnosno rije\u010d je o pove\u0107anju od 136 posto.<\/p>\n<p>Projekcija obra\u010duna komunalnog doprinosa po novoj Odluci, pokazuje da \u0107e fizi\u010dke osobe za gradnju obiteljske ku\u0107e (I zona) prosje\u010dnog volumena 500 m3, pla\u0107ati komunalni doprinos u iznosu od 20.010 kuna (korektivni faktor 0,29), umjesto 7.000 kuna (korektivni faktor 0,35) koliko bi to iznosilo po staroj Odluci, odnosno rije\u010d je o pove\u0107anju od 186 posto.<\/p>\n<p>Za drugu zonu naselja Ba\u0107ina, Banja, Komin, Pera\u010dko Blato, Rogotin, Stablina, Sta\u0161evica i \u0160ari\u0107 Struga, koja su prema staroj Odluci pripadala tre\u0107oj zoni, predvi\u0111a se pove\u0107anje jedini\u010dne vrijednosti (Jv) komunalnog doprinosa po m3 gra\u0111evine, sa 10 kuna na 40 kuna, \u0161to zna\u010di da predlo\u017eeno pove\u0107anje iznosi 300 posto.<\/p>\n<div class=\"se__text\">\n<p><strong>Vrtoglavi postoci<\/strong><\/p>\n<p>Projekcija obra\u010duna komunalnog doprinosa po novoj Odluci, pokazuje da \u0107e fizi\u010dke osobe za gradnju obiteljske ku\u0107e (II zona) prosje\u010dnog volumena 1 000 m3, pla\u0107ati komunalni doprinos u iznosu od 14.000 kuna (korektivni faktor 0,35), umjesto 6.000 kuna (korektivni faktor 0,60) koliko bi to iznosilo po staroj Odluci, odnosno rije\u010d je o pove\u0107anju od 133 posto.<\/p>\n<p>Projekcija obra\u010duna komunalnog doprinosa po novoj Odluci, pokazuje da \u0107e fizi\u010dke osobe za gradnju obiteljske ku\u0107e (II zona) prosje\u010dnog volumena 500 m3, pla\u0107ati komunalni doprinos u iznosu od 5.000 kuna (korektivni faktor 0,25), umjesto 1.750 kuna (korektivni faktor 0,35) koliko bi to iznosilo po staroj Odluci, odnosno rije\u010d je o pove\u0107anju od 185 posto.<\/p>\n<\/div>\n<p>Pi\u0161e: Ante \u0160unji\u0107 \/ <a href=\"https:\/\/dubrovacki.slobodnadalmacija.hr\/dubrovnik\/zupanija\/neretva\/veliki-udar-na-dzepove-gradana-plocane-zaboljela-glava-od-novog-cjenika-za-komunalni-doprinos-1168396\" target=\"_blank\" rel=\"noopener\">Dubrova\u010dki vjesnik<\/a><\/p>\n","protected":false},"excerpt":{"rendered":"<p>Prema prijedlogu nove Odluke o komunalnom doprinosu koja je trenuta\u010dno na e-savjetovanju, a objavljena je na\u00a0internet\u00a0stranicama Grada Plo\u010da, predvi\u0111a se zna\u010dajno pove\u0107anje jedini\u010dne vrijednosti za obra\u010dun komunalnog doprinosa po metru kubi\u010dnom gra\u0111evine. Naime, za prvu zonu koja predstavlja zonu grada Plo\u010da, zonu Luke Plo\u010de i\u00a0sve gospodarske zone na podru\u010dju Grada Plo\u010da, predvi\u0111a se pove\u0107anje jedini\u010dne [&hellip;]<\/p>\n","protected":false},"author":7,"featured_media":106059,"comment_status":"open","ping_status":"open","sticky":false,"template":"","format":"standard","meta":{"footnotes":""},"categories":[296,11],"tags":[2065,10402],"class_list":{"0":"post-127924","1":"post","2":"type-post","3":"status-publish","4":"format-standard","5":"has-post-thumbnail","7":"category-ab","8":"category-metkovic-dolina","9":"tag-grad-ploce","10":"tag-komunalni-doprinos"},"yoast_head":"<!-- This site is optimized with the Yoast SEO plugin v25.2 - https:\/\/yoast.com\/wordpress\/plugins\/seo\/ -->\n<title>Udar na d\u017eepove gra\u0111ana! Plo\u010dane zaboljela glava od novoga cjenika za komunalni doprinos! - likemetkovic.hr<\/title>\n<meta name=\"robots\" content=\"index, follow, max-snippet:-1, max-image-preview:large, max-video-preview:-1\" \/>\n<link rel=\"canonical\" href=\"https:\/\/likemetkovic.hr\/udar-na-dzepove-gradana-plocane-zaboljela-glava-od-novoga-cjenika-za-komunalni-doprinos\/\" \/>\n<meta property=\"og:locale\" content=\"hr_HR\" \/>\n<meta property=\"og:type\" content=\"article\" \/>\n<meta property=\"og:title\" content=\"Udar na d\u017eepove gra\u0111ana! Plo\u010dane zaboljela glava od novoga cjenika za komunalni doprinos! - likemetkovic.hr\" \/>\n<meta property=\"og:description\" content=\"Prema prijedlogu nove Odluke o komunalnom doprinosu koja je trenuta\u010dno na e-savjetovanju, a objavljena je na\u00a0internet\u00a0stranicama Grada Plo\u010da, predvi\u0111a se zna\u010dajno pove\u0107anje jedini\u010dne vrijednosti za obra\u010dun komunalnog doprinosa po metru kubi\u010dnom gra\u0111evine. Naime, za prvu zonu koja predstavlja zonu grada Plo\u010da, zonu Luke Plo\u010de i\u00a0sve gospodarske zone na podru\u010dju Grada Plo\u010da, predvi\u0111a se pove\u0107anje jedini\u010dne [&hellip;]\" \/>\n<meta property=\"og:url\" content=\"https:\/\/likemetkovic.hr\/udar-na-dzepove-gradana-plocane-zaboljela-glava-od-novoga-cjenika-za-komunalni-doprinos\/\" \/>\n<meta property=\"og:site_name\" content=\"likemetkovic.hr\" \/>\n<meta property=\"article:publisher\" content=\"https:\/\/www.facebook.com\/likemetkovic.hr\/\" \/>\n<meta property=\"article:published_time\" content=\"2022-02-17T13:55:40+00:00\" \/>\n<meta property=\"og:image\" content=\"https:\/\/likemetkovic.hr\/wp-content\/uploads\/2020\/08\/maraton-la\u0111a-2020-2-dio_29.jpg\" \/>\n\t<meta property=\"og:image:width\" content=\"800\" \/>\n\t<meta property=\"og:image:height\" content=\"533\" \/>\n\t<meta property=\"og:image:type\" content=\"image\/jpeg\" \/>\n<meta name=\"author\" content=\"LIKEmetkovic.hr\" \/>\n<meta name=\"twitter:card\" content=\"summary_large_image\" \/>\n<meta name=\"twitter:label1\" content=\"Napisao\/la\" \/>\n\t<meta name=\"twitter:data1\" content=\"LIKEmetkovic.hr\" \/>\n\t<meta name=\"twitter:label2\" content=\"Procijenjeno vrijeme \u010ditanja\" \/>\n\t<meta name=\"twitter:data2\" content=\"3 minute\" \/>\n<script type=\"application\/ld+json\" class=\"yoast-schema-graph\">{\"@context\":\"https:\/\/schema.org\",\"@graph\":[{\"@type\":\"WebPage\",\"@id\":\"https:\/\/likemetkovic.hr\/udar-na-dzepove-gradana-plocane-zaboljela-glava-od-novoga-cjenika-za-komunalni-doprinos\/\",\"url\":\"https:\/\/likemetkovic.hr\/udar-na-dzepove-gradana-plocane-zaboljela-glava-od-novoga-cjenika-za-komunalni-doprinos\/\",\"name\":\"Udar na d\u017eepove gra\u0111ana! Plo\u010dane zaboljela glava od novoga cjenika za komunalni doprinos! - likemetkovic.hr\",\"isPartOf\":{\"@id\":\"https:\/\/likemetkovic.hr\/#website\"},\"primaryImageOfPage\":{\"@id\":\"https:\/\/likemetkovic.hr\/udar-na-dzepove-gradana-plocane-zaboljela-glava-od-novoga-cjenika-za-komunalni-doprinos\/#primaryimage\"},\"image\":{\"@id\":\"https:\/\/likemetkovic.hr\/udar-na-dzepove-gradana-plocane-zaboljela-glava-od-novoga-cjenika-za-komunalni-doprinos\/#primaryimage\"},\"thumbnailUrl\":\"https:\/\/likemetkovic.hr\/portal\/wp-content\/uploads\/2020\/08\/maraton-la\u0111a-2020-2-dio_29.jpg\",\"datePublished\":\"2022-02-17T13:55:40+00:00\",\"author\":{\"@id\":\"https:\/\/likemetkovic.hr\/#\/schema\/person\/a42711f3385a0e2be6f7e0443bfb28f0\"},\"breadcrumb\":{\"@id\":\"https:\/\/likemetkovic.hr\/udar-na-dzepove-gradana-plocane-zaboljela-glava-od-novoga-cjenika-za-komunalni-doprinos\/#breadcrumb\"},\"inLanguage\":\"hr\",\"potentialAction\":[{\"@type\":\"ReadAction\",\"target\":[\"https:\/\/likemetkovic.hr\/udar-na-dzepove-gradana-plocane-zaboljela-glava-od-novoga-cjenika-za-komunalni-doprinos\/\"]}]},{\"@type\":\"ImageObject\",\"inLanguage\":\"hr\",\"@id\":\"https:\/\/likemetkovic.hr\/udar-na-dzepove-gradana-plocane-zaboljela-glava-od-novoga-cjenika-za-komunalni-doprinos\/#primaryimage\",\"url\":\"https:\/\/likemetkovic.hr\/portal\/wp-content\/uploads\/2020\/08\/maraton-la\u0111a-2020-2-dio_29.jpg\",\"contentUrl\":\"https:\/\/likemetkovic.hr\/portal\/wp-content\/uploads\/2020\/08\/maraton-la\u0111a-2020-2-dio_29.jpg\",\"width\":800,\"height\":533},{\"@type\":\"BreadcrumbList\",\"@id\":\"https:\/\/likemetkovic.hr\/udar-na-dzepove-gradana-plocane-zaboljela-glava-od-novoga-cjenika-za-komunalni-doprinos\/#breadcrumb\",\"itemListElement\":[{\"@type\":\"ListItem\",\"position\":1,\"name\":\"Po\u010detna stranica\",\"item\":\"https:\/\/likemetkovic.hr\/portal\/\"},{\"@type\":\"ListItem\",\"position\":2,\"name\":\"Udar na d\u017eepove gra\u0111ana! Plo\u010dane zaboljela glava od novoga cjenika za komunalni doprinos!\"}]},{\"@type\":\"WebSite\",\"@id\":\"https:\/\/likemetkovic.hr\/#website\",\"url\":\"https:\/\/likemetkovic.hr\/\",\"name\":\"likemetkovic.hr\",\"description\":\"Misli pozitivno... \u010ditaj LIKE\",\"potentialAction\":[{\"@type\":\"SearchAction\",\"target\":{\"@type\":\"EntryPoint\",\"urlTemplate\":\"https:\/\/likemetkovic.hr\/?s={search_term_string}\"},\"query-input\":{\"@type\":\"PropertyValueSpecification\",\"valueRequired\":true,\"valueName\":\"search_term_string\"}}],\"inLanguage\":\"hr\"},{\"@type\":\"Person\",\"@id\":\"https:\/\/likemetkovic.hr\/#\/schema\/person\/a42711f3385a0e2be6f7e0443bfb28f0\",\"name\":\"LIKEmetkovic.hr\",\"sameAs\":[\"http:\/\/likemetkovic.hr\"],\"url\":\"https:\/\/likemetkovic.hr\/portal\/author\/likemetkovic-hr\/\"}]}<\/script>\n<!-- \/ Yoast SEO plugin. -->","yoast_head_json":{"title":"Udar na d\u017eepove gra\u0111ana! Plo\u010dane zaboljela glava od novoga cjenika za komunalni doprinos! - likemetkovic.hr","robots":{"index":"index","follow":"follow","max-snippet":"max-snippet:-1","max-image-preview":"max-image-preview:large","max-video-preview":"max-video-preview:-1"},"canonical":"https:\/\/likemetkovic.hr\/udar-na-dzepove-gradana-plocane-zaboljela-glava-od-novoga-cjenika-za-komunalni-doprinos\/","og_locale":"hr_HR","og_type":"article","og_title":"Udar na d\u017eepove gra\u0111ana! Plo\u010dane zaboljela glava od novoga cjenika za komunalni doprinos! - likemetkovic.hr","og_description":"Prema prijedlogu nove Odluke o komunalnom doprinosu koja je trenuta\u010dno na e-savjetovanju, a objavljena je na\u00a0internet\u00a0stranicama Grada Plo\u010da, predvi\u0111a se zna\u010dajno pove\u0107anje jedini\u010dne vrijednosti za obra\u010dun komunalnog doprinosa po metru kubi\u010dnom gra\u0111evine. Naime, za prvu zonu koja predstavlja zonu grada Plo\u010da, zonu Luke Plo\u010de i\u00a0sve gospodarske zone na podru\u010dju Grada Plo\u010da, predvi\u0111a se pove\u0107anje jedini\u010dne [&hellip;]","og_url":"https:\/\/likemetkovic.hr\/udar-na-dzepove-gradana-plocane-zaboljela-glava-od-novoga-cjenika-za-komunalni-doprinos\/","og_site_name":"likemetkovic.hr","article_publisher":"https:\/\/www.facebook.com\/likemetkovic.hr\/","article_published_time":"2022-02-17T13:55:40+00:00","og_image":[{"width":800,"height":533,"url":"https:\/\/likemetkovic.hr\/wp-content\/uploads\/2020\/08\/maraton-la\u0111a-2020-2-dio_29.jpg","type":"image\/jpeg"}],"author":"LIKEmetkovic.hr","twitter_card":"summary_large_image","twitter_misc":{"Napisao\/la":"LIKEmetkovic.hr","Procijenjeno vrijeme \u010ditanja":"3 minute"},"schema":{"@context":"https:\/\/schema.org","@graph":[{"@type":"WebPage","@id":"https:\/\/likemetkovic.hr\/udar-na-dzepove-gradana-plocane-zaboljela-glava-od-novoga-cjenika-za-komunalni-doprinos\/","url":"https:\/\/likemetkovic.hr\/udar-na-dzepove-gradana-plocane-zaboljela-glava-od-novoga-cjenika-za-komunalni-doprinos\/","name":"Udar na d\u017eepove gra\u0111ana! Plo\u010dane zaboljela glava od novoga cjenika za komunalni doprinos! - likemetkovic.hr","isPartOf":{"@id":"https:\/\/likemetkovic.hr\/#website"},"primaryImageOfPage":{"@id":"https:\/\/likemetkovic.hr\/udar-na-dzepove-gradana-plocane-zaboljela-glava-od-novoga-cjenika-za-komunalni-doprinos\/#primaryimage"},"image":{"@id":"https:\/\/likemetkovic.hr\/udar-na-dzepove-gradana-plocane-zaboljela-glava-od-novoga-cjenika-za-komunalni-doprinos\/#primaryimage"},"thumbnailUrl":"https:\/\/likemetkovic.hr\/portal\/wp-content\/uploads\/2020\/08\/maraton-la\u0111a-2020-2-dio_29.jpg","datePublished":"2022-02-17T13:55:40+00:00","author":{"@id":"https:\/\/likemetkovic.hr\/#\/schema\/person\/a42711f3385a0e2be6f7e0443bfb28f0"},"breadcrumb":{"@id":"https:\/\/likemetkovic.hr\/udar-na-dzepove-gradana-plocane-zaboljela-glava-od-novoga-cjenika-za-komunalni-doprinos\/#breadcrumb"},"inLanguage":"hr","potentialAction":[{"@type":"ReadAction","target":["https:\/\/likemetkovic.hr\/udar-na-dzepove-gradana-plocane-zaboljela-glava-od-novoga-cjenika-za-komunalni-doprinos\/"]}]},{"@type":"ImageObject","inLanguage":"hr","@id":"https:\/\/likemetkovic.hr\/udar-na-dzepove-gradana-plocane-zaboljela-glava-od-novoga-cjenika-za-komunalni-doprinos\/#primaryimage","url":"https:\/\/likemetkovic.hr\/portal\/wp-content\/uploads\/2020\/08\/maraton-la\u0111a-2020-2-dio_29.jpg","contentUrl":"https:\/\/likemetkovic.hr\/portal\/wp-content\/uploads\/2020\/08\/maraton-la\u0111a-2020-2-dio_29.jpg","width":800,"height":533},{"@type":"BreadcrumbList","@id":"https:\/\/likemetkovic.hr\/udar-na-dzepove-gradana-plocane-zaboljela-glava-od-novoga-cjenika-za-komunalni-doprinos\/#breadcrumb","itemListElement":[{"@type":"ListItem","position":1,"name":"Po\u010detna stranica","item":"https:\/\/likemetkovic.hr\/portal\/"},{"@type":"ListItem","position":2,"name":"Udar na d\u017eepove gra\u0111ana! Plo\u010dane zaboljela glava od novoga cjenika za komunalni doprinos!"}]},{"@type":"WebSite","@id":"https:\/\/likemetkovic.hr\/#website","url":"https:\/\/likemetkovic.hr\/","name":"likemetkovic.hr","description":"Misli pozitivno... \u010ditaj LIKE","potentialAction":[{"@type":"SearchAction","target":{"@type":"EntryPoint","urlTemplate":"https:\/\/likemetkovic.hr\/?s={search_term_string}"},"query-input":{"@type":"PropertyValueSpecification","valueRequired":true,"valueName":"search_term_string"}}],"inLanguage":"hr"},{"@type":"Person","@id":"https:\/\/likemetkovic.hr\/#\/schema\/person\/a42711f3385a0e2be6f7e0443bfb28f0","name":"LIKEmetkovic.hr","sameAs":["http:\/\/likemetkovic.hr"],"url":"https:\/\/likemetkovic.hr\/portal\/author\/likemetkovic-hr\/"}]}},"_links":{"self":[{"href":"https:\/\/likemetkovic.hr\/portal\/wp-json\/wp\/v2\/posts\/127924","targetHints":{"allow":["GET"]}}],"collection":[{"href":"https:\/\/likemetkovic.hr\/portal\/wp-json\/wp\/v2\/posts"}],"about":[{"href":"https:\/\/likemetkovic.hr\/portal\/wp-json\/wp\/v2\/types\/post"}],"author":[{"embeddable":true,"href":"https:\/\/likemetkovic.hr\/portal\/wp-json\/wp\/v2\/users\/7"}],"replies":[{"embeddable":true,"href":"https:\/\/likemetkovic.hr\/portal\/wp-json\/wp\/v2\/comments?post=127924"}],"version-history":[{"count":1,"href":"https:\/\/likemetkovic.hr\/portal\/wp-json\/wp\/v2\/posts\/127924\/revisions"}],"predecessor-version":[{"id":127925,"href":"https:\/\/likemetkovic.hr\/portal\/wp-json\/wp\/v2\/posts\/127924\/revisions\/127925"}],"wp:featuredmedia":[{"embeddable":true,"href":"https:\/\/likemetkovic.hr\/portal\/wp-json\/wp\/v2\/media\/106059"}],"wp:attachment":[{"href":"https:\/\/likemetkovic.hr\/portal\/wp-json\/wp\/v2\/media?parent=127924"}],"wp:term":[{"taxonomy":"category","embeddable":true,"href":"https:\/\/likemetkovic.hr\/portal\/wp-json\/wp\/v2\/categories?post=127924"},{"taxonomy":"post_tag","embeddable":true,"href":"https:\/\/likemetkovic.hr\/portal\/wp-json\/wp\/v2\/tags?post=127924"}],"curies":[{"name":"wp","href":"https:\/\/api.w.org\/{rel}","templated":true}]}}