{"id":128120,"date":"2022-02-23T20:01:57","date_gmt":"2022-02-23T19:01:57","guid":{"rendered":"https:\/\/likemetkovic.hr\/?p=128120"},"modified":"2022-02-23T20:01:57","modified_gmt":"2022-02-23T19:01:57","slug":"maske-u-skolama-se-potpuno-ukidaju-a-ministarstvo-predlaze-i-vracanje-ucenickih-ekskurzija","status":"publish","type":"post","link":"https:\/\/likemetkovic.hr\/portal\/maske-u-skolama-se-potpuno-ukidaju-a-ministarstvo-predlaze-i-vracanje-ucenickih-ekskurzija\/","title":{"rendered":"Maske u \u0161kolama se potpuno ukidaju, a Ministarstvo predla\u017ee i vra\u0107anje u\u010deni\u010dkih ekskurzija?"},"content":{"rendered":"<p>U\u010denici u osnovnim i srednjim \u0161kolama bi od idu\u0107eg tjedna, nakon povratka sa zimskih praznika, mogli nastavu u\u017eivo u u\u010dionicama pratiti bez no\u0161enja medicinskih maski. Da se mogu\u0107nost ukidanja maski ozbiljno razmatra potvrdio je u srijedu ministar znanosti i obrazovanja <strong>Radovan Fuchs<\/strong>, pi\u0161e\u00a0<a href=\"https:\/\/slobodnadalmacija.hr\/vijesti\/hrvatska\/nesluzbeno-doznajemo-maske-u-skolama-se-potpuno-ukidaju-a-ministarstvo-predlaze-i-vracanje-ucenickih-ekskurzija-uvodi-se-i-jos-nekoliko-bitnih-promjena-evo-detalja-1170170\" target=\"_blank\" rel=\"noopener\">Slobodna Dalmacija.<\/a><\/p>\n<p>&#8211; <em>Razgovaramo i dogovaramo varijantu da skinemo maske djeci u u\u010dionicama, \u0161to \u0107emo jo\u0161 do kraja morati usuglasiti s Hrvatskim zavodom za javno zdravstvo. Idemo u tom smjeru i nadam da \u0107emo ve\u0107 od sljede\u0107eg tjedna mo\u0107i funkcionirati na na\u010din da djeca u \u0161kolama ne\u0107e trebati imati maske<\/em> \u2013 kazao je ministar Fuchs, otkrivaju\u0107i da su razgovori u zavr\u0161noj fazi.<\/p>\n<p><span id=\"xClaimOglasId-637682-5\" class=\"xClaimClass\">Kako<\/span>\u00a0neslu\u017ebeno doznajemo,\u00a0<span id=\"xClaimOglasId-637680-2\" class=\"xClaimClass\">ako<\/span>\u00a0se dogovor postigne maske bi se gotovo potpuno ukinule, odnosno njihovo (ne)no\u0161enje ne bi vi\u0161e bilo uvjetovano osiguravanjem razmaka izme\u0111u u\u010denika. Eventualno bi ih mogli nositi samo oni u\u010denici i djelatnici koji to \u017eele i smatraju da je to potrebno, a kao preporuka ostalo bi i za u\u010denike i djelatnike s kroni\u010dnim bolestima koje mogu dovesti do te\u017eih oblika bolesti COVID-19. Prijedlog je i da no\u0161enje maski ubudu\u0107e ne bude obvezno ni za posjetitelje \u0161kole, osim ako ravnatelj ne odlu\u010di druk\u010dije. No\u0161enje maski za u\u010denike ostalo bi obvezno u javnom prijevozu, uklju\u010duju\u0107i i organizirani prijevoz.<\/p>\n<p>Mogu\u0107nost ukidanja no\u0161enja maski na nastavi otvorila se nakon uvo\u0111enja <strong>samotestiranja<\/strong> u\u010denika kod ku\u0107e na koronavirus, \u0161to je postupak koji je uveden prije tjedan dana, a nastavit \u0107e se redovito provoditi jo\u0161 tri tjedna nakon \u0161to se u\u010denici u ponedjeljak vrate u \u0161kolske klupe. Nakon toga samotestiranje bi se provodilo samo u onim razredima u kojima netko od u\u010denika bude pozitivan na koronavirus, te bi se s vremenom potpuno ukinulo.<\/p>\n<p>Uvo\u0111enjem samotestiranja <strong>ukinuta je samoizolacija za zdravu djecu<\/strong>, to jest za onu koja su negativna na ku\u0107nom testu i koja nemaju znakova bolesti, \u010dak i onda kada do\u0111u u\u00a0<span id=\"xClaimOglasId-636642-3\" class=\"xClaimClass\">kontakt<\/span>\u00a0s COVID pozitivnom osobom. Kako je kazao ministar Fuchs, u prvom tjednu samotestiranja identificirano je oko 2000 asimptomatskih slu\u010dajeva kod djece, ali broj zara\u017eenih u\u010denika izrazito pada.<\/p>\n<p>Ukidanje no\u0161enja maski nije jedina novost koju Ministarstvo znanosti i obrazovanja predla\u017ee za ubla\u017eavanje epidemiolo\u0161kih mjera u \u0161kolama. Neslu\u017ebeno doznajemo da su epidemiolozima predlo\u017eili i <strong>vra\u0107anje u\u010deni\u010dkih ekskurzija<\/strong>. Kod jednodnevne izvanu\u010dioni\u010dke nastave bez no\u0107enja postupalo bi se kao u slu\u010daju nastave u u\u010dionicama, a kod vi\u0161ednevne izvanu\u010dioni\u010dke nastave preporu\u010duje se organizacija unutar Hrvatske. Za u\u010denike koji sudjeluju u mjeri redovitog rutinskog samotestiranja kod ku\u0107e u tom slu\u010daju ne bi bilo nikakvih ograni\u010denja.<\/p>\n<p>Na snazi bi ostale mjere poput dopu\u0161tanja mije\u0161anja grupa u\u010denika razli\u010ditog uzrasta, odnosno ne bi bilo potrebno odvajati u\u010denike iz razli\u010ditih razrednih odjela, a ne bi vi\u0161e bilo ni ograni\u010denja za tjelesne aktivnosti i glazbenu kulturu, to jest ne bi bilo ograni\u010denja za mije\u0161anje u\u010denika razli\u010ditih razreda i \u0161kola.\u00a0<span id=\"xClaimOglasId-637683-4\" class=\"xClaimClass\">Iako<\/span>\u00a0je pitanje tko od roditelja to jo\u0161 uvijek provodi,\u00a0<span id=\"xClaimOglasId-637684-1\" class=\"xClaimClass\">sada<\/span>\u00a0se i slu\u017ebeno tra\u017ei da roditelji ubudu\u0107e ne moraju mjeriti temperaturu u\u010denicima prije dolaska u \u0161kolu.<\/p>\n<p>Prihvate li epidemiolozi prijedloge prosvjetne vlasti, u osnovno\u0161kolskim i srednjo\u0161kolskim ustanovama prakti\u010dki bi od epidemiolo\u0161kih mjera ostale samo one higijenske prirode \u2013 redovito pranje ruku te dezinfekcija i provjetravanje prostora, kao i uobi\u010dajeno postupanje prilikom sumnje na zarazu koronavirusom.<\/p>\n<p>Pi\u0161e: Marijana Cvrtila \/ <a href=\"https:\/\/slobodnadalmacija.hr\/vijesti\/hrvatska\/nesluzbeno-doznajemo-maske-u-skolama-se-potpuno-ukidaju-a-ministarstvo-predlaze-i-vracanje-ucenickih-ekskurzija-uvodi-se-i-jos-nekoliko-bitnih-promjena-evo-detalja-1170170\" target=\"_blank\" rel=\"noopener\">Slobodna Dalmacija<\/a><\/p>\n","protected":false},"excerpt":{"rendered":"<p>U\u010denici u osnovnim i srednjim \u0161kolama bi od idu\u0107eg tjedna, nakon povratka sa zimskih praznika, mogli nastavu u\u017eivo u u\u010dionicama pratiti bez no\u0161enja medicinskih maski. Da se mogu\u0107nost ukidanja maski ozbiljno razmatra potvrdio je u srijedu ministar znanosti i obrazovanja Radovan Fuchs, pi\u0161e\u00a0Slobodna Dalmacija. &#8211; Razgovaramo i dogovaramo varijantu da skinemo maske djeci u u\u010dionicama, [&hellip;]<\/p>\n","protected":false},"author":7,"featured_media":101211,"comment_status":"open","ping_status":"open","sticky":false,"template":"","format":"standard","meta":{"footnotes":""},"categories":[283,166],"tags":[],"class_list":{"0":"post-128120","1":"post","2":"type-post","3":"status-publish","4":"format-standard","5":"has-post-thumbnail","7":"category-a","8":"category-skolstvo"},"yoast_head":"<!-- This site is optimized with the Yoast SEO plugin v25.2 - https:\/\/yoast.com\/wordpress\/plugins\/seo\/ -->\n<title>Maske u \u0161kolama se potpuno ukidaju, a Ministarstvo predla\u017ee i vra\u0107anje u\u010deni\u010dkih ekskurzija? - likemetkovic.hr<\/title>\n<meta name=\"robots\" content=\"index, follow, max-snippet:-1, max-image-preview:large, max-video-preview:-1\" \/>\n<link rel=\"canonical\" href=\"https:\/\/likemetkovic.hr\/maske-u-skolama-se-potpuno-ukidaju-a-ministarstvo-predlaze-i-vracanje-ucenickih-ekskurzija\/\" \/>\n<meta property=\"og:locale\" content=\"hr_HR\" \/>\n<meta property=\"og:type\" content=\"article\" \/>\n<meta property=\"og:title\" content=\"Maske u \u0161kolama se potpuno ukidaju, a Ministarstvo predla\u017ee i vra\u0107anje u\u010deni\u010dkih ekskurzija? - likemetkovic.hr\" \/>\n<meta property=\"og:description\" content=\"U\u010denici u osnovnim i srednjim \u0161kolama bi od idu\u0107eg tjedna, nakon povratka sa zimskih praznika, mogli nastavu u\u017eivo u u\u010dionicama pratiti bez no\u0161enja medicinskih maski. Da se mogu\u0107nost ukidanja maski ozbiljno razmatra potvrdio je u srijedu ministar znanosti i obrazovanja Radovan Fuchs, pi\u0161e\u00a0Slobodna Dalmacija. &#8211; Razgovaramo i dogovaramo varijantu da skinemo maske djeci u u\u010dionicama, [&hellip;]\" \/>\n<meta property=\"og:url\" content=\"https:\/\/likemetkovic.hr\/maske-u-skolama-se-potpuno-ukidaju-a-ministarstvo-predlaze-i-vracanje-ucenickih-ekskurzija\/\" \/>\n<meta property=\"og:site_name\" content=\"likemetkovic.hr\" \/>\n<meta property=\"article:publisher\" content=\"https:\/\/www.facebook.com\/likemetkovic.hr\/\" \/>\n<meta property=\"article:published_time\" content=\"2022-02-23T19:01:57+00:00\" \/>\n<meta property=\"og:image\" content=\"https:\/\/likemetkovic.hr\/wp-content\/uploads\/2020\/05\/\u0161kola-nastava-djeca.jpg\" \/>\n\t<meta property=\"og:image:width\" content=\"800\" \/>\n\t<meta property=\"og:image:height\" content=\"533\" \/>\n\t<meta property=\"og:image:type\" content=\"image\/jpeg\" \/>\n<meta name=\"author\" content=\"LIKEmetkovic.hr\" \/>\n<meta name=\"twitter:card\" content=\"summary_large_image\" \/>\n<meta name=\"twitter:label1\" content=\"Napisao\/la\" \/>\n\t<meta name=\"twitter:data1\" content=\"LIKEmetkovic.hr\" \/>\n\t<meta name=\"twitter:label2\" content=\"Procijenjeno vrijeme \u010ditanja\" \/>\n\t<meta name=\"twitter:data2\" content=\"3 minute\" \/>\n<script type=\"application\/ld+json\" class=\"yoast-schema-graph\">{\"@context\":\"https:\/\/schema.org\",\"@graph\":[{\"@type\":\"WebPage\",\"@id\":\"https:\/\/likemetkovic.hr\/maske-u-skolama-se-potpuno-ukidaju-a-ministarstvo-predlaze-i-vracanje-ucenickih-ekskurzija\/\",\"url\":\"https:\/\/likemetkovic.hr\/maske-u-skolama-se-potpuno-ukidaju-a-ministarstvo-predlaze-i-vracanje-ucenickih-ekskurzija\/\",\"name\":\"Maske u \u0161kolama se potpuno ukidaju, a Ministarstvo predla\u017ee i vra\u0107anje u\u010deni\u010dkih ekskurzija? - likemetkovic.hr\",\"isPartOf\":{\"@id\":\"https:\/\/likemetkovic.hr\/#website\"},\"primaryImageOfPage\":{\"@id\":\"https:\/\/likemetkovic.hr\/maske-u-skolama-se-potpuno-ukidaju-a-ministarstvo-predlaze-i-vracanje-ucenickih-ekskurzija\/#primaryimage\"},\"image\":{\"@id\":\"https:\/\/likemetkovic.hr\/maske-u-skolama-se-potpuno-ukidaju-a-ministarstvo-predlaze-i-vracanje-ucenickih-ekskurzija\/#primaryimage\"},\"thumbnailUrl\":\"https:\/\/likemetkovic.hr\/portal\/wp-content\/uploads\/2020\/05\/\u0161kola-nastava-djeca.jpg\",\"datePublished\":\"2022-02-23T19:01:57+00:00\",\"author\":{\"@id\":\"https:\/\/likemetkovic.hr\/#\/schema\/person\/a42711f3385a0e2be6f7e0443bfb28f0\"},\"breadcrumb\":{\"@id\":\"https:\/\/likemetkovic.hr\/maske-u-skolama-se-potpuno-ukidaju-a-ministarstvo-predlaze-i-vracanje-ucenickih-ekskurzija\/#breadcrumb\"},\"inLanguage\":\"hr\",\"potentialAction\":[{\"@type\":\"ReadAction\",\"target\":[\"https:\/\/likemetkovic.hr\/maske-u-skolama-se-potpuno-ukidaju-a-ministarstvo-predlaze-i-vracanje-ucenickih-ekskurzija\/\"]}]},{\"@type\":\"ImageObject\",\"inLanguage\":\"hr\",\"@id\":\"https:\/\/likemetkovic.hr\/maske-u-skolama-se-potpuno-ukidaju-a-ministarstvo-predlaze-i-vracanje-ucenickih-ekskurzija\/#primaryimage\",\"url\":\"https:\/\/likemetkovic.hr\/portal\/wp-content\/uploads\/2020\/05\/\u0161kola-nastava-djeca.jpg\",\"contentUrl\":\"https:\/\/likemetkovic.hr\/portal\/wp-content\/uploads\/2020\/05\/\u0161kola-nastava-djeca.jpg\",\"width\":800,\"height\":533},{\"@type\":\"BreadcrumbList\",\"@id\":\"https:\/\/likemetkovic.hr\/maske-u-skolama-se-potpuno-ukidaju-a-ministarstvo-predlaze-i-vracanje-ucenickih-ekskurzija\/#breadcrumb\",\"itemListElement\":[{\"@type\":\"ListItem\",\"position\":1,\"name\":\"Po\u010detna stranica\",\"item\":\"https:\/\/likemetkovic.hr\/portal\/\"},{\"@type\":\"ListItem\",\"position\":2,\"name\":\"Maske u \u0161kolama se potpuno ukidaju, a Ministarstvo predla\u017ee i vra\u0107anje u\u010deni\u010dkih ekskurzija?\"}]},{\"@type\":\"WebSite\",\"@id\":\"https:\/\/likemetkovic.hr\/#website\",\"url\":\"https:\/\/likemetkovic.hr\/\",\"name\":\"likemetkovic.hr\",\"description\":\"Misli pozitivno... \u010ditaj LIKE\",\"potentialAction\":[{\"@type\":\"SearchAction\",\"target\":{\"@type\":\"EntryPoint\",\"urlTemplate\":\"https:\/\/likemetkovic.hr\/?s={search_term_string}\"},\"query-input\":{\"@type\":\"PropertyValueSpecification\",\"valueRequired\":true,\"valueName\":\"search_term_string\"}}],\"inLanguage\":\"hr\"},{\"@type\":\"Person\",\"@id\":\"https:\/\/likemetkovic.hr\/#\/schema\/person\/a42711f3385a0e2be6f7e0443bfb28f0\",\"name\":\"LIKEmetkovic.hr\",\"sameAs\":[\"http:\/\/likemetkovic.hr\"],\"url\":\"https:\/\/likemetkovic.hr\/portal\/author\/likemetkovic-hr\/\"}]}<\/script>\n<!-- \/ Yoast SEO plugin. -->","yoast_head_json":{"title":"Maske u \u0161kolama se potpuno ukidaju, a Ministarstvo predla\u017ee i vra\u0107anje u\u010deni\u010dkih ekskurzija? - likemetkovic.hr","robots":{"index":"index","follow":"follow","max-snippet":"max-snippet:-1","max-image-preview":"max-image-preview:large","max-video-preview":"max-video-preview:-1"},"canonical":"https:\/\/likemetkovic.hr\/maske-u-skolama-se-potpuno-ukidaju-a-ministarstvo-predlaze-i-vracanje-ucenickih-ekskurzija\/","og_locale":"hr_HR","og_type":"article","og_title":"Maske u \u0161kolama se potpuno ukidaju, a Ministarstvo predla\u017ee i vra\u0107anje u\u010deni\u010dkih ekskurzija? - likemetkovic.hr","og_description":"U\u010denici u osnovnim i srednjim \u0161kolama bi od idu\u0107eg tjedna, nakon povratka sa zimskih praznika, mogli nastavu u\u017eivo u u\u010dionicama pratiti bez no\u0161enja medicinskih maski. Da se mogu\u0107nost ukidanja maski ozbiljno razmatra potvrdio je u srijedu ministar znanosti i obrazovanja Radovan Fuchs, pi\u0161e\u00a0Slobodna Dalmacija. &#8211; Razgovaramo i dogovaramo varijantu da skinemo maske djeci u u\u010dionicama, [&hellip;]","og_url":"https:\/\/likemetkovic.hr\/maske-u-skolama-se-potpuno-ukidaju-a-ministarstvo-predlaze-i-vracanje-ucenickih-ekskurzija\/","og_site_name":"likemetkovic.hr","article_publisher":"https:\/\/www.facebook.com\/likemetkovic.hr\/","article_published_time":"2022-02-23T19:01:57+00:00","og_image":[{"width":800,"height":533,"url":"https:\/\/likemetkovic.hr\/wp-content\/uploads\/2020\/05\/\u0161kola-nastava-djeca.jpg","type":"image\/jpeg"}],"author":"LIKEmetkovic.hr","twitter_card":"summary_large_image","twitter_misc":{"Napisao\/la":"LIKEmetkovic.hr","Procijenjeno vrijeme \u010ditanja":"3 minute"},"schema":{"@context":"https:\/\/schema.org","@graph":[{"@type":"WebPage","@id":"https:\/\/likemetkovic.hr\/maske-u-skolama-se-potpuno-ukidaju-a-ministarstvo-predlaze-i-vracanje-ucenickih-ekskurzija\/","url":"https:\/\/likemetkovic.hr\/maske-u-skolama-se-potpuno-ukidaju-a-ministarstvo-predlaze-i-vracanje-ucenickih-ekskurzija\/","name":"Maske u \u0161kolama se potpuno ukidaju, a Ministarstvo predla\u017ee i vra\u0107anje u\u010deni\u010dkih ekskurzija? - likemetkovic.hr","isPartOf":{"@id":"https:\/\/likemetkovic.hr\/#website"},"primaryImageOfPage":{"@id":"https:\/\/likemetkovic.hr\/maske-u-skolama-se-potpuno-ukidaju-a-ministarstvo-predlaze-i-vracanje-ucenickih-ekskurzija\/#primaryimage"},"image":{"@id":"https:\/\/likemetkovic.hr\/maske-u-skolama-se-potpuno-ukidaju-a-ministarstvo-predlaze-i-vracanje-ucenickih-ekskurzija\/#primaryimage"},"thumbnailUrl":"https:\/\/likemetkovic.hr\/portal\/wp-content\/uploads\/2020\/05\/\u0161kola-nastava-djeca.jpg","datePublished":"2022-02-23T19:01:57+00:00","author":{"@id":"https:\/\/likemetkovic.hr\/#\/schema\/person\/a42711f3385a0e2be6f7e0443bfb28f0"},"breadcrumb":{"@id":"https:\/\/likemetkovic.hr\/maske-u-skolama-se-potpuno-ukidaju-a-ministarstvo-predlaze-i-vracanje-ucenickih-ekskurzija\/#breadcrumb"},"inLanguage":"hr","potentialAction":[{"@type":"ReadAction","target":["https:\/\/likemetkovic.hr\/maske-u-skolama-se-potpuno-ukidaju-a-ministarstvo-predlaze-i-vracanje-ucenickih-ekskurzija\/"]}]},{"@type":"ImageObject","inLanguage":"hr","@id":"https:\/\/likemetkovic.hr\/maske-u-skolama-se-potpuno-ukidaju-a-ministarstvo-predlaze-i-vracanje-ucenickih-ekskurzija\/#primaryimage","url":"https:\/\/likemetkovic.hr\/portal\/wp-content\/uploads\/2020\/05\/\u0161kola-nastava-djeca.jpg","contentUrl":"https:\/\/likemetkovic.hr\/portal\/wp-content\/uploads\/2020\/05\/\u0161kola-nastava-djeca.jpg","width":800,"height":533},{"@type":"BreadcrumbList","@id":"https:\/\/likemetkovic.hr\/maske-u-skolama-se-potpuno-ukidaju-a-ministarstvo-predlaze-i-vracanje-ucenickih-ekskurzija\/#breadcrumb","itemListElement":[{"@type":"ListItem","position":1,"name":"Po\u010detna stranica","item":"https:\/\/likemetkovic.hr\/portal\/"},{"@type":"ListItem","position":2,"name":"Maske u \u0161kolama se potpuno ukidaju, a Ministarstvo predla\u017ee i vra\u0107anje u\u010deni\u010dkih ekskurzija?"}]},{"@type":"WebSite","@id":"https:\/\/likemetkovic.hr\/#website","url":"https:\/\/likemetkovic.hr\/","name":"likemetkovic.hr","description":"Misli pozitivno... \u010ditaj LIKE","potentialAction":[{"@type":"SearchAction","target":{"@type":"EntryPoint","urlTemplate":"https:\/\/likemetkovic.hr\/?s={search_term_string}"},"query-input":{"@type":"PropertyValueSpecification","valueRequired":true,"valueName":"search_term_string"}}],"inLanguage":"hr"},{"@type":"Person","@id":"https:\/\/likemetkovic.hr\/#\/schema\/person\/a42711f3385a0e2be6f7e0443bfb28f0","name":"LIKEmetkovic.hr","sameAs":["http:\/\/likemetkovic.hr"],"url":"https:\/\/likemetkovic.hr\/portal\/author\/likemetkovic-hr\/"}]}},"_links":{"self":[{"href":"https:\/\/likemetkovic.hr\/portal\/wp-json\/wp\/v2\/posts\/128120","targetHints":{"allow":["GET"]}}],"collection":[{"href":"https:\/\/likemetkovic.hr\/portal\/wp-json\/wp\/v2\/posts"}],"about":[{"href":"https:\/\/likemetkovic.hr\/portal\/wp-json\/wp\/v2\/types\/post"}],"author":[{"embeddable":true,"href":"https:\/\/likemetkovic.hr\/portal\/wp-json\/wp\/v2\/users\/7"}],"replies":[{"embeddable":true,"href":"https:\/\/likemetkovic.hr\/portal\/wp-json\/wp\/v2\/comments?post=128120"}],"version-history":[{"count":1,"href":"https:\/\/likemetkovic.hr\/portal\/wp-json\/wp\/v2\/posts\/128120\/revisions"}],"predecessor-version":[{"id":128121,"href":"https:\/\/likemetkovic.hr\/portal\/wp-json\/wp\/v2\/posts\/128120\/revisions\/128121"}],"wp:featuredmedia":[{"embeddable":true,"href":"https:\/\/likemetkovic.hr\/portal\/wp-json\/wp\/v2\/media\/101211"}],"wp:attachment":[{"href":"https:\/\/likemetkovic.hr\/portal\/wp-json\/wp\/v2\/media?parent=128120"}],"wp:term":[{"taxonomy":"category","embeddable":true,"href":"https:\/\/likemetkovic.hr\/portal\/wp-json\/wp\/v2\/categories?post=128120"},{"taxonomy":"post_tag","embeddable":true,"href":"https:\/\/likemetkovic.hr\/portal\/wp-json\/wp\/v2\/tags?post=128120"}],"curies":[{"name":"wp","href":"https:\/\/api.w.org\/{rel}","templated":true}]}}