{"id":128184,"date":"2022-02-27T10:59:20","date_gmt":"2022-02-27T09:59:20","guid":{"rendered":"https:\/\/likemetkovic.hr\/?p=128184"},"modified":"2022-02-27T10:59:20","modified_gmt":"2022-02-27T09:59:20","slug":"dvd-kula-norinska-u-borbi-s-vatrenom-stihijom-na-podrucju-orepka-pozar-je-jos-aktivan","status":"publish","type":"post","link":"https:\/\/likemetkovic.hr\/portal\/dvd-kula-norinska-u-borbi-s-vatrenom-stihijom-na-podrucju-orepka-pozar-je-jos-aktivan\/","title":{"rendered":"DVD Kula Norinska u borbi s vatrenom stihijom na podru\u010dju Orepka, po\u017ear je jo\u0161 aktivan"},"content":{"rendered":"<p>Dobrovoljno vatrogasno dru\u0161tvo Kula Norinska je sino\u0107 interveniralo na po\u017eari\u0161tu na podru\u010dju Orepka u za\u0161ti\u0107enom ornitolo\u0161kom rezervatu. U intervenciji je sudjelovalo sedam vatrogasaca s tri vozila.<\/p>\n<p>&#8211; U po\u017earu koji je izbio dana 26.02.2022. godine oko 21,00 sat na predjelu Orepak u za\u0161ti\u0107enom ornitolo\u0161kom rezervatu izgorjelo je, po prvim informacijama, oko 100 ha. Vatrena stihija koja je harala cijelu no\u0107 u tri navrata je prebacivala dr\u017eavnu cestu D-62 te se po\u017ear pro\u0161irio i na brdo, no pravovremenom i brzom reakcijom vatrogasaca, po\u017ear je vrlo brzo stavljen pod nadzor i uga\u0161en.<\/p>\n<p>Za vrijeme ga\u0161enja cesta D-62 je u dva navrata bila zatvorena za promet vozilima. Meteo uvjeti koji su vladali cijelu no\u0107 na terenu (niska temperatura i izrazito jak vjetar) nisu bili od pomo\u0107i vatrogascima prilikom ga\u0161enja u kojem je sudjelovalo 8 vatrogasaca DVD Kula Norinska sa 3 vozila te u vremenu od 03,20 do 05,05 sati 2 djelatnika JVP Metkovi\u0107 sa 1 vozilom, a kojima se ovim putem i zahvaljujemo.<\/p>\n<p>Jutros u 07,00 sati vatrogasci DVD Kula Norinska su se povukli s terena i vratili u postrojbu, a dok je po\u017ear i dalje aktivan u nepristupa\u010dnom mo\u010dvarnom dijelu te \u0107e se isti nadzirati od strane vatrogasaca \u2013 napisali su na facebook stranici DVD Kula Norinska.<\/p>\n<p><iframe style=\"border: none; overflow: hidden;\" src=\"https:\/\/www.facebook.com\/plugins\/post.php?href=https%3A%2F%2Fwww.facebook.com%2Fpermalink.php%3Fstory_fbid%3D1988410644672089%26id%3D565280173651817&amp;show_text=true&amp;width=500\" width=\"500\" height=\"761\" frameborder=\"0\" scrolling=\"no\" allowfullscreen=\"allowfullscreen\"><\/iframe><\/p>\n","protected":false},"excerpt":{"rendered":"<p>Dobrovoljno vatrogasno dru\u0161tvo Kula Norinska je sino\u0107 interveniralo na po\u017eari\u0161tu na podru\u010dju Orepka u za\u0161ti\u0107enom ornitolo\u0161kom rezervatu. U intervenciji je sudjelovalo sedam vatrogasaca s tri vozila. &#8211; U po\u017earu koji je izbio dana 26.02.2022. godine oko 21,00 sat na predjelu Orepak u za\u0161ti\u0107enom ornitolo\u0161kom rezervatu izgorjelo je, po prvim informacijama, oko 100 ha. Vatrena stihija [&hellip;]<\/p>\n","protected":false},"author":9,"featured_media":128185,"comment_status":"open","ping_status":"open","sticky":false,"template":"","format":"standard","meta":{"footnotes":""},"categories":[283,11],"tags":[10423,10424,438],"class_list":{"0":"post-128184","1":"post","2":"type-post","3":"status-publish","4":"format-standard","5":"has-post-thumbnail","7":"category-a","8":"category-metkovic-dolina","9":"tag-dvd-kula-nornska","10":"tag-orepak","11":"tag-pozar"},"yoast_head":"<!-- This site is optimized with the Yoast SEO plugin v25.2 - https:\/\/yoast.com\/wordpress\/plugins\/seo\/ -->\n<title>DVD Kula Norinska u borbi s vatrenom stihijom na podru\u010dju Orepka, po\u017ear je jo\u0161 aktivan - likemetkovic.hr<\/title>\n<meta name=\"robots\" content=\"index, follow, max-snippet:-1, max-image-preview:large, max-video-preview:-1\" \/>\n<link rel=\"canonical\" href=\"https:\/\/likemetkovic.hr\/dvd-kula-norinska-u-borbi-s-vatrenom-stihijom-na-podrucju-orepka-pozar-je-jos-aktivan\/\" \/>\n<meta property=\"og:locale\" content=\"hr_HR\" \/>\n<meta property=\"og:type\" content=\"article\" \/>\n<meta property=\"og:title\" content=\"DVD Kula Norinska u borbi s vatrenom stihijom na podru\u010dju Orepka, po\u017ear je jo\u0161 aktivan - likemetkovic.hr\" \/>\n<meta property=\"og:description\" content=\"Dobrovoljno vatrogasno dru\u0161tvo Kula Norinska je sino\u0107 interveniralo na po\u017eari\u0161tu na podru\u010dju Orepka u za\u0161ti\u0107enom ornitolo\u0161kom rezervatu. U intervenciji je sudjelovalo sedam vatrogasaca s tri vozila. &#8211; U po\u017earu koji je izbio dana 26.02.2022. godine oko 21,00 sat na predjelu Orepak u za\u0161ti\u0107enom ornitolo\u0161kom rezervatu izgorjelo je, po prvim informacijama, oko 100 ha. Vatrena stihija [&hellip;]\" \/>\n<meta property=\"og:url\" content=\"https:\/\/likemetkovic.hr\/dvd-kula-norinska-u-borbi-s-vatrenom-stihijom-na-podrucju-orepka-pozar-je-jos-aktivan\/\" \/>\n<meta property=\"og:site_name\" content=\"likemetkovic.hr\" \/>\n<meta property=\"article:publisher\" content=\"https:\/\/www.facebook.com\/likemetkovic.hr\/\" \/>\n<meta property=\"article:published_time\" content=\"2022-02-27T09:59:20+00:00\" \/>\n<meta property=\"og:image\" content=\"https:\/\/likemetkovic.hr\/wp-content\/uploads\/2022\/02\/kula-norinska-vatrogasci.jpg\" \/>\n\t<meta property=\"og:image:width\" content=\"800\" \/>\n\t<meta property=\"og:image:height\" content=\"600\" \/>\n\t<meta property=\"og:image:type\" content=\"image\/jpeg\" \/>\n<meta name=\"author\" content=\"K. J.\" \/>\n<meta name=\"twitter:card\" content=\"summary_large_image\" \/>\n<meta name=\"twitter:label1\" content=\"Napisao\/la\" \/>\n\t<meta name=\"twitter:data1\" content=\"K. J.\" \/>\n\t<meta name=\"twitter:label2\" content=\"Procijenjeno vrijeme \u010ditanja\" \/>\n\t<meta name=\"twitter:data2\" content=\"1 minuta\" \/>\n<script type=\"application\/ld+json\" class=\"yoast-schema-graph\">{\"@context\":\"https:\/\/schema.org\",\"@graph\":[{\"@type\":\"WebPage\",\"@id\":\"https:\/\/likemetkovic.hr\/dvd-kula-norinska-u-borbi-s-vatrenom-stihijom-na-podrucju-orepka-pozar-je-jos-aktivan\/\",\"url\":\"https:\/\/likemetkovic.hr\/dvd-kula-norinska-u-borbi-s-vatrenom-stihijom-na-podrucju-orepka-pozar-je-jos-aktivan\/\",\"name\":\"DVD Kula Norinska u borbi s vatrenom stihijom na podru\u010dju Orepka, po\u017ear je jo\u0161 aktivan - likemetkovic.hr\",\"isPartOf\":{\"@id\":\"https:\/\/likemetkovic.hr\/#website\"},\"primaryImageOfPage\":{\"@id\":\"https:\/\/likemetkovic.hr\/dvd-kula-norinska-u-borbi-s-vatrenom-stihijom-na-podrucju-orepka-pozar-je-jos-aktivan\/#primaryimage\"},\"image\":{\"@id\":\"https:\/\/likemetkovic.hr\/dvd-kula-norinska-u-borbi-s-vatrenom-stihijom-na-podrucju-orepka-pozar-je-jos-aktivan\/#primaryimage\"},\"thumbnailUrl\":\"https:\/\/likemetkovic.hr\/portal\/wp-content\/uploads\/2022\/02\/kula-norinska-vatrogasci.jpg\",\"datePublished\":\"2022-02-27T09:59:20+00:00\",\"author\":{\"@id\":\"https:\/\/likemetkovic.hr\/#\/schema\/person\/0a8b4ebfdfe1ff01192dccda40c5da0c\"},\"breadcrumb\":{\"@id\":\"https:\/\/likemetkovic.hr\/dvd-kula-norinska-u-borbi-s-vatrenom-stihijom-na-podrucju-orepka-pozar-je-jos-aktivan\/#breadcrumb\"},\"inLanguage\":\"hr\",\"potentialAction\":[{\"@type\":\"ReadAction\",\"target\":[\"https:\/\/likemetkovic.hr\/dvd-kula-norinska-u-borbi-s-vatrenom-stihijom-na-podrucju-orepka-pozar-je-jos-aktivan\/\"]}]},{\"@type\":\"ImageObject\",\"inLanguage\":\"hr\",\"@id\":\"https:\/\/likemetkovic.hr\/dvd-kula-norinska-u-borbi-s-vatrenom-stihijom-na-podrucju-orepka-pozar-je-jos-aktivan\/#primaryimage\",\"url\":\"https:\/\/likemetkovic.hr\/portal\/wp-content\/uploads\/2022\/02\/kula-norinska-vatrogasci.jpg\",\"contentUrl\":\"https:\/\/likemetkovic.hr\/portal\/wp-content\/uploads\/2022\/02\/kula-norinska-vatrogasci.jpg\",\"width\":800,\"height\":600},{\"@type\":\"BreadcrumbList\",\"@id\":\"https:\/\/likemetkovic.hr\/dvd-kula-norinska-u-borbi-s-vatrenom-stihijom-na-podrucju-orepka-pozar-je-jos-aktivan\/#breadcrumb\",\"itemListElement\":[{\"@type\":\"ListItem\",\"position\":1,\"name\":\"Po\u010detna stranica\",\"item\":\"https:\/\/likemetkovic.hr\/portal\/\"},{\"@type\":\"ListItem\",\"position\":2,\"name\":\"DVD Kula Norinska u borbi s vatrenom stihijom na podru\u010dju Orepka, po\u017ear je jo\u0161 aktivan\"}]},{\"@type\":\"WebSite\",\"@id\":\"https:\/\/likemetkovic.hr\/#website\",\"url\":\"https:\/\/likemetkovic.hr\/\",\"name\":\"likemetkovic.hr\",\"description\":\"Misli pozitivno... \u010ditaj LIKE\",\"potentialAction\":[{\"@type\":\"SearchAction\",\"target\":{\"@type\":\"EntryPoint\",\"urlTemplate\":\"https:\/\/likemetkovic.hr\/?s={search_term_string}\"},\"query-input\":{\"@type\":\"PropertyValueSpecification\",\"valueRequired\":true,\"valueName\":\"search_term_string\"}}],\"inLanguage\":\"hr\"},{\"@type\":\"Person\",\"@id\":\"https:\/\/likemetkovic.hr\/#\/schema\/person\/0a8b4ebfdfe1ff01192dccda40c5da0c\",\"name\":\"K. J.\",\"url\":\"https:\/\/likemetkovic.hr\/portal\/author\/likemetkovic\/\"}]}<\/script>\n<!-- \/ Yoast SEO plugin. -->","yoast_head_json":{"title":"DVD Kula Norinska u borbi s vatrenom stihijom na podru\u010dju Orepka, po\u017ear je jo\u0161 aktivan - likemetkovic.hr","robots":{"index":"index","follow":"follow","max-snippet":"max-snippet:-1","max-image-preview":"max-image-preview:large","max-video-preview":"max-video-preview:-1"},"canonical":"https:\/\/likemetkovic.hr\/dvd-kula-norinska-u-borbi-s-vatrenom-stihijom-na-podrucju-orepka-pozar-je-jos-aktivan\/","og_locale":"hr_HR","og_type":"article","og_title":"DVD Kula Norinska u borbi s vatrenom stihijom na podru\u010dju Orepka, po\u017ear je jo\u0161 aktivan - likemetkovic.hr","og_description":"Dobrovoljno vatrogasno dru\u0161tvo Kula Norinska je sino\u0107 interveniralo na po\u017eari\u0161tu na podru\u010dju Orepka u za\u0161ti\u0107enom ornitolo\u0161kom rezervatu. U intervenciji je sudjelovalo sedam vatrogasaca s tri vozila. &#8211; U po\u017earu koji je izbio dana 26.02.2022. godine oko 21,00 sat na predjelu Orepak u za\u0161ti\u0107enom ornitolo\u0161kom rezervatu izgorjelo je, po prvim informacijama, oko 100 ha. Vatrena stihija [&hellip;]","og_url":"https:\/\/likemetkovic.hr\/dvd-kula-norinska-u-borbi-s-vatrenom-stihijom-na-podrucju-orepka-pozar-je-jos-aktivan\/","og_site_name":"likemetkovic.hr","article_publisher":"https:\/\/www.facebook.com\/likemetkovic.hr\/","article_published_time":"2022-02-27T09:59:20+00:00","og_image":[{"width":800,"height":600,"url":"https:\/\/likemetkovic.hr\/wp-content\/uploads\/2022\/02\/kula-norinska-vatrogasci.jpg","type":"image\/jpeg"}],"author":"K. J.","twitter_card":"summary_large_image","twitter_misc":{"Napisao\/la":"K. J.","Procijenjeno vrijeme \u010ditanja":"1 minuta"},"schema":{"@context":"https:\/\/schema.org","@graph":[{"@type":"WebPage","@id":"https:\/\/likemetkovic.hr\/dvd-kula-norinska-u-borbi-s-vatrenom-stihijom-na-podrucju-orepka-pozar-je-jos-aktivan\/","url":"https:\/\/likemetkovic.hr\/dvd-kula-norinska-u-borbi-s-vatrenom-stihijom-na-podrucju-orepka-pozar-je-jos-aktivan\/","name":"DVD Kula Norinska u borbi s vatrenom stihijom na podru\u010dju Orepka, po\u017ear je jo\u0161 aktivan - likemetkovic.hr","isPartOf":{"@id":"https:\/\/likemetkovic.hr\/#website"},"primaryImageOfPage":{"@id":"https:\/\/likemetkovic.hr\/dvd-kula-norinska-u-borbi-s-vatrenom-stihijom-na-podrucju-orepka-pozar-je-jos-aktivan\/#primaryimage"},"image":{"@id":"https:\/\/likemetkovic.hr\/dvd-kula-norinska-u-borbi-s-vatrenom-stihijom-na-podrucju-orepka-pozar-je-jos-aktivan\/#primaryimage"},"thumbnailUrl":"https:\/\/likemetkovic.hr\/portal\/wp-content\/uploads\/2022\/02\/kula-norinska-vatrogasci.jpg","datePublished":"2022-02-27T09:59:20+00:00","author":{"@id":"https:\/\/likemetkovic.hr\/#\/schema\/person\/0a8b4ebfdfe1ff01192dccda40c5da0c"},"breadcrumb":{"@id":"https:\/\/likemetkovic.hr\/dvd-kula-norinska-u-borbi-s-vatrenom-stihijom-na-podrucju-orepka-pozar-je-jos-aktivan\/#breadcrumb"},"inLanguage":"hr","potentialAction":[{"@type":"ReadAction","target":["https:\/\/likemetkovic.hr\/dvd-kula-norinska-u-borbi-s-vatrenom-stihijom-na-podrucju-orepka-pozar-je-jos-aktivan\/"]}]},{"@type":"ImageObject","inLanguage":"hr","@id":"https:\/\/likemetkovic.hr\/dvd-kula-norinska-u-borbi-s-vatrenom-stihijom-na-podrucju-orepka-pozar-je-jos-aktivan\/#primaryimage","url":"https:\/\/likemetkovic.hr\/portal\/wp-content\/uploads\/2022\/02\/kula-norinska-vatrogasci.jpg","contentUrl":"https:\/\/likemetkovic.hr\/portal\/wp-content\/uploads\/2022\/02\/kula-norinska-vatrogasci.jpg","width":800,"height":600},{"@type":"BreadcrumbList","@id":"https:\/\/likemetkovic.hr\/dvd-kula-norinska-u-borbi-s-vatrenom-stihijom-na-podrucju-orepka-pozar-je-jos-aktivan\/#breadcrumb","itemListElement":[{"@type":"ListItem","position":1,"name":"Po\u010detna stranica","item":"https:\/\/likemetkovic.hr\/portal\/"},{"@type":"ListItem","position":2,"name":"DVD Kula Norinska u borbi s vatrenom stihijom na podru\u010dju Orepka, po\u017ear je jo\u0161 aktivan"}]},{"@type":"WebSite","@id":"https:\/\/likemetkovic.hr\/#website","url":"https:\/\/likemetkovic.hr\/","name":"likemetkovic.hr","description":"Misli pozitivno... \u010ditaj LIKE","potentialAction":[{"@type":"SearchAction","target":{"@type":"EntryPoint","urlTemplate":"https:\/\/likemetkovic.hr\/?s={search_term_string}"},"query-input":{"@type":"PropertyValueSpecification","valueRequired":true,"valueName":"search_term_string"}}],"inLanguage":"hr"},{"@type":"Person","@id":"https:\/\/likemetkovic.hr\/#\/schema\/person\/0a8b4ebfdfe1ff01192dccda40c5da0c","name":"K. J.","url":"https:\/\/likemetkovic.hr\/portal\/author\/likemetkovic\/"}]}},"_links":{"self":[{"href":"https:\/\/likemetkovic.hr\/portal\/wp-json\/wp\/v2\/posts\/128184","targetHints":{"allow":["GET"]}}],"collection":[{"href":"https:\/\/likemetkovic.hr\/portal\/wp-json\/wp\/v2\/posts"}],"about":[{"href":"https:\/\/likemetkovic.hr\/portal\/wp-json\/wp\/v2\/types\/post"}],"author":[{"embeddable":true,"href":"https:\/\/likemetkovic.hr\/portal\/wp-json\/wp\/v2\/users\/9"}],"replies":[{"embeddable":true,"href":"https:\/\/likemetkovic.hr\/portal\/wp-json\/wp\/v2\/comments?post=128184"}],"version-history":[{"count":1,"href":"https:\/\/likemetkovic.hr\/portal\/wp-json\/wp\/v2\/posts\/128184\/revisions"}],"predecessor-version":[{"id":128186,"href":"https:\/\/likemetkovic.hr\/portal\/wp-json\/wp\/v2\/posts\/128184\/revisions\/128186"}],"wp:featuredmedia":[{"embeddable":true,"href":"https:\/\/likemetkovic.hr\/portal\/wp-json\/wp\/v2\/media\/128185"}],"wp:attachment":[{"href":"https:\/\/likemetkovic.hr\/portal\/wp-json\/wp\/v2\/media?parent=128184"}],"wp:term":[{"taxonomy":"category","embeddable":true,"href":"https:\/\/likemetkovic.hr\/portal\/wp-json\/wp\/v2\/categories?post=128184"},{"taxonomy":"post_tag","embeddable":true,"href":"https:\/\/likemetkovic.hr\/portal\/wp-json\/wp\/v2\/tags?post=128184"}],"curies":[{"name":"wp","href":"https:\/\/api.w.org\/{rel}","templated":true}]}}