{"id":128193,"date":"2022-02-27T20:08:40","date_gmt":"2022-02-27T19:08:40","guid":{"rendered":"https:\/\/likemetkovic.hr\/?p=128193"},"modified":"2022-02-27T20:08:58","modified_gmt":"2022-02-27T19:08:58","slug":"poklade-odrzana-komemoracija-u-spomen-marka-krnjevala","status":"publish","type":"post","link":"https:\/\/likemetkovic.hr\/portal\/poklade-odrzana-komemoracija-u-spomen-marka-krnjevala\/","title":{"rendered":"POKLADE | Odr\u017eana komemoracija u spomen Marka Krnjevala"},"content":{"rendered":"<p data-uw-styling-context=\"true\">Povorka s lijesom Marka Krnjevala, kojega je nepoznati po\u010dinitelj zapalio u no\u0107i s petka na subotu, danas je pro\u0161la od Gradske sportske dvorane do Gradskoga parka.<\/p>\n<p data-uw-styling-context=\"true\">Marka su pratili \u010dlanovi Pokladnoga dru\u0161tva Metkovi\u0107, Gradske glazbe Metkovi\u0107 te neutje\u0161ni sugra\u0111ani. Posmrtni ostatci Marka smje\u0161teni su sredi\u0161tu Gradskoga parka, gdje je organizirana i da\u0107a, uz krafne i banane, a sahrana \u0107e biti u utorak, 1. o\u017eujka na Maloj rivi u 19 sati, pi\u0161e <a href=\"https:\/\/www.metkovic.hr\/2022\/02\/27\/lijes-marka-krnjevala-u-gradskome-parku-sahrana-je-u-utorak\/\" target=\"_blank\" rel=\"noopener\">metkovic.hr<\/a>.<\/p>\n\r\n                <style type=\"text\/css\">\r\n                    \r\n                    #tdi_1  .td-doubleSlider-2 .td-item1 {\r\n                        background: url(https:\/\/likemetkovic.hr\/portal\/wp-content\/uploads\/2022\/02\/maskare-2-80x60.jpg) 0 0 no-repeat;\r\n                    }\r\n                    #tdi_1  .td-doubleSlider-2 .td-item2 {\r\n                        background: url(https:\/\/likemetkovic.hr\/portal\/wp-content\/uploads\/2022\/02\/maskare-4-80x60.jpg) 0 0 no-repeat;\r\n                    }\r\n                <\/style>\r\n\r\n                <div id=\"tdi_1\" class=\"td-gallery td-slide-on-2-columns\">\r\n                    <div class=\"post_td_gallery\">\r\n                        <div class=\"td-gallery-slide-top\">\r\n                           <div class=\"td-gallery-title\"><\/div>\r\n\r\n                            <div class=\"td-gallery-controls-wrapper\">\r\n                                <div class=\"td-gallery-slide-count\"><span class=\"td-gallery-slide-item-focus\">1<\/span> of 2<\/div>\r\n                                <div class=\"td-gallery-slide-prev-next-but\">\r\n                                    <i class = \"td-icon-left doubleSliderPrevButton\"><\/i>\r\n                                    <i class = \"td-icon-right doubleSliderNextButton\"><\/i>\r\n                                <\/div>\r\n                            <\/div>\r\n                        <\/div>\r\n\r\n                        <div class = \"td-doubleSlider-1 \">\r\n                            <div class = \"td-slider\">\r\n                                \r\n                    <div class = \"td-slide-item td-item1\">\r\n                        <figure class=\"td-slide-galery-figure td-slide-popup-gallery\">\r\n                            <a class=\"slide-gallery-image-link\" href=\"https:\/\/likemetkovic.hr\/portal\/wp-content\/uploads\/2022\/02\/maskare-2.jpg\" title=\"maskare-2\"  data-caption=\"\"  data-description=\"\">\r\n                                <img decoding=\"async\" src=\"https:\/\/likemetkovic.hr\/portal\/wp-content\/uploads\/2022\/02\/maskare-2-630x420.jpg\" srcset=\"https:\/\/likemetkovic.hr\/portal\/wp-content\/uploads\/2022\/02\/maskare-2-630x420.jpg 630w, https:\/\/likemetkovic.hr\/portal\/wp-content\/uploads\/2022\/02\/maskare-2-768x512.jpg 768w, https:\/\/likemetkovic.hr\/portal\/wp-content\/uploads\/2022\/02\/maskare-2-696x464.jpg 696w, https:\/\/likemetkovic.hr\/portal\/wp-content\/uploads\/2022\/02\/maskare-2.jpg 800w\" sizes=\"(max-width: 630px) 100vw, 630px\" alt=\"\">\r\n                            <\/a>\r\n                            \r\n                        <\/figure>\r\n                    <\/div>\r\n                    <div class = \"td-slide-item td-item2\">\r\n                        <figure class=\"td-slide-galery-figure td-slide-popup-gallery\">\r\n                            <a class=\"slide-gallery-image-link\" href=\"https:\/\/likemetkovic.hr\/portal\/wp-content\/uploads\/2022\/02\/maskare-4.jpg\" title=\"maskare-4\"  data-caption=\"\"  data-description=\"\">\r\n                                <img decoding=\"async\" src=\"https:\/\/likemetkovic.hr\/portal\/wp-content\/uploads\/2022\/02\/maskare-4-630x420.jpg\" srcset=\"https:\/\/likemetkovic.hr\/portal\/wp-content\/uploads\/2022\/02\/maskare-4-630x420.jpg 630w, https:\/\/likemetkovic.hr\/portal\/wp-content\/uploads\/2022\/02\/maskare-4-768x512.jpg 768w, https:\/\/likemetkovic.hr\/portal\/wp-content\/uploads\/2022\/02\/maskare-4-696x464.jpg 696w, https:\/\/likemetkovic.hr\/portal\/wp-content\/uploads\/2022\/02\/maskare-4.jpg 800w\" sizes=\"(max-width: 630px) 100vw, 630px\" alt=\"\">\r\n                            <\/a>\r\n                            \r\n                        <\/figure>\r\n                    <\/div>\r\n                            <\/div>\r\n                        <\/div>\r\n\r\n                        <div class = \"td-doubleSlider-2\">\r\n                            <div class = \"td-slider\">\r\n                                \r\n                    <div class = \"td-button td-item1\">\r\n                        <div class = \"td-border\"><\/div>\r\n                    <\/div>\r\n                    <div class = \"td-button td-item2\">\r\n                        <div class = \"td-border\"><\/div>\r\n                    <\/div>\r\n                            <\/div>\r\n                        <\/div>\r\n\r\n                    <\/div>\r\n\r\n                <\/div>\r\n                \n<p>Foto: metkovic.hr<\/p>\n","protected":false},"excerpt":{"rendered":"<p>Povorka s lijesom Marka Krnjevala, kojega je nepoznati po\u010dinitelj zapalio u no\u0107i s petka na subotu, danas je pro\u0161la od Gradske sportske dvorane do Gradskoga parka. Marka su pratili \u010dlanovi Pokladnoga dru\u0161tva Metkovi\u0107, Gradske glazbe Metkovi\u0107 te neutje\u0161ni sugra\u0111ani. Posmrtni ostatci Marka smje\u0161teni su sredi\u0161tu Gradskoga parka, gdje je organizirana i da\u0107a, uz krafne i [&hellip;]<\/p>\n","protected":false},"author":7,"featured_media":128196,"comment_status":"open","ping_status":"open","sticky":false,"template":"","format":"standard","meta":{"footnotes":""},"categories":[283,11],"tags":[10377],"class_list":{"0":"post-128193","1":"post","2":"type-post","3":"status-publish","4":"format-standard","5":"has-post-thumbnail","7":"category-a","8":"category-metkovic-dolina","9":"tag-poklade-2022"},"yoast_head":"<!-- This site is optimized with the Yoast SEO plugin v25.2 - https:\/\/yoast.com\/wordpress\/plugins\/seo\/ -->\n<title>POKLADE | Odr\u017eana komemoracija u spomen Marka Krnjevala - likemetkovic.hr<\/title>\n<meta name=\"robots\" content=\"index, follow, max-snippet:-1, max-image-preview:large, max-video-preview:-1\" \/>\n<link rel=\"canonical\" href=\"https:\/\/likemetkovic.hr\/poklade-odrzana-komemoracija-u-spomen-marka-krnjevala\/\" \/>\n<meta property=\"og:locale\" content=\"hr_HR\" \/>\n<meta property=\"og:type\" content=\"article\" \/>\n<meta property=\"og:title\" content=\"POKLADE | Odr\u017eana komemoracija u spomen Marka Krnjevala - likemetkovic.hr\" \/>\n<meta property=\"og:description\" content=\"Povorka s lijesom Marka Krnjevala, kojega je nepoznati po\u010dinitelj zapalio u no\u0107i s petka na subotu, danas je pro\u0161la od Gradske sportske dvorane do Gradskoga parka. Marka su pratili \u010dlanovi Pokladnoga dru\u0161tva Metkovi\u0107, Gradske glazbe Metkovi\u0107 te neutje\u0161ni sugra\u0111ani. Posmrtni ostatci Marka smje\u0161teni su sredi\u0161tu Gradskoga parka, gdje je organizirana i da\u0107a, uz krafne i [&hellip;]\" \/>\n<meta property=\"og:url\" content=\"https:\/\/likemetkovic.hr\/poklade-odrzana-komemoracija-u-spomen-marka-krnjevala\/\" \/>\n<meta property=\"og:site_name\" content=\"likemetkovic.hr\" \/>\n<meta property=\"article:publisher\" content=\"https:\/\/www.facebook.com\/likemetkovic.hr\/\" \/>\n<meta property=\"article:published_time\" content=\"2022-02-27T19:08:40+00:00\" \/>\n<meta property=\"article:modified_time\" content=\"2022-02-27T19:08:58+00:00\" \/>\n<meta property=\"og:image\" content=\"https:\/\/likemetkovic.hr\/wp-content\/uploads\/2022\/02\/maskare-7.jpg\" \/>\n\t<meta property=\"og:image:width\" content=\"800\" \/>\n\t<meta property=\"og:image:height\" content=\"533\" \/>\n\t<meta property=\"og:image:type\" content=\"image\/jpeg\" \/>\n<meta name=\"author\" content=\"LIKEmetkovic.hr\" \/>\n<meta name=\"twitter:card\" content=\"summary_large_image\" \/>\n<meta name=\"twitter:label1\" content=\"Napisao\/la\" \/>\n\t<meta name=\"twitter:data1\" content=\"LIKEmetkovic.hr\" \/>\n\t<meta name=\"twitter:label2\" content=\"Procijenjeno vrijeme \u010ditanja\" \/>\n\t<meta name=\"twitter:data2\" content=\"1 minuta\" \/>\n<script type=\"application\/ld+json\" class=\"yoast-schema-graph\">{\"@context\":\"https:\/\/schema.org\",\"@graph\":[{\"@type\":\"WebPage\",\"@id\":\"https:\/\/likemetkovic.hr\/poklade-odrzana-komemoracija-u-spomen-marka-krnjevala\/\",\"url\":\"https:\/\/likemetkovic.hr\/poklade-odrzana-komemoracija-u-spomen-marka-krnjevala\/\",\"name\":\"POKLADE | Odr\u017eana komemoracija u spomen Marka Krnjevala - likemetkovic.hr\",\"isPartOf\":{\"@id\":\"https:\/\/likemetkovic.hr\/#website\"},\"primaryImageOfPage\":{\"@id\":\"https:\/\/likemetkovic.hr\/poklade-odrzana-komemoracija-u-spomen-marka-krnjevala\/#primaryimage\"},\"image\":{\"@id\":\"https:\/\/likemetkovic.hr\/poklade-odrzana-komemoracija-u-spomen-marka-krnjevala\/#primaryimage\"},\"thumbnailUrl\":\"https:\/\/likemetkovic.hr\/portal\/wp-content\/uploads\/2022\/02\/maskare-7.jpg\",\"datePublished\":\"2022-02-27T19:08:40+00:00\",\"dateModified\":\"2022-02-27T19:08:58+00:00\",\"author\":{\"@id\":\"https:\/\/likemetkovic.hr\/#\/schema\/person\/a42711f3385a0e2be6f7e0443bfb28f0\"},\"breadcrumb\":{\"@id\":\"https:\/\/likemetkovic.hr\/poklade-odrzana-komemoracija-u-spomen-marka-krnjevala\/#breadcrumb\"},\"inLanguage\":\"hr\",\"potentialAction\":[{\"@type\":\"ReadAction\",\"target\":[\"https:\/\/likemetkovic.hr\/poklade-odrzana-komemoracija-u-spomen-marka-krnjevala\/\"]}]},{\"@type\":\"ImageObject\",\"inLanguage\":\"hr\",\"@id\":\"https:\/\/likemetkovic.hr\/poklade-odrzana-komemoracija-u-spomen-marka-krnjevala\/#primaryimage\",\"url\":\"https:\/\/likemetkovic.hr\/portal\/wp-content\/uploads\/2022\/02\/maskare-7.jpg\",\"contentUrl\":\"https:\/\/likemetkovic.hr\/portal\/wp-content\/uploads\/2022\/02\/maskare-7.jpg\",\"width\":800,\"height\":533},{\"@type\":\"BreadcrumbList\",\"@id\":\"https:\/\/likemetkovic.hr\/poklade-odrzana-komemoracija-u-spomen-marka-krnjevala\/#breadcrumb\",\"itemListElement\":[{\"@type\":\"ListItem\",\"position\":1,\"name\":\"Po\u010detna stranica\",\"item\":\"https:\/\/likemetkovic.hr\/portal\/\"},{\"@type\":\"ListItem\",\"position\":2,\"name\":\"POKLADE | Odr\u017eana komemoracija u spomen Marka Krnjevala\"}]},{\"@type\":\"WebSite\",\"@id\":\"https:\/\/likemetkovic.hr\/#website\",\"url\":\"https:\/\/likemetkovic.hr\/\",\"name\":\"likemetkovic.hr\",\"description\":\"Misli pozitivno... \u010ditaj LIKE\",\"potentialAction\":[{\"@type\":\"SearchAction\",\"target\":{\"@type\":\"EntryPoint\",\"urlTemplate\":\"https:\/\/likemetkovic.hr\/?s={search_term_string}\"},\"query-input\":{\"@type\":\"PropertyValueSpecification\",\"valueRequired\":true,\"valueName\":\"search_term_string\"}}],\"inLanguage\":\"hr\"},{\"@type\":\"Person\",\"@id\":\"https:\/\/likemetkovic.hr\/#\/schema\/person\/a42711f3385a0e2be6f7e0443bfb28f0\",\"name\":\"LIKEmetkovic.hr\",\"sameAs\":[\"http:\/\/likemetkovic.hr\"],\"url\":\"https:\/\/likemetkovic.hr\/portal\/author\/likemetkovic-hr\/\"}]}<\/script>\n<!-- \/ Yoast SEO plugin. -->","yoast_head_json":{"title":"POKLADE | Odr\u017eana komemoracija u spomen Marka Krnjevala - likemetkovic.hr","robots":{"index":"index","follow":"follow","max-snippet":"max-snippet:-1","max-image-preview":"max-image-preview:large","max-video-preview":"max-video-preview:-1"},"canonical":"https:\/\/likemetkovic.hr\/poklade-odrzana-komemoracija-u-spomen-marka-krnjevala\/","og_locale":"hr_HR","og_type":"article","og_title":"POKLADE | Odr\u017eana komemoracija u spomen Marka Krnjevala - likemetkovic.hr","og_description":"Povorka s lijesom Marka Krnjevala, kojega je nepoznati po\u010dinitelj zapalio u no\u0107i s petka na subotu, danas je pro\u0161la od Gradske sportske dvorane do Gradskoga parka. Marka su pratili \u010dlanovi Pokladnoga dru\u0161tva Metkovi\u0107, Gradske glazbe Metkovi\u0107 te neutje\u0161ni sugra\u0111ani. Posmrtni ostatci Marka smje\u0161teni su sredi\u0161tu Gradskoga parka, gdje je organizirana i da\u0107a, uz krafne i [&hellip;]","og_url":"https:\/\/likemetkovic.hr\/poklade-odrzana-komemoracija-u-spomen-marka-krnjevala\/","og_site_name":"likemetkovic.hr","article_publisher":"https:\/\/www.facebook.com\/likemetkovic.hr\/","article_published_time":"2022-02-27T19:08:40+00:00","article_modified_time":"2022-02-27T19:08:58+00:00","og_image":[{"width":800,"height":533,"url":"https:\/\/likemetkovic.hr\/wp-content\/uploads\/2022\/02\/maskare-7.jpg","type":"image\/jpeg"}],"author":"LIKEmetkovic.hr","twitter_card":"summary_large_image","twitter_misc":{"Napisao\/la":"LIKEmetkovic.hr","Procijenjeno vrijeme \u010ditanja":"1 minuta"},"schema":{"@context":"https:\/\/schema.org","@graph":[{"@type":"WebPage","@id":"https:\/\/likemetkovic.hr\/poklade-odrzana-komemoracija-u-spomen-marka-krnjevala\/","url":"https:\/\/likemetkovic.hr\/poklade-odrzana-komemoracija-u-spomen-marka-krnjevala\/","name":"POKLADE | Odr\u017eana komemoracija u spomen Marka Krnjevala - likemetkovic.hr","isPartOf":{"@id":"https:\/\/likemetkovic.hr\/#website"},"primaryImageOfPage":{"@id":"https:\/\/likemetkovic.hr\/poklade-odrzana-komemoracija-u-spomen-marka-krnjevala\/#primaryimage"},"image":{"@id":"https:\/\/likemetkovic.hr\/poklade-odrzana-komemoracija-u-spomen-marka-krnjevala\/#primaryimage"},"thumbnailUrl":"https:\/\/likemetkovic.hr\/portal\/wp-content\/uploads\/2022\/02\/maskare-7.jpg","datePublished":"2022-02-27T19:08:40+00:00","dateModified":"2022-02-27T19:08:58+00:00","author":{"@id":"https:\/\/likemetkovic.hr\/#\/schema\/person\/a42711f3385a0e2be6f7e0443bfb28f0"},"breadcrumb":{"@id":"https:\/\/likemetkovic.hr\/poklade-odrzana-komemoracija-u-spomen-marka-krnjevala\/#breadcrumb"},"inLanguage":"hr","potentialAction":[{"@type":"ReadAction","target":["https:\/\/likemetkovic.hr\/poklade-odrzana-komemoracija-u-spomen-marka-krnjevala\/"]}]},{"@type":"ImageObject","inLanguage":"hr","@id":"https:\/\/likemetkovic.hr\/poklade-odrzana-komemoracija-u-spomen-marka-krnjevala\/#primaryimage","url":"https:\/\/likemetkovic.hr\/portal\/wp-content\/uploads\/2022\/02\/maskare-7.jpg","contentUrl":"https:\/\/likemetkovic.hr\/portal\/wp-content\/uploads\/2022\/02\/maskare-7.jpg","width":800,"height":533},{"@type":"BreadcrumbList","@id":"https:\/\/likemetkovic.hr\/poklade-odrzana-komemoracija-u-spomen-marka-krnjevala\/#breadcrumb","itemListElement":[{"@type":"ListItem","position":1,"name":"Po\u010detna stranica","item":"https:\/\/likemetkovic.hr\/portal\/"},{"@type":"ListItem","position":2,"name":"POKLADE | Odr\u017eana komemoracija u spomen Marka Krnjevala"}]},{"@type":"WebSite","@id":"https:\/\/likemetkovic.hr\/#website","url":"https:\/\/likemetkovic.hr\/","name":"likemetkovic.hr","description":"Misli pozitivno... \u010ditaj LIKE","potentialAction":[{"@type":"SearchAction","target":{"@type":"EntryPoint","urlTemplate":"https:\/\/likemetkovic.hr\/?s={search_term_string}"},"query-input":{"@type":"PropertyValueSpecification","valueRequired":true,"valueName":"search_term_string"}}],"inLanguage":"hr"},{"@type":"Person","@id":"https:\/\/likemetkovic.hr\/#\/schema\/person\/a42711f3385a0e2be6f7e0443bfb28f0","name":"LIKEmetkovic.hr","sameAs":["http:\/\/likemetkovic.hr"],"url":"https:\/\/likemetkovic.hr\/portal\/author\/likemetkovic-hr\/"}]}},"_links":{"self":[{"href":"https:\/\/likemetkovic.hr\/portal\/wp-json\/wp\/v2\/posts\/128193","targetHints":{"allow":["GET"]}}],"collection":[{"href":"https:\/\/likemetkovic.hr\/portal\/wp-json\/wp\/v2\/posts"}],"about":[{"href":"https:\/\/likemetkovic.hr\/portal\/wp-json\/wp\/v2\/types\/post"}],"author":[{"embeddable":true,"href":"https:\/\/likemetkovic.hr\/portal\/wp-json\/wp\/v2\/users\/7"}],"replies":[{"embeddable":true,"href":"https:\/\/likemetkovic.hr\/portal\/wp-json\/wp\/v2\/comments?post=128193"}],"version-history":[{"count":2,"href":"https:\/\/likemetkovic.hr\/portal\/wp-json\/wp\/v2\/posts\/128193\/revisions"}],"predecessor-version":[{"id":128198,"href":"https:\/\/likemetkovic.hr\/portal\/wp-json\/wp\/v2\/posts\/128193\/revisions\/128198"}],"wp:featuredmedia":[{"embeddable":true,"href":"https:\/\/likemetkovic.hr\/portal\/wp-json\/wp\/v2\/media\/128196"}],"wp:attachment":[{"href":"https:\/\/likemetkovic.hr\/portal\/wp-json\/wp\/v2\/media?parent=128193"}],"wp:term":[{"taxonomy":"category","embeddable":true,"href":"https:\/\/likemetkovic.hr\/portal\/wp-json\/wp\/v2\/categories?post=128193"},{"taxonomy":"post_tag","embeddable":true,"href":"https:\/\/likemetkovic.hr\/portal\/wp-json\/wp\/v2\/tags?post=128193"}],"curies":[{"name":"wp","href":"https:\/\/api.w.org\/{rel}","templated":true}]}}