{"id":128204,"date":"2022-02-28T07:36:02","date_gmt":"2022-02-28T06:36:02","guid":{"rendered":"https:\/\/likemetkovic.hr\/?p=128204"},"modified":"2022-02-28T07:36:02","modified_gmt":"2022-02-28T06:36:02","slug":"neven-mataga-i-zeljko-bjelis-kandidati-za-skupstinu-hrvatske-poljoprivredne-komore","status":"publish","type":"post","link":"https:\/\/likemetkovic.hr\/portal\/neven-mataga-i-zeljko-bjelis-kandidati-za-skupstinu-hrvatske-poljoprivredne-komore\/","title":{"rendered":"Neven Mataga i \u017deljko Bjeli\u0161 kandidati za skup\u0161tinu Hrvatske poljoprivredne  komore"},"content":{"rendered":"<p>Hrvatska poljoprivredna komora pokrenula je proces on line glasovanja za kandidate u skup\u0161tinu Hrvatske poljoprivredne komore koje traje do sutra (ponedjeljak 28.velja\u010de) do 12.00 sati. Iz HPK pozivaju bira\u010de da u \u0161to ve\u0107em broju pristupe on line izborima i glasaju za svoje kandidate. Podsje\u0107aju da su poljoprivrednici na svoje svoje e-mail adrese dobili upute od Fair Vota-a kako glasovati, javlja Dubrovacki vjesnik<\/p>\n<p>Na elektroni\u010dkom birali\u0161tu koje se zatvara sutra u podne za kandidate iz jedne \u017eupanije mogu glasati bira\u010di samo iz te \u017eupanije.<\/p>\n<p>Bira\u010di mogu ozna\u010diti isti ili manji broj kandidata nego \u0161to je navedeno na glasa\u010dkom listi\u0107u za svaku \u017eupaniju.<\/p>\n<p>Popis kandidata i njihov \u017eivotopis mo\u017eete prona\u0107i na sljede\u0107em<a href=\"https:\/\/komora.hr\/izbori\/\">\u00a0linku<\/a>.<\/p>\n<p>Biranjem svojih predstavnika birate i budu\u0107nost hrvatske poljoprivrede-poru\u010duju iz HPK<\/p>\n<p>Bira\u010di na ovom elektroni\u010dkom birali\u0161tu su svi obavezni i dobrovoljni \u010dlanovi Hrvatske poljoprivredne komore koji su kao takvi evidentirani na dan 31.12.2021. godine sukladno \u010dlanku 7. Zakona o Hrvatskoj poljoprivrednoj komori te Pravilnika za provo\u0111enje izbora HPK.<\/p>\n<p>Iz HPK podsje\u0107aju kako je na dan 30.01.2022. pristiglo ukupno 103 prijave, od kojih je 95 pravovaljanih, a 8 je odbijeno. Najvi\u0161e kandidata je u Osje\u010dko-baranjskoj \u017eupaniji, a najmanje u Viroviti\u010dko-podravskoj, dok dvije \u017eupanije nisu imale kandidate i to Primorsko-goranska i Istarska \u017eupanija. Na predstoje\u0107im izborima za delegate u Skup\u0161tini HPK pravo glasa ima oko 58.000 OPG-a. Od ukupnog broja kandidata 10 je \u017eena i 85 mu\u0161karaca, dok je primjerice mladih poljoprivrednika do 40 godina ukupno 34 kandidata (5 \u017eenskih i 29 mu\u0161ka kandidata). Starijih od 65 godina je 7 potencijalnih kandidata za delegate u skup\u0161tini.<\/p>\n<p>Sa podru\u010dja Dalmacije za skup\u0161tinu HPK natje\u010de se deset kandidata.<\/p>\n<p>Iz Dubrova\u010dko-neretvanske \u017eupanije, Neven Mataga i \u017deljko Bjeli\u0161, Splitsko-dalmatinske Teo \u0160anti\u0107 i Velimir Mratini\u0107, \u0160ibensko-kninske, Marijana Podrug i Petar Baranovi\u0107 te Zadarske \u017eupanije, Antonio Buljanovi\u0107, Damir Pernar, Slavko \u0160are i Vedran Donadi\u0107.<\/p>\n<p>Pi\u0161e: Stanislav Soldo\/Dubrova\u010dki vjesnik<\/p>\n","protected":false},"excerpt":{"rendered":"<p>Hrvatska poljoprivredna komora pokrenula je proces on line glasovanja za kandidate u skup\u0161tinu Hrvatske poljoprivredne komore koje traje do sutra (ponedjeljak 28.velja\u010de) do 12.00 sati. Iz HPK pozivaju bira\u010de da u \u0161to ve\u0107em broju pristupe on line izborima i glasaju za svoje kandidate. Podsje\u0107aju da su poljoprivrednici na svoje svoje e-mail adrese dobili upute od [&hellip;]<\/p>\n","protected":false},"author":7,"featured_media":113613,"comment_status":"open","ping_status":"open","sticky":false,"template":"","format":"standard","meta":{"footnotes":""},"categories":[296,837],"tags":[9026,10429,3665],"class_list":{"0":"post-128204","1":"post","2":"type-post","3":"status-publish","4":"format-standard","5":"has-post-thumbnail","7":"category-ab","8":"category-poljoprivreda","9":"tag-hrvatska-poljoprivredna-komora","10":"tag-neven-mataga","11":"tag-zeljko-bjelis"},"yoast_head":"<!-- This site is optimized with the Yoast SEO plugin v25.2 - https:\/\/yoast.com\/wordpress\/plugins\/seo\/ -->\n<title>Neven Mataga i \u017deljko Bjeli\u0161 kandidati za skup\u0161tinu Hrvatske poljoprivredne komore - likemetkovic.hr<\/title>\n<meta name=\"robots\" content=\"index, follow, max-snippet:-1, max-image-preview:large, max-video-preview:-1\" \/>\n<link rel=\"canonical\" href=\"https:\/\/likemetkovic.hr\/neven-mataga-i-zeljko-bjelis-kandidati-za-skupstinu-hrvatske-poljoprivredne-komore\/\" \/>\n<meta property=\"og:locale\" content=\"hr_HR\" \/>\n<meta property=\"og:type\" content=\"article\" \/>\n<meta property=\"og:title\" content=\"Neven Mataga i \u017deljko Bjeli\u0161 kandidati za skup\u0161tinu Hrvatske poljoprivredne komore - likemetkovic.hr\" \/>\n<meta property=\"og:description\" content=\"Hrvatska poljoprivredna komora pokrenula je proces on line glasovanja za kandidate u skup\u0161tinu Hrvatske poljoprivredne komore koje traje do sutra (ponedjeljak 28.velja\u010de) do 12.00 sati. Iz HPK pozivaju bira\u010de da u \u0161to ve\u0107em broju pristupe on line izborima i glasaju za svoje kandidate. Podsje\u0107aju da su poljoprivrednici na svoje svoje e-mail adrese dobili upute od [&hellip;]\" \/>\n<meta property=\"og:url\" content=\"https:\/\/likemetkovic.hr\/neven-mataga-i-zeljko-bjelis-kandidati-za-skupstinu-hrvatske-poljoprivredne-komore\/\" \/>\n<meta property=\"og:site_name\" content=\"likemetkovic.hr\" \/>\n<meta property=\"article:publisher\" content=\"https:\/\/www.facebook.com\/likemetkovic.hr\/\" \/>\n<meta property=\"article:published_time\" content=\"2022-02-28T06:36:02+00:00\" \/>\n<meta property=\"og:image\" content=\"https:\/\/likemetkovic.hr\/wp-content\/uploads\/2021\/02\/poljoprivreda.jpg\" \/>\n\t<meta property=\"og:image:width\" content=\"899\" \/>\n\t<meta property=\"og:image:height\" content=\"592\" \/>\n\t<meta property=\"og:image:type\" content=\"image\/jpeg\" \/>\n<meta name=\"author\" content=\"LIKEmetkovic.hr\" \/>\n<meta name=\"twitter:card\" content=\"summary_large_image\" \/>\n<meta name=\"twitter:label1\" content=\"Napisao\/la\" \/>\n\t<meta name=\"twitter:data1\" content=\"LIKEmetkovic.hr\" \/>\n\t<meta name=\"twitter:label2\" content=\"Procijenjeno vrijeme \u010ditanja\" \/>\n\t<meta name=\"twitter:data2\" content=\"2 minute\" \/>\n<script type=\"application\/ld+json\" class=\"yoast-schema-graph\">{\"@context\":\"https:\/\/schema.org\",\"@graph\":[{\"@type\":\"WebPage\",\"@id\":\"https:\/\/likemetkovic.hr\/neven-mataga-i-zeljko-bjelis-kandidati-za-skupstinu-hrvatske-poljoprivredne-komore\/\",\"url\":\"https:\/\/likemetkovic.hr\/neven-mataga-i-zeljko-bjelis-kandidati-za-skupstinu-hrvatske-poljoprivredne-komore\/\",\"name\":\"Neven Mataga i \u017deljko Bjeli\u0161 kandidati za skup\u0161tinu Hrvatske poljoprivredne komore - likemetkovic.hr\",\"isPartOf\":{\"@id\":\"https:\/\/likemetkovic.hr\/#website\"},\"primaryImageOfPage\":{\"@id\":\"https:\/\/likemetkovic.hr\/neven-mataga-i-zeljko-bjelis-kandidati-za-skupstinu-hrvatske-poljoprivredne-komore\/#primaryimage\"},\"image\":{\"@id\":\"https:\/\/likemetkovic.hr\/neven-mataga-i-zeljko-bjelis-kandidati-za-skupstinu-hrvatske-poljoprivredne-komore\/#primaryimage\"},\"thumbnailUrl\":\"https:\/\/likemetkovic.hr\/portal\/wp-content\/uploads\/2021\/02\/poljoprivreda.jpg\",\"datePublished\":\"2022-02-28T06:36:02+00:00\",\"author\":{\"@id\":\"https:\/\/likemetkovic.hr\/#\/schema\/person\/a42711f3385a0e2be6f7e0443bfb28f0\"},\"breadcrumb\":{\"@id\":\"https:\/\/likemetkovic.hr\/neven-mataga-i-zeljko-bjelis-kandidati-za-skupstinu-hrvatske-poljoprivredne-komore\/#breadcrumb\"},\"inLanguage\":\"hr\",\"potentialAction\":[{\"@type\":\"ReadAction\",\"target\":[\"https:\/\/likemetkovic.hr\/neven-mataga-i-zeljko-bjelis-kandidati-za-skupstinu-hrvatske-poljoprivredne-komore\/\"]}]},{\"@type\":\"ImageObject\",\"inLanguage\":\"hr\",\"@id\":\"https:\/\/likemetkovic.hr\/neven-mataga-i-zeljko-bjelis-kandidati-za-skupstinu-hrvatske-poljoprivredne-komore\/#primaryimage\",\"url\":\"https:\/\/likemetkovic.hr\/portal\/wp-content\/uploads\/2021\/02\/poljoprivreda.jpg\",\"contentUrl\":\"https:\/\/likemetkovic.hr\/portal\/wp-content\/uploads\/2021\/02\/poljoprivreda.jpg\",\"width\":899,\"height\":592},{\"@type\":\"BreadcrumbList\",\"@id\":\"https:\/\/likemetkovic.hr\/neven-mataga-i-zeljko-bjelis-kandidati-za-skupstinu-hrvatske-poljoprivredne-komore\/#breadcrumb\",\"itemListElement\":[{\"@type\":\"ListItem\",\"position\":1,\"name\":\"Po\u010detna stranica\",\"item\":\"https:\/\/likemetkovic.hr\/portal\/\"},{\"@type\":\"ListItem\",\"position\":2,\"name\":\"Neven Mataga i \u017deljko Bjeli\u0161 kandidati za skup\u0161tinu Hrvatske poljoprivredne komore\"}]},{\"@type\":\"WebSite\",\"@id\":\"https:\/\/likemetkovic.hr\/#website\",\"url\":\"https:\/\/likemetkovic.hr\/\",\"name\":\"likemetkovic.hr\",\"description\":\"Misli pozitivno... \u010ditaj LIKE\",\"potentialAction\":[{\"@type\":\"SearchAction\",\"target\":{\"@type\":\"EntryPoint\",\"urlTemplate\":\"https:\/\/likemetkovic.hr\/?s={search_term_string}\"},\"query-input\":{\"@type\":\"PropertyValueSpecification\",\"valueRequired\":true,\"valueName\":\"search_term_string\"}}],\"inLanguage\":\"hr\"},{\"@type\":\"Person\",\"@id\":\"https:\/\/likemetkovic.hr\/#\/schema\/person\/a42711f3385a0e2be6f7e0443bfb28f0\",\"name\":\"LIKEmetkovic.hr\",\"sameAs\":[\"http:\/\/likemetkovic.hr\"],\"url\":\"https:\/\/likemetkovic.hr\/portal\/author\/likemetkovic-hr\/\"}]}<\/script>\n<!-- \/ Yoast SEO plugin. -->","yoast_head_json":{"title":"Neven Mataga i \u017deljko Bjeli\u0161 kandidati za skup\u0161tinu Hrvatske poljoprivredne komore - likemetkovic.hr","robots":{"index":"index","follow":"follow","max-snippet":"max-snippet:-1","max-image-preview":"max-image-preview:large","max-video-preview":"max-video-preview:-1"},"canonical":"https:\/\/likemetkovic.hr\/neven-mataga-i-zeljko-bjelis-kandidati-za-skupstinu-hrvatske-poljoprivredne-komore\/","og_locale":"hr_HR","og_type":"article","og_title":"Neven Mataga i \u017deljko Bjeli\u0161 kandidati za skup\u0161tinu Hrvatske poljoprivredne komore - likemetkovic.hr","og_description":"Hrvatska poljoprivredna komora pokrenula je proces on line glasovanja za kandidate u skup\u0161tinu Hrvatske poljoprivredne komore koje traje do sutra (ponedjeljak 28.velja\u010de) do 12.00 sati. Iz HPK pozivaju bira\u010de da u \u0161to ve\u0107em broju pristupe on line izborima i glasaju za svoje kandidate. Podsje\u0107aju da su poljoprivrednici na svoje svoje e-mail adrese dobili upute od [&hellip;]","og_url":"https:\/\/likemetkovic.hr\/neven-mataga-i-zeljko-bjelis-kandidati-za-skupstinu-hrvatske-poljoprivredne-komore\/","og_site_name":"likemetkovic.hr","article_publisher":"https:\/\/www.facebook.com\/likemetkovic.hr\/","article_published_time":"2022-02-28T06:36:02+00:00","og_image":[{"width":899,"height":592,"url":"https:\/\/likemetkovic.hr\/wp-content\/uploads\/2021\/02\/poljoprivreda.jpg","type":"image\/jpeg"}],"author":"LIKEmetkovic.hr","twitter_card":"summary_large_image","twitter_misc":{"Napisao\/la":"LIKEmetkovic.hr","Procijenjeno vrijeme \u010ditanja":"2 minute"},"schema":{"@context":"https:\/\/schema.org","@graph":[{"@type":"WebPage","@id":"https:\/\/likemetkovic.hr\/neven-mataga-i-zeljko-bjelis-kandidati-za-skupstinu-hrvatske-poljoprivredne-komore\/","url":"https:\/\/likemetkovic.hr\/neven-mataga-i-zeljko-bjelis-kandidati-za-skupstinu-hrvatske-poljoprivredne-komore\/","name":"Neven Mataga i \u017deljko Bjeli\u0161 kandidati za skup\u0161tinu Hrvatske poljoprivredne komore - likemetkovic.hr","isPartOf":{"@id":"https:\/\/likemetkovic.hr\/#website"},"primaryImageOfPage":{"@id":"https:\/\/likemetkovic.hr\/neven-mataga-i-zeljko-bjelis-kandidati-za-skupstinu-hrvatske-poljoprivredne-komore\/#primaryimage"},"image":{"@id":"https:\/\/likemetkovic.hr\/neven-mataga-i-zeljko-bjelis-kandidati-za-skupstinu-hrvatske-poljoprivredne-komore\/#primaryimage"},"thumbnailUrl":"https:\/\/likemetkovic.hr\/portal\/wp-content\/uploads\/2021\/02\/poljoprivreda.jpg","datePublished":"2022-02-28T06:36:02+00:00","author":{"@id":"https:\/\/likemetkovic.hr\/#\/schema\/person\/a42711f3385a0e2be6f7e0443bfb28f0"},"breadcrumb":{"@id":"https:\/\/likemetkovic.hr\/neven-mataga-i-zeljko-bjelis-kandidati-za-skupstinu-hrvatske-poljoprivredne-komore\/#breadcrumb"},"inLanguage":"hr","potentialAction":[{"@type":"ReadAction","target":["https:\/\/likemetkovic.hr\/neven-mataga-i-zeljko-bjelis-kandidati-za-skupstinu-hrvatske-poljoprivredne-komore\/"]}]},{"@type":"ImageObject","inLanguage":"hr","@id":"https:\/\/likemetkovic.hr\/neven-mataga-i-zeljko-bjelis-kandidati-za-skupstinu-hrvatske-poljoprivredne-komore\/#primaryimage","url":"https:\/\/likemetkovic.hr\/portal\/wp-content\/uploads\/2021\/02\/poljoprivreda.jpg","contentUrl":"https:\/\/likemetkovic.hr\/portal\/wp-content\/uploads\/2021\/02\/poljoprivreda.jpg","width":899,"height":592},{"@type":"BreadcrumbList","@id":"https:\/\/likemetkovic.hr\/neven-mataga-i-zeljko-bjelis-kandidati-za-skupstinu-hrvatske-poljoprivredne-komore\/#breadcrumb","itemListElement":[{"@type":"ListItem","position":1,"name":"Po\u010detna stranica","item":"https:\/\/likemetkovic.hr\/portal\/"},{"@type":"ListItem","position":2,"name":"Neven Mataga i \u017deljko Bjeli\u0161 kandidati za skup\u0161tinu Hrvatske poljoprivredne komore"}]},{"@type":"WebSite","@id":"https:\/\/likemetkovic.hr\/#website","url":"https:\/\/likemetkovic.hr\/","name":"likemetkovic.hr","description":"Misli pozitivno... \u010ditaj LIKE","potentialAction":[{"@type":"SearchAction","target":{"@type":"EntryPoint","urlTemplate":"https:\/\/likemetkovic.hr\/?s={search_term_string}"},"query-input":{"@type":"PropertyValueSpecification","valueRequired":true,"valueName":"search_term_string"}}],"inLanguage":"hr"},{"@type":"Person","@id":"https:\/\/likemetkovic.hr\/#\/schema\/person\/a42711f3385a0e2be6f7e0443bfb28f0","name":"LIKEmetkovic.hr","sameAs":["http:\/\/likemetkovic.hr"],"url":"https:\/\/likemetkovic.hr\/portal\/author\/likemetkovic-hr\/"}]}},"_links":{"self":[{"href":"https:\/\/likemetkovic.hr\/portal\/wp-json\/wp\/v2\/posts\/128204","targetHints":{"allow":["GET"]}}],"collection":[{"href":"https:\/\/likemetkovic.hr\/portal\/wp-json\/wp\/v2\/posts"}],"about":[{"href":"https:\/\/likemetkovic.hr\/portal\/wp-json\/wp\/v2\/types\/post"}],"author":[{"embeddable":true,"href":"https:\/\/likemetkovic.hr\/portal\/wp-json\/wp\/v2\/users\/7"}],"replies":[{"embeddable":true,"href":"https:\/\/likemetkovic.hr\/portal\/wp-json\/wp\/v2\/comments?post=128204"}],"version-history":[{"count":2,"href":"https:\/\/likemetkovic.hr\/portal\/wp-json\/wp\/v2\/posts\/128204\/revisions"}],"predecessor-version":[{"id":128207,"href":"https:\/\/likemetkovic.hr\/portal\/wp-json\/wp\/v2\/posts\/128204\/revisions\/128207"}],"wp:featuredmedia":[{"embeddable":true,"href":"https:\/\/likemetkovic.hr\/portal\/wp-json\/wp\/v2\/media\/113613"}],"wp:attachment":[{"href":"https:\/\/likemetkovic.hr\/portal\/wp-json\/wp\/v2\/media?parent=128204"}],"wp:term":[{"taxonomy":"category","embeddable":true,"href":"https:\/\/likemetkovic.hr\/portal\/wp-json\/wp\/v2\/categories?post=128204"},{"taxonomy":"post_tag","embeddable":true,"href":"https:\/\/likemetkovic.hr\/portal\/wp-json\/wp\/v2\/tags?post=128204"}],"curies":[{"name":"wp","href":"https:\/\/api.w.org\/{rel}","templated":true}]}}