{"id":128297,"date":"2022-03-02T12:44:45","date_gmt":"2022-03-02T11:44:45","guid":{"rendered":"https:\/\/likemetkovic.hr\/?p=128297"},"modified":"2022-03-02T12:44:45","modified_gmt":"2022-03-02T11:44:45","slug":"obavijest-posebna-regulacija-prometa-na-kladi-zbog-izvodenja-radova-na-kanalizaciji","status":"publish","type":"post","link":"https:\/\/likemetkovic.hr\/portal\/obavijest-posebna-regulacija-prometa-na-kladi-zbog-izvodenja-radova-na-kanalizaciji\/","title":{"rendered":"OBAVIJEST! Posebna regulacija prometa na Kladi zbog izvo\u0111enja radova na kanalizaciji"},"content":{"rendered":"<div>\n<p><i>Izvo\u0111a\u010d radova na Aglomeraciji Metkovi\u0107 obavje\u0161tava gra\u0111ane da \u0107e se od <b>4. travnja <\/b><b>2022<\/b>. zapo\u010deti s odvijanjem gra\u0111evinskih radova na polaganju kolektora u ulici Petra Kre\u0161imira IV, od ku\u0107nog broja 170 do ku\u0107nog broja 200. odnosno dionica od semafora na Kladi prema izlazu na dr\u017eavnu cestu DC9. <\/i><\/p>\n<p><i>Za vrijeme izvo\u0111enja radova promet na navedenoj dionici \u0107e biti zatvoren za oba smjera. Molimo Vas da svoja vozila privremeno parkirate izvan zone radova i omogu\u0107ite prolaz gra\u0111evinskim strojevima i kamionima.\u00a0<\/i><\/p>\n<\/div>\n<div>\n<p>Obilazak za stanare i dostavna vozila \u0107e se vr\u0161iti prema grafi\u010dkom prilogu ovoj obavijesti odnosno ulicama Franje Asi\u0161kog, Ljudevita Gaja, skretanje kroz makadamski put kroz Vrbovce (prema skladi\u0161tu MGA).<\/p>\n<p><img decoding=\"async\" class=\"alignnone size-full wp-image-128298\" src=\"https:\/\/likemetkovic.hr\/wp-content\/uploads\/2022\/03\/obilazak-.jpg\" alt=\"\" width=\"800\" height=\"741\" srcset=\"https:\/\/likemetkovic.hr\/portal\/wp-content\/uploads\/2022\/03\/obilazak-.jpg 800w, https:\/\/likemetkovic.hr\/portal\/wp-content\/uploads\/2022\/03\/obilazak--768x711.jpg 768w, https:\/\/likemetkovic.hr\/portal\/wp-content\/uploads\/2022\/03\/obilazak--696x645.jpg 696w, https:\/\/likemetkovic.hr\/portal\/wp-content\/uploads\/2022\/03\/obilazak--453x420.jpg 453w\" sizes=\"(max-width: 800px) 100vw, 800px\" \/><\/p>\n<\/div>\n","protected":false},"excerpt":{"rendered":"<p>Izvo\u0111a\u010d radova na Aglomeraciji Metkovi\u0107 obavje\u0161tava gra\u0111ane da \u0107e se od 4. travnja 2022. zapo\u010deti s odvijanjem gra\u0111evinskih radova na polaganju kolektora u ulici Petra Kre\u0161imira IV, od ku\u0107nog broja 170 do ku\u0107nog broja 200. odnosno dionica od semafora na Kladi prema izlazu na dr\u017eavnu cestu DC9. Za vrijeme izvo\u0111enja radova promet na navedenoj dionici [&hellip;]<\/p>\n","protected":false},"author":7,"featured_media":128298,"comment_status":"open","ping_status":"open","sticky":false,"template":"","format":"standard","meta":{"footnotes":""},"categories":[296,11],"tags":[9428],"class_list":{"0":"post-128297","1":"post","2":"type-post","3":"status-publish","4":"format-standard","5":"has-post-thumbnail","7":"category-ab","8":"category-metkovic-dolina","9":"tag-aglomeracija"},"yoast_head":"<!-- This site is optimized with the Yoast SEO plugin v25.2 - https:\/\/yoast.com\/wordpress\/plugins\/seo\/ -->\n<title>OBAVIJEST! Posebna regulacija prometa na Kladi zbog izvo\u0111enja radova na kanalizaciji - likemetkovic.hr<\/title>\n<meta name=\"robots\" content=\"index, follow, max-snippet:-1, max-image-preview:large, max-video-preview:-1\" \/>\n<link rel=\"canonical\" href=\"https:\/\/likemetkovic.hr\/obavijest-posebna-regulacija-prometa-na-kladi-zbog-izvodenja-radova-na-kanalizaciji\/\" \/>\n<meta property=\"og:locale\" content=\"hr_HR\" \/>\n<meta property=\"og:type\" content=\"article\" \/>\n<meta property=\"og:title\" content=\"OBAVIJEST! Posebna regulacija prometa na Kladi zbog izvo\u0111enja radova na kanalizaciji - likemetkovic.hr\" \/>\n<meta property=\"og:description\" content=\"Izvo\u0111a\u010d radova na Aglomeraciji Metkovi\u0107 obavje\u0161tava gra\u0111ane da \u0107e se od 4. travnja 2022. zapo\u010deti s odvijanjem gra\u0111evinskih radova na polaganju kolektora u ulici Petra Kre\u0161imira IV, od ku\u0107nog broja 170 do ku\u0107nog broja 200. odnosno dionica od semafora na Kladi prema izlazu na dr\u017eavnu cestu DC9. Za vrijeme izvo\u0111enja radova promet na navedenoj dionici [&hellip;]\" \/>\n<meta property=\"og:url\" content=\"https:\/\/likemetkovic.hr\/obavijest-posebna-regulacija-prometa-na-kladi-zbog-izvodenja-radova-na-kanalizaciji\/\" \/>\n<meta property=\"og:site_name\" content=\"likemetkovic.hr\" \/>\n<meta property=\"article:publisher\" content=\"https:\/\/www.facebook.com\/likemetkovic.hr\/\" \/>\n<meta property=\"article:published_time\" content=\"2022-03-02T11:44:45+00:00\" \/>\n<meta property=\"og:image\" content=\"https:\/\/likemetkovic.hr\/wp-content\/uploads\/2022\/03\/obilazak-.jpg\" \/>\n\t<meta property=\"og:image:width\" content=\"800\" \/>\n\t<meta property=\"og:image:height\" content=\"741\" \/>\n\t<meta property=\"og:image:type\" content=\"image\/jpeg\" \/>\n<meta name=\"author\" content=\"LIKEmetkovic.hr\" \/>\n<meta name=\"twitter:card\" content=\"summary_large_image\" \/>\n<meta name=\"twitter:label1\" content=\"Napisao\/la\" \/>\n\t<meta name=\"twitter:data1\" content=\"LIKEmetkovic.hr\" \/>\n\t<meta name=\"twitter:label2\" content=\"Procijenjeno vrijeme \u010ditanja\" \/>\n\t<meta name=\"twitter:data2\" content=\"1 minuta\" \/>\n<script type=\"application\/ld+json\" class=\"yoast-schema-graph\">{\"@context\":\"https:\/\/schema.org\",\"@graph\":[{\"@type\":\"WebPage\",\"@id\":\"https:\/\/likemetkovic.hr\/obavijest-posebna-regulacija-prometa-na-kladi-zbog-izvodenja-radova-na-kanalizaciji\/\",\"url\":\"https:\/\/likemetkovic.hr\/obavijest-posebna-regulacija-prometa-na-kladi-zbog-izvodenja-radova-na-kanalizaciji\/\",\"name\":\"OBAVIJEST! Posebna regulacija prometa na Kladi zbog izvo\u0111enja radova na kanalizaciji - likemetkovic.hr\",\"isPartOf\":{\"@id\":\"https:\/\/likemetkovic.hr\/#website\"},\"primaryImageOfPage\":{\"@id\":\"https:\/\/likemetkovic.hr\/obavijest-posebna-regulacija-prometa-na-kladi-zbog-izvodenja-radova-na-kanalizaciji\/#primaryimage\"},\"image\":{\"@id\":\"https:\/\/likemetkovic.hr\/obavijest-posebna-regulacija-prometa-na-kladi-zbog-izvodenja-radova-na-kanalizaciji\/#primaryimage\"},\"thumbnailUrl\":\"https:\/\/likemetkovic.hr\/portal\/wp-content\/uploads\/2022\/03\/obilazak-.jpg\",\"datePublished\":\"2022-03-02T11:44:45+00:00\",\"author\":{\"@id\":\"https:\/\/likemetkovic.hr\/#\/schema\/person\/a42711f3385a0e2be6f7e0443bfb28f0\"},\"breadcrumb\":{\"@id\":\"https:\/\/likemetkovic.hr\/obavijest-posebna-regulacija-prometa-na-kladi-zbog-izvodenja-radova-na-kanalizaciji\/#breadcrumb\"},\"inLanguage\":\"hr\",\"potentialAction\":[{\"@type\":\"ReadAction\",\"target\":[\"https:\/\/likemetkovic.hr\/obavijest-posebna-regulacija-prometa-na-kladi-zbog-izvodenja-radova-na-kanalizaciji\/\"]}]},{\"@type\":\"ImageObject\",\"inLanguage\":\"hr\",\"@id\":\"https:\/\/likemetkovic.hr\/obavijest-posebna-regulacija-prometa-na-kladi-zbog-izvodenja-radova-na-kanalizaciji\/#primaryimage\",\"url\":\"https:\/\/likemetkovic.hr\/portal\/wp-content\/uploads\/2022\/03\/obilazak-.jpg\",\"contentUrl\":\"https:\/\/likemetkovic.hr\/portal\/wp-content\/uploads\/2022\/03\/obilazak-.jpg\",\"width\":800,\"height\":741},{\"@type\":\"BreadcrumbList\",\"@id\":\"https:\/\/likemetkovic.hr\/obavijest-posebna-regulacija-prometa-na-kladi-zbog-izvodenja-radova-na-kanalizaciji\/#breadcrumb\",\"itemListElement\":[{\"@type\":\"ListItem\",\"position\":1,\"name\":\"Po\u010detna stranica\",\"item\":\"https:\/\/likemetkovic.hr\/portal\/\"},{\"@type\":\"ListItem\",\"position\":2,\"name\":\"OBAVIJEST! Posebna regulacija prometa na Kladi zbog izvo\u0111enja radova na kanalizaciji\"}]},{\"@type\":\"WebSite\",\"@id\":\"https:\/\/likemetkovic.hr\/#website\",\"url\":\"https:\/\/likemetkovic.hr\/\",\"name\":\"likemetkovic.hr\",\"description\":\"Misli pozitivno... \u010ditaj LIKE\",\"potentialAction\":[{\"@type\":\"SearchAction\",\"target\":{\"@type\":\"EntryPoint\",\"urlTemplate\":\"https:\/\/likemetkovic.hr\/?s={search_term_string}\"},\"query-input\":{\"@type\":\"PropertyValueSpecification\",\"valueRequired\":true,\"valueName\":\"search_term_string\"}}],\"inLanguage\":\"hr\"},{\"@type\":\"Person\",\"@id\":\"https:\/\/likemetkovic.hr\/#\/schema\/person\/a42711f3385a0e2be6f7e0443bfb28f0\",\"name\":\"LIKEmetkovic.hr\",\"sameAs\":[\"http:\/\/likemetkovic.hr\"],\"url\":\"https:\/\/likemetkovic.hr\/portal\/author\/likemetkovic-hr\/\"}]}<\/script>\n<!-- \/ Yoast SEO plugin. -->","yoast_head_json":{"title":"OBAVIJEST! Posebna regulacija prometa na Kladi zbog izvo\u0111enja radova na kanalizaciji - likemetkovic.hr","robots":{"index":"index","follow":"follow","max-snippet":"max-snippet:-1","max-image-preview":"max-image-preview:large","max-video-preview":"max-video-preview:-1"},"canonical":"https:\/\/likemetkovic.hr\/obavijest-posebna-regulacija-prometa-na-kladi-zbog-izvodenja-radova-na-kanalizaciji\/","og_locale":"hr_HR","og_type":"article","og_title":"OBAVIJEST! Posebna regulacija prometa na Kladi zbog izvo\u0111enja radova na kanalizaciji - likemetkovic.hr","og_description":"Izvo\u0111a\u010d radova na Aglomeraciji Metkovi\u0107 obavje\u0161tava gra\u0111ane da \u0107e se od 4. travnja 2022. zapo\u010deti s odvijanjem gra\u0111evinskih radova na polaganju kolektora u ulici Petra Kre\u0161imira IV, od ku\u0107nog broja 170 do ku\u0107nog broja 200. odnosno dionica od semafora na Kladi prema izlazu na dr\u017eavnu cestu DC9. Za vrijeme izvo\u0111enja radova promet na navedenoj dionici [&hellip;]","og_url":"https:\/\/likemetkovic.hr\/obavijest-posebna-regulacija-prometa-na-kladi-zbog-izvodenja-radova-na-kanalizaciji\/","og_site_name":"likemetkovic.hr","article_publisher":"https:\/\/www.facebook.com\/likemetkovic.hr\/","article_published_time":"2022-03-02T11:44:45+00:00","og_image":[{"width":800,"height":741,"url":"https:\/\/likemetkovic.hr\/wp-content\/uploads\/2022\/03\/obilazak-.jpg","type":"image\/jpeg"}],"author":"LIKEmetkovic.hr","twitter_card":"summary_large_image","twitter_misc":{"Napisao\/la":"LIKEmetkovic.hr","Procijenjeno vrijeme \u010ditanja":"1 minuta"},"schema":{"@context":"https:\/\/schema.org","@graph":[{"@type":"WebPage","@id":"https:\/\/likemetkovic.hr\/obavijest-posebna-regulacija-prometa-na-kladi-zbog-izvodenja-radova-na-kanalizaciji\/","url":"https:\/\/likemetkovic.hr\/obavijest-posebna-regulacija-prometa-na-kladi-zbog-izvodenja-radova-na-kanalizaciji\/","name":"OBAVIJEST! Posebna regulacija prometa na Kladi zbog izvo\u0111enja radova na kanalizaciji - likemetkovic.hr","isPartOf":{"@id":"https:\/\/likemetkovic.hr\/#website"},"primaryImageOfPage":{"@id":"https:\/\/likemetkovic.hr\/obavijest-posebna-regulacija-prometa-na-kladi-zbog-izvodenja-radova-na-kanalizaciji\/#primaryimage"},"image":{"@id":"https:\/\/likemetkovic.hr\/obavijest-posebna-regulacija-prometa-na-kladi-zbog-izvodenja-radova-na-kanalizaciji\/#primaryimage"},"thumbnailUrl":"https:\/\/likemetkovic.hr\/portal\/wp-content\/uploads\/2022\/03\/obilazak-.jpg","datePublished":"2022-03-02T11:44:45+00:00","author":{"@id":"https:\/\/likemetkovic.hr\/#\/schema\/person\/a42711f3385a0e2be6f7e0443bfb28f0"},"breadcrumb":{"@id":"https:\/\/likemetkovic.hr\/obavijest-posebna-regulacija-prometa-na-kladi-zbog-izvodenja-radova-na-kanalizaciji\/#breadcrumb"},"inLanguage":"hr","potentialAction":[{"@type":"ReadAction","target":["https:\/\/likemetkovic.hr\/obavijest-posebna-regulacija-prometa-na-kladi-zbog-izvodenja-radova-na-kanalizaciji\/"]}]},{"@type":"ImageObject","inLanguage":"hr","@id":"https:\/\/likemetkovic.hr\/obavijest-posebna-regulacija-prometa-na-kladi-zbog-izvodenja-radova-na-kanalizaciji\/#primaryimage","url":"https:\/\/likemetkovic.hr\/portal\/wp-content\/uploads\/2022\/03\/obilazak-.jpg","contentUrl":"https:\/\/likemetkovic.hr\/portal\/wp-content\/uploads\/2022\/03\/obilazak-.jpg","width":800,"height":741},{"@type":"BreadcrumbList","@id":"https:\/\/likemetkovic.hr\/obavijest-posebna-regulacija-prometa-na-kladi-zbog-izvodenja-radova-na-kanalizaciji\/#breadcrumb","itemListElement":[{"@type":"ListItem","position":1,"name":"Po\u010detna stranica","item":"https:\/\/likemetkovic.hr\/portal\/"},{"@type":"ListItem","position":2,"name":"OBAVIJEST! Posebna regulacija prometa na Kladi zbog izvo\u0111enja radova na kanalizaciji"}]},{"@type":"WebSite","@id":"https:\/\/likemetkovic.hr\/#website","url":"https:\/\/likemetkovic.hr\/","name":"likemetkovic.hr","description":"Misli pozitivno... \u010ditaj LIKE","potentialAction":[{"@type":"SearchAction","target":{"@type":"EntryPoint","urlTemplate":"https:\/\/likemetkovic.hr\/?s={search_term_string}"},"query-input":{"@type":"PropertyValueSpecification","valueRequired":true,"valueName":"search_term_string"}}],"inLanguage":"hr"},{"@type":"Person","@id":"https:\/\/likemetkovic.hr\/#\/schema\/person\/a42711f3385a0e2be6f7e0443bfb28f0","name":"LIKEmetkovic.hr","sameAs":["http:\/\/likemetkovic.hr"],"url":"https:\/\/likemetkovic.hr\/portal\/author\/likemetkovic-hr\/"}]}},"_links":{"self":[{"href":"https:\/\/likemetkovic.hr\/portal\/wp-json\/wp\/v2\/posts\/128297","targetHints":{"allow":["GET"]}}],"collection":[{"href":"https:\/\/likemetkovic.hr\/portal\/wp-json\/wp\/v2\/posts"}],"about":[{"href":"https:\/\/likemetkovic.hr\/portal\/wp-json\/wp\/v2\/types\/post"}],"author":[{"embeddable":true,"href":"https:\/\/likemetkovic.hr\/portal\/wp-json\/wp\/v2\/users\/7"}],"replies":[{"embeddable":true,"href":"https:\/\/likemetkovic.hr\/portal\/wp-json\/wp\/v2\/comments?post=128297"}],"version-history":[{"count":1,"href":"https:\/\/likemetkovic.hr\/portal\/wp-json\/wp\/v2\/posts\/128297\/revisions"}],"predecessor-version":[{"id":128299,"href":"https:\/\/likemetkovic.hr\/portal\/wp-json\/wp\/v2\/posts\/128297\/revisions\/128299"}],"wp:featuredmedia":[{"embeddable":true,"href":"https:\/\/likemetkovic.hr\/portal\/wp-json\/wp\/v2\/media\/128298"}],"wp:attachment":[{"href":"https:\/\/likemetkovic.hr\/portal\/wp-json\/wp\/v2\/media?parent=128297"}],"wp:term":[{"taxonomy":"category","embeddable":true,"href":"https:\/\/likemetkovic.hr\/portal\/wp-json\/wp\/v2\/categories?post=128297"},{"taxonomy":"post_tag","embeddable":true,"href":"https:\/\/likemetkovic.hr\/portal\/wp-json\/wp\/v2\/tags?post=128297"}],"curies":[{"name":"wp","href":"https:\/\/api.w.org\/{rel}","templated":true}]}}