{"id":128415,"date":"2022-03-05T17:12:24","date_gmt":"2022-03-05T16:12:24","guid":{"rendered":"https:\/\/likemetkovic.hr\/?p=128415"},"modified":"2022-03-05T17:12:24","modified_gmt":"2022-03-05T16:12:24","slug":"ekocid-bez-reakcije-nadleznih-u-zasticenom-podrucju-delte-vise-nema-sto-gorjeti","status":"publish","type":"post","link":"https:\/\/likemetkovic.hr\/portal\/ekocid-bez-reakcije-nadleznih-u-zasticenom-podrucju-delte-vise-nema-sto-gorjeti\/","title":{"rendered":"EKOCID BEZ REAKCIJE NADLE\u017dNIH! U za\u0161ti\u0107enom podru\u010dju Delte vi\u0161e nema \u0161to gorjeti!"},"content":{"rendered":"<p>Prestali su po\u017eari u za\u0161ti\u0107enom podru\u010dju Pod gredom. Pitate se za\u0161to su prestali. Odgovor je jednostavan, nema vi\u0161e \u0161to gorjeti. Po na\u0161oj procjeni izgorjelo je gotovo cijelo za\u0161ti\u0107eno podru\u010dje, nije ostalo ni 3% neopo\u017earene povr\u0161ine.<\/p>\n<p>Nakon po\u017eara koji su pro\u0161lih dana harali Pod gredom, obi\u0161li smo teren i ono \u0161to smo zatekli djeluje zastra\u0161uju\u0107e. Cijeli prostor je be\u017eivotan, crno siv, nema javljanja ni preleta ptica, tek nekoliko eja mo\u010dvarica i livadarki u potrazi za hranom, pusto\u0161 na gotovo cijelom podru\u010dju. Kao \u0161to smo ve\u0107 pisali u sije\u010danjskom zimskom prebrojavanju sve je vrvilo \u017eivotom. Sada nema javljanja mlaku\u0161a, koko\u0161ica, patki, liski, ptica pjevica, drugim rije\u010dima crna pustinja. Sve \u0161to smo uspjeli vidjeti je bilo u Petkovi\u0107a jendecima i u Norinu i to ne\u0161to kr\u017eulja, divljih patki, patke norve, nekoliko \u010daplji, liski i malih gnjuraca\u2026<\/p>\n<p>Na gnije\u017e\u0111enju u za\u0161ti\u0107enom podru\u010dju bilo je izme\u0111u 50 do 70 parova divlje patke, 8 do 12 gnijezda patke njorke.\u00a0Ovdje valja napomenuti da nije potrebno etiketirati lovce (ima i me\u0111u njima kukolja, kako ka\u017ee stara poslovica), ali generalno gledano te patke na jajima i njihovi pa\u010di\u0107i su njihova lovna divlja\u010d najesen i ne mislimo da bi radili protiv sebe. U tr\u0161\u0107acima se gnijezdilo od 3 do 5 parova eje mo\u010dvarice sad nemaju gdje sviti svoja gnijezda, sve je sumorno golo. Gnijezdilo se do 10 parova Bukavca, desetak pjevaju\u0107ih mu\u017ejaka, gnijezdilo se mo\u017eda i vi\u0161e jer bukavac mo\u017ee imati vi\u0161e \u017eenki ako nema dovoljno mu\u017ejaka.<\/p>\n<p>Na\u0161a Neretva je najbrojnije gnijezdili\u0161te bukavca u Hrvatskoj sa 30 do 35 pjevaju\u0107ih mu\u017ejaka pa lako mo\u017eemo vidjeti kolika je \u0161teta nastala samo Pod gredom, a gorjelo je \u0161irom na\u0161e doline Neretve.<\/p>\n<p>Brkata sjenica, tri vrste \u0161tijoka, pa i koko\u0161ice ne\u0107e gnijezditi u novom \u0161a\u0161u, kao ni bukavac, a sve navedene vrste su rijetke i malobrojne i strogo za\u0161ti\u0107ene vrste u Republici Hrvatskoj. Uni\u0161tena je flora i fauna u za\u0161ti\u0107enom podru\u010dju i zbog toga smatramo da je na djelu ekocid koji mora prestati.<\/p>\n<p>Mi ne znamo tko ovo radi, ali znamo da postoje brojne slu\u017ebe u Republici Hrvatskoj koje trebaju ne samo na\u0107i po\u010dinitelje, ve\u0107 i poduzeti konkretne korake kako bi se za\u0161ti\u0107eno podru\u010dje oporavilo i o\u010duvalo.<\/p>\n<p>Mi kao i ostali gra\u0111ani mo\u017eemo samo edukacijama i putem medija osvje\u0161\u0107ivati sve ljude dobre volje. No bez sankcioniranja po\u010dinitelja nema napretka.<\/p>\n<p>Svi \u0107emo se prisjetiti da je \u010desto gorjelo na Vranskom jezeru, sustavnom edukacijom i preventivom do\u0161lo se do po\u010dinitelja koji je bio sankcioniran i ve\u0107 desetak godina na podru\u010dju Vranskoga jezera nema po\u017eara.<\/p>\n<p>Ovim putem apeliramo i na izvr\u0161nu i zakonodavnu vlast, na na\u0161e politi\u010dare da se kroz edukacije uklju\u010de, jer nismo nai\u0161li da je bilo tko reagirao, a sve kako bi se o\u010duvala za\u0161ti\u0107ena podru\u010dja, flora i fauna. To je i va\u0161a obveza!<\/p>\n<p>Priklju\u010dimo se svi, sprije\u010dimo pojedince da nam remete svakodnevnicu, da nam uni\u0161tavaju prirodu, uni\u0161tavaju i privatna dobra, sprije\u010dimo da ono \u0161to je uvijek bilo normalno, ne postane nenormalno, a nenormalno postane normalno.<\/p>\n<p>U prilogu je kratki video dijela opo\u017earenog za\u0161ti\u0107enog podru\u010dja Pod gredom, dio do ceste koja prelazi blato na Orapku nije vidljiv, a tamo je tako\u0111er pustinja. Video je snimila dronom iz Vida Javna ustanova DN\u017d. Mo\u017eete vidjeti sav jad i tugu koja je ostala iza po\u017eara.<\/p>\n<p><iframe style=\"border: none; overflow: hidden;\" src=\"https:\/\/www.facebook.com\/plugins\/video.php?height=314&amp;href=https%3A%2F%2Fwww.facebook.com%2F727033954006753%2Fvideos%2F709480123545010%2F&amp;show_text=false&amp;width=560&amp;t=0\" width=\"560\" height=\"314\" frameborder=\"0\" scrolling=\"no\" allowfullscreen=\"allowfullscreen\"><\/iframe><\/p>\n<p>Ovako to izgleda na lijevoj strani Neretve&#8230;<\/p>\n<p><img decoding=\"async\" class=\"alignnone size-full wp-image-128417\" src=\"https:\/\/likemetkovic.hr\/wp-content\/uploads\/2022\/03\/palez-003.jpg\" alt=\"\" width=\"800\" height=\"534\" srcset=\"https:\/\/likemetkovic.hr\/portal\/wp-content\/uploads\/2022\/03\/palez-003.jpg 800w, https:\/\/likemetkovic.hr\/portal\/wp-content\/uploads\/2022\/03\/palez-003-768x513.jpg 768w, https:\/\/likemetkovic.hr\/portal\/wp-content\/uploads\/2022\/03\/palez-003-696x465.jpg 696w, https:\/\/likemetkovic.hr\/portal\/wp-content\/uploads\/2022\/03\/palez-003-629x420.jpg 629w\" sizes=\"(max-width: 800px) 100vw, 800px\" \/><\/p>\n","protected":false},"excerpt":{"rendered":"<p>Prestali su po\u017eari u za\u0161ti\u0107enom podru\u010dju Pod gredom. Pitate se za\u0161to su prestali. Odgovor je jednostavan, nema vi\u0161e \u0161to gorjeti. Po na\u0161oj procjeni izgorjelo je gotovo cijelo za\u0161ti\u0107eno podru\u010dje, nije ostalo ni 3% neopo\u017earene povr\u0161ine. Nakon po\u017eara koji su pro\u0161lih dana harali Pod gredom, obi\u0161li smo teren i ono \u0161to smo zatekli djeluje zastra\u0161uju\u0107e. Cijeli [&hellip;]<\/p>\n","protected":false},"author":7,"featured_media":128416,"comment_status":"open","ping_status":"open","sticky":false,"template":"","format":"video","meta":{"footnotes":""},"categories":[296,11],"tags":[701,8006,7666],"class_list":{"0":"post-128415","1":"post","2":"type-post","3":"status-publish","4":"format-video","5":"has-post-thumbnail","7":"category-ab","8":"category-metkovic-dolina","9":"tag-delta-neretve","10":"tag-ornitoloski-rezervat","11":"tag-pozari","12":"post_format-post-format-video"},"yoast_head":"<!-- This site is optimized with the Yoast SEO plugin v25.2 - https:\/\/yoast.com\/wordpress\/plugins\/seo\/ -->\n<title>EKOCID BEZ REAKCIJE NADLE\u017dNIH! U za\u0161ti\u0107enom podru\u010dju Delte vi\u0161e nema \u0161to gorjeti! - likemetkovic.hr<\/title>\n<meta name=\"robots\" content=\"index, follow, max-snippet:-1, max-image-preview:large, max-video-preview:-1\" \/>\n<link rel=\"canonical\" href=\"https:\/\/likemetkovic.hr\/ekocid-bez-reakcije-nadleznih-u-zasticenom-podrucju-delte-vise-nema-sto-gorjeti\/\" \/>\n<meta property=\"og:locale\" content=\"hr_HR\" \/>\n<meta property=\"og:type\" content=\"article\" \/>\n<meta property=\"og:title\" content=\"EKOCID BEZ REAKCIJE NADLE\u017dNIH! U za\u0161ti\u0107enom podru\u010dju Delte vi\u0161e nema \u0161to gorjeti! - likemetkovic.hr\" \/>\n<meta property=\"og:description\" content=\"Prestali su po\u017eari u za\u0161ti\u0107enom podru\u010dju Pod gredom. Pitate se za\u0161to su prestali. Odgovor je jednostavan, nema vi\u0161e \u0161to gorjeti. Po na\u0161oj procjeni izgorjelo je gotovo cijelo za\u0161ti\u0107eno podru\u010dje, nije ostalo ni 3% neopo\u017earene povr\u0161ine. Nakon po\u017eara koji su pro\u0161lih dana harali Pod gredom, obi\u0161li smo teren i ono \u0161to smo zatekli djeluje zastra\u0161uju\u0107e. Cijeli [&hellip;]\" \/>\n<meta property=\"og:url\" content=\"https:\/\/likemetkovic.hr\/ekocid-bez-reakcije-nadleznih-u-zasticenom-podrucju-delte-vise-nema-sto-gorjeti\/\" \/>\n<meta property=\"og:site_name\" content=\"likemetkovic.hr\" \/>\n<meta property=\"article:publisher\" content=\"https:\/\/www.facebook.com\/likemetkovic.hr\/\" \/>\n<meta property=\"article:published_time\" content=\"2022-03-05T16:12:24+00:00\" \/>\n<meta property=\"og:image\" content=\"https:\/\/likemetkovic.hr\/wp-content\/uploads\/2022\/03\/pod-gredom-pozar-trscak-5-3-2022.jpg\" \/>\n\t<meta property=\"og:image:width\" content=\"800\" \/>\n\t<meta property=\"og:image:height\" content=\"449\" \/>\n\t<meta property=\"og:image:type\" content=\"image\/jpeg\" \/>\n<meta name=\"author\" content=\"LIKEmetkovic.hr\" \/>\n<meta name=\"twitter:card\" content=\"summary_large_image\" \/>\n<meta name=\"twitter:label1\" content=\"Napisao\/la\" \/>\n\t<meta name=\"twitter:data1\" content=\"LIKEmetkovic.hr\" \/>\n\t<meta name=\"twitter:label2\" content=\"Procijenjeno vrijeme \u010ditanja\" \/>\n\t<meta name=\"twitter:data2\" content=\"3 minute\" \/>\n<script type=\"application\/ld+json\" class=\"yoast-schema-graph\">{\"@context\":\"https:\/\/schema.org\",\"@graph\":[{\"@type\":\"WebPage\",\"@id\":\"https:\/\/likemetkovic.hr\/ekocid-bez-reakcije-nadleznih-u-zasticenom-podrucju-delte-vise-nema-sto-gorjeti\/\",\"url\":\"https:\/\/likemetkovic.hr\/ekocid-bez-reakcije-nadleznih-u-zasticenom-podrucju-delte-vise-nema-sto-gorjeti\/\",\"name\":\"EKOCID BEZ REAKCIJE NADLE\u017dNIH! U za\u0161ti\u0107enom podru\u010dju Delte vi\u0161e nema \u0161to gorjeti! - likemetkovic.hr\",\"isPartOf\":{\"@id\":\"https:\/\/likemetkovic.hr\/#website\"},\"primaryImageOfPage\":{\"@id\":\"https:\/\/likemetkovic.hr\/ekocid-bez-reakcije-nadleznih-u-zasticenom-podrucju-delte-vise-nema-sto-gorjeti\/#primaryimage\"},\"image\":{\"@id\":\"https:\/\/likemetkovic.hr\/ekocid-bez-reakcije-nadleznih-u-zasticenom-podrucju-delte-vise-nema-sto-gorjeti\/#primaryimage\"},\"thumbnailUrl\":\"https:\/\/likemetkovic.hr\/portal\/wp-content\/uploads\/2022\/03\/pod-gredom-pozar-trscak-5-3-2022.jpg\",\"datePublished\":\"2022-03-05T16:12:24+00:00\",\"author\":{\"@id\":\"https:\/\/likemetkovic.hr\/#\/schema\/person\/a42711f3385a0e2be6f7e0443bfb28f0\"},\"breadcrumb\":{\"@id\":\"https:\/\/likemetkovic.hr\/ekocid-bez-reakcije-nadleznih-u-zasticenom-podrucju-delte-vise-nema-sto-gorjeti\/#breadcrumb\"},\"inLanguage\":\"hr\",\"potentialAction\":[{\"@type\":\"ReadAction\",\"target\":[\"https:\/\/likemetkovic.hr\/ekocid-bez-reakcije-nadleznih-u-zasticenom-podrucju-delte-vise-nema-sto-gorjeti\/\"]}]},{\"@type\":\"ImageObject\",\"inLanguage\":\"hr\",\"@id\":\"https:\/\/likemetkovic.hr\/ekocid-bez-reakcije-nadleznih-u-zasticenom-podrucju-delte-vise-nema-sto-gorjeti\/#primaryimage\",\"url\":\"https:\/\/likemetkovic.hr\/portal\/wp-content\/uploads\/2022\/03\/pod-gredom-pozar-trscak-5-3-2022.jpg\",\"contentUrl\":\"https:\/\/likemetkovic.hr\/portal\/wp-content\/uploads\/2022\/03\/pod-gredom-pozar-trscak-5-3-2022.jpg\",\"width\":800,\"height\":449},{\"@type\":\"BreadcrumbList\",\"@id\":\"https:\/\/likemetkovic.hr\/ekocid-bez-reakcije-nadleznih-u-zasticenom-podrucju-delte-vise-nema-sto-gorjeti\/#breadcrumb\",\"itemListElement\":[{\"@type\":\"ListItem\",\"position\":1,\"name\":\"Po\u010detna stranica\",\"item\":\"https:\/\/likemetkovic.hr\/portal\/\"},{\"@type\":\"ListItem\",\"position\":2,\"name\":\"EKOCID BEZ REAKCIJE NADLE\u017dNIH! U za\u0161ti\u0107enom podru\u010dju Delte vi\u0161e nema \u0161to gorjeti!\"}]},{\"@type\":\"WebSite\",\"@id\":\"https:\/\/likemetkovic.hr\/#website\",\"url\":\"https:\/\/likemetkovic.hr\/\",\"name\":\"likemetkovic.hr\",\"description\":\"Misli pozitivno... \u010ditaj LIKE\",\"potentialAction\":[{\"@type\":\"SearchAction\",\"target\":{\"@type\":\"EntryPoint\",\"urlTemplate\":\"https:\/\/likemetkovic.hr\/?s={search_term_string}\"},\"query-input\":{\"@type\":\"PropertyValueSpecification\",\"valueRequired\":true,\"valueName\":\"search_term_string\"}}],\"inLanguage\":\"hr\"},{\"@type\":\"Person\",\"@id\":\"https:\/\/likemetkovic.hr\/#\/schema\/person\/a42711f3385a0e2be6f7e0443bfb28f0\",\"name\":\"LIKEmetkovic.hr\",\"sameAs\":[\"http:\/\/likemetkovic.hr\"],\"url\":\"https:\/\/likemetkovic.hr\/portal\/author\/likemetkovic-hr\/\"}]}<\/script>\n<!-- \/ Yoast SEO plugin. -->","yoast_head_json":{"title":"EKOCID BEZ REAKCIJE NADLE\u017dNIH! U za\u0161ti\u0107enom podru\u010dju Delte vi\u0161e nema \u0161to gorjeti! - likemetkovic.hr","robots":{"index":"index","follow":"follow","max-snippet":"max-snippet:-1","max-image-preview":"max-image-preview:large","max-video-preview":"max-video-preview:-1"},"canonical":"https:\/\/likemetkovic.hr\/ekocid-bez-reakcije-nadleznih-u-zasticenom-podrucju-delte-vise-nema-sto-gorjeti\/","og_locale":"hr_HR","og_type":"article","og_title":"EKOCID BEZ REAKCIJE NADLE\u017dNIH! U za\u0161ti\u0107enom podru\u010dju Delte vi\u0161e nema \u0161to gorjeti! - likemetkovic.hr","og_description":"Prestali su po\u017eari u za\u0161ti\u0107enom podru\u010dju Pod gredom. Pitate se za\u0161to su prestali. Odgovor je jednostavan, nema vi\u0161e \u0161to gorjeti. Po na\u0161oj procjeni izgorjelo je gotovo cijelo za\u0161ti\u0107eno podru\u010dje, nije ostalo ni 3% neopo\u017earene povr\u0161ine. Nakon po\u017eara koji su pro\u0161lih dana harali Pod gredom, obi\u0161li smo teren i ono \u0161to smo zatekli djeluje zastra\u0161uju\u0107e. Cijeli [&hellip;]","og_url":"https:\/\/likemetkovic.hr\/ekocid-bez-reakcije-nadleznih-u-zasticenom-podrucju-delte-vise-nema-sto-gorjeti\/","og_site_name":"likemetkovic.hr","article_publisher":"https:\/\/www.facebook.com\/likemetkovic.hr\/","article_published_time":"2022-03-05T16:12:24+00:00","og_image":[{"width":800,"height":449,"url":"https:\/\/likemetkovic.hr\/wp-content\/uploads\/2022\/03\/pod-gredom-pozar-trscak-5-3-2022.jpg","type":"image\/jpeg"}],"author":"LIKEmetkovic.hr","twitter_card":"summary_large_image","twitter_misc":{"Napisao\/la":"LIKEmetkovic.hr","Procijenjeno vrijeme \u010ditanja":"3 minute"},"schema":{"@context":"https:\/\/schema.org","@graph":[{"@type":"WebPage","@id":"https:\/\/likemetkovic.hr\/ekocid-bez-reakcije-nadleznih-u-zasticenom-podrucju-delte-vise-nema-sto-gorjeti\/","url":"https:\/\/likemetkovic.hr\/ekocid-bez-reakcije-nadleznih-u-zasticenom-podrucju-delte-vise-nema-sto-gorjeti\/","name":"EKOCID BEZ REAKCIJE NADLE\u017dNIH! U za\u0161ti\u0107enom podru\u010dju Delte vi\u0161e nema \u0161to gorjeti! - likemetkovic.hr","isPartOf":{"@id":"https:\/\/likemetkovic.hr\/#website"},"primaryImageOfPage":{"@id":"https:\/\/likemetkovic.hr\/ekocid-bez-reakcije-nadleznih-u-zasticenom-podrucju-delte-vise-nema-sto-gorjeti\/#primaryimage"},"image":{"@id":"https:\/\/likemetkovic.hr\/ekocid-bez-reakcije-nadleznih-u-zasticenom-podrucju-delte-vise-nema-sto-gorjeti\/#primaryimage"},"thumbnailUrl":"https:\/\/likemetkovic.hr\/portal\/wp-content\/uploads\/2022\/03\/pod-gredom-pozar-trscak-5-3-2022.jpg","datePublished":"2022-03-05T16:12:24+00:00","author":{"@id":"https:\/\/likemetkovic.hr\/#\/schema\/person\/a42711f3385a0e2be6f7e0443bfb28f0"},"breadcrumb":{"@id":"https:\/\/likemetkovic.hr\/ekocid-bez-reakcije-nadleznih-u-zasticenom-podrucju-delte-vise-nema-sto-gorjeti\/#breadcrumb"},"inLanguage":"hr","potentialAction":[{"@type":"ReadAction","target":["https:\/\/likemetkovic.hr\/ekocid-bez-reakcije-nadleznih-u-zasticenom-podrucju-delte-vise-nema-sto-gorjeti\/"]}]},{"@type":"ImageObject","inLanguage":"hr","@id":"https:\/\/likemetkovic.hr\/ekocid-bez-reakcije-nadleznih-u-zasticenom-podrucju-delte-vise-nema-sto-gorjeti\/#primaryimage","url":"https:\/\/likemetkovic.hr\/portal\/wp-content\/uploads\/2022\/03\/pod-gredom-pozar-trscak-5-3-2022.jpg","contentUrl":"https:\/\/likemetkovic.hr\/portal\/wp-content\/uploads\/2022\/03\/pod-gredom-pozar-trscak-5-3-2022.jpg","width":800,"height":449},{"@type":"BreadcrumbList","@id":"https:\/\/likemetkovic.hr\/ekocid-bez-reakcije-nadleznih-u-zasticenom-podrucju-delte-vise-nema-sto-gorjeti\/#breadcrumb","itemListElement":[{"@type":"ListItem","position":1,"name":"Po\u010detna stranica","item":"https:\/\/likemetkovic.hr\/portal\/"},{"@type":"ListItem","position":2,"name":"EKOCID BEZ REAKCIJE NADLE\u017dNIH! U za\u0161ti\u0107enom podru\u010dju Delte vi\u0161e nema \u0161to gorjeti!"}]},{"@type":"WebSite","@id":"https:\/\/likemetkovic.hr\/#website","url":"https:\/\/likemetkovic.hr\/","name":"likemetkovic.hr","description":"Misli pozitivno... \u010ditaj LIKE","potentialAction":[{"@type":"SearchAction","target":{"@type":"EntryPoint","urlTemplate":"https:\/\/likemetkovic.hr\/?s={search_term_string}"},"query-input":{"@type":"PropertyValueSpecification","valueRequired":true,"valueName":"search_term_string"}}],"inLanguage":"hr"},{"@type":"Person","@id":"https:\/\/likemetkovic.hr\/#\/schema\/person\/a42711f3385a0e2be6f7e0443bfb28f0","name":"LIKEmetkovic.hr","sameAs":["http:\/\/likemetkovic.hr"],"url":"https:\/\/likemetkovic.hr\/portal\/author\/likemetkovic-hr\/"}]}},"_links":{"self":[{"href":"https:\/\/likemetkovic.hr\/portal\/wp-json\/wp\/v2\/posts\/128415","targetHints":{"allow":["GET"]}}],"collection":[{"href":"https:\/\/likemetkovic.hr\/portal\/wp-json\/wp\/v2\/posts"}],"about":[{"href":"https:\/\/likemetkovic.hr\/portal\/wp-json\/wp\/v2\/types\/post"}],"author":[{"embeddable":true,"href":"https:\/\/likemetkovic.hr\/portal\/wp-json\/wp\/v2\/users\/7"}],"replies":[{"embeddable":true,"href":"https:\/\/likemetkovic.hr\/portal\/wp-json\/wp\/v2\/comments?post=128415"}],"version-history":[{"count":1,"href":"https:\/\/likemetkovic.hr\/portal\/wp-json\/wp\/v2\/posts\/128415\/revisions"}],"predecessor-version":[{"id":128418,"href":"https:\/\/likemetkovic.hr\/portal\/wp-json\/wp\/v2\/posts\/128415\/revisions\/128418"}],"wp:featuredmedia":[{"embeddable":true,"href":"https:\/\/likemetkovic.hr\/portal\/wp-json\/wp\/v2\/media\/128416"}],"wp:attachment":[{"href":"https:\/\/likemetkovic.hr\/portal\/wp-json\/wp\/v2\/media?parent=128415"}],"wp:term":[{"taxonomy":"category","embeddable":true,"href":"https:\/\/likemetkovic.hr\/portal\/wp-json\/wp\/v2\/categories?post=128415"},{"taxonomy":"post_tag","embeddable":true,"href":"https:\/\/likemetkovic.hr\/portal\/wp-json\/wp\/v2\/tags?post=128415"}],"curies":[{"name":"wp","href":"https:\/\/api.w.org\/{rel}","templated":true}]}}