{"id":128493,"date":"2022-03-07T19:27:37","date_gmt":"2022-03-07T18:27:37","guid":{"rendered":"https:\/\/likemetkovic.hr\/?p=128493"},"modified":"2022-03-07T19:32:02","modified_gmt":"2022-03-07T18:32:02","slug":"luka-bozinovic-perspektivni-vratar-iz-metkovica-potpisao-za-pp-sport-management-svjetski-poznatu-agenciju","status":"publish","type":"post","link":"https:\/\/likemetkovic.hr\/portal\/luka-bozinovic-perspektivni-vratar-iz-metkovica-potpisao-za-pp-sport-management-svjetski-poznatu-agenciju\/","title":{"rendered":"Luka Bo\u017einovi\u0107, perspektivni vratar iz Metkovi\u0107a, potpisao za P&#038;P Sport Management, svjetski poznatu agenciju"},"content":{"rendered":"<p><strong>Luka Bo\u017einovi\u0107<\/strong> (16) iz Metkovi\u0107a, vratar i kapetan kadetske mom\u010dadi Intera iz Zapre\u0161i\u0107a, potpisao je ugovor s agencijom P&amp;P Sport Management \u010diji je glavni agent i osniva\u010d <strong>Federico Pastorello<\/strong> koji je u Dubaiju na Globe Socceru progla\u0161en za najboljeg agenta na svijetu u 2021 godini zbog prodaje Lukakua u Chelsea za 100 mil eura.<\/p>\n<p>Lukin menad\u017eer je Matija Soldo, tako\u0111er \u010dlan P&amp;P Sport Managementa, sin od biv\u0161eg reprezentativca Hrvatske Zvonimira Solde, bron\u010danog s SP u Francuskoj 1998. godine. U agenciji su mnogi poznati igra\u010di poput Andreja Kramari\u0107a, Bernardeschia iz Juventusa, Marka Livaje, spomenutog Lukakua, vratara Kaspera Schmeichel\u2026<\/p>\n\r\n                <style type=\"text\/css\">\r\n                    \r\n                    #tdi_1  .td-doubleSlider-2 .td-item1 {\r\n                        background: url(https:\/\/likemetkovic.hr\/portal\/wp-content\/uploads\/2022\/03\/frederico-pastorello-80x60.jpg) 0 0 no-repeat;\r\n                    }\r\n                    #tdi_1  .td-doubleSlider-2 .td-item2 {\r\n                        background: url(https:\/\/likemetkovic.hr\/portal\/wp-content\/uploads\/2022\/03\/luka-bozinovic-80x60.jpg) 0 0 no-repeat;\r\n                    }\r\n                    #tdi_1  .td-doubleSlider-2 .td-item3 {\r\n                        background: url(https:\/\/likemetkovic.hr\/portal\/wp-content\/uploads\/2020\/11\/luka-bozinovic-80x60.jpeg) 0 0 no-repeat;\r\n                    }\r\n                    #tdi_1  .td-doubleSlider-2 .td-item4 {\r\n                        background: url(https:\/\/likemetkovic.hr\/portal\/wp-content\/uploads\/2022\/03\/luka-bozinovic-inter_zapresic-80x60.jpg) 0 0 no-repeat;\r\n                    }\r\n                <\/style>\r\n\r\n                <div id=\"tdi_1\" class=\"td-gallery td-slide-on-2-columns\">\r\n                    <div class=\"post_td_gallery\">\r\n                        <div class=\"td-gallery-slide-top\">\r\n                           <div class=\"td-gallery-title\"><\/div>\r\n\r\n                            <div class=\"td-gallery-controls-wrapper\">\r\n                                <div class=\"td-gallery-slide-count\"><span class=\"td-gallery-slide-item-focus\">1<\/span> of 4<\/div>\r\n                                <div class=\"td-gallery-slide-prev-next-but\">\r\n                                    <i class = \"td-icon-left doubleSliderPrevButton\"><\/i>\r\n                                    <i class = \"td-icon-right doubleSliderNextButton\"><\/i>\r\n                                <\/div>\r\n                            <\/div>\r\n                        <\/div>\r\n\r\n                        <div class = \"td-doubleSlider-1 \">\r\n                            <div class = \"td-slider\">\r\n                                \r\n                    <div class = \"td-slide-item td-item1\">\r\n                        <figure class=\"td-slide-galery-figure td-slide-popup-gallery\">\r\n                            <a class=\"slide-gallery-image-link\" href=\"https:\/\/likemetkovic.hr\/portal\/wp-content\/uploads\/2022\/03\/frederico-pastorello.jpg\" title=\"frederico pastorello\"  data-caption=\"\"  data-description=\"\">\r\n                                <img decoding=\"async\" src=\"https:\/\/likemetkovic.hr\/portal\/wp-content\/uploads\/2022\/03\/frederico-pastorello-629x420.jpg\" srcset=\"https:\/\/likemetkovic.hr\/portal\/wp-content\/uploads\/2022\/03\/frederico-pastorello-629x420.jpg 629w, https:\/\/likemetkovic.hr\/portal\/wp-content\/uploads\/2022\/03\/frederico-pastorello-768x513.jpg 768w, https:\/\/likemetkovic.hr\/portal\/wp-content\/uploads\/2022\/03\/frederico-pastorello-696x465.jpg 696w, https:\/\/likemetkovic.hr\/portal\/wp-content\/uploads\/2022\/03\/frederico-pastorello.jpg 800w\" sizes=\"(max-width: 629px) 100vw, 629px\" alt=\"\">\r\n                            <\/a>\r\n                            \r\n                        <\/figure>\r\n                    <\/div>\r\n                    <div class = \"td-slide-item td-item2\">\r\n                        <figure class=\"td-slide-galery-figure td-slide-popup-gallery\">\r\n                            <a class=\"slide-gallery-image-link\" href=\"https:\/\/likemetkovic.hr\/portal\/wp-content\/uploads\/2022\/03\/luka-bozinovic.jpg\" title=\"luka bozinovic\"  data-caption=\"\"  data-description=\"\">\r\n                                <img decoding=\"async\" src=\"https:\/\/likemetkovic.hr\/portal\/wp-content\/uploads\/2022\/03\/luka-bozinovic-629x420.jpg\" srcset=\"https:\/\/likemetkovic.hr\/portal\/wp-content\/uploads\/2022\/03\/luka-bozinovic-629x420.jpg 629w, https:\/\/likemetkovic.hr\/portal\/wp-content\/uploads\/2022\/03\/luka-bozinovic-768x513.jpg 768w, https:\/\/likemetkovic.hr\/portal\/wp-content\/uploads\/2022\/03\/luka-bozinovic-696x465.jpg 696w, https:\/\/likemetkovic.hr\/portal\/wp-content\/uploads\/2022\/03\/luka-bozinovic.jpg 800w\" sizes=\"(max-width: 629px) 100vw, 629px\" alt=\"\">\r\n                            <\/a>\r\n                            \r\n                        <\/figure>\r\n                    <\/div>\r\n                    <div class = \"td-slide-item td-item3\">\r\n                        <figure class=\"td-slide-galery-figure td-slide-popup-gallery\">\r\n                            <a class=\"slide-gallery-image-link\" href=\"https:\/\/likemetkovic.hr\/portal\/wp-content\/uploads\/2020\/11\/luka-bozinovic.jpeg\" title=\"luka bozinovic\"  data-caption=\"\"  data-description=\"\">\r\n                                <img decoding=\"async\" src=\"https:\/\/likemetkovic.hr\/portal\/wp-content\/uploads\/2020\/11\/luka-bozinovic-638x420.jpeg\" srcset=\"https:\/\/likemetkovic.hr\/portal\/wp-content\/uploads\/2020\/11\/luka-bozinovic-638x420.jpeg 638w, https:\/\/likemetkovic.hr\/portal\/wp-content\/uploads\/2020\/11\/luka-bozinovic-696x458.jpeg 696w, https:\/\/likemetkovic.hr\/portal\/wp-content\/uploads\/2020\/11\/luka-bozinovic.jpeg 750w\" sizes=\"(max-width: 638px) 100vw, 638px\" alt=\"\">\r\n                            <\/a>\r\n                            \r\n                        <\/figure>\r\n                    <\/div>\r\n                    <div class = \"td-slide-item td-item4\">\r\n                        <figure class=\"td-slide-galery-figure td-slide-popup-gallery\">\r\n                            <a class=\"slide-gallery-image-link\" href=\"https:\/\/likemetkovic.hr\/portal\/wp-content\/uploads\/2022\/03\/luka-bozinovic-inter_zapresic.jpg\" title=\"luka bozinovic inter_zapresic\"  data-caption=\"\"  data-description=\"\">\r\n                                <img decoding=\"async\" src=\"https:\/\/likemetkovic.hr\/portal\/wp-content\/uploads\/2022\/03\/luka-bozinovic-inter_zapresic-315x420.jpg\" srcset=\"https:\/\/likemetkovic.hr\/portal\/wp-content\/uploads\/2022\/03\/luka-bozinovic-inter_zapresic-315x420.jpg 315w, https:\/\/likemetkovic.hr\/portal\/wp-content\/uploads\/2022\/03\/luka-bozinovic-inter_zapresic.jpg 600w\" sizes=\"(max-width: 315px) 100vw, 315px\" alt=\"\">\r\n                            <\/a>\r\n                            \r\n                        <\/figure>\r\n                    <\/div>\r\n                            <\/div>\r\n                        <\/div>\r\n\r\n                        <div class = \"td-doubleSlider-2\">\r\n                            <div class = \"td-slider\">\r\n                                \r\n                    <div class = \"td-button td-item1\">\r\n                        <div class = \"td-border\"><\/div>\r\n                    <\/div>\r\n                    <div class = \"td-button td-item2\">\r\n                        <div class = \"td-border\"><\/div>\r\n                    <\/div>\r\n                    <div class = \"td-button td-item3\">\r\n                        <div class = \"td-border\"><\/div>\r\n                    <\/div>\r\n                    <div class = \"td-button td-item4\">\r\n                        <div class = \"td-border\"><\/div>\r\n                    <\/div>\r\n                            <\/div>\r\n                        <\/div>\r\n\r\n                    <\/div>\r\n\r\n                <\/div>\r\n                \n<p>Mladi, perspektivni vratar iz Metkovi\u0107a je prve nogometne korake napravio u ONK Metkovi\u0107 a nastavio u NK Neretvi, prije dvije godine se uputio prema sjeveru. Prvo je bio na probi u Lokomotivi, a potom je u toga ljeta pre\u0161ao u Rude\u0161 za koji je odigrao 12 prvenstvenih utakmica. Nakon toga je potpisao prvi prvoliga\u0161ki ugovor za kadetsku mom\u010dad Intera iz Zapre\u0161i\u0107a s kojim je pro\u0161ao u \u010detvrtfinale Hrvatskog nogometnog kupa, izbaciv\u0161i Lokomotivu Zagreb rezultatom 1:0,\u00a0 gdje ga na \u0160ubi\u0107evcu \u010deka \u0160ibenik.<\/p>\n","protected":false},"excerpt":{"rendered":"<p>Luka Bo\u017einovi\u0107 (16) iz Metkovi\u0107a, vratar i kapetan kadetske mom\u010dadi Intera iz Zapre\u0161i\u0107a, potpisao je ugovor s agencijom P&amp;P Sport Management \u010diji je glavni agent i osniva\u010d Federico Pastorello koji je u Dubaiju na Globe Socceru progla\u0161en za najboljeg agenta na svijetu u 2021 godini zbog prodaje Lukakua u Chelsea za 100 mil eura. Lukin [&hellip;]<\/p>\n","protected":false},"author":9,"featured_media":128494,"comment_status":"open","ping_status":"open","sticky":false,"template":"","format":"standard","meta":{"footnotes":""},"categories":[296,30],"tags":[8508,10452],"class_list":{"0":"post-128493","1":"post","2":"type-post","3":"status-publish","4":"format-standard","5":"has-post-thumbnail","7":"category-ab","8":"category-nogomet","9":"tag-luka-bozinovic","10":"tag-pp-sport-management"},"yoast_head":"<!-- This site is optimized with the Yoast SEO plugin v25.2 - https:\/\/yoast.com\/wordpress\/plugins\/seo\/ -->\n<title>Luka Bo\u017einovi\u0107, perspektivni vratar iz Metkovi\u0107a, potpisao za P&amp;P Sport Management, svjetski poznatu agenciju - likemetkovic.hr<\/title>\n<meta name=\"robots\" content=\"index, follow, max-snippet:-1, max-image-preview:large, max-video-preview:-1\" \/>\n<link rel=\"canonical\" href=\"https:\/\/likemetkovic.hr\/luka-bozinovic-perspektivni-vratar-iz-metkovica-potpisao-za-pp-sport-management-svjetski-poznatu-agenciju\/\" \/>\n<meta property=\"og:locale\" content=\"hr_HR\" \/>\n<meta property=\"og:type\" content=\"article\" \/>\n<meta property=\"og:title\" content=\"Luka Bo\u017einovi\u0107, perspektivni vratar iz Metkovi\u0107a, potpisao za P&amp;P Sport Management, svjetski poznatu agenciju - likemetkovic.hr\" \/>\n<meta property=\"og:description\" content=\"Luka Bo\u017einovi\u0107 (16) iz Metkovi\u0107a, vratar i kapetan kadetske mom\u010dadi Intera iz Zapre\u0161i\u0107a, potpisao je ugovor s agencijom P&amp;P Sport Management \u010diji je glavni agent i osniva\u010d Federico Pastorello koji je u Dubaiju na Globe Socceru progla\u0161en za najboljeg agenta na svijetu u 2021 godini zbog prodaje Lukakua u Chelsea za 100 mil eura. Lukin [&hellip;]\" \/>\n<meta property=\"og:url\" content=\"https:\/\/likemetkovic.hr\/luka-bozinovic-perspektivni-vratar-iz-metkovica-potpisao-za-pp-sport-management-svjetski-poznatu-agenciju\/\" \/>\n<meta property=\"og:site_name\" content=\"likemetkovic.hr\" \/>\n<meta property=\"article:publisher\" content=\"https:\/\/www.facebook.com\/likemetkovic.hr\/\" \/>\n<meta property=\"article:published_time\" content=\"2022-03-07T18:27:37+00:00\" \/>\n<meta property=\"article:modified_time\" content=\"2022-03-07T18:32:02+00:00\" \/>\n<meta property=\"og:image\" content=\"https:\/\/likemetkovic.hr\/wp-content\/uploads\/2022\/03\/luka-bozinovic.jpg\" \/>\n\t<meta property=\"og:image:width\" content=\"800\" \/>\n\t<meta property=\"og:image:height\" content=\"534\" \/>\n\t<meta property=\"og:image:type\" content=\"image\/jpeg\" \/>\n<meta name=\"author\" content=\"K. J.\" \/>\n<meta name=\"twitter:card\" content=\"summary_large_image\" \/>\n<meta name=\"twitter:label1\" content=\"Napisao\/la\" \/>\n\t<meta name=\"twitter:data1\" content=\"K. J.\" \/>\n\t<meta name=\"twitter:label2\" content=\"Procijenjeno vrijeme \u010ditanja\" \/>\n\t<meta name=\"twitter:data2\" content=\"1 minuta\" \/>\n<script type=\"application\/ld+json\" class=\"yoast-schema-graph\">{\"@context\":\"https:\/\/schema.org\",\"@graph\":[{\"@type\":\"WebPage\",\"@id\":\"https:\/\/likemetkovic.hr\/luka-bozinovic-perspektivni-vratar-iz-metkovica-potpisao-za-pp-sport-management-svjetski-poznatu-agenciju\/\",\"url\":\"https:\/\/likemetkovic.hr\/luka-bozinovic-perspektivni-vratar-iz-metkovica-potpisao-za-pp-sport-management-svjetski-poznatu-agenciju\/\",\"name\":\"Luka Bo\u017einovi\u0107, perspektivni vratar iz Metkovi\u0107a, potpisao za P&P Sport Management, svjetski poznatu agenciju - likemetkovic.hr\",\"isPartOf\":{\"@id\":\"https:\/\/likemetkovic.hr\/#website\"},\"primaryImageOfPage\":{\"@id\":\"https:\/\/likemetkovic.hr\/luka-bozinovic-perspektivni-vratar-iz-metkovica-potpisao-za-pp-sport-management-svjetski-poznatu-agenciju\/#primaryimage\"},\"image\":{\"@id\":\"https:\/\/likemetkovic.hr\/luka-bozinovic-perspektivni-vratar-iz-metkovica-potpisao-za-pp-sport-management-svjetski-poznatu-agenciju\/#primaryimage\"},\"thumbnailUrl\":\"https:\/\/likemetkovic.hr\/portal\/wp-content\/uploads\/2022\/03\/luka-bozinovic.jpg\",\"datePublished\":\"2022-03-07T18:27:37+00:00\",\"dateModified\":\"2022-03-07T18:32:02+00:00\",\"author\":{\"@id\":\"https:\/\/likemetkovic.hr\/#\/schema\/person\/0a8b4ebfdfe1ff01192dccda40c5da0c\"},\"breadcrumb\":{\"@id\":\"https:\/\/likemetkovic.hr\/luka-bozinovic-perspektivni-vratar-iz-metkovica-potpisao-za-pp-sport-management-svjetski-poznatu-agenciju\/#breadcrumb\"},\"inLanguage\":\"hr\",\"potentialAction\":[{\"@type\":\"ReadAction\",\"target\":[\"https:\/\/likemetkovic.hr\/luka-bozinovic-perspektivni-vratar-iz-metkovica-potpisao-za-pp-sport-management-svjetski-poznatu-agenciju\/\"]}]},{\"@type\":\"ImageObject\",\"inLanguage\":\"hr\",\"@id\":\"https:\/\/likemetkovic.hr\/luka-bozinovic-perspektivni-vratar-iz-metkovica-potpisao-za-pp-sport-management-svjetski-poznatu-agenciju\/#primaryimage\",\"url\":\"https:\/\/likemetkovic.hr\/portal\/wp-content\/uploads\/2022\/03\/luka-bozinovic.jpg\",\"contentUrl\":\"https:\/\/likemetkovic.hr\/portal\/wp-content\/uploads\/2022\/03\/luka-bozinovic.jpg\",\"width\":800,\"height\":534},{\"@type\":\"BreadcrumbList\",\"@id\":\"https:\/\/likemetkovic.hr\/luka-bozinovic-perspektivni-vratar-iz-metkovica-potpisao-za-pp-sport-management-svjetski-poznatu-agenciju\/#breadcrumb\",\"itemListElement\":[{\"@type\":\"ListItem\",\"position\":1,\"name\":\"Po\u010detna stranica\",\"item\":\"https:\/\/likemetkovic.hr\/portal\/\"},{\"@type\":\"ListItem\",\"position\":2,\"name\":\"Luka Bo\u017einovi\u0107, perspektivni vratar iz Metkovi\u0107a, potpisao za P&#038;P Sport Management, svjetski poznatu agenciju\"}]},{\"@type\":\"WebSite\",\"@id\":\"https:\/\/likemetkovic.hr\/#website\",\"url\":\"https:\/\/likemetkovic.hr\/\",\"name\":\"likemetkovic.hr\",\"description\":\"Misli pozitivno... \u010ditaj LIKE\",\"potentialAction\":[{\"@type\":\"SearchAction\",\"target\":{\"@type\":\"EntryPoint\",\"urlTemplate\":\"https:\/\/likemetkovic.hr\/?s={search_term_string}\"},\"query-input\":{\"@type\":\"PropertyValueSpecification\",\"valueRequired\":true,\"valueName\":\"search_term_string\"}}],\"inLanguage\":\"hr\"},{\"@type\":\"Person\",\"@id\":\"https:\/\/likemetkovic.hr\/#\/schema\/person\/0a8b4ebfdfe1ff01192dccda40c5da0c\",\"name\":\"K. J.\",\"url\":\"https:\/\/likemetkovic.hr\/portal\/author\/likemetkovic\/\"}]}<\/script>\n<!-- \/ Yoast SEO plugin. -->","yoast_head_json":{"title":"Luka Bo\u017einovi\u0107, perspektivni vratar iz Metkovi\u0107a, potpisao za P&P Sport Management, svjetski poznatu agenciju - likemetkovic.hr","robots":{"index":"index","follow":"follow","max-snippet":"max-snippet:-1","max-image-preview":"max-image-preview:large","max-video-preview":"max-video-preview:-1"},"canonical":"https:\/\/likemetkovic.hr\/luka-bozinovic-perspektivni-vratar-iz-metkovica-potpisao-za-pp-sport-management-svjetski-poznatu-agenciju\/","og_locale":"hr_HR","og_type":"article","og_title":"Luka Bo\u017einovi\u0107, perspektivni vratar iz Metkovi\u0107a, potpisao za P&P Sport Management, svjetski poznatu agenciju - likemetkovic.hr","og_description":"Luka Bo\u017einovi\u0107 (16) iz Metkovi\u0107a, vratar i kapetan kadetske mom\u010dadi Intera iz Zapre\u0161i\u0107a, potpisao je ugovor s agencijom P&amp;P Sport Management \u010diji je glavni agent i osniva\u010d Federico Pastorello koji je u Dubaiju na Globe Socceru progla\u0161en za najboljeg agenta na svijetu u 2021 godini zbog prodaje Lukakua u Chelsea za 100 mil eura. Lukin [&hellip;]","og_url":"https:\/\/likemetkovic.hr\/luka-bozinovic-perspektivni-vratar-iz-metkovica-potpisao-za-pp-sport-management-svjetski-poznatu-agenciju\/","og_site_name":"likemetkovic.hr","article_publisher":"https:\/\/www.facebook.com\/likemetkovic.hr\/","article_published_time":"2022-03-07T18:27:37+00:00","article_modified_time":"2022-03-07T18:32:02+00:00","og_image":[{"width":800,"height":534,"url":"https:\/\/likemetkovic.hr\/wp-content\/uploads\/2022\/03\/luka-bozinovic.jpg","type":"image\/jpeg"}],"author":"K. J.","twitter_card":"summary_large_image","twitter_misc":{"Napisao\/la":"K. J.","Procijenjeno vrijeme \u010ditanja":"1 minuta"},"schema":{"@context":"https:\/\/schema.org","@graph":[{"@type":"WebPage","@id":"https:\/\/likemetkovic.hr\/luka-bozinovic-perspektivni-vratar-iz-metkovica-potpisao-za-pp-sport-management-svjetski-poznatu-agenciju\/","url":"https:\/\/likemetkovic.hr\/luka-bozinovic-perspektivni-vratar-iz-metkovica-potpisao-za-pp-sport-management-svjetski-poznatu-agenciju\/","name":"Luka Bo\u017einovi\u0107, perspektivni vratar iz Metkovi\u0107a, potpisao za P&P Sport Management, svjetski poznatu agenciju - likemetkovic.hr","isPartOf":{"@id":"https:\/\/likemetkovic.hr\/#website"},"primaryImageOfPage":{"@id":"https:\/\/likemetkovic.hr\/luka-bozinovic-perspektivni-vratar-iz-metkovica-potpisao-za-pp-sport-management-svjetski-poznatu-agenciju\/#primaryimage"},"image":{"@id":"https:\/\/likemetkovic.hr\/luka-bozinovic-perspektivni-vratar-iz-metkovica-potpisao-za-pp-sport-management-svjetski-poznatu-agenciju\/#primaryimage"},"thumbnailUrl":"https:\/\/likemetkovic.hr\/portal\/wp-content\/uploads\/2022\/03\/luka-bozinovic.jpg","datePublished":"2022-03-07T18:27:37+00:00","dateModified":"2022-03-07T18:32:02+00:00","author":{"@id":"https:\/\/likemetkovic.hr\/#\/schema\/person\/0a8b4ebfdfe1ff01192dccda40c5da0c"},"breadcrumb":{"@id":"https:\/\/likemetkovic.hr\/luka-bozinovic-perspektivni-vratar-iz-metkovica-potpisao-za-pp-sport-management-svjetski-poznatu-agenciju\/#breadcrumb"},"inLanguage":"hr","potentialAction":[{"@type":"ReadAction","target":["https:\/\/likemetkovic.hr\/luka-bozinovic-perspektivni-vratar-iz-metkovica-potpisao-za-pp-sport-management-svjetski-poznatu-agenciju\/"]}]},{"@type":"ImageObject","inLanguage":"hr","@id":"https:\/\/likemetkovic.hr\/luka-bozinovic-perspektivni-vratar-iz-metkovica-potpisao-za-pp-sport-management-svjetski-poznatu-agenciju\/#primaryimage","url":"https:\/\/likemetkovic.hr\/portal\/wp-content\/uploads\/2022\/03\/luka-bozinovic.jpg","contentUrl":"https:\/\/likemetkovic.hr\/portal\/wp-content\/uploads\/2022\/03\/luka-bozinovic.jpg","width":800,"height":534},{"@type":"BreadcrumbList","@id":"https:\/\/likemetkovic.hr\/luka-bozinovic-perspektivni-vratar-iz-metkovica-potpisao-za-pp-sport-management-svjetski-poznatu-agenciju\/#breadcrumb","itemListElement":[{"@type":"ListItem","position":1,"name":"Po\u010detna stranica","item":"https:\/\/likemetkovic.hr\/portal\/"},{"@type":"ListItem","position":2,"name":"Luka Bo\u017einovi\u0107, perspektivni vratar iz Metkovi\u0107a, potpisao za P&#038;P Sport Management, svjetski poznatu agenciju"}]},{"@type":"WebSite","@id":"https:\/\/likemetkovic.hr\/#website","url":"https:\/\/likemetkovic.hr\/","name":"likemetkovic.hr","description":"Misli pozitivno... \u010ditaj LIKE","potentialAction":[{"@type":"SearchAction","target":{"@type":"EntryPoint","urlTemplate":"https:\/\/likemetkovic.hr\/?s={search_term_string}"},"query-input":{"@type":"PropertyValueSpecification","valueRequired":true,"valueName":"search_term_string"}}],"inLanguage":"hr"},{"@type":"Person","@id":"https:\/\/likemetkovic.hr\/#\/schema\/person\/0a8b4ebfdfe1ff01192dccda40c5da0c","name":"K. J.","url":"https:\/\/likemetkovic.hr\/portal\/author\/likemetkovic\/"}]}},"_links":{"self":[{"href":"https:\/\/likemetkovic.hr\/portal\/wp-json\/wp\/v2\/posts\/128493","targetHints":{"allow":["GET"]}}],"collection":[{"href":"https:\/\/likemetkovic.hr\/portal\/wp-json\/wp\/v2\/posts"}],"about":[{"href":"https:\/\/likemetkovic.hr\/portal\/wp-json\/wp\/v2\/types\/post"}],"author":[{"embeddable":true,"href":"https:\/\/likemetkovic.hr\/portal\/wp-json\/wp\/v2\/users\/9"}],"replies":[{"embeddable":true,"href":"https:\/\/likemetkovic.hr\/portal\/wp-json\/wp\/v2\/comments?post=128493"}],"version-history":[{"count":4,"href":"https:\/\/likemetkovic.hr\/portal\/wp-json\/wp\/v2\/posts\/128493\/revisions"}],"predecessor-version":[{"id":128500,"href":"https:\/\/likemetkovic.hr\/portal\/wp-json\/wp\/v2\/posts\/128493\/revisions\/128500"}],"wp:featuredmedia":[{"embeddable":true,"href":"https:\/\/likemetkovic.hr\/portal\/wp-json\/wp\/v2\/media\/128494"}],"wp:attachment":[{"href":"https:\/\/likemetkovic.hr\/portal\/wp-json\/wp\/v2\/media?parent=128493"}],"wp:term":[{"taxonomy":"category","embeddable":true,"href":"https:\/\/likemetkovic.hr\/portal\/wp-json\/wp\/v2\/categories?post=128493"},{"taxonomy":"post_tag","embeddable":true,"href":"https:\/\/likemetkovic.hr\/portal\/wp-json\/wp\/v2\/tags?post=128493"}],"curies":[{"name":"wp","href":"https:\/\/api.w.org\/{rel}","templated":true}]}}