{"id":128584,"date":"2022-03-10T15:10:13","date_gmt":"2022-03-10T14:10:13","guid":{"rendered":"https:\/\/likemetkovic.hr\/?p=128584"},"modified":"2022-03-10T15:10:13","modified_gmt":"2022-03-10T14:10:13","slug":"crveni-kriz-metkovic-poceo-s-prikupljanjem-humanitarne-pomoci-za-izbjeglice-iz-ukrajine","status":"publish","type":"post","link":"https:\/\/likemetkovic.hr\/portal\/crveni-kriz-metkovic-poceo-s-prikupljanjem-humanitarne-pomoci-za-izbjeglice-iz-ukrajine\/","title":{"rendered":"Crveni kri\u017e Metkovi\u0107 po\u010deo s\u00a0prikupljanjem humanitarne pomo\u0107i za izbjeglice iz Ukrajine"},"content":{"rendered":"<p data-uw-styling-context=\"true\">Gradsko dru\u0161tvo Crvenoga kri\u017ea Metkovi\u0107 se uklju\u010dilo u\u00a0prikupljanje humanitarne pomo\u0107i za izbjeglice iz Ukrajine koje je pokrenuo Hrvatski Crveni kri\u017e.<\/p>\n<p data-uw-styling-context=\"true\">Prikuplja se hrana i higijena, i to isklju\u010divo sljede\u0107i artikli:<\/p>\n<ul data-uw-styling-context=\"true\">\n<li data-uw-styling-context=\"true\"><strong data-uw-styling-context=\"true\">Hrana<\/strong>: bra\u0161no, ulje, ri\u017ea, \u0161e\u0107er, kuhinjska sol, tjestenina, juha u vre\u0107ici, riblja konzerva, mesna konzerva i marmelada, hrana za bebe ka\u0161ica i \u017eitne ka\u0161ice\/pahuljice za djecu<\/li>\n<li data-uw-styling-context=\"true\"><strong data-uw-styling-context=\"true\">Higijena<\/strong>: sapun za ruke, gel za tu\u0161iranje, \u0161ampon za kosu, pasta za zube, \u010detkica za zube, jednokratni brija\u010d, higijenski ulo\u0161ci, pelene za djecu, krema za djecu, \u0161ampon za djecu, dje\u010dja pasta za zube, dje\u010dja \u010detkica za zube i higijenske vla\u017ene maramice za djecu<\/li>\n<\/ul>\n<p data-uw-styling-context=\"true\">Svi oni koji mogu i \u017eele pomo\u0107i izbjeglicama iz Ukrajine, navedene proizvode mogu donijeti u\u00a0<strong data-uw-styling-context=\"true\">prostorije Gradskoga dru\u0161tva Crvenoga kri\u017ea Metkovi\u0107, na adresu Ante Star\u010devi\u0107a 10, od ponedjeljka do petka u vremenu od 8 do 14 sati.<\/strong><\/p>\n<p data-uw-styling-context=\"true\">Hrvatski Crveni kri\u017e otvorio je i\u00a0<strong data-uw-styling-context=\"true\">humanitarni telefon<\/strong>\u00a0i svi oni koji \u017eele pomo\u0107i mogu nazvati 060 9011 (Cijena poziva iznosi 6,25 kuna, u iznos je uklju\u010den PDV kao i naknada teleoperateru). I dalje je otvoren apel za pomo\u0107 izbjeglicama iz Ukrajine i oni koji \u017eele pomo\u0107i mogu to u\u010diniti\u00a0<strong data-uw-styling-context=\"true\">uplatom na \u017eiro ra\u010dun<\/strong>:<\/p>\n<p data-uw-styling-context=\"true\">IBAN: HR0923600001503056530<br \/>\nPoziv na broj odobrenja: 705<br \/>\nBanka: Zagreba\u010dka banka d.d., Zagreb, Trg bana J. Jela\u010di\u0107a 10<br \/>\nPrimatelj: Hrvatski Crveni kri\u017e, Ulica Crvenog kri\u017ea 14-16, Zagreb<br \/>\nZa uplate iz inozemstva BIC (SWIFT) kod: ZABAHR2XXXX<\/p>\n","protected":false},"excerpt":{"rendered":"<p>Gradsko dru\u0161tvo Crvenoga kri\u017ea Metkovi\u0107 se uklju\u010dilo u\u00a0prikupljanje humanitarne pomo\u0107i za izbjeglice iz Ukrajine koje je pokrenuo Hrvatski Crveni kri\u017e. Prikuplja se hrana i higijena, i to isklju\u010divo sljede\u0107i artikli: Hrana: bra\u0161no, ulje, ri\u017ea, \u0161e\u0107er, kuhinjska sol, tjestenina, juha u vre\u0107ici, riblja konzerva, mesna konzerva i marmelada, hrana za bebe ka\u0161ica i \u017eitne ka\u0161ice\/pahuljice za [&hellip;]<\/p>\n","protected":false},"author":7,"featured_media":128585,"comment_status":"open","ping_status":"open","sticky":false,"template":"","format":"standard","meta":{"footnotes":""},"categories":[283,11],"tags":[469,3405,10434],"class_list":{"0":"post-128584","1":"post","2":"type-post","3":"status-publish","4":"format-standard","5":"has-post-thumbnail","7":"category-a","8":"category-metkovic-dolina","9":"tag-crveni-kriz-metkovic","10":"tag-humanitarna-pomoc","11":"tag-ukrajina"},"yoast_head":"<!-- This site is optimized with the Yoast SEO plugin v25.2 - https:\/\/yoast.com\/wordpress\/plugins\/seo\/ -->\n<title>Crveni kri\u017e Metkovi\u0107 po\u010deo s\u00a0prikupljanjem humanitarne pomo\u0107i za izbjeglice iz Ukrajine - likemetkovic.hr<\/title>\n<meta name=\"robots\" content=\"index, follow, max-snippet:-1, max-image-preview:large, max-video-preview:-1\" \/>\n<link rel=\"canonical\" href=\"https:\/\/likemetkovic.hr\/crveni-kriz-metkovic-poceo-s-prikupljanjem-humanitarne-pomoci-za-izbjeglice-iz-ukrajine\/\" \/>\n<meta property=\"og:locale\" content=\"hr_HR\" \/>\n<meta property=\"og:type\" content=\"article\" \/>\n<meta property=\"og:title\" content=\"Crveni kri\u017e Metkovi\u0107 po\u010deo s\u00a0prikupljanjem humanitarne pomo\u0107i za izbjeglice iz Ukrajine - likemetkovic.hr\" \/>\n<meta property=\"og:description\" content=\"Gradsko dru\u0161tvo Crvenoga kri\u017ea Metkovi\u0107 se uklju\u010dilo u\u00a0prikupljanje humanitarne pomo\u0107i za izbjeglice iz Ukrajine koje je pokrenuo Hrvatski Crveni kri\u017e. Prikuplja se hrana i higijena, i to isklju\u010divo sljede\u0107i artikli: Hrana: bra\u0161no, ulje, ri\u017ea, \u0161e\u0107er, kuhinjska sol, tjestenina, juha u vre\u0107ici, riblja konzerva, mesna konzerva i marmelada, hrana za bebe ka\u0161ica i \u017eitne ka\u0161ice\/pahuljice za [&hellip;]\" \/>\n<meta property=\"og:url\" content=\"https:\/\/likemetkovic.hr\/crveni-kriz-metkovic-poceo-s-prikupljanjem-humanitarne-pomoci-za-izbjeglice-iz-ukrajine\/\" \/>\n<meta property=\"og:site_name\" content=\"likemetkovic.hr\" \/>\n<meta property=\"article:publisher\" content=\"https:\/\/www.facebook.com\/likemetkovic.hr\/\" \/>\n<meta property=\"article:published_time\" content=\"2022-03-10T14:10:13+00:00\" \/>\n<meta property=\"og:image\" content=\"https:\/\/likemetkovic.hr\/wp-content\/uploads\/2022\/03\/humanitarni-paketi-.jpg\" \/>\n\t<meta property=\"og:image:width\" content=\"800\" \/>\n\t<meta property=\"og:image:height\" content=\"567\" \/>\n\t<meta property=\"og:image:type\" content=\"image\/jpeg\" \/>\n<meta name=\"author\" content=\"LIKEmetkovic.hr\" \/>\n<meta name=\"twitter:card\" content=\"summary_large_image\" \/>\n<meta name=\"twitter:label1\" content=\"Napisao\/la\" \/>\n\t<meta name=\"twitter:data1\" content=\"LIKEmetkovic.hr\" \/>\n\t<meta name=\"twitter:label2\" content=\"Procijenjeno vrijeme \u010ditanja\" \/>\n\t<meta name=\"twitter:data2\" content=\"2 minute\" \/>\n<script type=\"application\/ld+json\" class=\"yoast-schema-graph\">{\"@context\":\"https:\/\/schema.org\",\"@graph\":[{\"@type\":\"WebPage\",\"@id\":\"https:\/\/likemetkovic.hr\/crveni-kriz-metkovic-poceo-s-prikupljanjem-humanitarne-pomoci-za-izbjeglice-iz-ukrajine\/\",\"url\":\"https:\/\/likemetkovic.hr\/crveni-kriz-metkovic-poceo-s-prikupljanjem-humanitarne-pomoci-za-izbjeglice-iz-ukrajine\/\",\"name\":\"Crveni kri\u017e Metkovi\u0107 po\u010deo s\u00a0prikupljanjem humanitarne pomo\u0107i za izbjeglice iz Ukrajine - likemetkovic.hr\",\"isPartOf\":{\"@id\":\"https:\/\/likemetkovic.hr\/#website\"},\"primaryImageOfPage\":{\"@id\":\"https:\/\/likemetkovic.hr\/crveni-kriz-metkovic-poceo-s-prikupljanjem-humanitarne-pomoci-za-izbjeglice-iz-ukrajine\/#primaryimage\"},\"image\":{\"@id\":\"https:\/\/likemetkovic.hr\/crveni-kriz-metkovic-poceo-s-prikupljanjem-humanitarne-pomoci-za-izbjeglice-iz-ukrajine\/#primaryimage\"},\"thumbnailUrl\":\"https:\/\/likemetkovic.hr\/portal\/wp-content\/uploads\/2022\/03\/humanitarni-paketi-.jpg\",\"datePublished\":\"2022-03-10T14:10:13+00:00\",\"author\":{\"@id\":\"https:\/\/likemetkovic.hr\/#\/schema\/person\/a42711f3385a0e2be6f7e0443bfb28f0\"},\"breadcrumb\":{\"@id\":\"https:\/\/likemetkovic.hr\/crveni-kriz-metkovic-poceo-s-prikupljanjem-humanitarne-pomoci-za-izbjeglice-iz-ukrajine\/#breadcrumb\"},\"inLanguage\":\"hr\",\"potentialAction\":[{\"@type\":\"ReadAction\",\"target\":[\"https:\/\/likemetkovic.hr\/crveni-kriz-metkovic-poceo-s-prikupljanjem-humanitarne-pomoci-za-izbjeglice-iz-ukrajine\/\"]}]},{\"@type\":\"ImageObject\",\"inLanguage\":\"hr\",\"@id\":\"https:\/\/likemetkovic.hr\/crveni-kriz-metkovic-poceo-s-prikupljanjem-humanitarne-pomoci-za-izbjeglice-iz-ukrajine\/#primaryimage\",\"url\":\"https:\/\/likemetkovic.hr\/portal\/wp-content\/uploads\/2022\/03\/humanitarni-paketi-.jpg\",\"contentUrl\":\"https:\/\/likemetkovic.hr\/portal\/wp-content\/uploads\/2022\/03\/humanitarni-paketi-.jpg\",\"width\":800,\"height\":567},{\"@type\":\"BreadcrumbList\",\"@id\":\"https:\/\/likemetkovic.hr\/crveni-kriz-metkovic-poceo-s-prikupljanjem-humanitarne-pomoci-za-izbjeglice-iz-ukrajine\/#breadcrumb\",\"itemListElement\":[{\"@type\":\"ListItem\",\"position\":1,\"name\":\"Po\u010detna stranica\",\"item\":\"https:\/\/likemetkovic.hr\/portal\/\"},{\"@type\":\"ListItem\",\"position\":2,\"name\":\"Crveni kri\u017e Metkovi\u0107 po\u010deo s\u00a0prikupljanjem humanitarne pomo\u0107i za izbjeglice iz Ukrajine\"}]},{\"@type\":\"WebSite\",\"@id\":\"https:\/\/likemetkovic.hr\/#website\",\"url\":\"https:\/\/likemetkovic.hr\/\",\"name\":\"likemetkovic.hr\",\"description\":\"Misli pozitivno... \u010ditaj LIKE\",\"potentialAction\":[{\"@type\":\"SearchAction\",\"target\":{\"@type\":\"EntryPoint\",\"urlTemplate\":\"https:\/\/likemetkovic.hr\/?s={search_term_string}\"},\"query-input\":{\"@type\":\"PropertyValueSpecification\",\"valueRequired\":true,\"valueName\":\"search_term_string\"}}],\"inLanguage\":\"hr\"},{\"@type\":\"Person\",\"@id\":\"https:\/\/likemetkovic.hr\/#\/schema\/person\/a42711f3385a0e2be6f7e0443bfb28f0\",\"name\":\"LIKEmetkovic.hr\",\"sameAs\":[\"http:\/\/likemetkovic.hr\"],\"url\":\"https:\/\/likemetkovic.hr\/portal\/author\/likemetkovic-hr\/\"}]}<\/script>\n<!-- \/ Yoast SEO plugin. -->","yoast_head_json":{"title":"Crveni kri\u017e Metkovi\u0107 po\u010deo s\u00a0prikupljanjem humanitarne pomo\u0107i za izbjeglice iz Ukrajine - likemetkovic.hr","robots":{"index":"index","follow":"follow","max-snippet":"max-snippet:-1","max-image-preview":"max-image-preview:large","max-video-preview":"max-video-preview:-1"},"canonical":"https:\/\/likemetkovic.hr\/crveni-kriz-metkovic-poceo-s-prikupljanjem-humanitarne-pomoci-za-izbjeglice-iz-ukrajine\/","og_locale":"hr_HR","og_type":"article","og_title":"Crveni kri\u017e Metkovi\u0107 po\u010deo s\u00a0prikupljanjem humanitarne pomo\u0107i za izbjeglice iz Ukrajine - likemetkovic.hr","og_description":"Gradsko dru\u0161tvo Crvenoga kri\u017ea Metkovi\u0107 se uklju\u010dilo u\u00a0prikupljanje humanitarne pomo\u0107i za izbjeglice iz Ukrajine koje je pokrenuo Hrvatski Crveni kri\u017e. Prikuplja se hrana i higijena, i to isklju\u010divo sljede\u0107i artikli: Hrana: bra\u0161no, ulje, ri\u017ea, \u0161e\u0107er, kuhinjska sol, tjestenina, juha u vre\u0107ici, riblja konzerva, mesna konzerva i marmelada, hrana za bebe ka\u0161ica i \u017eitne ka\u0161ice\/pahuljice za [&hellip;]","og_url":"https:\/\/likemetkovic.hr\/crveni-kriz-metkovic-poceo-s-prikupljanjem-humanitarne-pomoci-za-izbjeglice-iz-ukrajine\/","og_site_name":"likemetkovic.hr","article_publisher":"https:\/\/www.facebook.com\/likemetkovic.hr\/","article_published_time":"2022-03-10T14:10:13+00:00","og_image":[{"width":800,"height":567,"url":"https:\/\/likemetkovic.hr\/wp-content\/uploads\/2022\/03\/humanitarni-paketi-.jpg","type":"image\/jpeg"}],"author":"LIKEmetkovic.hr","twitter_card":"summary_large_image","twitter_misc":{"Napisao\/la":"LIKEmetkovic.hr","Procijenjeno vrijeme \u010ditanja":"2 minute"},"schema":{"@context":"https:\/\/schema.org","@graph":[{"@type":"WebPage","@id":"https:\/\/likemetkovic.hr\/crveni-kriz-metkovic-poceo-s-prikupljanjem-humanitarne-pomoci-za-izbjeglice-iz-ukrajine\/","url":"https:\/\/likemetkovic.hr\/crveni-kriz-metkovic-poceo-s-prikupljanjem-humanitarne-pomoci-za-izbjeglice-iz-ukrajine\/","name":"Crveni kri\u017e Metkovi\u0107 po\u010deo s\u00a0prikupljanjem humanitarne pomo\u0107i za izbjeglice iz Ukrajine - likemetkovic.hr","isPartOf":{"@id":"https:\/\/likemetkovic.hr\/#website"},"primaryImageOfPage":{"@id":"https:\/\/likemetkovic.hr\/crveni-kriz-metkovic-poceo-s-prikupljanjem-humanitarne-pomoci-za-izbjeglice-iz-ukrajine\/#primaryimage"},"image":{"@id":"https:\/\/likemetkovic.hr\/crveni-kriz-metkovic-poceo-s-prikupljanjem-humanitarne-pomoci-za-izbjeglice-iz-ukrajine\/#primaryimage"},"thumbnailUrl":"https:\/\/likemetkovic.hr\/portal\/wp-content\/uploads\/2022\/03\/humanitarni-paketi-.jpg","datePublished":"2022-03-10T14:10:13+00:00","author":{"@id":"https:\/\/likemetkovic.hr\/#\/schema\/person\/a42711f3385a0e2be6f7e0443bfb28f0"},"breadcrumb":{"@id":"https:\/\/likemetkovic.hr\/crveni-kriz-metkovic-poceo-s-prikupljanjem-humanitarne-pomoci-za-izbjeglice-iz-ukrajine\/#breadcrumb"},"inLanguage":"hr","potentialAction":[{"@type":"ReadAction","target":["https:\/\/likemetkovic.hr\/crveni-kriz-metkovic-poceo-s-prikupljanjem-humanitarne-pomoci-za-izbjeglice-iz-ukrajine\/"]}]},{"@type":"ImageObject","inLanguage":"hr","@id":"https:\/\/likemetkovic.hr\/crveni-kriz-metkovic-poceo-s-prikupljanjem-humanitarne-pomoci-za-izbjeglice-iz-ukrajine\/#primaryimage","url":"https:\/\/likemetkovic.hr\/portal\/wp-content\/uploads\/2022\/03\/humanitarni-paketi-.jpg","contentUrl":"https:\/\/likemetkovic.hr\/portal\/wp-content\/uploads\/2022\/03\/humanitarni-paketi-.jpg","width":800,"height":567},{"@type":"BreadcrumbList","@id":"https:\/\/likemetkovic.hr\/crveni-kriz-metkovic-poceo-s-prikupljanjem-humanitarne-pomoci-za-izbjeglice-iz-ukrajine\/#breadcrumb","itemListElement":[{"@type":"ListItem","position":1,"name":"Po\u010detna stranica","item":"https:\/\/likemetkovic.hr\/portal\/"},{"@type":"ListItem","position":2,"name":"Crveni kri\u017e Metkovi\u0107 po\u010deo s\u00a0prikupljanjem humanitarne pomo\u0107i za izbjeglice iz Ukrajine"}]},{"@type":"WebSite","@id":"https:\/\/likemetkovic.hr\/#website","url":"https:\/\/likemetkovic.hr\/","name":"likemetkovic.hr","description":"Misli pozitivno... \u010ditaj LIKE","potentialAction":[{"@type":"SearchAction","target":{"@type":"EntryPoint","urlTemplate":"https:\/\/likemetkovic.hr\/?s={search_term_string}"},"query-input":{"@type":"PropertyValueSpecification","valueRequired":true,"valueName":"search_term_string"}}],"inLanguage":"hr"},{"@type":"Person","@id":"https:\/\/likemetkovic.hr\/#\/schema\/person\/a42711f3385a0e2be6f7e0443bfb28f0","name":"LIKEmetkovic.hr","sameAs":["http:\/\/likemetkovic.hr"],"url":"https:\/\/likemetkovic.hr\/portal\/author\/likemetkovic-hr\/"}]}},"_links":{"self":[{"href":"https:\/\/likemetkovic.hr\/portal\/wp-json\/wp\/v2\/posts\/128584","targetHints":{"allow":["GET"]}}],"collection":[{"href":"https:\/\/likemetkovic.hr\/portal\/wp-json\/wp\/v2\/posts"}],"about":[{"href":"https:\/\/likemetkovic.hr\/portal\/wp-json\/wp\/v2\/types\/post"}],"author":[{"embeddable":true,"href":"https:\/\/likemetkovic.hr\/portal\/wp-json\/wp\/v2\/users\/7"}],"replies":[{"embeddable":true,"href":"https:\/\/likemetkovic.hr\/portal\/wp-json\/wp\/v2\/comments?post=128584"}],"version-history":[{"count":1,"href":"https:\/\/likemetkovic.hr\/portal\/wp-json\/wp\/v2\/posts\/128584\/revisions"}],"predecessor-version":[{"id":128586,"href":"https:\/\/likemetkovic.hr\/portal\/wp-json\/wp\/v2\/posts\/128584\/revisions\/128586"}],"wp:featuredmedia":[{"embeddable":true,"href":"https:\/\/likemetkovic.hr\/portal\/wp-json\/wp\/v2\/media\/128585"}],"wp:attachment":[{"href":"https:\/\/likemetkovic.hr\/portal\/wp-json\/wp\/v2\/media?parent=128584"}],"wp:term":[{"taxonomy":"category","embeddable":true,"href":"https:\/\/likemetkovic.hr\/portal\/wp-json\/wp\/v2\/categories?post=128584"},{"taxonomy":"post_tag","embeddable":true,"href":"https:\/\/likemetkovic.hr\/portal\/wp-json\/wp\/v2\/tags?post=128584"}],"curies":[{"name":"wp","href":"https:\/\/api.w.org\/{rel}","templated":true}]}}