{"id":128719,"date":"2022-03-14T09:27:10","date_gmt":"2022-03-14T08:27:10","guid":{"rendered":"https:\/\/likemetkovic.hr\/?p=128719"},"modified":"2022-03-14T09:27:10","modified_gmt":"2022-03-14T08:27:10","slug":"zadnji-tjedan-zime-sljedecih-dana-ce-biti-sve-toplije-no-vec-za-vikend-hladni-tus","status":"publish","type":"post","link":"https:\/\/likemetkovic.hr\/portal\/zadnji-tjedan-zime-sljedecih-dana-ce-biti-sve-toplije-no-vec-za-vikend-hladni-tus\/","title":{"rendered":"ZADNJI TJEDAN ZIME | Sljede\u0107ih dana \u0107e biti sve toplije, no ve\u0107 za vikend hladni &#8220;tu\u0161&#8221;"},"content":{"rendered":"<p>Tjedan dana nas dijeli od po\u010detka kalendarskog prolje\u0107a, odnosno proljetne ravnodnevice. Trenutak je to kada svijetli i tamni dio dana traju podjednako. Iako je sunce ve\u0107 poprili\u010dno &#8220;oja\u010dalo&#8221; i iako \u0107ete bez problema &#8220;pocrniti&#8221; ako se du\u017ee izla\u017eete mar\u010danom suncu kojega ovog mjeseca ne nedostaje, temperature zraka su u cijeloj prvoj polovini mjeseca bila prave zimske, pi\u0161e <a href=\"https:\/\/www.dalmacijadanas.hr\/zadnjih-sedam-dana-zime-mnoge-ce-obradovati-da-ce-sljedecih-dana-biti-sve-toplije-no-vec-za-vikend-hladni-tus2\" target=\"_blank\" rel=\"noopener\">Dalmacija danas<\/a>.<\/p>\n<p>Vrhunac hladno\u0107e dogodio se ju\u010der ujutro kada su \u010dak i u dijelovima Dalmacije minimalne temperature padale ispod -10\u00b0C. Vjerojatno se takvo scenariji u novom tjednu ne\u0107e ponoviti iako je i dana\u0161nje jutro hladno, ponegdje u unutra\u0161njosti Dalmacije uz jak mraz.<\/p>\n<p>Najve\u0107i problem u prirodi je velika su\u0161a koja vlada od po\u010detka ove godine. Svjedo\u010dimo brojnim po\u017earima posljednjih dana, a na\u017ealost, oborina i dalje nema na vidiku.<\/p>\n<p><strong>Danas<\/strong> nas o\u010dekuje prete\u017eno vedro vrijeme. No\u0107u tiho ili burin, danju tiho ili slab vjetar s mora. Minimalne jutarnje temperature zraka u unutra\u0161njosti Dalmacije i unutra\u0161njosti otoka od -7 do -1\u00b0C, uz obalu i na otocima od 0 do 6\u00b0C. Najvi\u0161e dnevne temperature ve\u0107inom od 10 do 15\u00b0C.<\/p>\n<div class=\"g g-143\">\n<div class=\"g-single a-284\">\n<div data-google-query-id=\"CNDg3s2VxfYCFfPruwgd3SYLpA\">\n<p>U <strong>utorak<\/strong> djelomi\u010dno sun\u010dano s promjenjivom naoblakom i suho. Bit \u0107e tiho ili uz slab dnevni vjetar. Jutro malo toplije. Minimalne jutarnje temperature zraka u unutra\u0161njosti Dalmacije od -4 do 2\u00b0C, uz obalu i na otocima od 2 do 8\u00b0C. Najvi\u0161e dnevne temperature ve\u0107inom od 11 do 16\u00b0C.<\/p>\n<p>Djelomi\u010dno sun\u010dano s promjenjivom naoblakom i suho bit \u0107e<strong> u srijedu<\/strong>. Bit \u0107e tiho ili uz slab dnevni vjetar. Jutro jo\u0161 malo toplije, a najvi\u0161e dnevne temperature od 12 do 17\u00b0C.<\/p>\n<p>Sun\u010dano \u0107e biti\u00a0u<strong> \u010detvrtak<\/strong>. Ujutro i nave\u010der slaba do umjerena bura, danju tiho ili slab vjetar s mora. Jo\u0161 malo toplije s najvi\u0161im dnevnim temperaturama od 13 do 19\u00b0C.<\/p>\n<p><strong>Petak<\/strong>\u00a0donosi prete\u017eno sun\u010dano vrijeme. Ujutro slaba do umjerena bura, danju slab vjetar s mora, nave\u010der \u0107e uzdu\u017e cijele obale po\u010deti ja\u010dati bura. Relativno toplo s najvi\u0161im dnevnim temperaturama od 13 do 18\u00b0C.<\/p>\n<p><strong>U dane vikenda\u00a0vjerojatan je nastavak stabilnog vremena<\/strong>. Ipak, puhat \u0107e umjerena do jaka bura, a temperature zraka bit \u0107e u novom padu.<\/p>\n<\/div>\n<\/div>\n<\/div>\n","protected":false},"excerpt":{"rendered":"<p>Tjedan dana nas dijeli od po\u010detka kalendarskog prolje\u0107a, odnosno proljetne ravnodnevice. Trenutak je to kada svijetli i tamni dio dana traju podjednako. Iako je sunce ve\u0107 poprili\u010dno &#8220;oja\u010dalo&#8221; i iako \u0107ete bez problema &#8220;pocrniti&#8221; ako se du\u017ee izla\u017eete mar\u010danom suncu kojega ovog mjeseca ne nedostaje, temperature zraka su u cijeloj prvoj polovini mjeseca bila prave [&hellip;]<\/p>\n","protected":false},"author":7,"featured_media":128004,"comment_status":"open","ping_status":"open","sticky":false,"template":"","format":"standard","meta":{"footnotes":""},"categories":[283,11],"tags":[365],"class_list":{"0":"post-128719","1":"post","2":"type-post","3":"status-publish","4":"format-standard","5":"has-post-thumbnail","7":"category-a","8":"category-metkovic-dolina","9":"tag-vremenska-prognoza"},"yoast_head":"<!-- This site is optimized with the Yoast SEO plugin v25.2 - https:\/\/yoast.com\/wordpress\/plugins\/seo\/ -->\n<title>ZADNJI TJEDAN ZIME | Sljede\u0107ih dana \u0107e biti sve toplije, no ve\u0107 za vikend hladni &quot;tu\u0161&quot; - likemetkovic.hr<\/title>\n<meta name=\"robots\" content=\"index, follow, max-snippet:-1, max-image-preview:large, max-video-preview:-1\" \/>\n<link rel=\"canonical\" href=\"https:\/\/likemetkovic.hr\/zadnji-tjedan-zime-sljedecih-dana-ce-biti-sve-toplije-no-vec-za-vikend-hladni-tus\/\" \/>\n<meta property=\"og:locale\" content=\"hr_HR\" \/>\n<meta property=\"og:type\" content=\"article\" \/>\n<meta property=\"og:title\" content=\"ZADNJI TJEDAN ZIME | Sljede\u0107ih dana \u0107e biti sve toplije, no ve\u0107 za vikend hladni &quot;tu\u0161&quot; - likemetkovic.hr\" \/>\n<meta property=\"og:description\" content=\"Tjedan dana nas dijeli od po\u010detka kalendarskog prolje\u0107a, odnosno proljetne ravnodnevice. Trenutak je to kada svijetli i tamni dio dana traju podjednako. Iako je sunce ve\u0107 poprili\u010dno &#8220;oja\u010dalo&#8221; i iako \u0107ete bez problema &#8220;pocrniti&#8221; ako se du\u017ee izla\u017eete mar\u010danom suncu kojega ovog mjeseca ne nedostaje, temperature zraka su u cijeloj prvoj polovini mjeseca bila prave [&hellip;]\" \/>\n<meta property=\"og:url\" content=\"https:\/\/likemetkovic.hr\/zadnji-tjedan-zime-sljedecih-dana-ce-biti-sve-toplije-no-vec-za-vikend-hladni-tus\/\" \/>\n<meta property=\"og:site_name\" content=\"likemetkovic.hr\" \/>\n<meta property=\"article:publisher\" content=\"https:\/\/www.facebook.com\/likemetkovic.hr\/\" \/>\n<meta property=\"article:published_time\" content=\"2022-03-14T08:27:10+00:00\" \/>\n<meta property=\"og:image\" content=\"https:\/\/likemetkovic.hr\/wp-content\/uploads\/2022\/02\/sv_mihovil-zavojane-1-1-2022_41.jpg\" \/>\n\t<meta property=\"og:image:width\" content=\"800\" \/>\n\t<meta property=\"og:image:height\" content=\"533\" \/>\n\t<meta property=\"og:image:type\" content=\"image\/jpeg\" \/>\n<meta name=\"author\" content=\"LIKEmetkovic.hr\" \/>\n<meta name=\"twitter:card\" content=\"summary_large_image\" \/>\n<meta name=\"twitter:label1\" content=\"Napisao\/la\" \/>\n\t<meta name=\"twitter:data1\" content=\"LIKEmetkovic.hr\" \/>\n\t<meta name=\"twitter:label2\" content=\"Procijenjeno vrijeme \u010ditanja\" \/>\n\t<meta name=\"twitter:data2\" content=\"2 minute\" \/>\n<script type=\"application\/ld+json\" class=\"yoast-schema-graph\">{\"@context\":\"https:\/\/schema.org\",\"@graph\":[{\"@type\":\"WebPage\",\"@id\":\"https:\/\/likemetkovic.hr\/zadnji-tjedan-zime-sljedecih-dana-ce-biti-sve-toplije-no-vec-za-vikend-hladni-tus\/\",\"url\":\"https:\/\/likemetkovic.hr\/zadnji-tjedan-zime-sljedecih-dana-ce-biti-sve-toplije-no-vec-za-vikend-hladni-tus\/\",\"name\":\"ZADNJI TJEDAN ZIME | Sljede\u0107ih dana \u0107e biti sve toplije, no ve\u0107 za vikend hladni \\\"tu\u0161\\\" - likemetkovic.hr\",\"isPartOf\":{\"@id\":\"https:\/\/likemetkovic.hr\/#website\"},\"primaryImageOfPage\":{\"@id\":\"https:\/\/likemetkovic.hr\/zadnji-tjedan-zime-sljedecih-dana-ce-biti-sve-toplije-no-vec-za-vikend-hladni-tus\/#primaryimage\"},\"image\":{\"@id\":\"https:\/\/likemetkovic.hr\/zadnji-tjedan-zime-sljedecih-dana-ce-biti-sve-toplije-no-vec-za-vikend-hladni-tus\/#primaryimage\"},\"thumbnailUrl\":\"https:\/\/likemetkovic.hr\/portal\/wp-content\/uploads\/2022\/02\/sv_mihovil-zavojane-1-1-2022_41.jpg\",\"datePublished\":\"2022-03-14T08:27:10+00:00\",\"author\":{\"@id\":\"https:\/\/likemetkovic.hr\/#\/schema\/person\/a42711f3385a0e2be6f7e0443bfb28f0\"},\"breadcrumb\":{\"@id\":\"https:\/\/likemetkovic.hr\/zadnji-tjedan-zime-sljedecih-dana-ce-biti-sve-toplije-no-vec-za-vikend-hladni-tus\/#breadcrumb\"},\"inLanguage\":\"hr\",\"potentialAction\":[{\"@type\":\"ReadAction\",\"target\":[\"https:\/\/likemetkovic.hr\/zadnji-tjedan-zime-sljedecih-dana-ce-biti-sve-toplije-no-vec-za-vikend-hladni-tus\/\"]}]},{\"@type\":\"ImageObject\",\"inLanguage\":\"hr\",\"@id\":\"https:\/\/likemetkovic.hr\/zadnji-tjedan-zime-sljedecih-dana-ce-biti-sve-toplije-no-vec-za-vikend-hladni-tus\/#primaryimage\",\"url\":\"https:\/\/likemetkovic.hr\/portal\/wp-content\/uploads\/2022\/02\/sv_mihovil-zavojane-1-1-2022_41.jpg\",\"contentUrl\":\"https:\/\/likemetkovic.hr\/portal\/wp-content\/uploads\/2022\/02\/sv_mihovil-zavojane-1-1-2022_41.jpg\",\"width\":800,\"height\":533},{\"@type\":\"BreadcrumbList\",\"@id\":\"https:\/\/likemetkovic.hr\/zadnji-tjedan-zime-sljedecih-dana-ce-biti-sve-toplije-no-vec-za-vikend-hladni-tus\/#breadcrumb\",\"itemListElement\":[{\"@type\":\"ListItem\",\"position\":1,\"name\":\"Po\u010detna stranica\",\"item\":\"https:\/\/likemetkovic.hr\/portal\/\"},{\"@type\":\"ListItem\",\"position\":2,\"name\":\"ZADNJI TJEDAN ZIME | Sljede\u0107ih dana \u0107e biti sve toplije, no ve\u0107 za vikend hladni &#8220;tu\u0161&#8221;\"}]},{\"@type\":\"WebSite\",\"@id\":\"https:\/\/likemetkovic.hr\/#website\",\"url\":\"https:\/\/likemetkovic.hr\/\",\"name\":\"likemetkovic.hr\",\"description\":\"Misli pozitivno... \u010ditaj LIKE\",\"potentialAction\":[{\"@type\":\"SearchAction\",\"target\":{\"@type\":\"EntryPoint\",\"urlTemplate\":\"https:\/\/likemetkovic.hr\/?s={search_term_string}\"},\"query-input\":{\"@type\":\"PropertyValueSpecification\",\"valueRequired\":true,\"valueName\":\"search_term_string\"}}],\"inLanguage\":\"hr\"},{\"@type\":\"Person\",\"@id\":\"https:\/\/likemetkovic.hr\/#\/schema\/person\/a42711f3385a0e2be6f7e0443bfb28f0\",\"name\":\"LIKEmetkovic.hr\",\"sameAs\":[\"http:\/\/likemetkovic.hr\"],\"url\":\"https:\/\/likemetkovic.hr\/portal\/author\/likemetkovic-hr\/\"}]}<\/script>\n<!-- \/ Yoast SEO plugin. -->","yoast_head_json":{"title":"ZADNJI TJEDAN ZIME | Sljede\u0107ih dana \u0107e biti sve toplije, no ve\u0107 za vikend hladni \"tu\u0161\" - likemetkovic.hr","robots":{"index":"index","follow":"follow","max-snippet":"max-snippet:-1","max-image-preview":"max-image-preview:large","max-video-preview":"max-video-preview:-1"},"canonical":"https:\/\/likemetkovic.hr\/zadnji-tjedan-zime-sljedecih-dana-ce-biti-sve-toplije-no-vec-za-vikend-hladni-tus\/","og_locale":"hr_HR","og_type":"article","og_title":"ZADNJI TJEDAN ZIME | Sljede\u0107ih dana \u0107e biti sve toplije, no ve\u0107 za vikend hladni \"tu\u0161\" - likemetkovic.hr","og_description":"Tjedan dana nas dijeli od po\u010detka kalendarskog prolje\u0107a, odnosno proljetne ravnodnevice. Trenutak je to kada svijetli i tamni dio dana traju podjednako. Iako je sunce ve\u0107 poprili\u010dno &#8220;oja\u010dalo&#8221; i iako \u0107ete bez problema &#8220;pocrniti&#8221; ako se du\u017ee izla\u017eete mar\u010danom suncu kojega ovog mjeseca ne nedostaje, temperature zraka su u cijeloj prvoj polovini mjeseca bila prave [&hellip;]","og_url":"https:\/\/likemetkovic.hr\/zadnji-tjedan-zime-sljedecih-dana-ce-biti-sve-toplije-no-vec-za-vikend-hladni-tus\/","og_site_name":"likemetkovic.hr","article_publisher":"https:\/\/www.facebook.com\/likemetkovic.hr\/","article_published_time":"2022-03-14T08:27:10+00:00","og_image":[{"width":800,"height":533,"url":"https:\/\/likemetkovic.hr\/wp-content\/uploads\/2022\/02\/sv_mihovil-zavojane-1-1-2022_41.jpg","type":"image\/jpeg"}],"author":"LIKEmetkovic.hr","twitter_card":"summary_large_image","twitter_misc":{"Napisao\/la":"LIKEmetkovic.hr","Procijenjeno vrijeme \u010ditanja":"2 minute"},"schema":{"@context":"https:\/\/schema.org","@graph":[{"@type":"WebPage","@id":"https:\/\/likemetkovic.hr\/zadnji-tjedan-zime-sljedecih-dana-ce-biti-sve-toplije-no-vec-za-vikend-hladni-tus\/","url":"https:\/\/likemetkovic.hr\/zadnji-tjedan-zime-sljedecih-dana-ce-biti-sve-toplije-no-vec-za-vikend-hladni-tus\/","name":"ZADNJI TJEDAN ZIME | Sljede\u0107ih dana \u0107e biti sve toplije, no ve\u0107 za vikend hladni \"tu\u0161\" - likemetkovic.hr","isPartOf":{"@id":"https:\/\/likemetkovic.hr\/#website"},"primaryImageOfPage":{"@id":"https:\/\/likemetkovic.hr\/zadnji-tjedan-zime-sljedecih-dana-ce-biti-sve-toplije-no-vec-za-vikend-hladni-tus\/#primaryimage"},"image":{"@id":"https:\/\/likemetkovic.hr\/zadnji-tjedan-zime-sljedecih-dana-ce-biti-sve-toplije-no-vec-za-vikend-hladni-tus\/#primaryimage"},"thumbnailUrl":"https:\/\/likemetkovic.hr\/portal\/wp-content\/uploads\/2022\/02\/sv_mihovil-zavojane-1-1-2022_41.jpg","datePublished":"2022-03-14T08:27:10+00:00","author":{"@id":"https:\/\/likemetkovic.hr\/#\/schema\/person\/a42711f3385a0e2be6f7e0443bfb28f0"},"breadcrumb":{"@id":"https:\/\/likemetkovic.hr\/zadnji-tjedan-zime-sljedecih-dana-ce-biti-sve-toplije-no-vec-za-vikend-hladni-tus\/#breadcrumb"},"inLanguage":"hr","potentialAction":[{"@type":"ReadAction","target":["https:\/\/likemetkovic.hr\/zadnji-tjedan-zime-sljedecih-dana-ce-biti-sve-toplije-no-vec-za-vikend-hladni-tus\/"]}]},{"@type":"ImageObject","inLanguage":"hr","@id":"https:\/\/likemetkovic.hr\/zadnji-tjedan-zime-sljedecih-dana-ce-biti-sve-toplije-no-vec-za-vikend-hladni-tus\/#primaryimage","url":"https:\/\/likemetkovic.hr\/portal\/wp-content\/uploads\/2022\/02\/sv_mihovil-zavojane-1-1-2022_41.jpg","contentUrl":"https:\/\/likemetkovic.hr\/portal\/wp-content\/uploads\/2022\/02\/sv_mihovil-zavojane-1-1-2022_41.jpg","width":800,"height":533},{"@type":"BreadcrumbList","@id":"https:\/\/likemetkovic.hr\/zadnji-tjedan-zime-sljedecih-dana-ce-biti-sve-toplije-no-vec-za-vikend-hladni-tus\/#breadcrumb","itemListElement":[{"@type":"ListItem","position":1,"name":"Po\u010detna stranica","item":"https:\/\/likemetkovic.hr\/portal\/"},{"@type":"ListItem","position":2,"name":"ZADNJI TJEDAN ZIME | Sljede\u0107ih dana \u0107e biti sve toplije, no ve\u0107 za vikend hladni &#8220;tu\u0161&#8221;"}]},{"@type":"WebSite","@id":"https:\/\/likemetkovic.hr\/#website","url":"https:\/\/likemetkovic.hr\/","name":"likemetkovic.hr","description":"Misli pozitivno... \u010ditaj LIKE","potentialAction":[{"@type":"SearchAction","target":{"@type":"EntryPoint","urlTemplate":"https:\/\/likemetkovic.hr\/?s={search_term_string}"},"query-input":{"@type":"PropertyValueSpecification","valueRequired":true,"valueName":"search_term_string"}}],"inLanguage":"hr"},{"@type":"Person","@id":"https:\/\/likemetkovic.hr\/#\/schema\/person\/a42711f3385a0e2be6f7e0443bfb28f0","name":"LIKEmetkovic.hr","sameAs":["http:\/\/likemetkovic.hr"],"url":"https:\/\/likemetkovic.hr\/portal\/author\/likemetkovic-hr\/"}]}},"_links":{"self":[{"href":"https:\/\/likemetkovic.hr\/portal\/wp-json\/wp\/v2\/posts\/128719","targetHints":{"allow":["GET"]}}],"collection":[{"href":"https:\/\/likemetkovic.hr\/portal\/wp-json\/wp\/v2\/posts"}],"about":[{"href":"https:\/\/likemetkovic.hr\/portal\/wp-json\/wp\/v2\/types\/post"}],"author":[{"embeddable":true,"href":"https:\/\/likemetkovic.hr\/portal\/wp-json\/wp\/v2\/users\/7"}],"replies":[{"embeddable":true,"href":"https:\/\/likemetkovic.hr\/portal\/wp-json\/wp\/v2\/comments?post=128719"}],"version-history":[{"count":1,"href":"https:\/\/likemetkovic.hr\/portal\/wp-json\/wp\/v2\/posts\/128719\/revisions"}],"predecessor-version":[{"id":128720,"href":"https:\/\/likemetkovic.hr\/portal\/wp-json\/wp\/v2\/posts\/128719\/revisions\/128720"}],"wp:featuredmedia":[{"embeddable":true,"href":"https:\/\/likemetkovic.hr\/portal\/wp-json\/wp\/v2\/media\/128004"}],"wp:attachment":[{"href":"https:\/\/likemetkovic.hr\/portal\/wp-json\/wp\/v2\/media?parent=128719"}],"wp:term":[{"taxonomy":"category","embeddable":true,"href":"https:\/\/likemetkovic.hr\/portal\/wp-json\/wp\/v2\/categories?post=128719"},{"taxonomy":"post_tag","embeddable":true,"href":"https:\/\/likemetkovic.hr\/portal\/wp-json\/wp\/v2\/tags?post=128719"}],"curies":[{"name":"wp","href":"https:\/\/api.w.org\/{rel}","templated":true}]}}