{"id":128801,"date":"2022-03-18T07:47:15","date_gmt":"2022-03-18T06:47:15","guid":{"rendered":"https:\/\/likemetkovic.hr\/?p=128801"},"modified":"2022-03-18T07:47:15","modified_gmt":"2022-03-18T06:47:15","slug":"prognoza-za-vikend-priroda-vec-trpi-posljedice-suse-i-sljedecih-deset-dana-kise-ni-za-lijek","status":"publish","type":"post","link":"https:\/\/likemetkovic.hr\/portal\/prognoza-za-vikend-priroda-vec-trpi-posljedice-suse-i-sljedecih-deset-dana-kise-ni-za-lijek\/","title":{"rendered":"PROGNOZA ZA VIKEND | Priroda ve\u0107 trpi posljedice su\u0161e. I sljede\u0107ih deset dana ki\u0161e ni za &#8220;lijek&#8221;"},"content":{"rendered":"<p>Od po\u010detka ove godine prati nas izra\u017eena su\u0161a. Pri tome je sije\u010danj bio su\u0161niji od velja\u010de. Iako je o\u017eujak poznat po svojim ciklonama, one su ove godine za razliku od bure, potpuno izostale, barem kada je u pitanju direktan utjecaj na vremenske prilike na na\u0161em podru\u010dju.<\/p>\n<p>Na\u017ealost, su\u0161a se nastavila u o\u017eujku. Na velikom dijelu Jadrana u dosada\u0161njem tijeku mjeseca nije pala ni litre ki\u0161e po kvadratnom metru, a na\u017ealost, ne\u0107e je biti najmanje sljede\u0107ih desetak dana.<\/p>\n<p>Priroda je u ovom dijelu godine u fazi ranog bu\u0111enja. No koliko su\u0161a ve\u0107 djeluje na nju najbolje se mo\u017ee vidjeti na primjeru \u0161paroga koje sporo ili nikako ni\u010du, zbog op\u0107eg nedostatka vlage u tlu. Pri tome valja naglasiti da problem nije samo u izostanku oborine, nego su \u010deste bure zadnjih mjesec dana su\u0161ile zrak pa su izostale i jutarnje rose.<\/p>\n<p><strong>Petak<\/strong>\u00a0donosi nastavak suhog vremena. Bit \u0107e prete\u017eno sun\u010dano i suho, a povremeno \u0107e biti tek pove\u0107ane visoke naoblake. Jo\u0161 danas zrak \u0107e sadr\u017eavati koncentraciju saharskog pijeska i pra\u0161ine. Ujutro \u0107e puhati slaba bura, danju slab vjetar s mora, nave\u010der \u0107e malo oja\u010dati bura. Minimalne jutarnje temperature zraka ve\u0107inom od 4 do 12\u00b0C, najvi\u0161e dnevne od 13 do 19\u00b0C.<\/p>\n<p><strong>U subotu<\/strong>\u00a0\u0107e biti prete\u017eno vedro. Ujutro umjerena bura koja \u0107e podno Velebita biti jaka. Danju slab vjetar s mora, nave\u010der slaba do umjerena bura. Bit \u0107e malo hladnije s najvi\u0161im dnevnim temperaturama od 11 do 16\u00b0C.<\/p>\n<p>Sun\u010dano \u0107e biti<strong>\u00a0u nedjelju.<\/strong>\u00a0Ujutro i nave\u010der slaba do umjerena bura, danju \u0107e puhati slab vjetar s jugozapada. Jutro malo hladnije, najvi\u0161e dnevne temperature od 11 do 16\u00b0C.<\/p>\n<p>Sun\u010dano i postupno sve toplije bit \u0107e<strong>\u00a0sljede\u0107i tjedan<\/strong>. Od petka temperature bi mjestimice mogle dosezati 20 stupnjeva.<\/p>\n<p>Pi\u0161e: Rade Popadi\u0107 \/ <a href=\"https:\/\/www.dalmacijadanas.hr\/prijeti-nam-katastrofalna-susa-priroda-vec-trpi-posljedice-suse-i-sljedecih-deset-dana-kise-ni-za-lijek2\" target=\"_blank\" rel=\"noopener\">Dalmacija danas<\/a><\/p>\n","protected":false},"excerpt":{"rendered":"<p>Od po\u010detka ove godine prati nas izra\u017eena su\u0161a. Pri tome je sije\u010danj bio su\u0161niji od velja\u010de. Iako je o\u017eujak poznat po svojim ciklonama, one su ove godine za razliku od bure, potpuno izostale, barem kada je u pitanju direktan utjecaj na vremenske prilike na na\u0161em podru\u010dju. Na\u017ealost, su\u0161a se nastavila u o\u017eujku. Na velikom dijelu [&hellip;]<\/p>\n","protected":false},"author":7,"featured_media":79845,"comment_status":"open","ping_status":"open","sticky":false,"template":"","format":"standard","meta":{"footnotes":""},"categories":[296,11],"tags":[365],"class_list":{"0":"post-128801","1":"post","2":"type-post","3":"status-publish","4":"format-standard","5":"has-post-thumbnail","7":"category-ab","8":"category-metkovic-dolina","9":"tag-vremenska-prognoza"},"yoast_head":"<!-- This site is optimized with the Yoast SEO plugin v25.2 - https:\/\/yoast.com\/wordpress\/plugins\/seo\/ -->\n<title>PROGNOZA ZA VIKEND | Priroda ve\u0107 trpi posljedice su\u0161e. I sljede\u0107ih deset dana ki\u0161e ni za &quot;lijek&quot; - likemetkovic.hr<\/title>\n<meta name=\"robots\" content=\"index, follow, max-snippet:-1, max-image-preview:large, max-video-preview:-1\" \/>\n<link rel=\"canonical\" href=\"https:\/\/likemetkovic.hr\/prognoza-za-vikend-priroda-vec-trpi-posljedice-suse-i-sljedecih-deset-dana-kise-ni-za-lijek\/\" \/>\n<meta property=\"og:locale\" content=\"hr_HR\" \/>\n<meta property=\"og:type\" content=\"article\" \/>\n<meta property=\"og:title\" content=\"PROGNOZA ZA VIKEND | Priroda ve\u0107 trpi posljedice su\u0161e. I sljede\u0107ih deset dana ki\u0161e ni za &quot;lijek&quot; - likemetkovic.hr\" \/>\n<meta property=\"og:description\" content=\"Od po\u010detka ove godine prati nas izra\u017eena su\u0161a. Pri tome je sije\u010danj bio su\u0161niji od velja\u010de. Iako je o\u017eujak poznat po svojim ciklonama, one su ove godine za razliku od bure, potpuno izostale, barem kada je u pitanju direktan utjecaj na vremenske prilike na na\u0161em podru\u010dju. Na\u017ealost, su\u0161a se nastavila u o\u017eujku. Na velikom dijelu [&hellip;]\" \/>\n<meta property=\"og:url\" content=\"https:\/\/likemetkovic.hr\/prognoza-za-vikend-priroda-vec-trpi-posljedice-suse-i-sljedecih-deset-dana-kise-ni-za-lijek\/\" \/>\n<meta property=\"og:site_name\" content=\"likemetkovic.hr\" \/>\n<meta property=\"article:publisher\" content=\"https:\/\/www.facebook.com\/likemetkovic.hr\/\" \/>\n<meta property=\"article:published_time\" content=\"2022-03-18T06:47:15+00:00\" \/>\n<meta property=\"og:image\" content=\"https:\/\/likemetkovic.hr\/wp-content\/uploads\/2019\/04\/setnica-riva-metkovic.jpg\" \/>\n\t<meta property=\"og:image:width\" content=\"800\" \/>\n\t<meta property=\"og:image:height\" content=\"519\" \/>\n\t<meta property=\"og:image:type\" content=\"image\/jpeg\" \/>\n<meta name=\"author\" content=\"LIKEmetkovic.hr\" \/>\n<meta name=\"twitter:card\" content=\"summary_large_image\" \/>\n<meta name=\"twitter:label1\" content=\"Napisao\/la\" \/>\n\t<meta name=\"twitter:data1\" content=\"LIKEmetkovic.hr\" \/>\n\t<meta name=\"twitter:label2\" content=\"Procijenjeno vrijeme \u010ditanja\" \/>\n\t<meta name=\"twitter:data2\" content=\"2 minute\" \/>\n<script type=\"application\/ld+json\" class=\"yoast-schema-graph\">{\"@context\":\"https:\/\/schema.org\",\"@graph\":[{\"@type\":\"WebPage\",\"@id\":\"https:\/\/likemetkovic.hr\/prognoza-za-vikend-priroda-vec-trpi-posljedice-suse-i-sljedecih-deset-dana-kise-ni-za-lijek\/\",\"url\":\"https:\/\/likemetkovic.hr\/prognoza-za-vikend-priroda-vec-trpi-posljedice-suse-i-sljedecih-deset-dana-kise-ni-za-lijek\/\",\"name\":\"PROGNOZA ZA VIKEND | Priroda ve\u0107 trpi posljedice su\u0161e. I sljede\u0107ih deset dana ki\u0161e ni za \\\"lijek\\\" - likemetkovic.hr\",\"isPartOf\":{\"@id\":\"https:\/\/likemetkovic.hr\/#website\"},\"primaryImageOfPage\":{\"@id\":\"https:\/\/likemetkovic.hr\/prognoza-za-vikend-priroda-vec-trpi-posljedice-suse-i-sljedecih-deset-dana-kise-ni-za-lijek\/#primaryimage\"},\"image\":{\"@id\":\"https:\/\/likemetkovic.hr\/prognoza-za-vikend-priroda-vec-trpi-posljedice-suse-i-sljedecih-deset-dana-kise-ni-za-lijek\/#primaryimage\"},\"thumbnailUrl\":\"https:\/\/likemetkovic.hr\/portal\/wp-content\/uploads\/2019\/04\/setnica-riva-metkovic.jpg\",\"datePublished\":\"2022-03-18T06:47:15+00:00\",\"author\":{\"@id\":\"https:\/\/likemetkovic.hr\/#\/schema\/person\/a42711f3385a0e2be6f7e0443bfb28f0\"},\"breadcrumb\":{\"@id\":\"https:\/\/likemetkovic.hr\/prognoza-za-vikend-priroda-vec-trpi-posljedice-suse-i-sljedecih-deset-dana-kise-ni-za-lijek\/#breadcrumb\"},\"inLanguage\":\"hr\",\"potentialAction\":[{\"@type\":\"ReadAction\",\"target\":[\"https:\/\/likemetkovic.hr\/prognoza-za-vikend-priroda-vec-trpi-posljedice-suse-i-sljedecih-deset-dana-kise-ni-za-lijek\/\"]}]},{\"@type\":\"ImageObject\",\"inLanguage\":\"hr\",\"@id\":\"https:\/\/likemetkovic.hr\/prognoza-za-vikend-priroda-vec-trpi-posljedice-suse-i-sljedecih-deset-dana-kise-ni-za-lijek\/#primaryimage\",\"url\":\"https:\/\/likemetkovic.hr\/portal\/wp-content\/uploads\/2019\/04\/setnica-riva-metkovic.jpg\",\"contentUrl\":\"https:\/\/likemetkovic.hr\/portal\/wp-content\/uploads\/2019\/04\/setnica-riva-metkovic.jpg\",\"width\":800,\"height\":519},{\"@type\":\"BreadcrumbList\",\"@id\":\"https:\/\/likemetkovic.hr\/prognoza-za-vikend-priroda-vec-trpi-posljedice-suse-i-sljedecih-deset-dana-kise-ni-za-lijek\/#breadcrumb\",\"itemListElement\":[{\"@type\":\"ListItem\",\"position\":1,\"name\":\"Po\u010detna stranica\",\"item\":\"https:\/\/likemetkovic.hr\/portal\/\"},{\"@type\":\"ListItem\",\"position\":2,\"name\":\"PROGNOZA ZA VIKEND | Priroda ve\u0107 trpi posljedice su\u0161e. I sljede\u0107ih deset dana ki\u0161e ni za &#8220;lijek&#8221;\"}]},{\"@type\":\"WebSite\",\"@id\":\"https:\/\/likemetkovic.hr\/#website\",\"url\":\"https:\/\/likemetkovic.hr\/\",\"name\":\"likemetkovic.hr\",\"description\":\"Misli pozitivno... \u010ditaj LIKE\",\"potentialAction\":[{\"@type\":\"SearchAction\",\"target\":{\"@type\":\"EntryPoint\",\"urlTemplate\":\"https:\/\/likemetkovic.hr\/?s={search_term_string}\"},\"query-input\":{\"@type\":\"PropertyValueSpecification\",\"valueRequired\":true,\"valueName\":\"search_term_string\"}}],\"inLanguage\":\"hr\"},{\"@type\":\"Person\",\"@id\":\"https:\/\/likemetkovic.hr\/#\/schema\/person\/a42711f3385a0e2be6f7e0443bfb28f0\",\"name\":\"LIKEmetkovic.hr\",\"sameAs\":[\"http:\/\/likemetkovic.hr\"],\"url\":\"https:\/\/likemetkovic.hr\/portal\/author\/likemetkovic-hr\/\"}]}<\/script>\n<!-- \/ Yoast SEO plugin. -->","yoast_head_json":{"title":"PROGNOZA ZA VIKEND | Priroda ve\u0107 trpi posljedice su\u0161e. I sljede\u0107ih deset dana ki\u0161e ni za \"lijek\" - likemetkovic.hr","robots":{"index":"index","follow":"follow","max-snippet":"max-snippet:-1","max-image-preview":"max-image-preview:large","max-video-preview":"max-video-preview:-1"},"canonical":"https:\/\/likemetkovic.hr\/prognoza-za-vikend-priroda-vec-trpi-posljedice-suse-i-sljedecih-deset-dana-kise-ni-za-lijek\/","og_locale":"hr_HR","og_type":"article","og_title":"PROGNOZA ZA VIKEND | Priroda ve\u0107 trpi posljedice su\u0161e. I sljede\u0107ih deset dana ki\u0161e ni za \"lijek\" - likemetkovic.hr","og_description":"Od po\u010detka ove godine prati nas izra\u017eena su\u0161a. Pri tome je sije\u010danj bio su\u0161niji od velja\u010de. Iako je o\u017eujak poznat po svojim ciklonama, one su ove godine za razliku od bure, potpuno izostale, barem kada je u pitanju direktan utjecaj na vremenske prilike na na\u0161em podru\u010dju. Na\u017ealost, su\u0161a se nastavila u o\u017eujku. Na velikom dijelu [&hellip;]","og_url":"https:\/\/likemetkovic.hr\/prognoza-za-vikend-priroda-vec-trpi-posljedice-suse-i-sljedecih-deset-dana-kise-ni-za-lijek\/","og_site_name":"likemetkovic.hr","article_publisher":"https:\/\/www.facebook.com\/likemetkovic.hr\/","article_published_time":"2022-03-18T06:47:15+00:00","og_image":[{"width":800,"height":519,"url":"https:\/\/likemetkovic.hr\/wp-content\/uploads\/2019\/04\/setnica-riva-metkovic.jpg","type":"image\/jpeg"}],"author":"LIKEmetkovic.hr","twitter_card":"summary_large_image","twitter_misc":{"Napisao\/la":"LIKEmetkovic.hr","Procijenjeno vrijeme \u010ditanja":"2 minute"},"schema":{"@context":"https:\/\/schema.org","@graph":[{"@type":"WebPage","@id":"https:\/\/likemetkovic.hr\/prognoza-za-vikend-priroda-vec-trpi-posljedice-suse-i-sljedecih-deset-dana-kise-ni-za-lijek\/","url":"https:\/\/likemetkovic.hr\/prognoza-za-vikend-priroda-vec-trpi-posljedice-suse-i-sljedecih-deset-dana-kise-ni-za-lijek\/","name":"PROGNOZA ZA VIKEND | Priroda ve\u0107 trpi posljedice su\u0161e. I sljede\u0107ih deset dana ki\u0161e ni za \"lijek\" - likemetkovic.hr","isPartOf":{"@id":"https:\/\/likemetkovic.hr\/#website"},"primaryImageOfPage":{"@id":"https:\/\/likemetkovic.hr\/prognoza-za-vikend-priroda-vec-trpi-posljedice-suse-i-sljedecih-deset-dana-kise-ni-za-lijek\/#primaryimage"},"image":{"@id":"https:\/\/likemetkovic.hr\/prognoza-za-vikend-priroda-vec-trpi-posljedice-suse-i-sljedecih-deset-dana-kise-ni-za-lijek\/#primaryimage"},"thumbnailUrl":"https:\/\/likemetkovic.hr\/portal\/wp-content\/uploads\/2019\/04\/setnica-riva-metkovic.jpg","datePublished":"2022-03-18T06:47:15+00:00","author":{"@id":"https:\/\/likemetkovic.hr\/#\/schema\/person\/a42711f3385a0e2be6f7e0443bfb28f0"},"breadcrumb":{"@id":"https:\/\/likemetkovic.hr\/prognoza-za-vikend-priroda-vec-trpi-posljedice-suse-i-sljedecih-deset-dana-kise-ni-za-lijek\/#breadcrumb"},"inLanguage":"hr","potentialAction":[{"@type":"ReadAction","target":["https:\/\/likemetkovic.hr\/prognoza-za-vikend-priroda-vec-trpi-posljedice-suse-i-sljedecih-deset-dana-kise-ni-za-lijek\/"]}]},{"@type":"ImageObject","inLanguage":"hr","@id":"https:\/\/likemetkovic.hr\/prognoza-za-vikend-priroda-vec-trpi-posljedice-suse-i-sljedecih-deset-dana-kise-ni-za-lijek\/#primaryimage","url":"https:\/\/likemetkovic.hr\/portal\/wp-content\/uploads\/2019\/04\/setnica-riva-metkovic.jpg","contentUrl":"https:\/\/likemetkovic.hr\/portal\/wp-content\/uploads\/2019\/04\/setnica-riva-metkovic.jpg","width":800,"height":519},{"@type":"BreadcrumbList","@id":"https:\/\/likemetkovic.hr\/prognoza-za-vikend-priroda-vec-trpi-posljedice-suse-i-sljedecih-deset-dana-kise-ni-za-lijek\/#breadcrumb","itemListElement":[{"@type":"ListItem","position":1,"name":"Po\u010detna stranica","item":"https:\/\/likemetkovic.hr\/portal\/"},{"@type":"ListItem","position":2,"name":"PROGNOZA ZA VIKEND | Priroda ve\u0107 trpi posljedice su\u0161e. I sljede\u0107ih deset dana ki\u0161e ni za &#8220;lijek&#8221;"}]},{"@type":"WebSite","@id":"https:\/\/likemetkovic.hr\/#website","url":"https:\/\/likemetkovic.hr\/","name":"likemetkovic.hr","description":"Misli pozitivno... \u010ditaj LIKE","potentialAction":[{"@type":"SearchAction","target":{"@type":"EntryPoint","urlTemplate":"https:\/\/likemetkovic.hr\/?s={search_term_string}"},"query-input":{"@type":"PropertyValueSpecification","valueRequired":true,"valueName":"search_term_string"}}],"inLanguage":"hr"},{"@type":"Person","@id":"https:\/\/likemetkovic.hr\/#\/schema\/person\/a42711f3385a0e2be6f7e0443bfb28f0","name":"LIKEmetkovic.hr","sameAs":["http:\/\/likemetkovic.hr"],"url":"https:\/\/likemetkovic.hr\/portal\/author\/likemetkovic-hr\/"}]}},"_links":{"self":[{"href":"https:\/\/likemetkovic.hr\/portal\/wp-json\/wp\/v2\/posts\/128801","targetHints":{"allow":["GET"]}}],"collection":[{"href":"https:\/\/likemetkovic.hr\/portal\/wp-json\/wp\/v2\/posts"}],"about":[{"href":"https:\/\/likemetkovic.hr\/portal\/wp-json\/wp\/v2\/types\/post"}],"author":[{"embeddable":true,"href":"https:\/\/likemetkovic.hr\/portal\/wp-json\/wp\/v2\/users\/7"}],"replies":[{"embeddable":true,"href":"https:\/\/likemetkovic.hr\/portal\/wp-json\/wp\/v2\/comments?post=128801"}],"version-history":[{"count":1,"href":"https:\/\/likemetkovic.hr\/portal\/wp-json\/wp\/v2\/posts\/128801\/revisions"}],"predecessor-version":[{"id":128802,"href":"https:\/\/likemetkovic.hr\/portal\/wp-json\/wp\/v2\/posts\/128801\/revisions\/128802"}],"wp:featuredmedia":[{"embeddable":true,"href":"https:\/\/likemetkovic.hr\/portal\/wp-json\/wp\/v2\/media\/79845"}],"wp:attachment":[{"href":"https:\/\/likemetkovic.hr\/portal\/wp-json\/wp\/v2\/media?parent=128801"}],"wp:term":[{"taxonomy":"category","embeddable":true,"href":"https:\/\/likemetkovic.hr\/portal\/wp-json\/wp\/v2\/categories?post=128801"},{"taxonomy":"post_tag","embeddable":true,"href":"https:\/\/likemetkovic.hr\/portal\/wp-json\/wp\/v2\/tags?post=128801"}],"curies":[{"name":"wp","href":"https:\/\/api.w.org\/{rel}","templated":true}]}}