{"id":128950,"date":"2022-03-21T22:04:17","date_gmt":"2022-03-21T21:04:17","guid":{"rendered":"https:\/\/likemetkovic.hr\/?p=128950"},"modified":"2022-03-22T06:31:23","modified_gmt":"2022-03-22T05:31:23","slug":"vruci-krumpiri-u-gradonacelnikovim-rukama-tuzba-od-90-milijuna-kuna-i-gubitak-komunalnog-poduzeca","status":"publish","type":"post","link":"https:\/\/likemetkovic.hr\/portal\/vruci-krumpiri-u-gradonacelnikovim-rukama-tuzba-od-90-milijuna-kuna-i-gubitak-komunalnog-poduzeca\/","title":{"rendered":"&#8216;Vru\u0107i krumpiri&#8217; u gradona\u010delnikovim rukama: tu\u017eba od 90 milijuna kuna i gubitak komunalnog poduze\u0107a"},"content":{"rendered":"<p>Danas, 21. o\u017eujka, s po\u010detkom u 17 sati u Galeriji GKS-a je odr\u017eana 6. sjednica Gradskoga vije\u0107a Grada Metkovi\u0107a.\u00a0Pred vije\u0107nicima su bile \u010detiri to\u010dke dnevnoga reda.<\/p>\n<p>Odluka o davanju koncesije za obavljanje dimnja\u010darske usluge kojom je za koncesionara odabran obrt DIM-IM iz Imotskoga. Ve\u0107inom glasova je usvojeno\u00a0Izvije\u0161\u0107e o provedbi Programa potpora u poljoprivredi za 2021. godinu kao i Godi\u0161nji provedbeni plan o unapre\u0111enju za\u0161tite od po\u017eara za 2022. godinu. Za sudce porotnike Op\u0107inskoga suda u Metkovi\u0107u su predlo\u017eeni Blagotvor Grgurinovi\u0107, Marinko Vukojevi\u0107, Anto Mi\u0161ki\u0107 i Petar Bezer.<\/p>\n<p>Prave teme dana\u0161nje sjednice su se otvorile u <strong>vije\u0107ni\u010dkim pitanjima.<\/strong><\/p>\n<p>Prvo iz redova vije\u0107nika HDZ-a se odnosilo na <strong>pripajanje komunalnog poduze\u0107a<\/strong> <strong>Metkovi\u0107 d.o.o<\/strong>. komunalnom poduze\u0107u <strong>Izvor Plo\u010de<\/strong> koje je izabrano za glavnog vodoopskrbljiva\u010da na uslu\u017enom podru\u010dju 38 prema Zakonu o vodnim uslugama donesen je 2019. godine sa svrhom unapre\u0111enja vodnih usluga. U navodno podru\u010dje jo\u0161 spadaju Grad Opuzen, op\u0107ine Kula Norinska, Pojezerje, Za\u017eablje i Slivno u Dubrova\u010dko-neretvanskoj te Grad Vrgorac, Op\u0107inu Gradac (osim naselja Drvenik i Zaostrog), dio naselja \u017divogo\u0161\u0107e (Brikva) iz Op\u0107ine Podgora te dio naselja \u017dupa Srednja (Turija) iz Op\u0107ine Zagvozd u Splitsko-dalmatinskoj \u017eupaniji.<\/p>\n<p>Gradona\u010delnik <strong>Dalibor Milan<\/strong> je <strong>izjavio da je Zakon lo\u0161<\/strong> i da \u0107e\u00a0podnijet \u0107e Ustavnom sudu Republike Hrvatske prijedlog za pokretanje postupka za<strong> ocjenu suglasnosti<\/strong> Zakona o vodnim uslugama sa Ustavom te da se do dono\u0161enja kona\u010dne Odluke obustavi postupak spajanja komunalnih poduze\u0107a i formiranja uslu\u017enih podru\u010dja.<\/p>\n<p>Vije\u0107nik Josip Talaji\u0107 je upitao za\u0161to se Grad Metkovi\u0107 ne priklju\u010di inicijativi gardova koji \u017eele osporiti navedeni Zakon.<\/p>\n<h4>Odlazi li iz grada naveliko najavljena investicija od 111 milijuna kuna?<\/h4>\n<p>Mostov vije\u0107nik <strong>Zoran Kozina<\/strong> je gradona\u010delniku postavio pitanje vezano<strong> uz tu\u017ebu koju je protiv Grada Metkovi\u0107a podigla tvrtka Respekt d.o.o.<\/strong> zbog izvla\u0161tenja iz Poslovne zone Dubravica u kojoj tra\u017ei od\u0161tetu u iznosu od 90,7 milijuna kuna.<\/p>\n<p>Naime, prije to\u010dno godinu dana je bio potpisan <a href=\"https:\/\/likemetkovic.hr\/tvrtka-respekt-d-o-o-ce-graditi-bioplinsko-postrojenje-u-poslovnoj-zoni-dubravica\/\" target=\"_blank\" rel=\"noopener\"><em>Ugovor o dodjeli bespovratnih sredstava za &#8220;Postrojenje za proizvodnju energije iz OIE<\/em> <em>Metkovi\u0107<\/em><\/a> koje se trebalo graditi u Poslovnoj zoni Dubravica. Tvrtka<strong> Respekt d.o.o.<\/strong> je trebala graditi <strong><a href=\"https:\/\/likemetkovic.hr\/tvrtka-respekt-d-o-o-ce-graditi-bioplinsko-postrojenje-u-poslovnoj-zoni-dubravica\/\" target=\"_blank\" rel=\"noopener\">bioplinsko postrojenje<\/a><\/strong> koje je trebalo omogu\u0107iti zbrinjavanje 23.700 tona biootpada s podru\u010dja Dubrova\u010dko-neretvanske \u017eupanije i dijela Splitsko-dalmatinske \u017eupanije. Tvrtka Respekt d.o.o. je u Poslovnoj zoni Dubravica bila kupila 40.000 m\u00b2, a samo bioplinsko postrojenje je trebalo biti izgra\u0111eno na 17.000 m\u00b2.<\/p>\n<p>Cijeli projekt se trebao <strong>graditi u tri faze<\/strong> kori\u0161tenjem europskih sredstava, i to: 1. faza bioplinsko postrojenje, 2. faza gradnja centra za sortiranje i recikliranje te 3. faza ekolo\u0161ko gospodarenje otpadom.<\/p>\n<p>Ukupna<strong> vrijednost je bila 111 mil. kuna<\/strong>, a sufinancirana je s 49 mil. kuna sredstvima iz europskih fondova, izvijestio je tada ministar Tomislav \u0106ori\u0107.<\/p>\n<p><img decoding=\"async\" class=\"alignnone size-full wp-image-114493\" src=\"https:\/\/likemetkovic.hr\/wp-content\/uploads\/2021\/03\/respekt-ugovor-bioplinsko-postrojenje.jpg\" alt=\"\" width=\"800\" height=\"533\" srcset=\"https:\/\/likemetkovic.hr\/portal\/wp-content\/uploads\/2021\/03\/respekt-ugovor-bioplinsko-postrojenje.jpg 800w, https:\/\/likemetkovic.hr\/portal\/wp-content\/uploads\/2021\/03\/respekt-ugovor-bioplinsko-postrojenje-768x512.jpg 768w, https:\/\/likemetkovic.hr\/portal\/wp-content\/uploads\/2021\/03\/respekt-ugovor-bioplinsko-postrojenje-696x464.jpg 696w, https:\/\/likemetkovic.hr\/portal\/wp-content\/uploads\/2021\/03\/respekt-ugovor-bioplinsko-postrojenje-630x420.jpg 630w\" sizes=\"(max-width: 800px) 100vw, 800px\" \/><\/p>\n<p>Prema kronologiji koju je vije\u0107nik Zoran Kozina iznio na sjednici, i Respekt d.o.o. i Grad Metkovi\u0107 su imali svoje obaveze i rokove iz Ugovora o kupoprodaji nekretnine koji je sklopljen 28. svibnja 2019. Grad je raspisao natje\u010daj za izvo\u0111a\u010da radova na Dubravici osam dana nakon potpisivanja ovoga ugovora o dodjeli bespovratnih sredstava, odnosno dvije godine nakon prodaje zemlji\u0161ta. Ti radovi jako sporo napreduju. Respekt je prema kupoprodajnom ugovoru za zemlji\u0161te imao obavezu u 18 mjeseci ishoditi gra\u0111evinsku dozvolu i u 30 mjeseci po\u010deti radove na objektima, a Grad Metkovi\u0107 u 30 mjeseci zavr\u0161iti \u010ditave infrastrukture u Poslovnoj zoni Dubravica.<\/p>\n<p>Dvadeset pet dana prije isteka roka od 18 mjeseci Respekt je predao potpunu dokumentaciju za isho\u0111enje gra\u0111evinske dozvole, ali su <strong>Hrvatske vode odbile dati svoju suglasnost zato \u0161to u Poduzetni\u010dkoj zoni nije gotova infrastruktura odvodnje koju je trebao napraviti Grad Metkovi\u0107<\/strong>. Grad Metkovi\u0107 je jednostrano raskinuo ugovor i to dan nakon isteka roka od 30 mjeseci od potpisa toga ugovora, a do tada je trebalo po\u010deti graditi na kupljenoj \u010destici \u0161to tvrtki Respekt nije bilo mogu\u0107e jer joj nije bio omogu\u0107en pristup kupljenim \u010desticama, a za \u0161to je bio zadu\u017een Grad Metkovi\u0107 i o \u010demu postoji izvje\u0161taj sudskoga vje\u0161taka. &#8211; <em>Za\u0161to Gradsko vije\u0107e nije bilo o ovome obavje\u0161teno i za\u0161to se o ovako va\u017enom pitanju nije sazvala tematska sjednica, <strong>za\u0161to se ovaj problem dr\u017ei ispod tepiha i kome ostaje ovih 90 milijuna kuna u amanet<\/strong><\/em>, upitao se vije\u0107nik Kozina.<\/p>\n<p>&#8211; <em>To\u010dno je da je smo mi<strong> 27. studenoga 2021. raskinuli ugovor s investitorom<\/strong>, jer smo imali mi\u0161ljenja nekoliko odvjetni\u010dkih ureda koja su dala takav savjet. Postupili smo u dobroj vjeri da \u0161titimo interese Grada. Vi ka\u017eete da nismo osigurali kompletnu infrastrukturu, a mi smo bili du\u017eni osigurati minimalni infrastrukturu da bi izvo\u0111a\u010d moga u\u0107i u posjed&#8230; izvo\u0111a\u010d je gra\u0111evinsku dozvolu ishodovao 5 mjeseci i 27 dana nakon roka&#8230; jednostavno ne postoji mogu\u0107nost za nagodbu. Mi smatramo da \u0161titimo interese Grada i da Grad ne\u0107e izgubiti te novce&#8230; 2. o\u017eujka je do\u0161la tu\u017eba i mi \u0107emo u zakonskom roku odgovoriti na tu\u017ebu<\/em>, kazao je gradona\u010delnik Milan.<\/p>\n<p>Vije\u0107nik Kozina je ponovno iza\u0161ao za govornicu: <em>Nemojte govoriti ono \u0161to nisam rekao, ja nisam rekao da su oni ishodovali gra\u0111evinsku dozvolu u roku u kojem su trebali&#8230; oni su je predali 25 dana prije isteka roka i u roku od 15 dana su se sve stranke trebale o\u010ditovati. Hrvatske vode su dale negativno mi\u0161ljenje zato \u0161to nema odvodnje u Poduzetni\u010dkoj zoni i nakon toga je tvrtka Respekt tra\u017eila od Vas da odete u Hrvatske vode, imali ste sastanak, dali ste jamstvo da \u0107e 2021. biti napravljena odvodnja i na osnovu toga su im dali pozitivno mi\u0161ljenje&#8230; govorim \u010dinjenice i ja bih stvarno volio da do ovoga problema nije do\u0161lo. Drugo, vi ste pravnik i znate tko zastupa ovu stranku i koliko ko\u0161ta jedno ro\u010di\u0161te u ovakvom predmetu&#8230; 400 000 kuna.<strong> Tko \u0107e to platiti? Netko \u0107e to platiti<\/strong><\/em>, zaklju\u010dio je Kozina na \u0161to mu je gradona\u010delnik Milan odgovorio da ko\u0161ta 100 000 kuna i da \u0161titi interese Grada.<\/p>\n<p><img decoding=\"async\" class=\"alignnone size-full wp-image-128956\" src=\"https:\/\/likemetkovic.hr\/wp-content\/uploads\/2022\/03\/poslovna-zona-dubravica.jpg\" alt=\"\" width=\"800\" height=\"450\" srcset=\"https:\/\/likemetkovic.hr\/portal\/wp-content\/uploads\/2022\/03\/poslovna-zona-dubravica.jpg 800w, https:\/\/likemetkovic.hr\/portal\/wp-content\/uploads\/2022\/03\/poslovna-zona-dubravica-768x432.jpg 768w, https:\/\/likemetkovic.hr\/portal\/wp-content\/uploads\/2022\/03\/poslovna-zona-dubravica-696x392.jpg 696w, https:\/\/likemetkovic.hr\/portal\/wp-content\/uploads\/2022\/03\/poslovna-zona-dubravica-747x420.jpg 747w\" sizes=\"(max-width: 800px) 100vw, 800px\" \/><\/p>\n","protected":false},"excerpt":{"rendered":"<p>Danas, 21. o\u017eujka, s po\u010detkom u 17 sati u Galeriji GKS-a je odr\u017eana 6. sjednica Gradskoga vije\u0107a Grada Metkovi\u0107a.\u00a0Pred vije\u0107nicima su bile \u010detiri to\u010dke dnevnoga reda. Odluka o davanju koncesije za obavljanje dimnja\u010darske usluge kojom je za koncesionara odabran obrt DIM-IM iz Imotskoga. Ve\u0107inom glasova je usvojeno\u00a0Izvije\u0161\u0107e o provedbi Programa potpora u poljoprivredi za 2021. [&hellip;]<\/p>\n","protected":false},"author":9,"featured_media":120036,"comment_status":"open","ping_status":"open","sticky":false,"template":"","format":"standard","meta":{"footnotes":""},"categories":[283,11,290],"tags":[414,1321,9049,9047],"class_list":{"0":"post-128950","1":"post","2":"type-post","3":"status-publish","4":"format-standard","5":"has-post-thumbnail","7":"category-a","8":"category-metkovic-dolina","9":"category-politika","10":"tag-dalibor-milan","11":"tag-gradsko-vijece","12":"tag-poslovna-zona-dubravica","13":"tag-respekt-d-o-o"},"yoast_head":"<!-- This site is optimized with the Yoast SEO plugin v25.2 - https:\/\/yoast.com\/wordpress\/plugins\/seo\/ -->\n<title>&#039;Vru\u0107i krumpiri&#039; u gradona\u010delnikovim rukama: tu\u017eba od 90 milijuna kuna i gubitak komunalnog poduze\u0107a - likemetkovic.hr<\/title>\n<meta name=\"robots\" content=\"index, follow, max-snippet:-1, max-image-preview:large, max-video-preview:-1\" \/>\n<link rel=\"canonical\" href=\"https:\/\/likemetkovic.hr\/vruci-krumpiri-u-gradonacelnikovim-rukama-tuzba-od-90-milijuna-kuna-i-gubitak-komunalnog-poduzeca\/\" \/>\n<meta property=\"og:locale\" content=\"hr_HR\" \/>\n<meta property=\"og:type\" content=\"article\" \/>\n<meta property=\"og:title\" content=\"&#039;Vru\u0107i krumpiri&#039; u gradona\u010delnikovim rukama: tu\u017eba od 90 milijuna kuna i gubitak komunalnog poduze\u0107a - likemetkovic.hr\" \/>\n<meta property=\"og:description\" content=\"Danas, 21. o\u017eujka, s po\u010detkom u 17 sati u Galeriji GKS-a je odr\u017eana 6. sjednica Gradskoga vije\u0107a Grada Metkovi\u0107a.\u00a0Pred vije\u0107nicima su bile \u010detiri to\u010dke dnevnoga reda. Odluka o davanju koncesije za obavljanje dimnja\u010darske usluge kojom je za koncesionara odabran obrt DIM-IM iz Imotskoga. Ve\u0107inom glasova je usvojeno\u00a0Izvije\u0161\u0107e o provedbi Programa potpora u poljoprivredi za 2021. [&hellip;]\" \/>\n<meta property=\"og:url\" content=\"https:\/\/likemetkovic.hr\/vruci-krumpiri-u-gradonacelnikovim-rukama-tuzba-od-90-milijuna-kuna-i-gubitak-komunalnog-poduzeca\/\" \/>\n<meta property=\"og:site_name\" content=\"likemetkovic.hr\" \/>\n<meta property=\"article:publisher\" content=\"https:\/\/www.facebook.com\/likemetkovic.hr\/\" \/>\n<meta property=\"article:published_time\" content=\"2022-03-21T21:04:17+00:00\" \/>\n<meta property=\"article:modified_time\" content=\"2022-03-22T05:31:23+00:00\" \/>\n<meta property=\"og:image\" content=\"https:\/\/likemetkovic.hr\/wp-content\/uploads\/2021\/07\/gradsko-vijece-sjednica2.jpg\" \/>\n\t<meta property=\"og:image:width\" content=\"800\" \/>\n\t<meta property=\"og:image:height\" content=\"450\" \/>\n\t<meta property=\"og:image:type\" content=\"image\/jpeg\" \/>\n<meta name=\"author\" content=\"K. J.\" \/>\n<meta name=\"twitter:card\" content=\"summary_large_image\" \/>\n<meta name=\"twitter:label1\" content=\"Napisao\/la\" \/>\n\t<meta name=\"twitter:data1\" content=\"K. J.\" \/>\n\t<meta name=\"twitter:label2\" content=\"Procijenjeno vrijeme \u010ditanja\" \/>\n\t<meta name=\"twitter:data2\" content=\"6 minuta\" \/>\n<script type=\"application\/ld+json\" class=\"yoast-schema-graph\">{\"@context\":\"https:\/\/schema.org\",\"@graph\":[{\"@type\":\"WebPage\",\"@id\":\"https:\/\/likemetkovic.hr\/vruci-krumpiri-u-gradonacelnikovim-rukama-tuzba-od-90-milijuna-kuna-i-gubitak-komunalnog-poduzeca\/\",\"url\":\"https:\/\/likemetkovic.hr\/vruci-krumpiri-u-gradonacelnikovim-rukama-tuzba-od-90-milijuna-kuna-i-gubitak-komunalnog-poduzeca\/\",\"name\":\"'Vru\u0107i krumpiri' u gradona\u010delnikovim rukama: tu\u017eba od 90 milijuna kuna i gubitak komunalnog poduze\u0107a - likemetkovic.hr\",\"isPartOf\":{\"@id\":\"https:\/\/likemetkovic.hr\/#website\"},\"primaryImageOfPage\":{\"@id\":\"https:\/\/likemetkovic.hr\/vruci-krumpiri-u-gradonacelnikovim-rukama-tuzba-od-90-milijuna-kuna-i-gubitak-komunalnog-poduzeca\/#primaryimage\"},\"image\":{\"@id\":\"https:\/\/likemetkovic.hr\/vruci-krumpiri-u-gradonacelnikovim-rukama-tuzba-od-90-milijuna-kuna-i-gubitak-komunalnog-poduzeca\/#primaryimage\"},\"thumbnailUrl\":\"https:\/\/likemetkovic.hr\/portal\/wp-content\/uploads\/2021\/07\/gradsko-vijece-sjednica2.jpg\",\"datePublished\":\"2022-03-21T21:04:17+00:00\",\"dateModified\":\"2022-03-22T05:31:23+00:00\",\"author\":{\"@id\":\"https:\/\/likemetkovic.hr\/#\/schema\/person\/0a8b4ebfdfe1ff01192dccda40c5da0c\"},\"breadcrumb\":{\"@id\":\"https:\/\/likemetkovic.hr\/vruci-krumpiri-u-gradonacelnikovim-rukama-tuzba-od-90-milijuna-kuna-i-gubitak-komunalnog-poduzeca\/#breadcrumb\"},\"inLanguage\":\"hr\",\"potentialAction\":[{\"@type\":\"ReadAction\",\"target\":[\"https:\/\/likemetkovic.hr\/vruci-krumpiri-u-gradonacelnikovim-rukama-tuzba-od-90-milijuna-kuna-i-gubitak-komunalnog-poduzeca\/\"]}]},{\"@type\":\"ImageObject\",\"inLanguage\":\"hr\",\"@id\":\"https:\/\/likemetkovic.hr\/vruci-krumpiri-u-gradonacelnikovim-rukama-tuzba-od-90-milijuna-kuna-i-gubitak-komunalnog-poduzeca\/#primaryimage\",\"url\":\"https:\/\/likemetkovic.hr\/portal\/wp-content\/uploads\/2021\/07\/gradsko-vijece-sjednica2.jpg\",\"contentUrl\":\"https:\/\/likemetkovic.hr\/portal\/wp-content\/uploads\/2021\/07\/gradsko-vijece-sjednica2.jpg\",\"width\":800,\"height\":450},{\"@type\":\"BreadcrumbList\",\"@id\":\"https:\/\/likemetkovic.hr\/vruci-krumpiri-u-gradonacelnikovim-rukama-tuzba-od-90-milijuna-kuna-i-gubitak-komunalnog-poduzeca\/#breadcrumb\",\"itemListElement\":[{\"@type\":\"ListItem\",\"position\":1,\"name\":\"Po\u010detna stranica\",\"item\":\"https:\/\/likemetkovic.hr\/portal\/\"},{\"@type\":\"ListItem\",\"position\":2,\"name\":\"&#8216;Vru\u0107i krumpiri&#8217; u gradona\u010delnikovim rukama: tu\u017eba od 90 milijuna kuna i gubitak komunalnog poduze\u0107a\"}]},{\"@type\":\"WebSite\",\"@id\":\"https:\/\/likemetkovic.hr\/#website\",\"url\":\"https:\/\/likemetkovic.hr\/\",\"name\":\"likemetkovic.hr\",\"description\":\"Misli pozitivno... \u010ditaj LIKE\",\"potentialAction\":[{\"@type\":\"SearchAction\",\"target\":{\"@type\":\"EntryPoint\",\"urlTemplate\":\"https:\/\/likemetkovic.hr\/?s={search_term_string}\"},\"query-input\":{\"@type\":\"PropertyValueSpecification\",\"valueRequired\":true,\"valueName\":\"search_term_string\"}}],\"inLanguage\":\"hr\"},{\"@type\":\"Person\",\"@id\":\"https:\/\/likemetkovic.hr\/#\/schema\/person\/0a8b4ebfdfe1ff01192dccda40c5da0c\",\"name\":\"K. J.\",\"url\":\"https:\/\/likemetkovic.hr\/portal\/author\/likemetkovic\/\"}]}<\/script>\n<!-- \/ Yoast SEO plugin. -->","yoast_head_json":{"title":"'Vru\u0107i krumpiri' u gradona\u010delnikovim rukama: tu\u017eba od 90 milijuna kuna i gubitak komunalnog poduze\u0107a - likemetkovic.hr","robots":{"index":"index","follow":"follow","max-snippet":"max-snippet:-1","max-image-preview":"max-image-preview:large","max-video-preview":"max-video-preview:-1"},"canonical":"https:\/\/likemetkovic.hr\/vruci-krumpiri-u-gradonacelnikovim-rukama-tuzba-od-90-milijuna-kuna-i-gubitak-komunalnog-poduzeca\/","og_locale":"hr_HR","og_type":"article","og_title":"'Vru\u0107i krumpiri' u gradona\u010delnikovim rukama: tu\u017eba od 90 milijuna kuna i gubitak komunalnog poduze\u0107a - likemetkovic.hr","og_description":"Danas, 21. o\u017eujka, s po\u010detkom u 17 sati u Galeriji GKS-a je odr\u017eana 6. sjednica Gradskoga vije\u0107a Grada Metkovi\u0107a.\u00a0Pred vije\u0107nicima su bile \u010detiri to\u010dke dnevnoga reda. Odluka o davanju koncesije za obavljanje dimnja\u010darske usluge kojom je za koncesionara odabran obrt DIM-IM iz Imotskoga. Ve\u0107inom glasova je usvojeno\u00a0Izvije\u0161\u0107e o provedbi Programa potpora u poljoprivredi za 2021. [&hellip;]","og_url":"https:\/\/likemetkovic.hr\/vruci-krumpiri-u-gradonacelnikovim-rukama-tuzba-od-90-milijuna-kuna-i-gubitak-komunalnog-poduzeca\/","og_site_name":"likemetkovic.hr","article_publisher":"https:\/\/www.facebook.com\/likemetkovic.hr\/","article_published_time":"2022-03-21T21:04:17+00:00","article_modified_time":"2022-03-22T05:31:23+00:00","og_image":[{"width":800,"height":450,"url":"https:\/\/likemetkovic.hr\/wp-content\/uploads\/2021\/07\/gradsko-vijece-sjednica2.jpg","type":"image\/jpeg"}],"author":"K. J.","twitter_card":"summary_large_image","twitter_misc":{"Napisao\/la":"K. J.","Procijenjeno vrijeme \u010ditanja":"6 minuta"},"schema":{"@context":"https:\/\/schema.org","@graph":[{"@type":"WebPage","@id":"https:\/\/likemetkovic.hr\/vruci-krumpiri-u-gradonacelnikovim-rukama-tuzba-od-90-milijuna-kuna-i-gubitak-komunalnog-poduzeca\/","url":"https:\/\/likemetkovic.hr\/vruci-krumpiri-u-gradonacelnikovim-rukama-tuzba-od-90-milijuna-kuna-i-gubitak-komunalnog-poduzeca\/","name":"'Vru\u0107i krumpiri' u gradona\u010delnikovim rukama: tu\u017eba od 90 milijuna kuna i gubitak komunalnog poduze\u0107a - likemetkovic.hr","isPartOf":{"@id":"https:\/\/likemetkovic.hr\/#website"},"primaryImageOfPage":{"@id":"https:\/\/likemetkovic.hr\/vruci-krumpiri-u-gradonacelnikovim-rukama-tuzba-od-90-milijuna-kuna-i-gubitak-komunalnog-poduzeca\/#primaryimage"},"image":{"@id":"https:\/\/likemetkovic.hr\/vruci-krumpiri-u-gradonacelnikovim-rukama-tuzba-od-90-milijuna-kuna-i-gubitak-komunalnog-poduzeca\/#primaryimage"},"thumbnailUrl":"https:\/\/likemetkovic.hr\/portal\/wp-content\/uploads\/2021\/07\/gradsko-vijece-sjednica2.jpg","datePublished":"2022-03-21T21:04:17+00:00","dateModified":"2022-03-22T05:31:23+00:00","author":{"@id":"https:\/\/likemetkovic.hr\/#\/schema\/person\/0a8b4ebfdfe1ff01192dccda40c5da0c"},"breadcrumb":{"@id":"https:\/\/likemetkovic.hr\/vruci-krumpiri-u-gradonacelnikovim-rukama-tuzba-od-90-milijuna-kuna-i-gubitak-komunalnog-poduzeca\/#breadcrumb"},"inLanguage":"hr","potentialAction":[{"@type":"ReadAction","target":["https:\/\/likemetkovic.hr\/vruci-krumpiri-u-gradonacelnikovim-rukama-tuzba-od-90-milijuna-kuna-i-gubitak-komunalnog-poduzeca\/"]}]},{"@type":"ImageObject","inLanguage":"hr","@id":"https:\/\/likemetkovic.hr\/vruci-krumpiri-u-gradonacelnikovim-rukama-tuzba-od-90-milijuna-kuna-i-gubitak-komunalnog-poduzeca\/#primaryimage","url":"https:\/\/likemetkovic.hr\/portal\/wp-content\/uploads\/2021\/07\/gradsko-vijece-sjednica2.jpg","contentUrl":"https:\/\/likemetkovic.hr\/portal\/wp-content\/uploads\/2021\/07\/gradsko-vijece-sjednica2.jpg","width":800,"height":450},{"@type":"BreadcrumbList","@id":"https:\/\/likemetkovic.hr\/vruci-krumpiri-u-gradonacelnikovim-rukama-tuzba-od-90-milijuna-kuna-i-gubitak-komunalnog-poduzeca\/#breadcrumb","itemListElement":[{"@type":"ListItem","position":1,"name":"Po\u010detna stranica","item":"https:\/\/likemetkovic.hr\/portal\/"},{"@type":"ListItem","position":2,"name":"&#8216;Vru\u0107i krumpiri&#8217; u gradona\u010delnikovim rukama: tu\u017eba od 90 milijuna kuna i gubitak komunalnog poduze\u0107a"}]},{"@type":"WebSite","@id":"https:\/\/likemetkovic.hr\/#website","url":"https:\/\/likemetkovic.hr\/","name":"likemetkovic.hr","description":"Misli pozitivno... \u010ditaj LIKE","potentialAction":[{"@type":"SearchAction","target":{"@type":"EntryPoint","urlTemplate":"https:\/\/likemetkovic.hr\/?s={search_term_string}"},"query-input":{"@type":"PropertyValueSpecification","valueRequired":true,"valueName":"search_term_string"}}],"inLanguage":"hr"},{"@type":"Person","@id":"https:\/\/likemetkovic.hr\/#\/schema\/person\/0a8b4ebfdfe1ff01192dccda40c5da0c","name":"K. J.","url":"https:\/\/likemetkovic.hr\/portal\/author\/likemetkovic\/"}]}},"_links":{"self":[{"href":"https:\/\/likemetkovic.hr\/portal\/wp-json\/wp\/v2\/posts\/128950","targetHints":{"allow":["GET"]}}],"collection":[{"href":"https:\/\/likemetkovic.hr\/portal\/wp-json\/wp\/v2\/posts"}],"about":[{"href":"https:\/\/likemetkovic.hr\/portal\/wp-json\/wp\/v2\/types\/post"}],"author":[{"embeddable":true,"href":"https:\/\/likemetkovic.hr\/portal\/wp-json\/wp\/v2\/users\/9"}],"replies":[{"embeddable":true,"href":"https:\/\/likemetkovic.hr\/portal\/wp-json\/wp\/v2\/comments?post=128950"}],"version-history":[{"count":8,"href":"https:\/\/likemetkovic.hr\/portal\/wp-json\/wp\/v2\/posts\/128950\/revisions"}],"predecessor-version":[{"id":128954,"href":"https:\/\/likemetkovic.hr\/portal\/wp-json\/wp\/v2\/posts\/128950\/revisions\/128954"}],"wp:featuredmedia":[{"embeddable":true,"href":"https:\/\/likemetkovic.hr\/portal\/wp-json\/wp\/v2\/media\/120036"}],"wp:attachment":[{"href":"https:\/\/likemetkovic.hr\/portal\/wp-json\/wp\/v2\/media?parent=128950"}],"wp:term":[{"taxonomy":"category","embeddable":true,"href":"https:\/\/likemetkovic.hr\/portal\/wp-json\/wp\/v2\/categories?post=128950"},{"taxonomy":"post_tag","embeddable":true,"href":"https:\/\/likemetkovic.hr\/portal\/wp-json\/wp\/v2\/tags?post=128950"}],"curies":[{"name":"wp","href":"https:\/\/api.w.org\/{rel}","templated":true}]}}