{"id":129047,"date":"2022-03-24T21:02:15","date_gmt":"2022-03-24T20:02:15","guid":{"rendered":"https:\/\/likemetkovic.hr\/?p=129047"},"modified":"2022-03-24T21:02:15","modified_gmt":"2022-03-24T20:02:15","slug":"za-metkovski-memograf-akcija-udruge-zivot-povodom-dana-narcisa","status":"publish","type":"post","link":"https:\/\/likemetkovic.hr\/portal\/za-metkovski-memograf-akcija-udruge-zivot-povodom-dana-narcisa\/","title":{"rendered":"ZA METKOVSKI MEMOGRAF &#8211; Akcija udruge \u017divot povodom Dana narcisa"},"content":{"rendered":"<p>Udruga oboljelih od malignih bolesti <em><strong>\u017divot<\/strong><\/em> poziva sve na\u0161e sugra\u0111ane da u subotu, 26. o\u017eujka, do\u0111u ispred Po\u0161te u Metkovi\u0107u u vremenu od 9 do 12 sati.<\/p>\n<p>Ve\u0107 tradicionalno, prve subote u prolje\u0107e Udruge \u017divot obilje\u017eava <strong>Dan narcisa<\/strong>, dan borbe protiv karcinoma dojke. Podjelom promid\u017ebenog materijala HZZJZ i sadnica narcisa kre\u0107emo u aktivnosti prikupljanja dobrovoljnih priloga i donacija <strong>za kupnju metkovskog mamografa.<\/strong><\/p>\n<p><img decoding=\"async\" class=\"alignnone size-medium wp-image-129048\" src=\"https:\/\/likemetkovic.hr\/wp-content\/uploads\/2022\/03\/Za-metkovski-mamograf-a3-page-001-800x566.jpg\" alt=\"\" width=\"800\" height=\"566\" srcset=\"https:\/\/likemetkovic.hr\/portal\/wp-content\/uploads\/2022\/03\/Za-metkovski-mamograf-a3-page-001-800x566.jpg 800w, https:\/\/likemetkovic.hr\/portal\/wp-content\/uploads\/2022\/03\/Za-metkovski-mamograf-a3-page-001-1200x849.jpg 1200w, https:\/\/likemetkovic.hr\/portal\/wp-content\/uploads\/2022\/03\/Za-metkovski-mamograf-a3-page-001-768x543.jpg 768w, https:\/\/likemetkovic.hr\/portal\/wp-content\/uploads\/2022\/03\/Za-metkovski-mamograf-a3-page-001-1536x1086.jpg 1536w, https:\/\/likemetkovic.hr\/portal\/wp-content\/uploads\/2022\/03\/Za-metkovski-mamograf-a3-page-001-2048x1448.jpg 2048w, https:\/\/likemetkovic.hr\/portal\/wp-content\/uploads\/2022\/03\/Za-metkovski-mamograf-a3-page-001-696x492.jpg 696w, https:\/\/likemetkovic.hr\/portal\/wp-content\/uploads\/2022\/03\/Za-metkovski-mamograf-a3-page-001-1068x755.jpg 1068w, https:\/\/likemetkovic.hr\/portal\/wp-content\/uploads\/2022\/03\/Za-metkovski-mamograf-a3-page-001-1920x1358.jpg 1920w, https:\/\/likemetkovic.hr\/portal\/wp-content\/uploads\/2022\/03\/Za-metkovski-mamograf-a3-page-001-594x420.jpg 594w, https:\/\/likemetkovic.hr\/portal\/wp-content\/uploads\/2022\/03\/Za-metkovski-mamograf-a3-page-001-100x70.jpg 100w\" sizes=\"(max-width: 800px) 100vw, 800px\" \/><\/p>\n","protected":false},"excerpt":{"rendered":"<p>Udruga oboljelih od malignih bolesti \u017divot poziva sve na\u0161e sugra\u0111ane da u subotu, 26. o\u017eujka, do\u0111u ispred Po\u0161te u Metkovi\u0107u u vremenu od 9 do 12 sati. Ve\u0107 tradicionalno, prve subote u prolje\u0107e Udruge \u017divot obilje\u017eava Dan narcisa, dan borbe protiv karcinoma dojke. Podjelom promid\u017ebenog materijala HZZJZ i sadnica narcisa kre\u0107emo u aktivnosti prikupljanja dobrovoljnih [&hellip;]<\/p>\n","protected":false},"author":9,"featured_media":129048,"comment_status":"open","ping_status":"open","sticky":false,"template":"","format":"standard","meta":{"footnotes":""},"categories":[296,11],"tags":[2809,10513,342],"class_list":{"0":"post-129047","1":"post","2":"type-post","3":"status-publish","4":"format-standard","5":"has-post-thumbnail","7":"category-ab","8":"category-metkovic-dolina","9":"tag-dan-narcisa","10":"tag-mamograf","11":"tag-udruga-zivot"},"yoast_head":"<!-- This site is optimized with the Yoast SEO plugin v25.2 - https:\/\/yoast.com\/wordpress\/plugins\/seo\/ -->\n<title>ZA METKOVSKI MEMOGRAF - Akcija udruge \u017divot povodom Dana narcisa - likemetkovic.hr<\/title>\n<meta name=\"robots\" content=\"index, follow, max-snippet:-1, max-image-preview:large, max-video-preview:-1\" \/>\n<link rel=\"canonical\" href=\"https:\/\/likemetkovic.hr\/za-metkovski-memograf-akcija-udruge-zivot-povodom-dana-narcisa\/\" \/>\n<meta property=\"og:locale\" content=\"hr_HR\" \/>\n<meta property=\"og:type\" content=\"article\" \/>\n<meta property=\"og:title\" content=\"ZA METKOVSKI MEMOGRAF - Akcija udruge \u017divot povodom Dana narcisa - likemetkovic.hr\" \/>\n<meta property=\"og:description\" content=\"Udruga oboljelih od malignih bolesti \u017divot poziva sve na\u0161e sugra\u0111ane da u subotu, 26. o\u017eujka, do\u0111u ispred Po\u0161te u Metkovi\u0107u u vremenu od 9 do 12 sati. Ve\u0107 tradicionalno, prve subote u prolje\u0107e Udruge \u017divot obilje\u017eava Dan narcisa, dan borbe protiv karcinoma dojke. Podjelom promid\u017ebenog materijala HZZJZ i sadnica narcisa kre\u0107emo u aktivnosti prikupljanja dobrovoljnih [&hellip;]\" \/>\n<meta property=\"og:url\" content=\"https:\/\/likemetkovic.hr\/za-metkovski-memograf-akcija-udruge-zivot-povodom-dana-narcisa\/\" \/>\n<meta property=\"og:site_name\" content=\"likemetkovic.hr\" \/>\n<meta property=\"article:publisher\" content=\"https:\/\/www.facebook.com\/likemetkovic.hr\/\" \/>\n<meta property=\"article:published_time\" content=\"2022-03-24T20:02:15+00:00\" \/>\n<meta property=\"og:image\" content=\"https:\/\/likemetkovic.hr\/wp-content\/uploads\/2022\/03\/Za-metkovski-mamograf-a3-page-001.jpg\" \/>\n\t<meta property=\"og:image:width\" content=\"2480\" \/>\n\t<meta property=\"og:image:height\" content=\"1754\" \/>\n\t<meta property=\"og:image:type\" content=\"image\/jpeg\" \/>\n<meta name=\"author\" content=\"K. J.\" \/>\n<meta name=\"twitter:card\" content=\"summary_large_image\" \/>\n<meta name=\"twitter:label1\" content=\"Napisao\/la\" \/>\n\t<meta name=\"twitter:data1\" content=\"K. J.\" \/>\n\t<meta name=\"twitter:label2\" content=\"Procijenjeno vrijeme \u010ditanja\" \/>\n\t<meta name=\"twitter:data2\" content=\"1 minuta\" \/>\n<script type=\"application\/ld+json\" class=\"yoast-schema-graph\">{\"@context\":\"https:\/\/schema.org\",\"@graph\":[{\"@type\":\"WebPage\",\"@id\":\"https:\/\/likemetkovic.hr\/za-metkovski-memograf-akcija-udruge-zivot-povodom-dana-narcisa\/\",\"url\":\"https:\/\/likemetkovic.hr\/za-metkovski-memograf-akcija-udruge-zivot-povodom-dana-narcisa\/\",\"name\":\"ZA METKOVSKI MEMOGRAF - Akcija udruge \u017divot povodom Dana narcisa - likemetkovic.hr\",\"isPartOf\":{\"@id\":\"https:\/\/likemetkovic.hr\/#website\"},\"primaryImageOfPage\":{\"@id\":\"https:\/\/likemetkovic.hr\/za-metkovski-memograf-akcija-udruge-zivot-povodom-dana-narcisa\/#primaryimage\"},\"image\":{\"@id\":\"https:\/\/likemetkovic.hr\/za-metkovski-memograf-akcija-udruge-zivot-povodom-dana-narcisa\/#primaryimage\"},\"thumbnailUrl\":\"https:\/\/likemetkovic.hr\/portal\/wp-content\/uploads\/2022\/03\/Za-metkovski-mamograf-a3-page-001.jpg\",\"datePublished\":\"2022-03-24T20:02:15+00:00\",\"author\":{\"@id\":\"https:\/\/likemetkovic.hr\/#\/schema\/person\/0a8b4ebfdfe1ff01192dccda40c5da0c\"},\"breadcrumb\":{\"@id\":\"https:\/\/likemetkovic.hr\/za-metkovski-memograf-akcija-udruge-zivot-povodom-dana-narcisa\/#breadcrumb\"},\"inLanguage\":\"hr\",\"potentialAction\":[{\"@type\":\"ReadAction\",\"target\":[\"https:\/\/likemetkovic.hr\/za-metkovski-memograf-akcija-udruge-zivot-povodom-dana-narcisa\/\"]}]},{\"@type\":\"ImageObject\",\"inLanguage\":\"hr\",\"@id\":\"https:\/\/likemetkovic.hr\/za-metkovski-memograf-akcija-udruge-zivot-povodom-dana-narcisa\/#primaryimage\",\"url\":\"https:\/\/likemetkovic.hr\/portal\/wp-content\/uploads\/2022\/03\/Za-metkovski-mamograf-a3-page-001.jpg\",\"contentUrl\":\"https:\/\/likemetkovic.hr\/portal\/wp-content\/uploads\/2022\/03\/Za-metkovski-mamograf-a3-page-001.jpg\",\"width\":2480,\"height\":1754},{\"@type\":\"BreadcrumbList\",\"@id\":\"https:\/\/likemetkovic.hr\/za-metkovski-memograf-akcija-udruge-zivot-povodom-dana-narcisa\/#breadcrumb\",\"itemListElement\":[{\"@type\":\"ListItem\",\"position\":1,\"name\":\"Po\u010detna stranica\",\"item\":\"https:\/\/likemetkovic.hr\/portal\/\"},{\"@type\":\"ListItem\",\"position\":2,\"name\":\"ZA METKOVSKI MEMOGRAF &#8211; Akcija udruge \u017divot povodom Dana narcisa\"}]},{\"@type\":\"WebSite\",\"@id\":\"https:\/\/likemetkovic.hr\/#website\",\"url\":\"https:\/\/likemetkovic.hr\/\",\"name\":\"likemetkovic.hr\",\"description\":\"Misli pozitivno... \u010ditaj LIKE\",\"potentialAction\":[{\"@type\":\"SearchAction\",\"target\":{\"@type\":\"EntryPoint\",\"urlTemplate\":\"https:\/\/likemetkovic.hr\/?s={search_term_string}\"},\"query-input\":{\"@type\":\"PropertyValueSpecification\",\"valueRequired\":true,\"valueName\":\"search_term_string\"}}],\"inLanguage\":\"hr\"},{\"@type\":\"Person\",\"@id\":\"https:\/\/likemetkovic.hr\/#\/schema\/person\/0a8b4ebfdfe1ff01192dccda40c5da0c\",\"name\":\"K. J.\",\"url\":\"https:\/\/likemetkovic.hr\/portal\/author\/likemetkovic\/\"}]}<\/script>\n<!-- \/ Yoast SEO plugin. -->","yoast_head_json":{"title":"ZA METKOVSKI MEMOGRAF - Akcija udruge \u017divot povodom Dana narcisa - likemetkovic.hr","robots":{"index":"index","follow":"follow","max-snippet":"max-snippet:-1","max-image-preview":"max-image-preview:large","max-video-preview":"max-video-preview:-1"},"canonical":"https:\/\/likemetkovic.hr\/za-metkovski-memograf-akcija-udruge-zivot-povodom-dana-narcisa\/","og_locale":"hr_HR","og_type":"article","og_title":"ZA METKOVSKI MEMOGRAF - Akcija udruge \u017divot povodom Dana narcisa - likemetkovic.hr","og_description":"Udruga oboljelih od malignih bolesti \u017divot poziva sve na\u0161e sugra\u0111ane da u subotu, 26. o\u017eujka, do\u0111u ispred Po\u0161te u Metkovi\u0107u u vremenu od 9 do 12 sati. Ve\u0107 tradicionalno, prve subote u prolje\u0107e Udruge \u017divot obilje\u017eava Dan narcisa, dan borbe protiv karcinoma dojke. Podjelom promid\u017ebenog materijala HZZJZ i sadnica narcisa kre\u0107emo u aktivnosti prikupljanja dobrovoljnih [&hellip;]","og_url":"https:\/\/likemetkovic.hr\/za-metkovski-memograf-akcija-udruge-zivot-povodom-dana-narcisa\/","og_site_name":"likemetkovic.hr","article_publisher":"https:\/\/www.facebook.com\/likemetkovic.hr\/","article_published_time":"2022-03-24T20:02:15+00:00","og_image":[{"width":2480,"height":1754,"url":"https:\/\/likemetkovic.hr\/wp-content\/uploads\/2022\/03\/Za-metkovski-mamograf-a3-page-001.jpg","type":"image\/jpeg"}],"author":"K. J.","twitter_card":"summary_large_image","twitter_misc":{"Napisao\/la":"K. J.","Procijenjeno vrijeme \u010ditanja":"1 minuta"},"schema":{"@context":"https:\/\/schema.org","@graph":[{"@type":"WebPage","@id":"https:\/\/likemetkovic.hr\/za-metkovski-memograf-akcija-udruge-zivot-povodom-dana-narcisa\/","url":"https:\/\/likemetkovic.hr\/za-metkovski-memograf-akcija-udruge-zivot-povodom-dana-narcisa\/","name":"ZA METKOVSKI MEMOGRAF - Akcija udruge \u017divot povodom Dana narcisa - likemetkovic.hr","isPartOf":{"@id":"https:\/\/likemetkovic.hr\/#website"},"primaryImageOfPage":{"@id":"https:\/\/likemetkovic.hr\/za-metkovski-memograf-akcija-udruge-zivot-povodom-dana-narcisa\/#primaryimage"},"image":{"@id":"https:\/\/likemetkovic.hr\/za-metkovski-memograf-akcija-udruge-zivot-povodom-dana-narcisa\/#primaryimage"},"thumbnailUrl":"https:\/\/likemetkovic.hr\/portal\/wp-content\/uploads\/2022\/03\/Za-metkovski-mamograf-a3-page-001.jpg","datePublished":"2022-03-24T20:02:15+00:00","author":{"@id":"https:\/\/likemetkovic.hr\/#\/schema\/person\/0a8b4ebfdfe1ff01192dccda40c5da0c"},"breadcrumb":{"@id":"https:\/\/likemetkovic.hr\/za-metkovski-memograf-akcija-udruge-zivot-povodom-dana-narcisa\/#breadcrumb"},"inLanguage":"hr","potentialAction":[{"@type":"ReadAction","target":["https:\/\/likemetkovic.hr\/za-metkovski-memograf-akcija-udruge-zivot-povodom-dana-narcisa\/"]}]},{"@type":"ImageObject","inLanguage":"hr","@id":"https:\/\/likemetkovic.hr\/za-metkovski-memograf-akcija-udruge-zivot-povodom-dana-narcisa\/#primaryimage","url":"https:\/\/likemetkovic.hr\/portal\/wp-content\/uploads\/2022\/03\/Za-metkovski-mamograf-a3-page-001.jpg","contentUrl":"https:\/\/likemetkovic.hr\/portal\/wp-content\/uploads\/2022\/03\/Za-metkovski-mamograf-a3-page-001.jpg","width":2480,"height":1754},{"@type":"BreadcrumbList","@id":"https:\/\/likemetkovic.hr\/za-metkovski-memograf-akcija-udruge-zivot-povodom-dana-narcisa\/#breadcrumb","itemListElement":[{"@type":"ListItem","position":1,"name":"Po\u010detna stranica","item":"https:\/\/likemetkovic.hr\/portal\/"},{"@type":"ListItem","position":2,"name":"ZA METKOVSKI MEMOGRAF &#8211; Akcija udruge \u017divot povodom Dana narcisa"}]},{"@type":"WebSite","@id":"https:\/\/likemetkovic.hr\/#website","url":"https:\/\/likemetkovic.hr\/","name":"likemetkovic.hr","description":"Misli pozitivno... \u010ditaj LIKE","potentialAction":[{"@type":"SearchAction","target":{"@type":"EntryPoint","urlTemplate":"https:\/\/likemetkovic.hr\/?s={search_term_string}"},"query-input":{"@type":"PropertyValueSpecification","valueRequired":true,"valueName":"search_term_string"}}],"inLanguage":"hr"},{"@type":"Person","@id":"https:\/\/likemetkovic.hr\/#\/schema\/person\/0a8b4ebfdfe1ff01192dccda40c5da0c","name":"K. J.","url":"https:\/\/likemetkovic.hr\/portal\/author\/likemetkovic\/"}]}},"_links":{"self":[{"href":"https:\/\/likemetkovic.hr\/portal\/wp-json\/wp\/v2\/posts\/129047","targetHints":{"allow":["GET"]}}],"collection":[{"href":"https:\/\/likemetkovic.hr\/portal\/wp-json\/wp\/v2\/posts"}],"about":[{"href":"https:\/\/likemetkovic.hr\/portal\/wp-json\/wp\/v2\/types\/post"}],"author":[{"embeddable":true,"href":"https:\/\/likemetkovic.hr\/portal\/wp-json\/wp\/v2\/users\/9"}],"replies":[{"embeddable":true,"href":"https:\/\/likemetkovic.hr\/portal\/wp-json\/wp\/v2\/comments?post=129047"}],"version-history":[{"count":1,"href":"https:\/\/likemetkovic.hr\/portal\/wp-json\/wp\/v2\/posts\/129047\/revisions"}],"predecessor-version":[{"id":129049,"href":"https:\/\/likemetkovic.hr\/portal\/wp-json\/wp\/v2\/posts\/129047\/revisions\/129049"}],"wp:featuredmedia":[{"embeddable":true,"href":"https:\/\/likemetkovic.hr\/portal\/wp-json\/wp\/v2\/media\/129048"}],"wp:attachment":[{"href":"https:\/\/likemetkovic.hr\/portal\/wp-json\/wp\/v2\/media?parent=129047"}],"wp:term":[{"taxonomy":"category","embeddable":true,"href":"https:\/\/likemetkovic.hr\/portal\/wp-json\/wp\/v2\/categories?post=129047"},{"taxonomy":"post_tag","embeddable":true,"href":"https:\/\/likemetkovic.hr\/portal\/wp-json\/wp\/v2\/tags?post=129047"}],"curies":[{"name":"wp","href":"https:\/\/api.w.org\/{rel}","templated":true}]}}