{"id":129050,"date":"2022-03-25T06:42:07","date_gmt":"2022-03-25T05:42:07","guid":{"rendered":"https:\/\/likemetkovic.hr\/?p=129050"},"modified":"2022-03-26T20:54:17","modified_gmt":"2022-03-26T19:54:17","slug":"foto-u-spomen-na-poginule-pripadnike-4-gbr-hv-ivicu-vucu-i-gorana-kliskicu","status":"publish","type":"post","link":"https:\/\/likemetkovic.hr\/portal\/foto-u-spomen-na-poginule-pripadnike-4-gbr-hv-ivicu-vucu-i-gorana-kliskicu\/","title":{"rendered":"FOTO | U spomen na poginule pripadnike 4. gbr HV Ivicu Vucu i Gorana Kli\u0161ki\u0107a"},"content":{"rendered":"<p>Gledaju\u0107i ovih dana potresne slike iz Ukrajine, sjetimo se i Domovinskog rata i agresiju koju smo pretrpjeli kao \u0161to to danas ukrajinski narod trpi. Kod zaljeva Bistrina uz cestu nalazi se spomen obilje\u017eje poginulim pripadnicima 4.gardijske brigade pok. Ivici Vuci i pok. Goranu Kli\u0161ki\u0107u na nekada\u0161njoj neprobojnoj zadnjoj crti obrane prema Neumu i dolini Neretve.<\/p>\n<p>Na tom mjestu povodom 30.godi\u0161njice pogibije okupili su se njihovi suborci i veterani 4.gardijske brigade iz Splita i Metkovi\u0107a, veterani 1.gbr HVO \u201eBruno Bu\u0161i\u0107\u201c, momci i djevojke iz Neuma i Dubrovnika. Zajedno s na\u010delnikom op\u0107ine Dubrova\u010dko primorje gosp. Nikolom Kne\u017ei\u0107em zapalili su svije\u0107e i polo\u017eili vijence. Na mostu preko zaljeva zapalili su 30 baklji u \u010dast poginulih vitezova.<\/p>\n\r\n                <style type=\"text\/css\">\r\n                    \r\n                    #tdi_1  .td-doubleSlider-2 .td-item1 {\r\n                        background: url(https:\/\/likemetkovic.hr\/portal\/wp-content\/uploads\/2022\/03\/bistrina-veterani-gbr-0-80x60.jpg) 0 0 no-repeat;\r\n                    }\r\n                    #tdi_1  .td-doubleSlider-2 .td-item2 {\r\n                        background: url(https:\/\/likemetkovic.hr\/portal\/wp-content\/uploads\/2022\/03\/bistrina-veterani-gbr-2-80x60.jpg) 0 0 no-repeat;\r\n                    }\r\n                    #tdi_1  .td-doubleSlider-2 .td-item3 {\r\n                        background: url(https:\/\/likemetkovic.hr\/portal\/wp-content\/uploads\/2022\/03\/bistrina-veterani-gbr-3-80x60.jpg) 0 0 no-repeat;\r\n                    }\r\n                    #tdi_1  .td-doubleSlider-2 .td-item4 {\r\n                        background: url(https:\/\/likemetkovic.hr\/portal\/wp-content\/uploads\/2022\/03\/bistrina-veterani-gbr-4-80x60.jpg) 0 0 no-repeat;\r\n                    }\r\n                    #tdi_1  .td-doubleSlider-2 .td-item5 {\r\n                        background: url(https:\/\/likemetkovic.hr\/portal\/wp-content\/uploads\/2022\/03\/bistrina-veterani-gbr-5-80x60.jpg) 0 0 no-repeat;\r\n                    }\r\n                    #tdi_1  .td-doubleSlider-2 .td-item6 {\r\n                        background: url(https:\/\/likemetkovic.hr\/portal\/wp-content\/uploads\/2022\/03\/bistrina-veterani-gbr-7-80x60.jpg) 0 0 no-repeat;\r\n                    }\r\n                    #tdi_1  .td-doubleSlider-2 .td-item7 {\r\n                        background: url(https:\/\/likemetkovic.hr\/portal\/wp-content\/uploads\/2022\/03\/bistrina-veterani-gbr-9-80x60.jpg) 0 0 no-repeat;\r\n                    }\r\n                <\/style>\r\n\r\n                <div id=\"tdi_1\" class=\"td-gallery td-slide-on-2-columns\">\r\n                    <div class=\"post_td_gallery\">\r\n                        <div class=\"td-gallery-slide-top\">\r\n                           <div class=\"td-gallery-title\"><\/div>\r\n\r\n                            <div class=\"td-gallery-controls-wrapper\">\r\n                                <div class=\"td-gallery-slide-count\"><span class=\"td-gallery-slide-item-focus\">1<\/span> of 7<\/div>\r\n                                <div class=\"td-gallery-slide-prev-next-but\">\r\n                                    <i class = \"td-icon-left doubleSliderPrevButton\"><\/i>\r\n                                    <i class = \"td-icon-right doubleSliderNextButton\"><\/i>\r\n                                <\/div>\r\n                            <\/div>\r\n                        <\/div>\r\n\r\n                        <div class = \"td-doubleSlider-1 \">\r\n                            <div class = \"td-slider\">\r\n                                \r\n                    <div class = \"td-slide-item td-item1\">\r\n                        <figure class=\"td-slide-galery-figure td-slide-popup-gallery\">\r\n                            <a class=\"slide-gallery-image-link\" href=\"https:\/\/likemetkovic.hr\/portal\/wp-content\/uploads\/2022\/03\/bistrina-veterani-gbr-0.jpg\" title=\"bistrina veterani gbr (0)\"  data-caption=\"\"  data-description=\"\">\r\n                                <img decoding=\"async\" src=\"https:\/\/likemetkovic.hr\/portal\/wp-content\/uploads\/2022\/03\/bistrina-veterani-gbr-0-634x420.jpg\" srcset=\"https:\/\/likemetkovic.hr\/portal\/wp-content\/uploads\/2022\/03\/bistrina-veterani-gbr-0-634x420.jpg 634w, https:\/\/likemetkovic.hr\/portal\/wp-content\/uploads\/2022\/03\/bistrina-veterani-gbr-0-768x509.jpg 768w, https:\/\/likemetkovic.hr\/portal\/wp-content\/uploads\/2022\/03\/bistrina-veterani-gbr-0-696x461.jpg 696w, https:\/\/likemetkovic.hr\/portal\/wp-content\/uploads\/2022\/03\/bistrina-veterani-gbr-0.jpg 800w\" sizes=\"(max-width: 634px) 100vw, 634px\" alt=\"\">\r\n                            <\/a>\r\n                            \r\n                        <\/figure>\r\n                    <\/div>\r\n                    <div class = \"td-slide-item td-item2\">\r\n                        <figure class=\"td-slide-galery-figure td-slide-popup-gallery\">\r\n                            <a class=\"slide-gallery-image-link\" href=\"https:\/\/likemetkovic.hr\/portal\/wp-content\/uploads\/2022\/03\/bistrina-veterani-gbr-2.jpg\" title=\"bistrina veterani gbr (2)\"  data-caption=\"\"  data-description=\"\">\r\n                                <img decoding=\"async\" src=\"https:\/\/likemetkovic.hr\/portal\/wp-content\/uploads\/2022\/03\/bistrina-veterani-gbr-2-634x420.jpg\" srcset=\"https:\/\/likemetkovic.hr\/portal\/wp-content\/uploads\/2022\/03\/bistrina-veterani-gbr-2-634x420.jpg 634w, https:\/\/likemetkovic.hr\/portal\/wp-content\/uploads\/2022\/03\/bistrina-veterani-gbr-2-768x509.jpg 768w, https:\/\/likemetkovic.hr\/portal\/wp-content\/uploads\/2022\/03\/bistrina-veterani-gbr-2-696x461.jpg 696w, https:\/\/likemetkovic.hr\/portal\/wp-content\/uploads\/2022\/03\/bistrina-veterani-gbr-2.jpg 800w\" sizes=\"(max-width: 634px) 100vw, 634px\" alt=\"\">\r\n                            <\/a>\r\n                            \r\n                        <\/figure>\r\n                    <\/div>\r\n                    <div class = \"td-slide-item td-item3\">\r\n                        <figure class=\"td-slide-galery-figure td-slide-popup-gallery\">\r\n                            <a class=\"slide-gallery-image-link\" href=\"https:\/\/likemetkovic.hr\/portal\/wp-content\/uploads\/2022\/03\/bistrina-veterani-gbr-3.jpg\" title=\"bistrina veterani gbr (3)\"  data-caption=\"\"  data-description=\"\">\r\n                                <img decoding=\"async\" src=\"https:\/\/likemetkovic.hr\/portal\/wp-content\/uploads\/2022\/03\/bistrina-veterani-gbr-3-634x420.jpg\" srcset=\"https:\/\/likemetkovic.hr\/portal\/wp-content\/uploads\/2022\/03\/bistrina-veterani-gbr-3-634x420.jpg 634w, https:\/\/likemetkovic.hr\/portal\/wp-content\/uploads\/2022\/03\/bistrina-veterani-gbr-3-768x509.jpg 768w, https:\/\/likemetkovic.hr\/portal\/wp-content\/uploads\/2022\/03\/bistrina-veterani-gbr-3-696x461.jpg 696w, https:\/\/likemetkovic.hr\/portal\/wp-content\/uploads\/2022\/03\/bistrina-veterani-gbr-3.jpg 800w\" sizes=\"(max-width: 634px) 100vw, 634px\" alt=\"\">\r\n                            <\/a>\r\n                            \r\n                        <\/figure>\r\n                    <\/div>\r\n                    <div class = \"td-slide-item td-item4\">\r\n                        <figure class=\"td-slide-galery-figure td-slide-popup-gallery\">\r\n                            <a class=\"slide-gallery-image-link\" href=\"https:\/\/likemetkovic.hr\/portal\/wp-content\/uploads\/2022\/03\/bistrina-veterani-gbr-4.jpg\" title=\"bistrina veterani gbr (4)\"  data-caption=\"\"  data-description=\"\">\r\n                                <img decoding=\"async\" src=\"https:\/\/likemetkovic.hr\/portal\/wp-content\/uploads\/2022\/03\/bistrina-veterani-gbr-4-634x420.jpg\" srcset=\"https:\/\/likemetkovic.hr\/portal\/wp-content\/uploads\/2022\/03\/bistrina-veterani-gbr-4-634x420.jpg 634w, https:\/\/likemetkovic.hr\/portal\/wp-content\/uploads\/2022\/03\/bistrina-veterani-gbr-4-768x509.jpg 768w, https:\/\/likemetkovic.hr\/portal\/wp-content\/uploads\/2022\/03\/bistrina-veterani-gbr-4-696x461.jpg 696w, https:\/\/likemetkovic.hr\/portal\/wp-content\/uploads\/2022\/03\/bistrina-veterani-gbr-4.jpg 800w\" sizes=\"(max-width: 634px) 100vw, 634px\" alt=\"\">\r\n                            <\/a>\r\n                            \r\n                        <\/figure>\r\n                    <\/div>\r\n                    <div class = \"td-slide-item td-item5\">\r\n                        <figure class=\"td-slide-galery-figure td-slide-popup-gallery\">\r\n                            <a class=\"slide-gallery-image-link\" href=\"https:\/\/likemetkovic.hr\/portal\/wp-content\/uploads\/2022\/03\/bistrina-veterani-gbr-5.jpg\" title=\"bistrina veterani gbr (5)\"  data-caption=\"\"  data-description=\"\">\r\n                                <img decoding=\"async\" src=\"https:\/\/likemetkovic.hr\/portal\/wp-content\/uploads\/2022\/03\/bistrina-veterani-gbr-5-634x420.jpg\" srcset=\"https:\/\/likemetkovic.hr\/portal\/wp-content\/uploads\/2022\/03\/bistrina-veterani-gbr-5-634x420.jpg 634w, https:\/\/likemetkovic.hr\/portal\/wp-content\/uploads\/2022\/03\/bistrina-veterani-gbr-5-768x509.jpg 768w, https:\/\/likemetkovic.hr\/portal\/wp-content\/uploads\/2022\/03\/bistrina-veterani-gbr-5-696x461.jpg 696w, https:\/\/likemetkovic.hr\/portal\/wp-content\/uploads\/2022\/03\/bistrina-veterani-gbr-5.jpg 800w\" sizes=\"(max-width: 634px) 100vw, 634px\" alt=\"\">\r\n                            <\/a>\r\n                            \r\n                        <\/figure>\r\n                    <\/div>\r\n                    <div class = \"td-slide-item td-item6\">\r\n                        <figure class=\"td-slide-galery-figure td-slide-popup-gallery\">\r\n                            <a class=\"slide-gallery-image-link\" href=\"https:\/\/likemetkovic.hr\/portal\/wp-content\/uploads\/2022\/03\/bistrina-veterani-gbr-7.jpg\" title=\"bistrina veterani gbr (7)\"  data-caption=\"\"  data-description=\"\">\r\n                                <img decoding=\"async\" src=\"https:\/\/likemetkovic.hr\/portal\/wp-content\/uploads\/2022\/03\/bistrina-veterani-gbr-7-634x420.jpg\" srcset=\"https:\/\/likemetkovic.hr\/portal\/wp-content\/uploads\/2022\/03\/bistrina-veterani-gbr-7-634x420.jpg 634w, https:\/\/likemetkovic.hr\/portal\/wp-content\/uploads\/2022\/03\/bistrina-veterani-gbr-7-768x509.jpg 768w, https:\/\/likemetkovic.hr\/portal\/wp-content\/uploads\/2022\/03\/bistrina-veterani-gbr-7-696x461.jpg 696w, https:\/\/likemetkovic.hr\/portal\/wp-content\/uploads\/2022\/03\/bistrina-veterani-gbr-7.jpg 800w\" sizes=\"(max-width: 634px) 100vw, 634px\" alt=\"\">\r\n                            <\/a>\r\n                            \r\n                        <\/figure>\r\n                    <\/div>\r\n                    <div class = \"td-slide-item td-item7\">\r\n                        <figure class=\"td-slide-galery-figure td-slide-popup-gallery\">\r\n                            <a class=\"slide-gallery-image-link\" href=\"https:\/\/likemetkovic.hr\/portal\/wp-content\/uploads\/2022\/03\/bistrina-veterani-gbr-9.jpg\" title=\"bistrina veterani gbr (9)\"  data-caption=\"\"  data-description=\"\">\r\n                                <img decoding=\"async\" src=\"https:\/\/likemetkovic.hr\/portal\/wp-content\/uploads\/2022\/03\/bistrina-veterani-gbr-9-634x420.jpg\" srcset=\"https:\/\/likemetkovic.hr\/portal\/wp-content\/uploads\/2022\/03\/bistrina-veterani-gbr-9-634x420.jpg 634w, https:\/\/likemetkovic.hr\/portal\/wp-content\/uploads\/2022\/03\/bistrina-veterani-gbr-9-768x509.jpg 768w, https:\/\/likemetkovic.hr\/portal\/wp-content\/uploads\/2022\/03\/bistrina-veterani-gbr-9-696x461.jpg 696w, https:\/\/likemetkovic.hr\/portal\/wp-content\/uploads\/2022\/03\/bistrina-veterani-gbr-9.jpg 800w\" sizes=\"(max-width: 634px) 100vw, 634px\" alt=\"\">\r\n                            <\/a>\r\n                            \r\n                        <\/figure>\r\n                    <\/div>\r\n                            <\/div>\r\n                        <\/div>\r\n\r\n                        <div class = \"td-doubleSlider-2\">\r\n                            <div class = \"td-slider\">\r\n                                \r\n                    <div class = \"td-button td-item1\">\r\n                        <div class = \"td-border\"><\/div>\r\n                    <\/div>\r\n                    <div class = \"td-button td-item2\">\r\n                        <div class = \"td-border\"><\/div>\r\n                    <\/div>\r\n                    <div class = \"td-button td-item3\">\r\n                        <div class = \"td-border\"><\/div>\r\n                    <\/div>\r\n                    <div class = \"td-button td-item4\">\r\n                        <div class = \"td-border\"><\/div>\r\n                    <\/div>\r\n                    <div class = \"td-button td-item5\">\r\n                        <div class = \"td-border\"><\/div>\r\n                    <\/div>\r\n                    <div class = \"td-button td-item6\">\r\n                        <div class = \"td-border\"><\/div>\r\n                    <\/div>\r\n                    <div class = \"td-button td-item7\">\r\n                        <div class = \"td-border\"><\/div>\r\n                    <\/div>\r\n                            <\/div>\r\n                        <\/div>\r\n\r\n                    <\/div>\r\n\r\n                <\/div>\r\n                \n","protected":false},"excerpt":{"rendered":"<p>Gledaju\u0107i ovih dana potresne slike iz Ukrajine, sjetimo se i Domovinskog rata i agresiju koju smo pretrpjeli kao \u0161to to danas ukrajinski narod trpi. Kod zaljeva Bistrina uz cestu nalazi se spomen obilje\u017eje poginulim pripadnicima 4.gardijske brigade pok. Ivici Vuci i pok. Goranu Kli\u0161ki\u0107u na nekada\u0161njoj neprobojnoj zadnjoj crti obrane prema Neumu i dolini Neretve. [&hellip;]<\/p>\n","protected":false},"author":7,"featured_media":129051,"comment_status":"open","ping_status":"open","sticky":false,"template":"","format":"standard","meta":{"footnotes":""},"categories":[296,11],"tags":[3457,10515,10514,550],"class_list":{"0":"post-129050","1":"post","2":"type-post","3":"status-publish","4":"format-standard","5":"has-post-thumbnail","7":"category-ab","8":"category-metkovic-dolina","9":"tag-bistrina","10":"tag-goran-kliskica","11":"tag-ivica-vuica","12":"tag-veterani-4-gbr"},"yoast_head":"<!-- This site is optimized with the Yoast SEO plugin v25.2 - https:\/\/yoast.com\/wordpress\/plugins\/seo\/ -->\n<title>FOTO | U spomen na poginule pripadnike 4. gbr HV Ivicu Vucu i Gorana Kli\u0161ki\u0107a - likemetkovic.hr<\/title>\n<meta name=\"robots\" content=\"index, follow, max-snippet:-1, max-image-preview:large, max-video-preview:-1\" \/>\n<link rel=\"canonical\" href=\"https:\/\/likemetkovic.hr\/foto-u-spomen-na-poginule-pripadnike-4-gbr-hv-ivicu-vucu-i-gorana-kliskicu\/\" \/>\n<meta property=\"og:locale\" content=\"hr_HR\" \/>\n<meta property=\"og:type\" content=\"article\" \/>\n<meta property=\"og:title\" content=\"FOTO | U spomen na poginule pripadnike 4. gbr HV Ivicu Vucu i Gorana Kli\u0161ki\u0107a - likemetkovic.hr\" \/>\n<meta property=\"og:description\" content=\"Gledaju\u0107i ovih dana potresne slike iz Ukrajine, sjetimo se i Domovinskog rata i agresiju koju smo pretrpjeli kao \u0161to to danas ukrajinski narod trpi. Kod zaljeva Bistrina uz cestu nalazi se spomen obilje\u017eje poginulim pripadnicima 4.gardijske brigade pok. Ivici Vuci i pok. Goranu Kli\u0161ki\u0107u na nekada\u0161njoj neprobojnoj zadnjoj crti obrane prema Neumu i dolini Neretve. [&hellip;]\" \/>\n<meta property=\"og:url\" content=\"https:\/\/likemetkovic.hr\/foto-u-spomen-na-poginule-pripadnike-4-gbr-hv-ivicu-vucu-i-gorana-kliskicu\/\" \/>\n<meta property=\"og:site_name\" content=\"likemetkovic.hr\" \/>\n<meta property=\"article:publisher\" content=\"https:\/\/www.facebook.com\/likemetkovic.hr\/\" \/>\n<meta property=\"article:published_time\" content=\"2022-03-25T05:42:07+00:00\" \/>\n<meta property=\"article:modified_time\" content=\"2022-03-26T19:54:17+00:00\" \/>\n<meta property=\"og:image\" content=\"https:\/\/likemetkovic.hr\/wp-content\/uploads\/2022\/03\/bistrina-veterani-gbr-0.jpg\" \/>\n\t<meta property=\"og:image:width\" content=\"800\" \/>\n\t<meta property=\"og:image:height\" content=\"530\" \/>\n\t<meta property=\"og:image:type\" content=\"image\/jpeg\" \/>\n<meta name=\"author\" content=\"LIKEmetkovic.hr\" \/>\n<meta name=\"twitter:card\" content=\"summary_large_image\" \/>\n<meta name=\"twitter:label1\" content=\"Napisao\/la\" \/>\n\t<meta name=\"twitter:data1\" content=\"LIKEmetkovic.hr\" \/>\n\t<meta name=\"twitter:label2\" content=\"Procijenjeno vrijeme \u010ditanja\" \/>\n\t<meta name=\"twitter:data2\" content=\"1 minuta\" \/>\n<script type=\"application\/ld+json\" class=\"yoast-schema-graph\">{\"@context\":\"https:\/\/schema.org\",\"@graph\":[{\"@type\":\"WebPage\",\"@id\":\"https:\/\/likemetkovic.hr\/foto-u-spomen-na-poginule-pripadnike-4-gbr-hv-ivicu-vucu-i-gorana-kliskicu\/\",\"url\":\"https:\/\/likemetkovic.hr\/foto-u-spomen-na-poginule-pripadnike-4-gbr-hv-ivicu-vucu-i-gorana-kliskicu\/\",\"name\":\"FOTO | U spomen na poginule pripadnike 4. gbr HV Ivicu Vucu i Gorana Kli\u0161ki\u0107a - likemetkovic.hr\",\"isPartOf\":{\"@id\":\"https:\/\/likemetkovic.hr\/#website\"},\"primaryImageOfPage\":{\"@id\":\"https:\/\/likemetkovic.hr\/foto-u-spomen-na-poginule-pripadnike-4-gbr-hv-ivicu-vucu-i-gorana-kliskicu\/#primaryimage\"},\"image\":{\"@id\":\"https:\/\/likemetkovic.hr\/foto-u-spomen-na-poginule-pripadnike-4-gbr-hv-ivicu-vucu-i-gorana-kliskicu\/#primaryimage\"},\"thumbnailUrl\":\"https:\/\/likemetkovic.hr\/portal\/wp-content\/uploads\/2022\/03\/bistrina-veterani-gbr-0.jpg\",\"datePublished\":\"2022-03-25T05:42:07+00:00\",\"dateModified\":\"2022-03-26T19:54:17+00:00\",\"author\":{\"@id\":\"https:\/\/likemetkovic.hr\/#\/schema\/person\/a42711f3385a0e2be6f7e0443bfb28f0\"},\"breadcrumb\":{\"@id\":\"https:\/\/likemetkovic.hr\/foto-u-spomen-na-poginule-pripadnike-4-gbr-hv-ivicu-vucu-i-gorana-kliskicu\/#breadcrumb\"},\"inLanguage\":\"hr\",\"potentialAction\":[{\"@type\":\"ReadAction\",\"target\":[\"https:\/\/likemetkovic.hr\/foto-u-spomen-na-poginule-pripadnike-4-gbr-hv-ivicu-vucu-i-gorana-kliskicu\/\"]}]},{\"@type\":\"ImageObject\",\"inLanguage\":\"hr\",\"@id\":\"https:\/\/likemetkovic.hr\/foto-u-spomen-na-poginule-pripadnike-4-gbr-hv-ivicu-vucu-i-gorana-kliskicu\/#primaryimage\",\"url\":\"https:\/\/likemetkovic.hr\/portal\/wp-content\/uploads\/2022\/03\/bistrina-veterani-gbr-0.jpg\",\"contentUrl\":\"https:\/\/likemetkovic.hr\/portal\/wp-content\/uploads\/2022\/03\/bistrina-veterani-gbr-0.jpg\",\"width\":800,\"height\":530},{\"@type\":\"BreadcrumbList\",\"@id\":\"https:\/\/likemetkovic.hr\/foto-u-spomen-na-poginule-pripadnike-4-gbr-hv-ivicu-vucu-i-gorana-kliskicu\/#breadcrumb\",\"itemListElement\":[{\"@type\":\"ListItem\",\"position\":1,\"name\":\"Po\u010detna stranica\",\"item\":\"https:\/\/likemetkovic.hr\/portal\/\"},{\"@type\":\"ListItem\",\"position\":2,\"name\":\"FOTO | U spomen na poginule pripadnike 4. gbr HV Ivicu Vucu i Gorana Kli\u0161ki\u0107a\"}]},{\"@type\":\"WebSite\",\"@id\":\"https:\/\/likemetkovic.hr\/#website\",\"url\":\"https:\/\/likemetkovic.hr\/\",\"name\":\"likemetkovic.hr\",\"description\":\"Misli pozitivno... \u010ditaj LIKE\",\"potentialAction\":[{\"@type\":\"SearchAction\",\"target\":{\"@type\":\"EntryPoint\",\"urlTemplate\":\"https:\/\/likemetkovic.hr\/?s={search_term_string}\"},\"query-input\":{\"@type\":\"PropertyValueSpecification\",\"valueRequired\":true,\"valueName\":\"search_term_string\"}}],\"inLanguage\":\"hr\"},{\"@type\":\"Person\",\"@id\":\"https:\/\/likemetkovic.hr\/#\/schema\/person\/a42711f3385a0e2be6f7e0443bfb28f0\",\"name\":\"LIKEmetkovic.hr\",\"sameAs\":[\"http:\/\/likemetkovic.hr\"],\"url\":\"https:\/\/likemetkovic.hr\/portal\/author\/likemetkovic-hr\/\"}]}<\/script>\n<!-- \/ Yoast SEO plugin. -->","yoast_head_json":{"title":"FOTO | U spomen na poginule pripadnike 4. gbr HV Ivicu Vucu i Gorana Kli\u0161ki\u0107a - likemetkovic.hr","robots":{"index":"index","follow":"follow","max-snippet":"max-snippet:-1","max-image-preview":"max-image-preview:large","max-video-preview":"max-video-preview:-1"},"canonical":"https:\/\/likemetkovic.hr\/foto-u-spomen-na-poginule-pripadnike-4-gbr-hv-ivicu-vucu-i-gorana-kliskicu\/","og_locale":"hr_HR","og_type":"article","og_title":"FOTO | U spomen na poginule pripadnike 4. gbr HV Ivicu Vucu i Gorana Kli\u0161ki\u0107a - likemetkovic.hr","og_description":"Gledaju\u0107i ovih dana potresne slike iz Ukrajine, sjetimo se i Domovinskog rata i agresiju koju smo pretrpjeli kao \u0161to to danas ukrajinski narod trpi. Kod zaljeva Bistrina uz cestu nalazi se spomen obilje\u017eje poginulim pripadnicima 4.gardijske brigade pok. Ivici Vuci i pok. Goranu Kli\u0161ki\u0107u na nekada\u0161njoj neprobojnoj zadnjoj crti obrane prema Neumu i dolini Neretve. [&hellip;]","og_url":"https:\/\/likemetkovic.hr\/foto-u-spomen-na-poginule-pripadnike-4-gbr-hv-ivicu-vucu-i-gorana-kliskicu\/","og_site_name":"likemetkovic.hr","article_publisher":"https:\/\/www.facebook.com\/likemetkovic.hr\/","article_published_time":"2022-03-25T05:42:07+00:00","article_modified_time":"2022-03-26T19:54:17+00:00","og_image":[{"width":800,"height":530,"url":"https:\/\/likemetkovic.hr\/wp-content\/uploads\/2022\/03\/bistrina-veterani-gbr-0.jpg","type":"image\/jpeg"}],"author":"LIKEmetkovic.hr","twitter_card":"summary_large_image","twitter_misc":{"Napisao\/la":"LIKEmetkovic.hr","Procijenjeno vrijeme \u010ditanja":"1 minuta"},"schema":{"@context":"https:\/\/schema.org","@graph":[{"@type":"WebPage","@id":"https:\/\/likemetkovic.hr\/foto-u-spomen-na-poginule-pripadnike-4-gbr-hv-ivicu-vucu-i-gorana-kliskicu\/","url":"https:\/\/likemetkovic.hr\/foto-u-spomen-na-poginule-pripadnike-4-gbr-hv-ivicu-vucu-i-gorana-kliskicu\/","name":"FOTO | U spomen na poginule pripadnike 4. gbr HV Ivicu Vucu i Gorana Kli\u0161ki\u0107a - likemetkovic.hr","isPartOf":{"@id":"https:\/\/likemetkovic.hr\/#website"},"primaryImageOfPage":{"@id":"https:\/\/likemetkovic.hr\/foto-u-spomen-na-poginule-pripadnike-4-gbr-hv-ivicu-vucu-i-gorana-kliskicu\/#primaryimage"},"image":{"@id":"https:\/\/likemetkovic.hr\/foto-u-spomen-na-poginule-pripadnike-4-gbr-hv-ivicu-vucu-i-gorana-kliskicu\/#primaryimage"},"thumbnailUrl":"https:\/\/likemetkovic.hr\/portal\/wp-content\/uploads\/2022\/03\/bistrina-veterani-gbr-0.jpg","datePublished":"2022-03-25T05:42:07+00:00","dateModified":"2022-03-26T19:54:17+00:00","author":{"@id":"https:\/\/likemetkovic.hr\/#\/schema\/person\/a42711f3385a0e2be6f7e0443bfb28f0"},"breadcrumb":{"@id":"https:\/\/likemetkovic.hr\/foto-u-spomen-na-poginule-pripadnike-4-gbr-hv-ivicu-vucu-i-gorana-kliskicu\/#breadcrumb"},"inLanguage":"hr","potentialAction":[{"@type":"ReadAction","target":["https:\/\/likemetkovic.hr\/foto-u-spomen-na-poginule-pripadnike-4-gbr-hv-ivicu-vucu-i-gorana-kliskicu\/"]}]},{"@type":"ImageObject","inLanguage":"hr","@id":"https:\/\/likemetkovic.hr\/foto-u-spomen-na-poginule-pripadnike-4-gbr-hv-ivicu-vucu-i-gorana-kliskicu\/#primaryimage","url":"https:\/\/likemetkovic.hr\/portal\/wp-content\/uploads\/2022\/03\/bistrina-veterani-gbr-0.jpg","contentUrl":"https:\/\/likemetkovic.hr\/portal\/wp-content\/uploads\/2022\/03\/bistrina-veterani-gbr-0.jpg","width":800,"height":530},{"@type":"BreadcrumbList","@id":"https:\/\/likemetkovic.hr\/foto-u-spomen-na-poginule-pripadnike-4-gbr-hv-ivicu-vucu-i-gorana-kliskicu\/#breadcrumb","itemListElement":[{"@type":"ListItem","position":1,"name":"Po\u010detna stranica","item":"https:\/\/likemetkovic.hr\/portal\/"},{"@type":"ListItem","position":2,"name":"FOTO | U spomen na poginule pripadnike 4. gbr HV Ivicu Vucu i Gorana Kli\u0161ki\u0107a"}]},{"@type":"WebSite","@id":"https:\/\/likemetkovic.hr\/#website","url":"https:\/\/likemetkovic.hr\/","name":"likemetkovic.hr","description":"Misli pozitivno... \u010ditaj LIKE","potentialAction":[{"@type":"SearchAction","target":{"@type":"EntryPoint","urlTemplate":"https:\/\/likemetkovic.hr\/?s={search_term_string}"},"query-input":{"@type":"PropertyValueSpecification","valueRequired":true,"valueName":"search_term_string"}}],"inLanguage":"hr"},{"@type":"Person","@id":"https:\/\/likemetkovic.hr\/#\/schema\/person\/a42711f3385a0e2be6f7e0443bfb28f0","name":"LIKEmetkovic.hr","sameAs":["http:\/\/likemetkovic.hr"],"url":"https:\/\/likemetkovic.hr\/portal\/author\/likemetkovic-hr\/"}]}},"_links":{"self":[{"href":"https:\/\/likemetkovic.hr\/portal\/wp-json\/wp\/v2\/posts\/129050","targetHints":{"allow":["GET"]}}],"collection":[{"href":"https:\/\/likemetkovic.hr\/portal\/wp-json\/wp\/v2\/posts"}],"about":[{"href":"https:\/\/likemetkovic.hr\/portal\/wp-json\/wp\/v2\/types\/post"}],"author":[{"embeddable":true,"href":"https:\/\/likemetkovic.hr\/portal\/wp-json\/wp\/v2\/users\/7"}],"replies":[{"embeddable":true,"href":"https:\/\/likemetkovic.hr\/portal\/wp-json\/wp\/v2\/comments?post=129050"}],"version-history":[{"count":3,"href":"https:\/\/likemetkovic.hr\/portal\/wp-json\/wp\/v2\/posts\/129050\/revisions"}],"predecessor-version":[{"id":129148,"href":"https:\/\/likemetkovic.hr\/portal\/wp-json\/wp\/v2\/posts\/129050\/revisions\/129148"}],"wp:featuredmedia":[{"embeddable":true,"href":"https:\/\/likemetkovic.hr\/portal\/wp-json\/wp\/v2\/media\/129051"}],"wp:attachment":[{"href":"https:\/\/likemetkovic.hr\/portal\/wp-json\/wp\/v2\/media?parent=129050"}],"wp:term":[{"taxonomy":"category","embeddable":true,"href":"https:\/\/likemetkovic.hr\/portal\/wp-json\/wp\/v2\/categories?post=129050"},{"taxonomy":"post_tag","embeddable":true,"href":"https:\/\/likemetkovic.hr\/portal\/wp-json\/wp\/v2\/tags?post=129050"}],"curies":[{"name":"wp","href":"https:\/\/api.w.org\/{rel}","templated":true}]}}