{"id":129248,"date":"2022-03-29T19:58:30","date_gmt":"2022-03-29T17:58:30","guid":{"rendered":"https:\/\/likemetkovic.hr\/?p=129248"},"modified":"2022-03-29T19:58:30","modified_gmt":"2022-03-29T17:58:30","slug":"ucenici-os-stjepana-radica-prikupili-pomoc-za-ukrajinske-izbjeglice","status":"publish","type":"post","link":"https:\/\/likemetkovic.hr\/portal\/ucenici-os-stjepana-radica-prikupili-pomoc-za-ukrajinske-izbjeglice\/","title":{"rendered":"U\u010denici O\u0160 Stjepana Radi\u0107a prikupili pomo\u0107 za ukrajinske izbjeglice"},"content":{"rendered":"<p data-uw-styling-context=\"true\">U\u010denici O\u0160 Stjepana Radi\u0107a Metkovi\u0107 sudjelovali su u humanitarnoj akciji za pomo\u0107 izbjeglicama iz Ukrajine. Prikupljenu hranu i higijenske potrep\u0161tine danas su preuzeli djelatnici Crvenoga kri\u017ea Metkovi\u0107.<\/p>\n<p data-uw-styling-context=\"true\"><em>&#8211; Ovaj rat u Ukrajini sa svim strahotama koje sa sobom nosi uznemirava svakog dobronamjernog \u010dovjeka i izvan granica Ukrajine. Mi u Hrvatskoj smo jo\u0161 i vi\u0161e osjetljivi na stradanja i patnje Ukrajinaca jer smo ne tako davno do\u017eivjeli sli\u010dnu ratnu agresiju, a posljedice i danas osje\u0107amo. Kad se u na\u0161oj \u0161koli doznalo da Hrvatski Crveni kri\u017e pokre\u0107e humanitarnu akciju za pomo\u0107 izbjeglicama iz Ukrajine, odlu\u010deno je da \u0107e se u akciju uklju\u010diti i na\u0161i u\u010denici i djelatnici. Zahvaljujemo se svima koji su na bilo koji na\u010din pomogli da i ova akcija bude uspje\u0161na<\/em>, poru\u010dili su iz <a href=\"http:\/\/os-sradica-metkovic.skole.hr\/\" target=\"_blank\" rel=\"noopener\">O\u0160 Stjepana Radi\u0107a<\/a>.<\/p>\n<p data-uw-styling-context=\"true\"><img decoding=\"async\" class=\"alignnone size-medium wp-image-129259\" src=\"https:\/\/likemetkovic.hr\/wp-content\/uploads\/2022\/03\/humanitarna-pomocUkrajina-800x450.jpg\" alt=\"\" width=\"800\" height=\"450\" srcset=\"https:\/\/likemetkovic.hr\/portal\/wp-content\/uploads\/2022\/03\/humanitarna-pomocUkrajina-800x450.jpg 800w, https:\/\/likemetkovic.hr\/portal\/wp-content\/uploads\/2022\/03\/humanitarna-pomocUkrajina-768x432.jpg 768w, https:\/\/likemetkovic.hr\/portal\/wp-content\/uploads\/2022\/03\/humanitarna-pomocUkrajina-696x391.jpg 696w, https:\/\/likemetkovic.hr\/portal\/wp-content\/uploads\/2022\/03\/humanitarna-pomocUkrajina-747x420.jpg 747w, https:\/\/likemetkovic.hr\/portal\/wp-content\/uploads\/2022\/03\/humanitarna-pomocUkrajina.jpg 900w\" sizes=\"(max-width: 800px) 100vw, 800px\" \/><\/p>\n<p data-uw-styling-context=\"true\">Hrvatski Crveni kri\u017e otvorio je i humanitarni telefon i svi oni koji \u017eele pomo\u0107i mogu nazvati 060 9011 (Cijena poziva iznosi 6,25 kuna, u iznos je uklju\u010den PDV kao i naknada teleoperateru). I dalje je otvoren apel za pomo\u0107 izbjeglicama iz Ukrajine i oni koji \u017eele pomo\u0107i mogu to u\u010diniti uplatom na \u017eiro ra\u010dun:<\/p>\n<p data-uw-styling-context=\"true\"><em data-uw-styling-context=\"true\">IBAN: HR0923600001503056530<br \/>\n<\/em><em data-uw-styling-context=\"true\">Poziv na broj odobrenja: 705<br \/>\n<\/em><em data-uw-styling-context=\"true\">Banka: Zagreba\u010dka banka d.d., Zagreb, Trg bana J. Jela\u010di\u0107a 10<br \/>\n<\/em><em data-uw-styling-context=\"true\">Primatelj: Hrvatski Crveni kri\u017e, Ulica Crvenog kri\u017ea 14-16, Zagreb<\/em><\/p>\n","protected":false},"excerpt":{"rendered":"<p>U\u010denici O\u0160 Stjepana Radi\u0107a Metkovi\u0107 sudjelovali su u humanitarnoj akciji za pomo\u0107 izbjeglicama iz Ukrajine. Prikupljenu hranu i higijenske potrep\u0161tine danas su preuzeli djelatnici Crvenoga kri\u017ea Metkovi\u0107. &#8211; Ovaj rat u Ukrajini sa svim strahotama koje sa sobom nosi uznemirava svakog dobronamjernog \u010dovjeka i izvan granica Ukrajine. Mi u Hrvatskoj smo jo\u0161 i vi\u0161e osjetljivi [&hellip;]<\/p>\n","protected":false},"author":7,"featured_media":129259,"comment_status":"open","ping_status":"open","sticky":false,"template":"","format":"standard","meta":{"footnotes":""},"categories":[283,166],"tags":[2075,3405,2659,10434],"class_list":{"0":"post-129248","1":"post","2":"type-post","3":"status-publish","4":"format-standard","5":"has-post-thumbnail","7":"category-a","8":"category-skolstvo","9":"tag-crveni-kriz","10":"tag-humanitarna-pomoc","11":"tag-os-stjepana-radica-metkovic","12":"tag-ukrajina"},"yoast_head":"<!-- This site is optimized with the Yoast SEO plugin v25.2 - https:\/\/yoast.com\/wordpress\/plugins\/seo\/ -->\n<title>U\u010denici O\u0160 Stjepana Radi\u0107a prikupili pomo\u0107 za ukrajinske izbjeglice - likemetkovic.hr<\/title>\n<meta name=\"robots\" content=\"index, follow, max-snippet:-1, max-image-preview:large, max-video-preview:-1\" \/>\n<link rel=\"canonical\" href=\"https:\/\/likemetkovic.hr\/ucenici-os-stjepana-radica-prikupili-pomoc-za-ukrajinske-izbjeglice\/\" \/>\n<meta property=\"og:locale\" content=\"hr_HR\" \/>\n<meta property=\"og:type\" content=\"article\" \/>\n<meta property=\"og:title\" content=\"U\u010denici O\u0160 Stjepana Radi\u0107a prikupili pomo\u0107 za ukrajinske izbjeglice - likemetkovic.hr\" \/>\n<meta property=\"og:description\" content=\"U\u010denici O\u0160 Stjepana Radi\u0107a Metkovi\u0107 sudjelovali su u humanitarnoj akciji za pomo\u0107 izbjeglicama iz Ukrajine. Prikupljenu hranu i higijenske potrep\u0161tine danas su preuzeli djelatnici Crvenoga kri\u017ea Metkovi\u0107. &#8211; Ovaj rat u Ukrajini sa svim strahotama koje sa sobom nosi uznemirava svakog dobronamjernog \u010dovjeka i izvan granica Ukrajine. Mi u Hrvatskoj smo jo\u0161 i vi\u0161e osjetljivi [&hellip;]\" \/>\n<meta property=\"og:url\" content=\"https:\/\/likemetkovic.hr\/ucenici-os-stjepana-radica-prikupili-pomoc-za-ukrajinske-izbjeglice\/\" \/>\n<meta property=\"og:site_name\" content=\"likemetkovic.hr\" \/>\n<meta property=\"article:publisher\" content=\"https:\/\/www.facebook.com\/likemetkovic.hr\/\" \/>\n<meta property=\"article:published_time\" content=\"2022-03-29T17:58:30+00:00\" \/>\n<meta property=\"og:image\" content=\"https:\/\/likemetkovic.hr\/wp-content\/uploads\/2022\/03\/humanitarna-pomocUkrajina.jpg\" \/>\n\t<meta property=\"og:image:width\" content=\"900\" \/>\n\t<meta property=\"og:image:height\" content=\"506\" \/>\n\t<meta property=\"og:image:type\" content=\"image\/jpeg\" \/>\n<meta name=\"author\" content=\"LIKEmetkovic.hr\" \/>\n<meta name=\"twitter:card\" content=\"summary_large_image\" \/>\n<meta name=\"twitter:label1\" content=\"Napisao\/la\" \/>\n\t<meta name=\"twitter:data1\" content=\"LIKEmetkovic.hr\" \/>\n\t<meta name=\"twitter:label2\" content=\"Procijenjeno vrijeme \u010ditanja\" \/>\n\t<meta name=\"twitter:data2\" content=\"2 minute\" \/>\n<script type=\"application\/ld+json\" class=\"yoast-schema-graph\">{\"@context\":\"https:\/\/schema.org\",\"@graph\":[{\"@type\":\"WebPage\",\"@id\":\"https:\/\/likemetkovic.hr\/ucenici-os-stjepana-radica-prikupili-pomoc-za-ukrajinske-izbjeglice\/\",\"url\":\"https:\/\/likemetkovic.hr\/ucenici-os-stjepana-radica-prikupili-pomoc-za-ukrajinske-izbjeglice\/\",\"name\":\"U\u010denici O\u0160 Stjepana Radi\u0107a prikupili pomo\u0107 za ukrajinske izbjeglice - likemetkovic.hr\",\"isPartOf\":{\"@id\":\"https:\/\/likemetkovic.hr\/#website\"},\"primaryImageOfPage\":{\"@id\":\"https:\/\/likemetkovic.hr\/ucenici-os-stjepana-radica-prikupili-pomoc-za-ukrajinske-izbjeglice\/#primaryimage\"},\"image\":{\"@id\":\"https:\/\/likemetkovic.hr\/ucenici-os-stjepana-radica-prikupili-pomoc-za-ukrajinske-izbjeglice\/#primaryimage\"},\"thumbnailUrl\":\"https:\/\/likemetkovic.hr\/portal\/wp-content\/uploads\/2022\/03\/humanitarna-pomocUkrajina.jpg\",\"datePublished\":\"2022-03-29T17:58:30+00:00\",\"author\":{\"@id\":\"https:\/\/likemetkovic.hr\/#\/schema\/person\/a42711f3385a0e2be6f7e0443bfb28f0\"},\"breadcrumb\":{\"@id\":\"https:\/\/likemetkovic.hr\/ucenici-os-stjepana-radica-prikupili-pomoc-za-ukrajinske-izbjeglice\/#breadcrumb\"},\"inLanguage\":\"hr\",\"potentialAction\":[{\"@type\":\"ReadAction\",\"target\":[\"https:\/\/likemetkovic.hr\/ucenici-os-stjepana-radica-prikupili-pomoc-za-ukrajinske-izbjeglice\/\"]}]},{\"@type\":\"ImageObject\",\"inLanguage\":\"hr\",\"@id\":\"https:\/\/likemetkovic.hr\/ucenici-os-stjepana-radica-prikupili-pomoc-za-ukrajinske-izbjeglice\/#primaryimage\",\"url\":\"https:\/\/likemetkovic.hr\/portal\/wp-content\/uploads\/2022\/03\/humanitarna-pomocUkrajina.jpg\",\"contentUrl\":\"https:\/\/likemetkovic.hr\/portal\/wp-content\/uploads\/2022\/03\/humanitarna-pomocUkrajina.jpg\",\"width\":900,\"height\":506},{\"@type\":\"BreadcrumbList\",\"@id\":\"https:\/\/likemetkovic.hr\/ucenici-os-stjepana-radica-prikupili-pomoc-za-ukrajinske-izbjeglice\/#breadcrumb\",\"itemListElement\":[{\"@type\":\"ListItem\",\"position\":1,\"name\":\"Po\u010detna stranica\",\"item\":\"https:\/\/likemetkovic.hr\/portal\/\"},{\"@type\":\"ListItem\",\"position\":2,\"name\":\"U\u010denici O\u0160 Stjepana Radi\u0107a prikupili pomo\u0107 za ukrajinske izbjeglice\"}]},{\"@type\":\"WebSite\",\"@id\":\"https:\/\/likemetkovic.hr\/#website\",\"url\":\"https:\/\/likemetkovic.hr\/\",\"name\":\"likemetkovic.hr\",\"description\":\"Misli pozitivno... \u010ditaj LIKE\",\"potentialAction\":[{\"@type\":\"SearchAction\",\"target\":{\"@type\":\"EntryPoint\",\"urlTemplate\":\"https:\/\/likemetkovic.hr\/?s={search_term_string}\"},\"query-input\":{\"@type\":\"PropertyValueSpecification\",\"valueRequired\":true,\"valueName\":\"search_term_string\"}}],\"inLanguage\":\"hr\"},{\"@type\":\"Person\",\"@id\":\"https:\/\/likemetkovic.hr\/#\/schema\/person\/a42711f3385a0e2be6f7e0443bfb28f0\",\"name\":\"LIKEmetkovic.hr\",\"sameAs\":[\"http:\/\/likemetkovic.hr\"],\"url\":\"https:\/\/likemetkovic.hr\/portal\/author\/likemetkovic-hr\/\"}]}<\/script>\n<!-- \/ Yoast SEO plugin. -->","yoast_head_json":{"title":"U\u010denici O\u0160 Stjepana Radi\u0107a prikupili pomo\u0107 za ukrajinske izbjeglice - likemetkovic.hr","robots":{"index":"index","follow":"follow","max-snippet":"max-snippet:-1","max-image-preview":"max-image-preview:large","max-video-preview":"max-video-preview:-1"},"canonical":"https:\/\/likemetkovic.hr\/ucenici-os-stjepana-radica-prikupili-pomoc-za-ukrajinske-izbjeglice\/","og_locale":"hr_HR","og_type":"article","og_title":"U\u010denici O\u0160 Stjepana Radi\u0107a prikupili pomo\u0107 za ukrajinske izbjeglice - likemetkovic.hr","og_description":"U\u010denici O\u0160 Stjepana Radi\u0107a Metkovi\u0107 sudjelovali su u humanitarnoj akciji za pomo\u0107 izbjeglicama iz Ukrajine. Prikupljenu hranu i higijenske potrep\u0161tine danas su preuzeli djelatnici Crvenoga kri\u017ea Metkovi\u0107. &#8211; Ovaj rat u Ukrajini sa svim strahotama koje sa sobom nosi uznemirava svakog dobronamjernog \u010dovjeka i izvan granica Ukrajine. Mi u Hrvatskoj smo jo\u0161 i vi\u0161e osjetljivi [&hellip;]","og_url":"https:\/\/likemetkovic.hr\/ucenici-os-stjepana-radica-prikupili-pomoc-za-ukrajinske-izbjeglice\/","og_site_name":"likemetkovic.hr","article_publisher":"https:\/\/www.facebook.com\/likemetkovic.hr\/","article_published_time":"2022-03-29T17:58:30+00:00","og_image":[{"width":900,"height":506,"url":"https:\/\/likemetkovic.hr\/wp-content\/uploads\/2022\/03\/humanitarna-pomocUkrajina.jpg","type":"image\/jpeg"}],"author":"LIKEmetkovic.hr","twitter_card":"summary_large_image","twitter_misc":{"Napisao\/la":"LIKEmetkovic.hr","Procijenjeno vrijeme \u010ditanja":"2 minute"},"schema":{"@context":"https:\/\/schema.org","@graph":[{"@type":"WebPage","@id":"https:\/\/likemetkovic.hr\/ucenici-os-stjepana-radica-prikupili-pomoc-za-ukrajinske-izbjeglice\/","url":"https:\/\/likemetkovic.hr\/ucenici-os-stjepana-radica-prikupili-pomoc-za-ukrajinske-izbjeglice\/","name":"U\u010denici O\u0160 Stjepana Radi\u0107a prikupili pomo\u0107 za ukrajinske izbjeglice - likemetkovic.hr","isPartOf":{"@id":"https:\/\/likemetkovic.hr\/#website"},"primaryImageOfPage":{"@id":"https:\/\/likemetkovic.hr\/ucenici-os-stjepana-radica-prikupili-pomoc-za-ukrajinske-izbjeglice\/#primaryimage"},"image":{"@id":"https:\/\/likemetkovic.hr\/ucenici-os-stjepana-radica-prikupili-pomoc-za-ukrajinske-izbjeglice\/#primaryimage"},"thumbnailUrl":"https:\/\/likemetkovic.hr\/portal\/wp-content\/uploads\/2022\/03\/humanitarna-pomocUkrajina.jpg","datePublished":"2022-03-29T17:58:30+00:00","author":{"@id":"https:\/\/likemetkovic.hr\/#\/schema\/person\/a42711f3385a0e2be6f7e0443bfb28f0"},"breadcrumb":{"@id":"https:\/\/likemetkovic.hr\/ucenici-os-stjepana-radica-prikupili-pomoc-za-ukrajinske-izbjeglice\/#breadcrumb"},"inLanguage":"hr","potentialAction":[{"@type":"ReadAction","target":["https:\/\/likemetkovic.hr\/ucenici-os-stjepana-radica-prikupili-pomoc-za-ukrajinske-izbjeglice\/"]}]},{"@type":"ImageObject","inLanguage":"hr","@id":"https:\/\/likemetkovic.hr\/ucenici-os-stjepana-radica-prikupili-pomoc-za-ukrajinske-izbjeglice\/#primaryimage","url":"https:\/\/likemetkovic.hr\/portal\/wp-content\/uploads\/2022\/03\/humanitarna-pomocUkrajina.jpg","contentUrl":"https:\/\/likemetkovic.hr\/portal\/wp-content\/uploads\/2022\/03\/humanitarna-pomocUkrajina.jpg","width":900,"height":506},{"@type":"BreadcrumbList","@id":"https:\/\/likemetkovic.hr\/ucenici-os-stjepana-radica-prikupili-pomoc-za-ukrajinske-izbjeglice\/#breadcrumb","itemListElement":[{"@type":"ListItem","position":1,"name":"Po\u010detna stranica","item":"https:\/\/likemetkovic.hr\/portal\/"},{"@type":"ListItem","position":2,"name":"U\u010denici O\u0160 Stjepana Radi\u0107a prikupili pomo\u0107 za ukrajinske izbjeglice"}]},{"@type":"WebSite","@id":"https:\/\/likemetkovic.hr\/#website","url":"https:\/\/likemetkovic.hr\/","name":"likemetkovic.hr","description":"Misli pozitivno... \u010ditaj LIKE","potentialAction":[{"@type":"SearchAction","target":{"@type":"EntryPoint","urlTemplate":"https:\/\/likemetkovic.hr\/?s={search_term_string}"},"query-input":{"@type":"PropertyValueSpecification","valueRequired":true,"valueName":"search_term_string"}}],"inLanguage":"hr"},{"@type":"Person","@id":"https:\/\/likemetkovic.hr\/#\/schema\/person\/a42711f3385a0e2be6f7e0443bfb28f0","name":"LIKEmetkovic.hr","sameAs":["http:\/\/likemetkovic.hr"],"url":"https:\/\/likemetkovic.hr\/portal\/author\/likemetkovic-hr\/"}]}},"_links":{"self":[{"href":"https:\/\/likemetkovic.hr\/portal\/wp-json\/wp\/v2\/posts\/129248","targetHints":{"allow":["GET"]}}],"collection":[{"href":"https:\/\/likemetkovic.hr\/portal\/wp-json\/wp\/v2\/posts"}],"about":[{"href":"https:\/\/likemetkovic.hr\/portal\/wp-json\/wp\/v2\/types\/post"}],"author":[{"embeddable":true,"href":"https:\/\/likemetkovic.hr\/portal\/wp-json\/wp\/v2\/users\/7"}],"replies":[{"embeddable":true,"href":"https:\/\/likemetkovic.hr\/portal\/wp-json\/wp\/v2\/comments?post=129248"}],"version-history":[{"count":1,"href":"https:\/\/likemetkovic.hr\/portal\/wp-json\/wp\/v2\/posts\/129248\/revisions"}],"predecessor-version":[{"id":129260,"href":"https:\/\/likemetkovic.hr\/portal\/wp-json\/wp\/v2\/posts\/129248\/revisions\/129260"}],"wp:featuredmedia":[{"embeddable":true,"href":"https:\/\/likemetkovic.hr\/portal\/wp-json\/wp\/v2\/media\/129259"}],"wp:attachment":[{"href":"https:\/\/likemetkovic.hr\/portal\/wp-json\/wp\/v2\/media?parent=129248"}],"wp:term":[{"taxonomy":"category","embeddable":true,"href":"https:\/\/likemetkovic.hr\/portal\/wp-json\/wp\/v2\/categories?post=129248"},{"taxonomy":"post_tag","embeddable":true,"href":"https:\/\/likemetkovic.hr\/portal\/wp-json\/wp\/v2\/tags?post=129248"}],"curies":[{"name":"wp","href":"https:\/\/api.w.org\/{rel}","templated":true}]}}