{"id":129265,"date":"2022-03-30T08:41:20","date_gmt":"2022-03-30T06:41:20","guid":{"rendered":"https:\/\/likemetkovic.hr\/?p=129265"},"modified":"2022-03-30T08:44:07","modified_gmt":"2022-03-30T06:44:07","slug":"u-perackom-blatu-je-pokopan-mitar-radulovic-hrvatski-branitelj-ubijen-prosloga-petka","status":"publish","type":"post","link":"https:\/\/likemetkovic.hr\/portal\/u-perackom-blatu-je-pokopan-mitar-radulovic-hrvatski-branitelj-ubijen-prosloga-petka\/","title":{"rendered":"U Pera\u010dkom Blatu pokopan Mitar Radulovi\u0107, hrvatski branitelj koji je ubijen pro\u0161loga petka"},"content":{"rendered":"<p>Na mjesnom groblju u Pera\u010dkome Blatu u utorek, pred velikim brojem prisutnih, je pokopan Mitar Radulovi\u0107, hrvatski branitelj koji je ubijen pro\u0161loga petka.<\/p>\n<p>Obred je predvodio fra Kristijan Perkovi\u0107, \u017eupnik \u017eupa Plina \u2013 Stablina i Ba\u0107ina. Fra Kristijan je zahvalio Gospodinu \u0161to je ovoj zajednici podario Mitra i njegova brojna dobra djela, te je izrazio nadu da \u0107e sve \u0161to je Mitar dobro uradio tijekom svoga \u017eivota, nastaviti \u017eivjeti kroz njegovu obitelj i prijatelje.<\/p>\n<p>Sprovodu su nazo\u010dili pripadnici splitske IV Gardijske brigade i 3. plo\u010danske bojne, u \u010dijem se sastavu pokojnik borio za vrijeme Domovinskoga rata, objavio je <a href=\"http:\/\/www.rogotin.hr\/2022\/03\/29\/pokopan-hrvatski-branitelj-mitar-radulovic\/\" target=\"_blank\" rel=\"noopener\">Rogotin.hr.<\/a><\/p>\n<p>Foto: Ante \u0160unji\u0107<\/p>\n","protected":false},"excerpt":{"rendered":"<p>Na mjesnom groblju u Pera\u010dkome Blatu u utorek, pred velikim brojem prisutnih, je pokopan Mitar Radulovi\u0107, hrvatski branitelj koji je ubijen pro\u0161loga petka. Obred je predvodio fra Kristijan Perkovi\u0107, \u017eupnik \u017eupa Plina \u2013 Stablina i Ba\u0107ina. Fra Kristijan je zahvalio Gospodinu \u0161to je ovoj zajednici podario Mitra i njegova brojna dobra djela, te je izrazio [&hellip;]<\/p>\n","protected":false},"author":7,"featured_media":129266,"comment_status":"open","ping_status":"open","sticky":false,"template":"","format":"standard","meta":{"footnotes":""},"categories":[296,11],"tags":[10541],"class_list":{"0":"post-129265","1":"post","2":"type-post","3":"status-publish","4":"format-standard","5":"has-post-thumbnail","7":"category-ab","8":"category-metkovic-dolina","9":"tag-mitar-radulovic"},"yoast_head":"<!-- This site is optimized with the Yoast SEO plugin v25.2 - https:\/\/yoast.com\/wordpress\/plugins\/seo\/ -->\n<title>U Pera\u010dkom Blatu pokopan Mitar Radulovi\u0107, hrvatski branitelj koji je ubijen pro\u0161loga petka - likemetkovic.hr<\/title>\n<meta name=\"robots\" content=\"index, follow, max-snippet:-1, max-image-preview:large, max-video-preview:-1\" \/>\n<link rel=\"canonical\" href=\"https:\/\/likemetkovic.hr\/u-perackom-blatu-je-pokopan-mitar-radulovic-hrvatski-branitelj-ubijen-prosloga-petka\/\" \/>\n<meta property=\"og:locale\" content=\"hr_HR\" \/>\n<meta property=\"og:type\" content=\"article\" \/>\n<meta property=\"og:title\" content=\"U Pera\u010dkom Blatu pokopan Mitar Radulovi\u0107, hrvatski branitelj koji je ubijen pro\u0161loga petka - likemetkovic.hr\" \/>\n<meta property=\"og:description\" content=\"Na mjesnom groblju u Pera\u010dkome Blatu u utorek, pred velikim brojem prisutnih, je pokopan Mitar Radulovi\u0107, hrvatski branitelj koji je ubijen pro\u0161loga petka. Obred je predvodio fra Kristijan Perkovi\u0107, \u017eupnik \u017eupa Plina \u2013 Stablina i Ba\u0107ina. Fra Kristijan je zahvalio Gospodinu \u0161to je ovoj zajednici podario Mitra i njegova brojna dobra djela, te je izrazio [&hellip;]\" \/>\n<meta property=\"og:url\" content=\"https:\/\/likemetkovic.hr\/u-perackom-blatu-je-pokopan-mitar-radulovic-hrvatski-branitelj-ubijen-prosloga-petka\/\" \/>\n<meta property=\"og:site_name\" content=\"likemetkovic.hr\" \/>\n<meta property=\"article:publisher\" content=\"https:\/\/www.facebook.com\/likemetkovic.hr\/\" \/>\n<meta property=\"article:published_time\" content=\"2022-03-30T06:41:20+00:00\" \/>\n<meta property=\"article:modified_time\" content=\"2022-03-30T06:44:07+00:00\" \/>\n<meta property=\"og:image\" content=\"https:\/\/likemetkovic.hr\/wp-content\/uploads\/2022\/03\/mitar-radulovic-sprovod.jpg\" \/>\n\t<meta property=\"og:image:width\" content=\"800\" \/>\n\t<meta property=\"og:image:height\" content=\"533\" \/>\n\t<meta property=\"og:image:type\" content=\"image\/jpeg\" \/>\n<meta name=\"author\" content=\"LIKEmetkovic.hr\" \/>\n<meta name=\"twitter:card\" content=\"summary_large_image\" \/>\n<meta name=\"twitter:label1\" content=\"Napisao\/la\" \/>\n\t<meta name=\"twitter:data1\" content=\"LIKEmetkovic.hr\" \/>\n\t<meta name=\"twitter:label2\" content=\"Procijenjeno vrijeme \u010ditanja\" \/>\n\t<meta name=\"twitter:data2\" content=\"1 minuta\" \/>\n<script type=\"application\/ld+json\" class=\"yoast-schema-graph\">{\"@context\":\"https:\/\/schema.org\",\"@graph\":[{\"@type\":\"WebPage\",\"@id\":\"https:\/\/likemetkovic.hr\/u-perackom-blatu-je-pokopan-mitar-radulovic-hrvatski-branitelj-ubijen-prosloga-petka\/\",\"url\":\"https:\/\/likemetkovic.hr\/u-perackom-blatu-je-pokopan-mitar-radulovic-hrvatski-branitelj-ubijen-prosloga-petka\/\",\"name\":\"U Pera\u010dkom Blatu pokopan Mitar Radulovi\u0107, hrvatski branitelj koji je ubijen pro\u0161loga petka - likemetkovic.hr\",\"isPartOf\":{\"@id\":\"https:\/\/likemetkovic.hr\/#website\"},\"primaryImageOfPage\":{\"@id\":\"https:\/\/likemetkovic.hr\/u-perackom-blatu-je-pokopan-mitar-radulovic-hrvatski-branitelj-ubijen-prosloga-petka\/#primaryimage\"},\"image\":{\"@id\":\"https:\/\/likemetkovic.hr\/u-perackom-blatu-je-pokopan-mitar-radulovic-hrvatski-branitelj-ubijen-prosloga-petka\/#primaryimage\"},\"thumbnailUrl\":\"https:\/\/likemetkovic.hr\/portal\/wp-content\/uploads\/2022\/03\/mitar-radulovic-sprovod.jpg\",\"datePublished\":\"2022-03-30T06:41:20+00:00\",\"dateModified\":\"2022-03-30T06:44:07+00:00\",\"author\":{\"@id\":\"https:\/\/likemetkovic.hr\/#\/schema\/person\/a42711f3385a0e2be6f7e0443bfb28f0\"},\"breadcrumb\":{\"@id\":\"https:\/\/likemetkovic.hr\/u-perackom-blatu-je-pokopan-mitar-radulovic-hrvatski-branitelj-ubijen-prosloga-petka\/#breadcrumb\"},\"inLanguage\":\"hr\",\"potentialAction\":[{\"@type\":\"ReadAction\",\"target\":[\"https:\/\/likemetkovic.hr\/u-perackom-blatu-je-pokopan-mitar-radulovic-hrvatski-branitelj-ubijen-prosloga-petka\/\"]}]},{\"@type\":\"ImageObject\",\"inLanguage\":\"hr\",\"@id\":\"https:\/\/likemetkovic.hr\/u-perackom-blatu-je-pokopan-mitar-radulovic-hrvatski-branitelj-ubijen-prosloga-petka\/#primaryimage\",\"url\":\"https:\/\/likemetkovic.hr\/portal\/wp-content\/uploads\/2022\/03\/mitar-radulovic-sprovod.jpg\",\"contentUrl\":\"https:\/\/likemetkovic.hr\/portal\/wp-content\/uploads\/2022\/03\/mitar-radulovic-sprovod.jpg\",\"width\":800,\"height\":533},{\"@type\":\"BreadcrumbList\",\"@id\":\"https:\/\/likemetkovic.hr\/u-perackom-blatu-je-pokopan-mitar-radulovic-hrvatski-branitelj-ubijen-prosloga-petka\/#breadcrumb\",\"itemListElement\":[{\"@type\":\"ListItem\",\"position\":1,\"name\":\"Po\u010detna stranica\",\"item\":\"https:\/\/likemetkovic.hr\/portal\/\"},{\"@type\":\"ListItem\",\"position\":2,\"name\":\"U Pera\u010dkom Blatu pokopan Mitar Radulovi\u0107, hrvatski branitelj koji je ubijen pro\u0161loga petka\"}]},{\"@type\":\"WebSite\",\"@id\":\"https:\/\/likemetkovic.hr\/#website\",\"url\":\"https:\/\/likemetkovic.hr\/\",\"name\":\"likemetkovic.hr\",\"description\":\"Misli pozitivno... \u010ditaj LIKE\",\"potentialAction\":[{\"@type\":\"SearchAction\",\"target\":{\"@type\":\"EntryPoint\",\"urlTemplate\":\"https:\/\/likemetkovic.hr\/?s={search_term_string}\"},\"query-input\":{\"@type\":\"PropertyValueSpecification\",\"valueRequired\":true,\"valueName\":\"search_term_string\"}}],\"inLanguage\":\"hr\"},{\"@type\":\"Person\",\"@id\":\"https:\/\/likemetkovic.hr\/#\/schema\/person\/a42711f3385a0e2be6f7e0443bfb28f0\",\"name\":\"LIKEmetkovic.hr\",\"sameAs\":[\"http:\/\/likemetkovic.hr\"],\"url\":\"https:\/\/likemetkovic.hr\/portal\/author\/likemetkovic-hr\/\"}]}<\/script>\n<!-- \/ Yoast SEO plugin. -->","yoast_head_json":{"title":"U Pera\u010dkom Blatu pokopan Mitar Radulovi\u0107, hrvatski branitelj koji je ubijen pro\u0161loga petka - likemetkovic.hr","robots":{"index":"index","follow":"follow","max-snippet":"max-snippet:-1","max-image-preview":"max-image-preview:large","max-video-preview":"max-video-preview:-1"},"canonical":"https:\/\/likemetkovic.hr\/u-perackom-blatu-je-pokopan-mitar-radulovic-hrvatski-branitelj-ubijen-prosloga-petka\/","og_locale":"hr_HR","og_type":"article","og_title":"U Pera\u010dkom Blatu pokopan Mitar Radulovi\u0107, hrvatski branitelj koji je ubijen pro\u0161loga petka - likemetkovic.hr","og_description":"Na mjesnom groblju u Pera\u010dkome Blatu u utorek, pred velikim brojem prisutnih, je pokopan Mitar Radulovi\u0107, hrvatski branitelj koji je ubijen pro\u0161loga petka. Obred je predvodio fra Kristijan Perkovi\u0107, \u017eupnik \u017eupa Plina \u2013 Stablina i Ba\u0107ina. Fra Kristijan je zahvalio Gospodinu \u0161to je ovoj zajednici podario Mitra i njegova brojna dobra djela, te je izrazio [&hellip;]","og_url":"https:\/\/likemetkovic.hr\/u-perackom-blatu-je-pokopan-mitar-radulovic-hrvatski-branitelj-ubijen-prosloga-petka\/","og_site_name":"likemetkovic.hr","article_publisher":"https:\/\/www.facebook.com\/likemetkovic.hr\/","article_published_time":"2022-03-30T06:41:20+00:00","article_modified_time":"2022-03-30T06:44:07+00:00","og_image":[{"width":800,"height":533,"url":"https:\/\/likemetkovic.hr\/wp-content\/uploads\/2022\/03\/mitar-radulovic-sprovod.jpg","type":"image\/jpeg"}],"author":"LIKEmetkovic.hr","twitter_card":"summary_large_image","twitter_misc":{"Napisao\/la":"LIKEmetkovic.hr","Procijenjeno vrijeme \u010ditanja":"1 minuta"},"schema":{"@context":"https:\/\/schema.org","@graph":[{"@type":"WebPage","@id":"https:\/\/likemetkovic.hr\/u-perackom-blatu-je-pokopan-mitar-radulovic-hrvatski-branitelj-ubijen-prosloga-petka\/","url":"https:\/\/likemetkovic.hr\/u-perackom-blatu-je-pokopan-mitar-radulovic-hrvatski-branitelj-ubijen-prosloga-petka\/","name":"U Pera\u010dkom Blatu pokopan Mitar Radulovi\u0107, hrvatski branitelj koji je ubijen pro\u0161loga petka - likemetkovic.hr","isPartOf":{"@id":"https:\/\/likemetkovic.hr\/#website"},"primaryImageOfPage":{"@id":"https:\/\/likemetkovic.hr\/u-perackom-blatu-je-pokopan-mitar-radulovic-hrvatski-branitelj-ubijen-prosloga-petka\/#primaryimage"},"image":{"@id":"https:\/\/likemetkovic.hr\/u-perackom-blatu-je-pokopan-mitar-radulovic-hrvatski-branitelj-ubijen-prosloga-petka\/#primaryimage"},"thumbnailUrl":"https:\/\/likemetkovic.hr\/portal\/wp-content\/uploads\/2022\/03\/mitar-radulovic-sprovod.jpg","datePublished":"2022-03-30T06:41:20+00:00","dateModified":"2022-03-30T06:44:07+00:00","author":{"@id":"https:\/\/likemetkovic.hr\/#\/schema\/person\/a42711f3385a0e2be6f7e0443bfb28f0"},"breadcrumb":{"@id":"https:\/\/likemetkovic.hr\/u-perackom-blatu-je-pokopan-mitar-radulovic-hrvatski-branitelj-ubijen-prosloga-petka\/#breadcrumb"},"inLanguage":"hr","potentialAction":[{"@type":"ReadAction","target":["https:\/\/likemetkovic.hr\/u-perackom-blatu-je-pokopan-mitar-radulovic-hrvatski-branitelj-ubijen-prosloga-petka\/"]}]},{"@type":"ImageObject","inLanguage":"hr","@id":"https:\/\/likemetkovic.hr\/u-perackom-blatu-je-pokopan-mitar-radulovic-hrvatski-branitelj-ubijen-prosloga-petka\/#primaryimage","url":"https:\/\/likemetkovic.hr\/portal\/wp-content\/uploads\/2022\/03\/mitar-radulovic-sprovod.jpg","contentUrl":"https:\/\/likemetkovic.hr\/portal\/wp-content\/uploads\/2022\/03\/mitar-radulovic-sprovod.jpg","width":800,"height":533},{"@type":"BreadcrumbList","@id":"https:\/\/likemetkovic.hr\/u-perackom-blatu-je-pokopan-mitar-radulovic-hrvatski-branitelj-ubijen-prosloga-petka\/#breadcrumb","itemListElement":[{"@type":"ListItem","position":1,"name":"Po\u010detna stranica","item":"https:\/\/likemetkovic.hr\/portal\/"},{"@type":"ListItem","position":2,"name":"U Pera\u010dkom Blatu pokopan Mitar Radulovi\u0107, hrvatski branitelj koji je ubijen pro\u0161loga petka"}]},{"@type":"WebSite","@id":"https:\/\/likemetkovic.hr\/#website","url":"https:\/\/likemetkovic.hr\/","name":"likemetkovic.hr","description":"Misli pozitivno... \u010ditaj LIKE","potentialAction":[{"@type":"SearchAction","target":{"@type":"EntryPoint","urlTemplate":"https:\/\/likemetkovic.hr\/?s={search_term_string}"},"query-input":{"@type":"PropertyValueSpecification","valueRequired":true,"valueName":"search_term_string"}}],"inLanguage":"hr"},{"@type":"Person","@id":"https:\/\/likemetkovic.hr\/#\/schema\/person\/a42711f3385a0e2be6f7e0443bfb28f0","name":"LIKEmetkovic.hr","sameAs":["http:\/\/likemetkovic.hr"],"url":"https:\/\/likemetkovic.hr\/portal\/author\/likemetkovic-hr\/"}]}},"_links":{"self":[{"href":"https:\/\/likemetkovic.hr\/portal\/wp-json\/wp\/v2\/posts\/129265","targetHints":{"allow":["GET"]}}],"collection":[{"href":"https:\/\/likemetkovic.hr\/portal\/wp-json\/wp\/v2\/posts"}],"about":[{"href":"https:\/\/likemetkovic.hr\/portal\/wp-json\/wp\/v2\/types\/post"}],"author":[{"embeddable":true,"href":"https:\/\/likemetkovic.hr\/portal\/wp-json\/wp\/v2\/users\/7"}],"replies":[{"embeddable":true,"href":"https:\/\/likemetkovic.hr\/portal\/wp-json\/wp\/v2\/comments?post=129265"}],"version-history":[{"count":6,"href":"https:\/\/likemetkovic.hr\/portal\/wp-json\/wp\/v2\/posts\/129265\/revisions"}],"predecessor-version":[{"id":129272,"href":"https:\/\/likemetkovic.hr\/portal\/wp-json\/wp\/v2\/posts\/129265\/revisions\/129272"}],"wp:featuredmedia":[{"embeddable":true,"href":"https:\/\/likemetkovic.hr\/portal\/wp-json\/wp\/v2\/media\/129266"}],"wp:attachment":[{"href":"https:\/\/likemetkovic.hr\/portal\/wp-json\/wp\/v2\/media?parent=129265"}],"wp:term":[{"taxonomy":"category","embeddable":true,"href":"https:\/\/likemetkovic.hr\/portal\/wp-json\/wp\/v2\/categories?post=129265"},{"taxonomy":"post_tag","embeddable":true,"href":"https:\/\/likemetkovic.hr\/portal\/wp-json\/wp\/v2\/tags?post=129265"}],"curies":[{"name":"wp","href":"https:\/\/api.w.org\/{rel}","templated":true}]}}