{"id":129444,"date":"2022-04-04T18:04:53","date_gmt":"2022-04-04T16:04:53","guid":{"rendered":"https:\/\/likemetkovic.hr\/?p=129444"},"modified":"2022-04-04T18:04:53","modified_gmt":"2022-04-04T16:04:53","slug":"najava-dz-metkovic-poziva-na-sudjelovanje-u-radionicama-o-palijativnoj-skrbi","status":"publish","type":"post","link":"https:\/\/likemetkovic.hr\/portal\/najava-dz-metkovic-poziva-na-sudjelovanje-u-radionicama-o-palijativnoj-skrbi\/","title":{"rendered":"NAJAVA | DZ Metkovi\u0107 poziva na sudjelovanje u radionicama o palijativnoj skrbi"},"content":{"rendered":"<p>Dom zdravlja Metkovi\u0107 <strong>7. travnja (\u010detvrtak)<\/strong> u sklopu projekta IMPHACT organizira <strong>dvije radionice<\/strong> u Galeriji GKS-a Metkovi\u0107 pod vodstvom presti\u017enih edukatora CEPAMET-a, renomiranih profesora Medicinskog fakulteta Sveu\u010dili\u0161ta u Zagrebu prof. dr. sc. <strong>Marijane Bra\u0161prim<\/strong> i prof. dr. sc. <strong>Veljka \u0110or\u0111evi\u0107a<\/strong>, dr. med.,\u00a0namijenjenu medicinskom osoblju i socijalnim radnicima<\/p>\n<p>Na radionici s po\u010detkom u 10 sati ponovit \u0107e se <strong>osnovni koncepti o palijativnoj skrbi<\/strong>, va\u017enost interdisciplinarnog tima, usavr\u0161iti komunikacijske vje\u0161tine, u drugom dijelu s po\u010detkom u 12:30<strong> o \u010dlanovima obitelji palijativnih pacijenta<\/strong> kao va\u017ene karike kojoj je uz brigu o palijativnom pacijentu jako potrebna potpora.<\/p>\n<p>DZ Metkovi\u0107 kroz navedeni projekt vrijedan 890.347,40 EUR, sufinanciran sredstvima EFRR i IPA II fondova Europske unije, kao lider provodi razne aktivnosti koje imaju za cilj pobolj\u0161anje kvalitete i dostupnosti palijativne zdravstvene njege.<\/p>\n<p>Dan ranije, <strong>6. travnja, s po\u010detkom u 19 sati<\/strong> bit \u0107e promocija romana <strong><em>Svitanja<\/em><\/strong> Veljka \u0110or\u0111evi\u0107a u Galeriji GKS-a u Metkovi\u0107u. O knjizi \u0107e govoriti ravnatelj DZ Metkovi\u0107 Vjekoslav \u010cuvalo, prof. dr. sc. Marijana Bra\u0161 isam\u00a0 autor. Knjiga \u0107e se na dan promocije mo\u0107i kupiti po promotivnoj cijeni.<\/p>\n","protected":false},"excerpt":{"rendered":"<p>Dom zdravlja Metkovi\u0107 7. travnja (\u010detvrtak) u sklopu projekta IMPHACT organizira dvije radionice u Galeriji GKS-a Metkovi\u0107 pod vodstvom presti\u017enih edukatora CEPAMET-a, renomiranih profesora Medicinskog fakulteta Sveu\u010dili\u0161ta u Zagrebu prof. dr. sc. Marijane Bra\u0161prim i prof. dr. sc. Veljka \u0110or\u0111evi\u0107a, dr. med.,\u00a0namijenjenu medicinskom osoblju i socijalnim radnicima Na radionici s po\u010detkom u 10 sati ponovit [&hellip;]<\/p>\n","protected":false},"author":7,"featured_media":129445,"comment_status":"open","ping_status":"open","sticky":false,"template":"","format":"standard","meta":{"footnotes":""},"categories":[296,11],"tags":[4876,2309],"class_list":{"0":"post-129444","1":"post","2":"type-post","3":"status-publish","4":"format-standard","5":"has-post-thumbnail","7":"category-ab","8":"category-metkovic-dolina","9":"tag-dz-metkovic","10":"tag-palijativna-skrb"},"yoast_head":"<!-- This site is optimized with the Yoast SEO plugin v25.2 - https:\/\/yoast.com\/wordpress\/plugins\/seo\/ -->\n<title>NAJAVA | DZ Metkovi\u0107 poziva na sudjelovanje u radionicama o palijativnoj skrbi - likemetkovic.hr<\/title>\n<meta name=\"robots\" content=\"index, follow, max-snippet:-1, max-image-preview:large, max-video-preview:-1\" \/>\n<link rel=\"canonical\" href=\"https:\/\/likemetkovic.hr\/najava-dz-metkovic-poziva-na-sudjelovanje-u-radionicama-o-palijativnoj-skrbi\/\" \/>\n<meta property=\"og:locale\" content=\"hr_HR\" \/>\n<meta property=\"og:type\" content=\"article\" \/>\n<meta property=\"og:title\" content=\"NAJAVA | DZ Metkovi\u0107 poziva na sudjelovanje u radionicama o palijativnoj skrbi - likemetkovic.hr\" \/>\n<meta property=\"og:description\" content=\"Dom zdravlja Metkovi\u0107 7. travnja (\u010detvrtak) u sklopu projekta IMPHACT organizira dvije radionice u Galeriji GKS-a Metkovi\u0107 pod vodstvom presti\u017enih edukatora CEPAMET-a, renomiranih profesora Medicinskog fakulteta Sveu\u010dili\u0161ta u Zagrebu prof. dr. sc. Marijane Bra\u0161prim i prof. dr. sc. Veljka \u0110or\u0111evi\u0107a, dr. med.,\u00a0namijenjenu medicinskom osoblju i socijalnim radnicima Na radionici s po\u010detkom u 10 sati ponovit [&hellip;]\" \/>\n<meta property=\"og:url\" content=\"https:\/\/likemetkovic.hr\/najava-dz-metkovic-poziva-na-sudjelovanje-u-radionicama-o-palijativnoj-skrbi\/\" \/>\n<meta property=\"og:site_name\" content=\"likemetkovic.hr\" \/>\n<meta property=\"article:publisher\" content=\"https:\/\/www.facebook.com\/likemetkovic.hr\/\" \/>\n<meta property=\"article:published_time\" content=\"2022-04-04T16:04:53+00:00\" \/>\n<meta property=\"og:image\" content=\"https:\/\/likemetkovic.hr\/wp-content\/uploads\/2022\/04\/paliativna-skrb.jpg\" \/>\n\t<meta property=\"og:image:width\" content=\"800\" \/>\n\t<meta property=\"og:image:height\" content=\"600\" \/>\n\t<meta property=\"og:image:type\" content=\"image\/jpeg\" \/>\n<meta name=\"author\" content=\"LIKEmetkovic.hr\" \/>\n<meta name=\"twitter:card\" content=\"summary_large_image\" \/>\n<meta name=\"twitter:label1\" content=\"Napisao\/la\" \/>\n\t<meta name=\"twitter:data1\" content=\"LIKEmetkovic.hr\" \/>\n\t<meta name=\"twitter:label2\" content=\"Procijenjeno vrijeme \u010ditanja\" \/>\n\t<meta name=\"twitter:data2\" content=\"1 minuta\" \/>\n<script type=\"application\/ld+json\" class=\"yoast-schema-graph\">{\"@context\":\"https:\/\/schema.org\",\"@graph\":[{\"@type\":\"WebPage\",\"@id\":\"https:\/\/likemetkovic.hr\/najava-dz-metkovic-poziva-na-sudjelovanje-u-radionicama-o-palijativnoj-skrbi\/\",\"url\":\"https:\/\/likemetkovic.hr\/najava-dz-metkovic-poziva-na-sudjelovanje-u-radionicama-o-palijativnoj-skrbi\/\",\"name\":\"NAJAVA | DZ Metkovi\u0107 poziva na sudjelovanje u radionicama o palijativnoj skrbi - likemetkovic.hr\",\"isPartOf\":{\"@id\":\"https:\/\/likemetkovic.hr\/#website\"},\"primaryImageOfPage\":{\"@id\":\"https:\/\/likemetkovic.hr\/najava-dz-metkovic-poziva-na-sudjelovanje-u-radionicama-o-palijativnoj-skrbi\/#primaryimage\"},\"image\":{\"@id\":\"https:\/\/likemetkovic.hr\/najava-dz-metkovic-poziva-na-sudjelovanje-u-radionicama-o-palijativnoj-skrbi\/#primaryimage\"},\"thumbnailUrl\":\"https:\/\/likemetkovic.hr\/portal\/wp-content\/uploads\/2022\/04\/paliativna-skrb.jpg\",\"datePublished\":\"2022-04-04T16:04:53+00:00\",\"author\":{\"@id\":\"https:\/\/likemetkovic.hr\/#\/schema\/person\/a42711f3385a0e2be6f7e0443bfb28f0\"},\"breadcrumb\":{\"@id\":\"https:\/\/likemetkovic.hr\/najava-dz-metkovic-poziva-na-sudjelovanje-u-radionicama-o-palijativnoj-skrbi\/#breadcrumb\"},\"inLanguage\":\"hr\",\"potentialAction\":[{\"@type\":\"ReadAction\",\"target\":[\"https:\/\/likemetkovic.hr\/najava-dz-metkovic-poziva-na-sudjelovanje-u-radionicama-o-palijativnoj-skrbi\/\"]}]},{\"@type\":\"ImageObject\",\"inLanguage\":\"hr\",\"@id\":\"https:\/\/likemetkovic.hr\/najava-dz-metkovic-poziva-na-sudjelovanje-u-radionicama-o-palijativnoj-skrbi\/#primaryimage\",\"url\":\"https:\/\/likemetkovic.hr\/portal\/wp-content\/uploads\/2022\/04\/paliativna-skrb.jpg\",\"contentUrl\":\"https:\/\/likemetkovic.hr\/portal\/wp-content\/uploads\/2022\/04\/paliativna-skrb.jpg\",\"width\":800,\"height\":600},{\"@type\":\"BreadcrumbList\",\"@id\":\"https:\/\/likemetkovic.hr\/najava-dz-metkovic-poziva-na-sudjelovanje-u-radionicama-o-palijativnoj-skrbi\/#breadcrumb\",\"itemListElement\":[{\"@type\":\"ListItem\",\"position\":1,\"name\":\"Po\u010detna stranica\",\"item\":\"https:\/\/likemetkovic.hr\/portal\/\"},{\"@type\":\"ListItem\",\"position\":2,\"name\":\"NAJAVA | DZ Metkovi\u0107 poziva na sudjelovanje u radionicama o palijativnoj skrbi\"}]},{\"@type\":\"WebSite\",\"@id\":\"https:\/\/likemetkovic.hr\/#website\",\"url\":\"https:\/\/likemetkovic.hr\/\",\"name\":\"likemetkovic.hr\",\"description\":\"Misli pozitivno... \u010ditaj LIKE\",\"potentialAction\":[{\"@type\":\"SearchAction\",\"target\":{\"@type\":\"EntryPoint\",\"urlTemplate\":\"https:\/\/likemetkovic.hr\/?s={search_term_string}\"},\"query-input\":{\"@type\":\"PropertyValueSpecification\",\"valueRequired\":true,\"valueName\":\"search_term_string\"}}],\"inLanguage\":\"hr\"},{\"@type\":\"Person\",\"@id\":\"https:\/\/likemetkovic.hr\/#\/schema\/person\/a42711f3385a0e2be6f7e0443bfb28f0\",\"name\":\"LIKEmetkovic.hr\",\"sameAs\":[\"http:\/\/likemetkovic.hr\"],\"url\":\"https:\/\/likemetkovic.hr\/portal\/author\/likemetkovic-hr\/\"}]}<\/script>\n<!-- \/ Yoast SEO plugin. -->","yoast_head_json":{"title":"NAJAVA | DZ Metkovi\u0107 poziva na sudjelovanje u radionicama o palijativnoj skrbi - likemetkovic.hr","robots":{"index":"index","follow":"follow","max-snippet":"max-snippet:-1","max-image-preview":"max-image-preview:large","max-video-preview":"max-video-preview:-1"},"canonical":"https:\/\/likemetkovic.hr\/najava-dz-metkovic-poziva-na-sudjelovanje-u-radionicama-o-palijativnoj-skrbi\/","og_locale":"hr_HR","og_type":"article","og_title":"NAJAVA | DZ Metkovi\u0107 poziva na sudjelovanje u radionicama o palijativnoj skrbi - likemetkovic.hr","og_description":"Dom zdravlja Metkovi\u0107 7. travnja (\u010detvrtak) u sklopu projekta IMPHACT organizira dvije radionice u Galeriji GKS-a Metkovi\u0107 pod vodstvom presti\u017enih edukatora CEPAMET-a, renomiranih profesora Medicinskog fakulteta Sveu\u010dili\u0161ta u Zagrebu prof. dr. sc. Marijane Bra\u0161prim i prof. dr. sc. Veljka \u0110or\u0111evi\u0107a, dr. med.,\u00a0namijenjenu medicinskom osoblju i socijalnim radnicima Na radionici s po\u010detkom u 10 sati ponovit [&hellip;]","og_url":"https:\/\/likemetkovic.hr\/najava-dz-metkovic-poziva-na-sudjelovanje-u-radionicama-o-palijativnoj-skrbi\/","og_site_name":"likemetkovic.hr","article_publisher":"https:\/\/www.facebook.com\/likemetkovic.hr\/","article_published_time":"2022-04-04T16:04:53+00:00","og_image":[{"width":800,"height":600,"url":"https:\/\/likemetkovic.hr\/wp-content\/uploads\/2022\/04\/paliativna-skrb.jpg","type":"image\/jpeg"}],"author":"LIKEmetkovic.hr","twitter_card":"summary_large_image","twitter_misc":{"Napisao\/la":"LIKEmetkovic.hr","Procijenjeno vrijeme \u010ditanja":"1 minuta"},"schema":{"@context":"https:\/\/schema.org","@graph":[{"@type":"WebPage","@id":"https:\/\/likemetkovic.hr\/najava-dz-metkovic-poziva-na-sudjelovanje-u-radionicama-o-palijativnoj-skrbi\/","url":"https:\/\/likemetkovic.hr\/najava-dz-metkovic-poziva-na-sudjelovanje-u-radionicama-o-palijativnoj-skrbi\/","name":"NAJAVA | DZ Metkovi\u0107 poziva na sudjelovanje u radionicama o palijativnoj skrbi - likemetkovic.hr","isPartOf":{"@id":"https:\/\/likemetkovic.hr\/#website"},"primaryImageOfPage":{"@id":"https:\/\/likemetkovic.hr\/najava-dz-metkovic-poziva-na-sudjelovanje-u-radionicama-o-palijativnoj-skrbi\/#primaryimage"},"image":{"@id":"https:\/\/likemetkovic.hr\/najava-dz-metkovic-poziva-na-sudjelovanje-u-radionicama-o-palijativnoj-skrbi\/#primaryimage"},"thumbnailUrl":"https:\/\/likemetkovic.hr\/portal\/wp-content\/uploads\/2022\/04\/paliativna-skrb.jpg","datePublished":"2022-04-04T16:04:53+00:00","author":{"@id":"https:\/\/likemetkovic.hr\/#\/schema\/person\/a42711f3385a0e2be6f7e0443bfb28f0"},"breadcrumb":{"@id":"https:\/\/likemetkovic.hr\/najava-dz-metkovic-poziva-na-sudjelovanje-u-radionicama-o-palijativnoj-skrbi\/#breadcrumb"},"inLanguage":"hr","potentialAction":[{"@type":"ReadAction","target":["https:\/\/likemetkovic.hr\/najava-dz-metkovic-poziva-na-sudjelovanje-u-radionicama-o-palijativnoj-skrbi\/"]}]},{"@type":"ImageObject","inLanguage":"hr","@id":"https:\/\/likemetkovic.hr\/najava-dz-metkovic-poziva-na-sudjelovanje-u-radionicama-o-palijativnoj-skrbi\/#primaryimage","url":"https:\/\/likemetkovic.hr\/portal\/wp-content\/uploads\/2022\/04\/paliativna-skrb.jpg","contentUrl":"https:\/\/likemetkovic.hr\/portal\/wp-content\/uploads\/2022\/04\/paliativna-skrb.jpg","width":800,"height":600},{"@type":"BreadcrumbList","@id":"https:\/\/likemetkovic.hr\/najava-dz-metkovic-poziva-na-sudjelovanje-u-radionicama-o-palijativnoj-skrbi\/#breadcrumb","itemListElement":[{"@type":"ListItem","position":1,"name":"Po\u010detna stranica","item":"https:\/\/likemetkovic.hr\/portal\/"},{"@type":"ListItem","position":2,"name":"NAJAVA | DZ Metkovi\u0107 poziva na sudjelovanje u radionicama o palijativnoj skrbi"}]},{"@type":"WebSite","@id":"https:\/\/likemetkovic.hr\/#website","url":"https:\/\/likemetkovic.hr\/","name":"likemetkovic.hr","description":"Misli pozitivno... \u010ditaj LIKE","potentialAction":[{"@type":"SearchAction","target":{"@type":"EntryPoint","urlTemplate":"https:\/\/likemetkovic.hr\/?s={search_term_string}"},"query-input":{"@type":"PropertyValueSpecification","valueRequired":true,"valueName":"search_term_string"}}],"inLanguage":"hr"},{"@type":"Person","@id":"https:\/\/likemetkovic.hr\/#\/schema\/person\/a42711f3385a0e2be6f7e0443bfb28f0","name":"LIKEmetkovic.hr","sameAs":["http:\/\/likemetkovic.hr"],"url":"https:\/\/likemetkovic.hr\/portal\/author\/likemetkovic-hr\/"}]}},"_links":{"self":[{"href":"https:\/\/likemetkovic.hr\/portal\/wp-json\/wp\/v2\/posts\/129444","targetHints":{"allow":["GET"]}}],"collection":[{"href":"https:\/\/likemetkovic.hr\/portal\/wp-json\/wp\/v2\/posts"}],"about":[{"href":"https:\/\/likemetkovic.hr\/portal\/wp-json\/wp\/v2\/types\/post"}],"author":[{"embeddable":true,"href":"https:\/\/likemetkovic.hr\/portal\/wp-json\/wp\/v2\/users\/7"}],"replies":[{"embeddable":true,"href":"https:\/\/likemetkovic.hr\/portal\/wp-json\/wp\/v2\/comments?post=129444"}],"version-history":[{"count":1,"href":"https:\/\/likemetkovic.hr\/portal\/wp-json\/wp\/v2\/posts\/129444\/revisions"}],"predecessor-version":[{"id":129446,"href":"https:\/\/likemetkovic.hr\/portal\/wp-json\/wp\/v2\/posts\/129444\/revisions\/129446"}],"wp:featuredmedia":[{"embeddable":true,"href":"https:\/\/likemetkovic.hr\/portal\/wp-json\/wp\/v2\/media\/129445"}],"wp:attachment":[{"href":"https:\/\/likemetkovic.hr\/portal\/wp-json\/wp\/v2\/media?parent=129444"}],"wp:term":[{"taxonomy":"category","embeddable":true,"href":"https:\/\/likemetkovic.hr\/portal\/wp-json\/wp\/v2\/categories?post=129444"},{"taxonomy":"post_tag","embeddable":true,"href":"https:\/\/likemetkovic.hr\/portal\/wp-json\/wp\/v2\/tags?post=129444"}],"curies":[{"name":"wp","href":"https:\/\/api.w.org\/{rel}","templated":true}]}}