{"id":129506,"date":"2022-04-06T19:37:08","date_gmt":"2022-04-06T17:37:08","guid":{"rendered":"https:\/\/likemetkovic.hr\/?p=129506"},"modified":"2022-04-06T19:37:08","modified_gmt":"2022-04-06T17:37:08","slug":"obavijest-raspored-testiranja-i-sistematskih-pregleda-predskolaca-u-os-stjepana-radica","status":"publish","type":"post","link":"https:\/\/likemetkovic.hr\/portal\/obavijest-raspored-testiranja-i-sistematskih-pregleda-predskolaca-u-os-stjepana-radica\/","title":{"rendered":"OBAVIJEST! Raspored testiranja i sistematskih pregleda pred\u0161kolaca u O\u0160 Stjepana Radi\u0107a"},"content":{"rendered":"<p data-uw-styling-context=\"true\">Testiranja i sistematski pregledi pred\u0161kolaca za \u0161k. g. 2022.\/2023. u O\u0160 Stjepana Radi\u0107a odvijat \u0107e se prema sljede\u0107em rasporedu:<\/p>\n<ul data-uw-styling-context=\"true\">\n<li data-uw-styling-context=\"true\">Medicinsko-biokemijski laboratorij: 8. \u2013 25. travnja<\/li>\n<li data-uw-styling-context=\"true\">O\u0160 Stjepana Radi\u0107a: 25. travnja \u2013 6. svibnja 2022.<\/li>\n<li data-uw-styling-context=\"true\">\u0161kolski lije\u010dnik: 25. travnja \u2013 10. svibnja 2022.<\/li>\n<\/ul>\n<p data-uw-styling-context=\"true\">Detaljan raspored roditelji \u0107e dobiti na ku\u0107nu adresu.<\/p>\n<p data-uw-styling-context=\"true\">&#8211; <em>Molimo roditelje ukoliko su sprije\u010deni do\u0107i u navedenom terminu da se jave u \u0161kolu i\/ili \u0161kolskoj lije\u010dnici vezano za dogovor oko novog termina,<\/em> poru\u010dili su iz O\u0160 Stjepana Radi\u0107a Metkovi\u0107.<\/p>\n","protected":false},"excerpt":{"rendered":"<p>Testiranja i sistematski pregledi pred\u0161kolaca za \u0161k. g. 2022.\/2023. u O\u0160 Stjepana Radi\u0107a odvijat \u0107e se prema sljede\u0107em rasporedu: Medicinsko-biokemijski laboratorij: 8. \u2013 25. travnja O\u0160 Stjepana Radi\u0107a: 25. travnja \u2013 6. svibnja 2022. \u0161kolski lije\u010dnik: 25. travnja \u2013 10. svibnja 2022. Detaljan raspored roditelji \u0107e dobiti na ku\u0107nu adresu. &#8211; Molimo roditelje ukoliko su [&hellip;]<\/p>\n","protected":false},"author":7,"featured_media":122638,"comment_status":"open","ping_status":"open","sticky":false,"template":"","format":"standard","meta":{"footnotes":""},"categories":[296,166],"tags":[1255],"class_list":{"0":"post-129506","1":"post","2":"type-post","3":"status-publish","4":"format-standard","5":"has-post-thumbnail","7":"category-ab","8":"category-skolstvo","9":"tag-predskolci"},"yoast_head":"<!-- This site is optimized with the Yoast SEO plugin v25.2 - https:\/\/yoast.com\/wordpress\/plugins\/seo\/ -->\n<title>OBAVIJEST! Raspored testiranja i sistematskih pregleda pred\u0161kolaca u O\u0160 Stjepana Radi\u0107a - likemetkovic.hr<\/title>\n<meta name=\"robots\" content=\"index, follow, max-snippet:-1, max-image-preview:large, max-video-preview:-1\" \/>\n<link rel=\"canonical\" href=\"https:\/\/likemetkovic.hr\/obavijest-raspored-testiranja-i-sistematskih-pregleda-predskolaca-u-os-stjepana-radica\/\" \/>\n<meta property=\"og:locale\" content=\"hr_HR\" \/>\n<meta property=\"og:type\" content=\"article\" \/>\n<meta property=\"og:title\" content=\"OBAVIJEST! Raspored testiranja i sistematskih pregleda pred\u0161kolaca u O\u0160 Stjepana Radi\u0107a - likemetkovic.hr\" \/>\n<meta property=\"og:description\" content=\"Testiranja i sistematski pregledi pred\u0161kolaca za \u0161k. g. 2022.\/2023. u O\u0160 Stjepana Radi\u0107a odvijat \u0107e se prema sljede\u0107em rasporedu: Medicinsko-biokemijski laboratorij: 8. \u2013 25. travnja O\u0160 Stjepana Radi\u0107a: 25. travnja \u2013 6. svibnja 2022. \u0161kolski lije\u010dnik: 25. travnja \u2013 10. svibnja 2022. Detaljan raspored roditelji \u0107e dobiti na ku\u0107nu adresu. &#8211; Molimo roditelje ukoliko su [&hellip;]\" \/>\n<meta property=\"og:url\" content=\"https:\/\/likemetkovic.hr\/obavijest-raspored-testiranja-i-sistematskih-pregleda-predskolaca-u-os-stjepana-radica\/\" \/>\n<meta property=\"og:site_name\" content=\"likemetkovic.hr\" \/>\n<meta property=\"article:publisher\" content=\"https:\/\/www.facebook.com\/likemetkovic.hr\/\" \/>\n<meta property=\"article:published_time\" content=\"2022-04-06T17:37:08+00:00\" \/>\n<meta property=\"og:image\" content=\"https:\/\/likemetkovic.hr\/wp-content\/uploads\/2021\/09\/skola-zgrada-stjepana-radica.jpg\" \/>\n\t<meta property=\"og:image:width\" content=\"800\" \/>\n\t<meta property=\"og:image:height\" content=\"450\" \/>\n\t<meta property=\"og:image:type\" content=\"image\/jpeg\" \/>\n<meta name=\"author\" content=\"LIKEmetkovic.hr\" \/>\n<meta name=\"twitter:card\" content=\"summary_large_image\" \/>\n<meta name=\"twitter:label1\" content=\"Napisao\/la\" \/>\n\t<meta name=\"twitter:data1\" content=\"LIKEmetkovic.hr\" \/>\n\t<meta name=\"twitter:label2\" content=\"Procijenjeno vrijeme \u010ditanja\" \/>\n\t<meta name=\"twitter:data2\" content=\"1 minuta\" \/>\n<script type=\"application\/ld+json\" class=\"yoast-schema-graph\">{\"@context\":\"https:\/\/schema.org\",\"@graph\":[{\"@type\":\"WebPage\",\"@id\":\"https:\/\/likemetkovic.hr\/obavijest-raspored-testiranja-i-sistematskih-pregleda-predskolaca-u-os-stjepana-radica\/\",\"url\":\"https:\/\/likemetkovic.hr\/obavijest-raspored-testiranja-i-sistematskih-pregleda-predskolaca-u-os-stjepana-radica\/\",\"name\":\"OBAVIJEST! Raspored testiranja i sistematskih pregleda pred\u0161kolaca u O\u0160 Stjepana Radi\u0107a - likemetkovic.hr\",\"isPartOf\":{\"@id\":\"https:\/\/likemetkovic.hr\/#website\"},\"primaryImageOfPage\":{\"@id\":\"https:\/\/likemetkovic.hr\/obavijest-raspored-testiranja-i-sistematskih-pregleda-predskolaca-u-os-stjepana-radica\/#primaryimage\"},\"image\":{\"@id\":\"https:\/\/likemetkovic.hr\/obavijest-raspored-testiranja-i-sistematskih-pregleda-predskolaca-u-os-stjepana-radica\/#primaryimage\"},\"thumbnailUrl\":\"https:\/\/likemetkovic.hr\/portal\/wp-content\/uploads\/2021\/09\/skola-zgrada-stjepana-radica.jpg\",\"datePublished\":\"2022-04-06T17:37:08+00:00\",\"author\":{\"@id\":\"https:\/\/likemetkovic.hr\/#\/schema\/person\/a42711f3385a0e2be6f7e0443bfb28f0\"},\"breadcrumb\":{\"@id\":\"https:\/\/likemetkovic.hr\/obavijest-raspored-testiranja-i-sistematskih-pregleda-predskolaca-u-os-stjepana-radica\/#breadcrumb\"},\"inLanguage\":\"hr\",\"potentialAction\":[{\"@type\":\"ReadAction\",\"target\":[\"https:\/\/likemetkovic.hr\/obavijest-raspored-testiranja-i-sistematskih-pregleda-predskolaca-u-os-stjepana-radica\/\"]}]},{\"@type\":\"ImageObject\",\"inLanguage\":\"hr\",\"@id\":\"https:\/\/likemetkovic.hr\/obavijest-raspored-testiranja-i-sistematskih-pregleda-predskolaca-u-os-stjepana-radica\/#primaryimage\",\"url\":\"https:\/\/likemetkovic.hr\/portal\/wp-content\/uploads\/2021\/09\/skola-zgrada-stjepana-radica.jpg\",\"contentUrl\":\"https:\/\/likemetkovic.hr\/portal\/wp-content\/uploads\/2021\/09\/skola-zgrada-stjepana-radica.jpg\",\"width\":800,\"height\":450},{\"@type\":\"BreadcrumbList\",\"@id\":\"https:\/\/likemetkovic.hr\/obavijest-raspored-testiranja-i-sistematskih-pregleda-predskolaca-u-os-stjepana-radica\/#breadcrumb\",\"itemListElement\":[{\"@type\":\"ListItem\",\"position\":1,\"name\":\"Po\u010detna stranica\",\"item\":\"https:\/\/likemetkovic.hr\/portal\/\"},{\"@type\":\"ListItem\",\"position\":2,\"name\":\"OBAVIJEST! Raspored testiranja i sistematskih pregleda pred\u0161kolaca u O\u0160 Stjepana Radi\u0107a\"}]},{\"@type\":\"WebSite\",\"@id\":\"https:\/\/likemetkovic.hr\/#website\",\"url\":\"https:\/\/likemetkovic.hr\/\",\"name\":\"likemetkovic.hr\",\"description\":\"Misli pozitivno... \u010ditaj LIKE\",\"potentialAction\":[{\"@type\":\"SearchAction\",\"target\":{\"@type\":\"EntryPoint\",\"urlTemplate\":\"https:\/\/likemetkovic.hr\/?s={search_term_string}\"},\"query-input\":{\"@type\":\"PropertyValueSpecification\",\"valueRequired\":true,\"valueName\":\"search_term_string\"}}],\"inLanguage\":\"hr\"},{\"@type\":\"Person\",\"@id\":\"https:\/\/likemetkovic.hr\/#\/schema\/person\/a42711f3385a0e2be6f7e0443bfb28f0\",\"name\":\"LIKEmetkovic.hr\",\"sameAs\":[\"http:\/\/likemetkovic.hr\"],\"url\":\"https:\/\/likemetkovic.hr\/portal\/author\/likemetkovic-hr\/\"}]}<\/script>\n<!-- \/ Yoast SEO plugin. -->","yoast_head_json":{"title":"OBAVIJEST! Raspored testiranja i sistematskih pregleda pred\u0161kolaca u O\u0160 Stjepana Radi\u0107a - likemetkovic.hr","robots":{"index":"index","follow":"follow","max-snippet":"max-snippet:-1","max-image-preview":"max-image-preview:large","max-video-preview":"max-video-preview:-1"},"canonical":"https:\/\/likemetkovic.hr\/obavijest-raspored-testiranja-i-sistematskih-pregleda-predskolaca-u-os-stjepana-radica\/","og_locale":"hr_HR","og_type":"article","og_title":"OBAVIJEST! Raspored testiranja i sistematskih pregleda pred\u0161kolaca u O\u0160 Stjepana Radi\u0107a - likemetkovic.hr","og_description":"Testiranja i sistematski pregledi pred\u0161kolaca za \u0161k. g. 2022.\/2023. u O\u0160 Stjepana Radi\u0107a odvijat \u0107e se prema sljede\u0107em rasporedu: Medicinsko-biokemijski laboratorij: 8. \u2013 25. travnja O\u0160 Stjepana Radi\u0107a: 25. travnja \u2013 6. svibnja 2022. \u0161kolski lije\u010dnik: 25. travnja \u2013 10. svibnja 2022. Detaljan raspored roditelji \u0107e dobiti na ku\u0107nu adresu. &#8211; Molimo roditelje ukoliko su [&hellip;]","og_url":"https:\/\/likemetkovic.hr\/obavijest-raspored-testiranja-i-sistematskih-pregleda-predskolaca-u-os-stjepana-radica\/","og_site_name":"likemetkovic.hr","article_publisher":"https:\/\/www.facebook.com\/likemetkovic.hr\/","article_published_time":"2022-04-06T17:37:08+00:00","og_image":[{"width":800,"height":450,"url":"https:\/\/likemetkovic.hr\/wp-content\/uploads\/2021\/09\/skola-zgrada-stjepana-radica.jpg","type":"image\/jpeg"}],"author":"LIKEmetkovic.hr","twitter_card":"summary_large_image","twitter_misc":{"Napisao\/la":"LIKEmetkovic.hr","Procijenjeno vrijeme \u010ditanja":"1 minuta"},"schema":{"@context":"https:\/\/schema.org","@graph":[{"@type":"WebPage","@id":"https:\/\/likemetkovic.hr\/obavijest-raspored-testiranja-i-sistematskih-pregleda-predskolaca-u-os-stjepana-radica\/","url":"https:\/\/likemetkovic.hr\/obavijest-raspored-testiranja-i-sistematskih-pregleda-predskolaca-u-os-stjepana-radica\/","name":"OBAVIJEST! Raspored testiranja i sistematskih pregleda pred\u0161kolaca u O\u0160 Stjepana Radi\u0107a - likemetkovic.hr","isPartOf":{"@id":"https:\/\/likemetkovic.hr\/#website"},"primaryImageOfPage":{"@id":"https:\/\/likemetkovic.hr\/obavijest-raspored-testiranja-i-sistematskih-pregleda-predskolaca-u-os-stjepana-radica\/#primaryimage"},"image":{"@id":"https:\/\/likemetkovic.hr\/obavijest-raspored-testiranja-i-sistematskih-pregleda-predskolaca-u-os-stjepana-radica\/#primaryimage"},"thumbnailUrl":"https:\/\/likemetkovic.hr\/portal\/wp-content\/uploads\/2021\/09\/skola-zgrada-stjepana-radica.jpg","datePublished":"2022-04-06T17:37:08+00:00","author":{"@id":"https:\/\/likemetkovic.hr\/#\/schema\/person\/a42711f3385a0e2be6f7e0443bfb28f0"},"breadcrumb":{"@id":"https:\/\/likemetkovic.hr\/obavijest-raspored-testiranja-i-sistematskih-pregleda-predskolaca-u-os-stjepana-radica\/#breadcrumb"},"inLanguage":"hr","potentialAction":[{"@type":"ReadAction","target":["https:\/\/likemetkovic.hr\/obavijest-raspored-testiranja-i-sistematskih-pregleda-predskolaca-u-os-stjepana-radica\/"]}]},{"@type":"ImageObject","inLanguage":"hr","@id":"https:\/\/likemetkovic.hr\/obavijest-raspored-testiranja-i-sistematskih-pregleda-predskolaca-u-os-stjepana-radica\/#primaryimage","url":"https:\/\/likemetkovic.hr\/portal\/wp-content\/uploads\/2021\/09\/skola-zgrada-stjepana-radica.jpg","contentUrl":"https:\/\/likemetkovic.hr\/portal\/wp-content\/uploads\/2021\/09\/skola-zgrada-stjepana-radica.jpg","width":800,"height":450},{"@type":"BreadcrumbList","@id":"https:\/\/likemetkovic.hr\/obavijest-raspored-testiranja-i-sistematskih-pregleda-predskolaca-u-os-stjepana-radica\/#breadcrumb","itemListElement":[{"@type":"ListItem","position":1,"name":"Po\u010detna stranica","item":"https:\/\/likemetkovic.hr\/portal\/"},{"@type":"ListItem","position":2,"name":"OBAVIJEST! Raspored testiranja i sistematskih pregleda pred\u0161kolaca u O\u0160 Stjepana Radi\u0107a"}]},{"@type":"WebSite","@id":"https:\/\/likemetkovic.hr\/#website","url":"https:\/\/likemetkovic.hr\/","name":"likemetkovic.hr","description":"Misli pozitivno... \u010ditaj LIKE","potentialAction":[{"@type":"SearchAction","target":{"@type":"EntryPoint","urlTemplate":"https:\/\/likemetkovic.hr\/?s={search_term_string}"},"query-input":{"@type":"PropertyValueSpecification","valueRequired":true,"valueName":"search_term_string"}}],"inLanguage":"hr"},{"@type":"Person","@id":"https:\/\/likemetkovic.hr\/#\/schema\/person\/a42711f3385a0e2be6f7e0443bfb28f0","name":"LIKEmetkovic.hr","sameAs":["http:\/\/likemetkovic.hr"],"url":"https:\/\/likemetkovic.hr\/portal\/author\/likemetkovic-hr\/"}]}},"_links":{"self":[{"href":"https:\/\/likemetkovic.hr\/portal\/wp-json\/wp\/v2\/posts\/129506","targetHints":{"allow":["GET"]}}],"collection":[{"href":"https:\/\/likemetkovic.hr\/portal\/wp-json\/wp\/v2\/posts"}],"about":[{"href":"https:\/\/likemetkovic.hr\/portal\/wp-json\/wp\/v2\/types\/post"}],"author":[{"embeddable":true,"href":"https:\/\/likemetkovic.hr\/portal\/wp-json\/wp\/v2\/users\/7"}],"replies":[{"embeddable":true,"href":"https:\/\/likemetkovic.hr\/portal\/wp-json\/wp\/v2\/comments?post=129506"}],"version-history":[{"count":1,"href":"https:\/\/likemetkovic.hr\/portal\/wp-json\/wp\/v2\/posts\/129506\/revisions"}],"predecessor-version":[{"id":129507,"href":"https:\/\/likemetkovic.hr\/portal\/wp-json\/wp\/v2\/posts\/129506\/revisions\/129507"}],"wp:featuredmedia":[{"embeddable":true,"href":"https:\/\/likemetkovic.hr\/portal\/wp-json\/wp\/v2\/media\/122638"}],"wp:attachment":[{"href":"https:\/\/likemetkovic.hr\/portal\/wp-json\/wp\/v2\/media?parent=129506"}],"wp:term":[{"taxonomy":"category","embeddable":true,"href":"https:\/\/likemetkovic.hr\/portal\/wp-json\/wp\/v2\/categories?post=129506"},{"taxonomy":"post_tag","embeddable":true,"href":"https:\/\/likemetkovic.hr\/portal\/wp-json\/wp\/v2\/tags?post=129506"}],"curies":[{"name":"wp","href":"https:\/\/api.w.org\/{rel}","templated":true}]}}