{"id":129544,"date":"2022-04-08T09:58:17","date_gmt":"2022-04-08T07:58:17","guid":{"rendered":"https:\/\/likemetkovic.hr\/?p=129544"},"modified":"2022-04-08T09:58:17","modified_gmt":"2022-04-08T07:58:17","slug":"obavijest-o-preventivnoj-deratizaciji-na-podrucju-metkovica-2","status":"publish","type":"post","link":"https:\/\/likemetkovic.hr\/portal\/obavijest-o-preventivnoj-deratizaciji-na-podrucju-metkovica-2\/","title":{"rendered":"OBAVIJEST o preventivnoj deratizaciji na podru\u010dju Metkovi\u0107a"},"content":{"rendered":"<p>U razdoblju od 11.04. do 15.04.2022.g. poduze\u0107e Pomorski servis-Luka Plo\u010de d.o.o. provesti \u0107e preventivnu \u00a0deratizaciju (uni\u0161tavanje \u0161tetnih glodavaca) kao posebnu mjeru sprje\u010davanja pojave zaraznih bolesti na podru\u010dju Grada Metkovi\u0107a, izlaganjem mamaca crvene boje i plave boje. Tijekom provedbe odraditi \u0107e se i zajedni\u010dki prostori stambenih zgrada SZP koji imaju potrebu za provedu deratizaciju i odazovu se ovoj akciji. U slu\u010daju nepovoljnih vremenskih uvjeta akcija se odga\u0111a za broj nepovoljnih dana.<\/p>\n<p>Za uspjeh akcije va\u017ena je i va\u0161a suradnja stoga Vas molimo:<\/p>\n<ul>\n<li>odstranite iz podruma i okoli\u0161a otpad koji bi mogao poslu\u017eiti kao hrana ili skrovi\u0161te za glodavce<\/li>\n<li>omogu\u0107ite na\u0161im djelatnicima slobodan i nesmetan pristup u objekte i dvori\u0161ta<\/li>\n<li>onemogu\u0107ite djeci,neodgovornim osobama i doma\u0107im \u017eivotinjama pristup mamcima<\/li>\n<li>ne dirajte i ne premje\u0161tajte zatrovane mamce<\/li>\n<li>u slu\u010daju gutanja izlo\u017eenih mamaca obvezno se javiti nadle\u017enoj zdravstvenoj slu\u017ebi<\/li>\n<li>Antidot-protuotrov je vitamin k1<\/li>\n<\/ul>\n<p>Sve informacije o provedbi deratizacije mogu se dobiti na brojeve mob.:<\/p>\n<p><strong>091\/603-1708, \u00a0091\/603-1704<\/strong><\/p>\n<p>Tijekom provedbe deratizacije biti \u0107e odra\u0111ene zajedni\u010dke prostorije (podrumi) stambenih zgrada koje su se odazvale ovoj akciji i to u terminima ulica kojima pripadaju.<\/p>\n<p>Svojim odgovornim pona\u0161anjem mo\u017eemo zna\u010dajno pomo\u0107i smanjivanju populacije \u0161tetnih glodavaca a to nam je zajedni\u010dki cilj.<\/p>\n<p><strong>TERMINI PROVEDBE:<\/strong><\/p>\n<p><strong>11.04.2022<\/strong><\/p>\n<p><strong>Ulice:<\/strong> Jerkova\u010dka, Mile\u017eevac, Kneza Trpimira, Zagreba\u010dka, Eugena Kvaternika, Alojzija Stepinca,\u00a0Jadranska, Put Narone, Matije Gupca , Zrinskih i Frankopana, Nikole Tesle, Neretvanskih gusara, Norinska, Sv. \u0106irila i Metoda, Kneza Branimira, Mlinska, Industrijska, Vrgora\u010dka, Hercegova\u010dka, Marka Maruli\u0107a, S.S. Kranj\u010devi\u0107a i zajedni\u010dke prostorije stambenih objekata SZP koje pripadaju navedenim ulicama.<\/p>\n<p><strong>12.04.2022<\/strong><\/p>\n<p><strong>Ulice : <\/strong>Petra Kre\u0161imira IV, Jasline, Jeovci, Ljudevita Gaja, Ive Lole Ribara, Lovre Mati\u0107a, A.K. Mio\u0161i\u0107a, Bo\u010dina, Mobine, Petra Zorani\u0107a, Ilije Bo\u0161njaka, Don Mihovila Pavlinovi\u0107a, Slatine, Jakova Gotovca, Molizanskih hrvata, Sv. Franje Asi\u0161kog, Dubrova\u010dka ulica, Veletr\u017enica i zajedni\u010dke prostorije stambenih zgrada SZP koje pripadaju navedenim ulicama.<\/p>\n<p><strong>13.04.2022<\/strong><\/p>\n<p><strong>Ulice: <\/strong>Oca A. Gabri\u0107a, Tina Ujevi\u0107a, A. Gustava Mato\u0161a, Vladimira \u00a0Nazora, Petra Sva\u010di\u0107a,\u00a0Makarska, Skale I-IX, Ora\u0161ina, Put ka\u0161tela, Lova\u010dki put, Petra Preradovi\u0107a, Omi\u0161ka, Pa\u0161ka Baburice, Fra Stanka Petrova, Put pe\u0107ine i Gradsko groblje, te zajedni\u010dki prostori stambenih zgrada SZP koje pripadaju navedenim ulicama.<\/p>\n<p><strong>14.04.2022<\/strong><\/p>\n<p><strong>Ulice: <\/strong>Kralja\u00a0 Zvonimira, Ante Star\u010devi\u0107a, Matice hrvatske, Ivana\u00a0 Gunduli\u0107a, Stjepana Radi\u0107a, Hrvatskih iseljenika, Don Radovana Jerkovi\u0107a, Sportska, Splitska, Ivana Ma\u017eurani\u0107a, Kneza Domagoja, Trg Franje Tu\u0111mana, Trg bana Jela\u010di\u0107a, Trg kralja Tomislava, Gradska tr\u017enica, zajedni\u010dki prostori stambenih zgrada SZP koje pripadaju navedenim ulicama.<\/p>\n<p><strong>15.04.2022<\/strong><\/p>\n<p>Sustav za odvodnju otpadnih voda.<\/p>\n","protected":false},"excerpt":{"rendered":"<p>U razdoblju od 11.04. do 15.04.2022.g. poduze\u0107e Pomorski servis-Luka Plo\u010de d.o.o. provesti \u0107e preventivnu \u00a0deratizaciju (uni\u0161tavanje \u0161tetnih glodavaca) kao posebnu mjeru sprje\u010davanja pojave zaraznih bolesti na podru\u010dju Grada Metkovi\u0107a, izlaganjem mamaca crvene boje i plave boje. Tijekom provedbe odraditi \u0107e se i zajedni\u010dki prostori stambenih zgrada SZP koji imaju potrebu za provedu deratizaciju i odazovu [&hellip;]<\/p>\n","protected":false},"author":7,"featured_media":68224,"comment_status":"open","ping_status":"open","sticky":false,"template":"","format":"standard","meta":{"footnotes":""},"categories":[283,11],"tags":[1553],"class_list":{"0":"post-129544","1":"post","2":"type-post","3":"status-publish","4":"format-standard","5":"has-post-thumbnail","7":"category-a","8":"category-metkovic-dolina","9":"tag-deratizacija"},"yoast_head":"<!-- This site is optimized with the Yoast SEO plugin v25.2 - https:\/\/yoast.com\/wordpress\/plugins\/seo\/ -->\n<title>OBAVIJEST o preventivnoj deratizaciji na podru\u010dju Metkovi\u0107a - likemetkovic.hr<\/title>\n<meta name=\"robots\" content=\"index, follow, max-snippet:-1, max-image-preview:large, max-video-preview:-1\" \/>\n<link rel=\"canonical\" href=\"https:\/\/likemetkovic.hr\/obavijest-o-preventivnoj-deratizaciji-na-podrucju-metkovica-2\/\" \/>\n<meta property=\"og:locale\" content=\"hr_HR\" \/>\n<meta property=\"og:type\" content=\"article\" \/>\n<meta property=\"og:title\" content=\"OBAVIJEST o preventivnoj deratizaciji na podru\u010dju Metkovi\u0107a - likemetkovic.hr\" \/>\n<meta property=\"og:description\" content=\"U razdoblju od 11.04. do 15.04.2022.g. poduze\u0107e Pomorski servis-Luka Plo\u010de d.o.o. provesti \u0107e preventivnu \u00a0deratizaciju (uni\u0161tavanje \u0161tetnih glodavaca) kao posebnu mjeru sprje\u010davanja pojave zaraznih bolesti na podru\u010dju Grada Metkovi\u0107a, izlaganjem mamaca crvene boje i plave boje. Tijekom provedbe odraditi \u0107e se i zajedni\u010dki prostori stambenih zgrada SZP koji imaju potrebu za provedu deratizaciju i odazovu [&hellip;]\" \/>\n<meta property=\"og:url\" content=\"https:\/\/likemetkovic.hr\/obavijest-o-preventivnoj-deratizaciji-na-podrucju-metkovica-2\/\" \/>\n<meta property=\"og:site_name\" content=\"likemetkovic.hr\" \/>\n<meta property=\"article:publisher\" content=\"https:\/\/www.facebook.com\/likemetkovic.hr\/\" \/>\n<meta property=\"article:published_time\" content=\"2022-04-08T07:58:17+00:00\" \/>\n<meta property=\"og:image\" content=\"https:\/\/likemetkovic.hr\/wp-content\/uploads\/2018\/09\/deratizacija.jpg\" \/>\n\t<meta property=\"og:image:width\" content=\"800\" \/>\n\t<meta property=\"og:image:height\" content=\"600\" \/>\n\t<meta property=\"og:image:type\" content=\"image\/jpeg\" \/>\n<meta name=\"author\" content=\"LIKEmetkovic.hr\" \/>\n<meta name=\"twitter:card\" content=\"summary_large_image\" \/>\n<meta name=\"twitter:label1\" content=\"Napisao\/la\" \/>\n\t<meta name=\"twitter:data1\" content=\"LIKEmetkovic.hr\" \/>\n\t<meta name=\"twitter:label2\" content=\"Procijenjeno vrijeme \u010ditanja\" \/>\n\t<meta name=\"twitter:data2\" content=\"2 minute\" \/>\n<script type=\"application\/ld+json\" class=\"yoast-schema-graph\">{\"@context\":\"https:\/\/schema.org\",\"@graph\":[{\"@type\":\"WebPage\",\"@id\":\"https:\/\/likemetkovic.hr\/obavijest-o-preventivnoj-deratizaciji-na-podrucju-metkovica-2\/\",\"url\":\"https:\/\/likemetkovic.hr\/obavijest-o-preventivnoj-deratizaciji-na-podrucju-metkovica-2\/\",\"name\":\"OBAVIJEST o preventivnoj deratizaciji na podru\u010dju Metkovi\u0107a - likemetkovic.hr\",\"isPartOf\":{\"@id\":\"https:\/\/likemetkovic.hr\/#website\"},\"primaryImageOfPage\":{\"@id\":\"https:\/\/likemetkovic.hr\/obavijest-o-preventivnoj-deratizaciji-na-podrucju-metkovica-2\/#primaryimage\"},\"image\":{\"@id\":\"https:\/\/likemetkovic.hr\/obavijest-o-preventivnoj-deratizaciji-na-podrucju-metkovica-2\/#primaryimage\"},\"thumbnailUrl\":\"https:\/\/likemetkovic.hr\/portal\/wp-content\/uploads\/2018\/09\/deratizacija.jpg\",\"datePublished\":\"2022-04-08T07:58:17+00:00\",\"author\":{\"@id\":\"https:\/\/likemetkovic.hr\/#\/schema\/person\/a42711f3385a0e2be6f7e0443bfb28f0\"},\"breadcrumb\":{\"@id\":\"https:\/\/likemetkovic.hr\/obavijest-o-preventivnoj-deratizaciji-na-podrucju-metkovica-2\/#breadcrumb\"},\"inLanguage\":\"hr\",\"potentialAction\":[{\"@type\":\"ReadAction\",\"target\":[\"https:\/\/likemetkovic.hr\/obavijest-o-preventivnoj-deratizaciji-na-podrucju-metkovica-2\/\"]}]},{\"@type\":\"ImageObject\",\"inLanguage\":\"hr\",\"@id\":\"https:\/\/likemetkovic.hr\/obavijest-o-preventivnoj-deratizaciji-na-podrucju-metkovica-2\/#primaryimage\",\"url\":\"https:\/\/likemetkovic.hr\/portal\/wp-content\/uploads\/2018\/09\/deratizacija.jpg\",\"contentUrl\":\"https:\/\/likemetkovic.hr\/portal\/wp-content\/uploads\/2018\/09\/deratizacija.jpg\",\"width\":800,\"height\":600},{\"@type\":\"BreadcrumbList\",\"@id\":\"https:\/\/likemetkovic.hr\/obavijest-o-preventivnoj-deratizaciji-na-podrucju-metkovica-2\/#breadcrumb\",\"itemListElement\":[{\"@type\":\"ListItem\",\"position\":1,\"name\":\"Po\u010detna stranica\",\"item\":\"https:\/\/likemetkovic.hr\/portal\/\"},{\"@type\":\"ListItem\",\"position\":2,\"name\":\"OBAVIJEST o preventivnoj deratizaciji na podru\u010dju Metkovi\u0107a\"}]},{\"@type\":\"WebSite\",\"@id\":\"https:\/\/likemetkovic.hr\/#website\",\"url\":\"https:\/\/likemetkovic.hr\/\",\"name\":\"likemetkovic.hr\",\"description\":\"Misli pozitivno... \u010ditaj LIKE\",\"potentialAction\":[{\"@type\":\"SearchAction\",\"target\":{\"@type\":\"EntryPoint\",\"urlTemplate\":\"https:\/\/likemetkovic.hr\/?s={search_term_string}\"},\"query-input\":{\"@type\":\"PropertyValueSpecification\",\"valueRequired\":true,\"valueName\":\"search_term_string\"}}],\"inLanguage\":\"hr\"},{\"@type\":\"Person\",\"@id\":\"https:\/\/likemetkovic.hr\/#\/schema\/person\/a42711f3385a0e2be6f7e0443bfb28f0\",\"name\":\"LIKEmetkovic.hr\",\"sameAs\":[\"http:\/\/likemetkovic.hr\"],\"url\":\"https:\/\/likemetkovic.hr\/portal\/author\/likemetkovic-hr\/\"}]}<\/script>\n<!-- \/ Yoast SEO plugin. -->","yoast_head_json":{"title":"OBAVIJEST o preventivnoj deratizaciji na podru\u010dju Metkovi\u0107a - likemetkovic.hr","robots":{"index":"index","follow":"follow","max-snippet":"max-snippet:-1","max-image-preview":"max-image-preview:large","max-video-preview":"max-video-preview:-1"},"canonical":"https:\/\/likemetkovic.hr\/obavijest-o-preventivnoj-deratizaciji-na-podrucju-metkovica-2\/","og_locale":"hr_HR","og_type":"article","og_title":"OBAVIJEST o preventivnoj deratizaciji na podru\u010dju Metkovi\u0107a - likemetkovic.hr","og_description":"U razdoblju od 11.04. do 15.04.2022.g. poduze\u0107e Pomorski servis-Luka Plo\u010de d.o.o. provesti \u0107e preventivnu \u00a0deratizaciju (uni\u0161tavanje \u0161tetnih glodavaca) kao posebnu mjeru sprje\u010davanja pojave zaraznih bolesti na podru\u010dju Grada Metkovi\u0107a, izlaganjem mamaca crvene boje i plave boje. Tijekom provedbe odraditi \u0107e se i zajedni\u010dki prostori stambenih zgrada SZP koji imaju potrebu za provedu deratizaciju i odazovu [&hellip;]","og_url":"https:\/\/likemetkovic.hr\/obavijest-o-preventivnoj-deratizaciji-na-podrucju-metkovica-2\/","og_site_name":"likemetkovic.hr","article_publisher":"https:\/\/www.facebook.com\/likemetkovic.hr\/","article_published_time":"2022-04-08T07:58:17+00:00","og_image":[{"width":800,"height":600,"url":"https:\/\/likemetkovic.hr\/wp-content\/uploads\/2018\/09\/deratizacija.jpg","type":"image\/jpeg"}],"author":"LIKEmetkovic.hr","twitter_card":"summary_large_image","twitter_misc":{"Napisao\/la":"LIKEmetkovic.hr","Procijenjeno vrijeme \u010ditanja":"2 minute"},"schema":{"@context":"https:\/\/schema.org","@graph":[{"@type":"WebPage","@id":"https:\/\/likemetkovic.hr\/obavijest-o-preventivnoj-deratizaciji-na-podrucju-metkovica-2\/","url":"https:\/\/likemetkovic.hr\/obavijest-o-preventivnoj-deratizaciji-na-podrucju-metkovica-2\/","name":"OBAVIJEST o preventivnoj deratizaciji na podru\u010dju Metkovi\u0107a - likemetkovic.hr","isPartOf":{"@id":"https:\/\/likemetkovic.hr\/#website"},"primaryImageOfPage":{"@id":"https:\/\/likemetkovic.hr\/obavijest-o-preventivnoj-deratizaciji-na-podrucju-metkovica-2\/#primaryimage"},"image":{"@id":"https:\/\/likemetkovic.hr\/obavijest-o-preventivnoj-deratizaciji-na-podrucju-metkovica-2\/#primaryimage"},"thumbnailUrl":"https:\/\/likemetkovic.hr\/portal\/wp-content\/uploads\/2018\/09\/deratizacija.jpg","datePublished":"2022-04-08T07:58:17+00:00","author":{"@id":"https:\/\/likemetkovic.hr\/#\/schema\/person\/a42711f3385a0e2be6f7e0443bfb28f0"},"breadcrumb":{"@id":"https:\/\/likemetkovic.hr\/obavijest-o-preventivnoj-deratizaciji-na-podrucju-metkovica-2\/#breadcrumb"},"inLanguage":"hr","potentialAction":[{"@type":"ReadAction","target":["https:\/\/likemetkovic.hr\/obavijest-o-preventivnoj-deratizaciji-na-podrucju-metkovica-2\/"]}]},{"@type":"ImageObject","inLanguage":"hr","@id":"https:\/\/likemetkovic.hr\/obavijest-o-preventivnoj-deratizaciji-na-podrucju-metkovica-2\/#primaryimage","url":"https:\/\/likemetkovic.hr\/portal\/wp-content\/uploads\/2018\/09\/deratizacija.jpg","contentUrl":"https:\/\/likemetkovic.hr\/portal\/wp-content\/uploads\/2018\/09\/deratizacija.jpg","width":800,"height":600},{"@type":"BreadcrumbList","@id":"https:\/\/likemetkovic.hr\/obavijest-o-preventivnoj-deratizaciji-na-podrucju-metkovica-2\/#breadcrumb","itemListElement":[{"@type":"ListItem","position":1,"name":"Po\u010detna stranica","item":"https:\/\/likemetkovic.hr\/portal\/"},{"@type":"ListItem","position":2,"name":"OBAVIJEST o preventivnoj deratizaciji na podru\u010dju Metkovi\u0107a"}]},{"@type":"WebSite","@id":"https:\/\/likemetkovic.hr\/#website","url":"https:\/\/likemetkovic.hr\/","name":"likemetkovic.hr","description":"Misli pozitivno... \u010ditaj LIKE","potentialAction":[{"@type":"SearchAction","target":{"@type":"EntryPoint","urlTemplate":"https:\/\/likemetkovic.hr\/?s={search_term_string}"},"query-input":{"@type":"PropertyValueSpecification","valueRequired":true,"valueName":"search_term_string"}}],"inLanguage":"hr"},{"@type":"Person","@id":"https:\/\/likemetkovic.hr\/#\/schema\/person\/a42711f3385a0e2be6f7e0443bfb28f0","name":"LIKEmetkovic.hr","sameAs":["http:\/\/likemetkovic.hr"],"url":"https:\/\/likemetkovic.hr\/portal\/author\/likemetkovic-hr\/"}]}},"_links":{"self":[{"href":"https:\/\/likemetkovic.hr\/portal\/wp-json\/wp\/v2\/posts\/129544","targetHints":{"allow":["GET"]}}],"collection":[{"href":"https:\/\/likemetkovic.hr\/portal\/wp-json\/wp\/v2\/posts"}],"about":[{"href":"https:\/\/likemetkovic.hr\/portal\/wp-json\/wp\/v2\/types\/post"}],"author":[{"embeddable":true,"href":"https:\/\/likemetkovic.hr\/portal\/wp-json\/wp\/v2\/users\/7"}],"replies":[{"embeddable":true,"href":"https:\/\/likemetkovic.hr\/portal\/wp-json\/wp\/v2\/comments?post=129544"}],"version-history":[{"count":1,"href":"https:\/\/likemetkovic.hr\/portal\/wp-json\/wp\/v2\/posts\/129544\/revisions"}],"predecessor-version":[{"id":129545,"href":"https:\/\/likemetkovic.hr\/portal\/wp-json\/wp\/v2\/posts\/129544\/revisions\/129545"}],"wp:featuredmedia":[{"embeddable":true,"href":"https:\/\/likemetkovic.hr\/portal\/wp-json\/wp\/v2\/media\/68224"}],"wp:attachment":[{"href":"https:\/\/likemetkovic.hr\/portal\/wp-json\/wp\/v2\/media?parent=129544"}],"wp:term":[{"taxonomy":"category","embeddable":true,"href":"https:\/\/likemetkovic.hr\/portal\/wp-json\/wp\/v2\/categories?post=129544"},{"taxonomy":"post_tag","embeddable":true,"href":"https:\/\/likemetkovic.hr\/portal\/wp-json\/wp\/v2\/tags?post=129544"}],"curies":[{"name":"wp","href":"https:\/\/api.w.org\/{rel}","templated":true}]}}