{"id":129919,"date":"2022-04-15T09:21:35","date_gmt":"2022-04-15T07:21:35","guid":{"rendered":"https:\/\/likemetkovic.hr\/?p=129919"},"modified":"2022-04-15T09:21:59","modified_gmt":"2022-04-15T07:21:59","slug":"obavijest-zbog-procesije-velikog-petka-nemojte-parkirati-vozila-u-sljedecim-ulicama","status":"publish","type":"post","link":"https:\/\/likemetkovic.hr\/portal\/obavijest-zbog-procesije-velikog-petka-nemojte-parkirati-vozila-u-sljedecim-ulicama\/","title":{"rendered":"OBAVIJEST! Zbog procesije na Veliki petak nemojte parkirati vozila u sljede\u0107im ulicama&#8230;"},"content":{"rendered":"<p>Mole se vlasnici vozila u gradu Metkovi\u0107u koji svoja vozila parkiraju <strong>u ulicama Vladimira Nazora, Pa\u0161ke Baburice, Oca Ante Gabri\u0107a i Ante Star\u010devi\u0107a (od Trga do starog kina)<\/strong> da dana <strong>15. travnja 2022. godine<\/strong> za vrijeme <strong>procesije na Veliki petak<\/strong> u vremenu <strong>od 17 do 22 sata<\/strong> ne ostavljaju svoja vozila u gore navedenim ulicama radi nesmetanog i dostojanstvenog prolaska <strong>procesije iz crkve Svetog Ilije<\/strong>.<\/p>\n<p>Tako\u0111er molimo vlasnike vozila u gradu Metkovi\u0107u koji svoja vozila parkiraju u ulicama <strong>Zagreba\u010dka<\/strong> (od kri\u017eanja sa Ulicom Alojzija Stepinca do kri\u017eanja sa ulicom Put Narone), <strong>Put Narone<\/strong> (od trafostanice do Dodiga), <strong>Zrinskih i Frankopana <\/strong>(od Dodiga do kri\u017eanja sa ulicom Alojzija Stepinca) i u <strong>ulici Alojzija Stepinca<\/strong>, da dana <strong>15. travnja 2022. godine<\/strong> za vrijeme <strong>procesije na Veliki petak<\/strong>, ne ostavljaju svoja vozila u gore navedenim ulicama radi nesmetanog i dostojanstvenog prolaska <strong>procesije iz crkve Svetog Nikole<\/strong>.<\/p>\n<p>Za vrijeme procesija u gore navedenim ulicama uspostaviti \u0107e se privremena regulacija prometa.<\/p>\n","protected":false},"excerpt":{"rendered":"<p>Mole se vlasnici vozila u gradu Metkovi\u0107u koji svoja vozila parkiraju u ulicama Vladimira Nazora, Pa\u0161ke Baburice, Oca Ante Gabri\u0107a i Ante Star\u010devi\u0107a (od Trga do starog kina) da dana 15. travnja 2022. godine za vrijeme procesije na Veliki petak u vremenu od 17 do 22 sata ne ostavljaju svoja vozila u gore navedenim ulicama [&hellip;]<\/p>\n","protected":false},"author":7,"featured_media":79641,"comment_status":"open","ping_status":"open","sticky":false,"template":"","format":"standard","meta":{"footnotes":""},"categories":[283,11],"tags":[625,626],"class_list":{"0":"post-129919","1":"post","2":"type-post","3":"status-publish","4":"format-standard","5":"has-post-thumbnail","7":"category-a","8":"category-metkovic-dolina","9":"tag-procesija","10":"tag-veliki-petak"},"yoast_head":"<!-- This site is optimized with the Yoast SEO plugin v25.2 - https:\/\/yoast.com\/wordpress\/plugins\/seo\/ -->\n<title>OBAVIJEST! Zbog procesije na Veliki petak nemojte parkirati vozila u sljede\u0107im ulicama... - likemetkovic.hr<\/title>\n<meta name=\"robots\" content=\"index, follow, max-snippet:-1, max-image-preview:large, max-video-preview:-1\" \/>\n<link rel=\"canonical\" href=\"https:\/\/likemetkovic.hr\/obavijest-zbog-procesije-velikog-petka-nemojte-parkirati-vozila-u-sljedecim-ulicama\/\" \/>\n<meta property=\"og:locale\" content=\"hr_HR\" \/>\n<meta property=\"og:type\" content=\"article\" \/>\n<meta property=\"og:title\" content=\"OBAVIJEST! Zbog procesije na Veliki petak nemojte parkirati vozila u sljede\u0107im ulicama... - likemetkovic.hr\" \/>\n<meta property=\"og:description\" content=\"Mole se vlasnici vozila u gradu Metkovi\u0107u koji svoja vozila parkiraju u ulicama Vladimira Nazora, Pa\u0161ke Baburice, Oca Ante Gabri\u0107a i Ante Star\u010devi\u0107a (od Trga do starog kina) da dana 15. travnja 2022. godine za vrijeme procesije na Veliki petak u vremenu od 17 do 22 sata ne ostavljaju svoja vozila u gore navedenim ulicama [&hellip;]\" \/>\n<meta property=\"og:url\" content=\"https:\/\/likemetkovic.hr\/obavijest-zbog-procesije-velikog-petka-nemojte-parkirati-vozila-u-sljedecim-ulicama\/\" \/>\n<meta property=\"og:site_name\" content=\"likemetkovic.hr\" \/>\n<meta property=\"article:publisher\" content=\"https:\/\/www.facebook.com\/likemetkovic.hr\/\" \/>\n<meta property=\"article:published_time\" content=\"2022-04-15T07:21:35+00:00\" \/>\n<meta property=\"article:modified_time\" content=\"2022-04-15T07:21:59+00:00\" \/>\n<meta property=\"og:image\" content=\"https:\/\/likemetkovic.hr\/wp-content\/uploads\/2019\/04\/veliki-petak-2019-012.jpg\" \/>\n\t<meta property=\"og:image:width\" content=\"800\" \/>\n\t<meta property=\"og:image:height\" content=\"533\" \/>\n\t<meta property=\"og:image:type\" content=\"image\/jpeg\" \/>\n<meta name=\"author\" content=\"LIKEmetkovic.hr\" \/>\n<meta name=\"twitter:card\" content=\"summary_large_image\" \/>\n<meta name=\"twitter:label1\" content=\"Napisao\/la\" \/>\n\t<meta name=\"twitter:data1\" content=\"LIKEmetkovic.hr\" \/>\n\t<meta name=\"twitter:label2\" content=\"Procijenjeno vrijeme \u010ditanja\" \/>\n\t<meta name=\"twitter:data2\" content=\"1 minuta\" \/>\n<script type=\"application\/ld+json\" class=\"yoast-schema-graph\">{\"@context\":\"https:\/\/schema.org\",\"@graph\":[{\"@type\":\"WebPage\",\"@id\":\"https:\/\/likemetkovic.hr\/obavijest-zbog-procesije-velikog-petka-nemojte-parkirati-vozila-u-sljedecim-ulicama\/\",\"url\":\"https:\/\/likemetkovic.hr\/obavijest-zbog-procesije-velikog-petka-nemojte-parkirati-vozila-u-sljedecim-ulicama\/\",\"name\":\"OBAVIJEST! Zbog procesije na Veliki petak nemojte parkirati vozila u sljede\u0107im ulicama... - likemetkovic.hr\",\"isPartOf\":{\"@id\":\"https:\/\/likemetkovic.hr\/#website\"},\"primaryImageOfPage\":{\"@id\":\"https:\/\/likemetkovic.hr\/obavijest-zbog-procesije-velikog-petka-nemojte-parkirati-vozila-u-sljedecim-ulicama\/#primaryimage\"},\"image\":{\"@id\":\"https:\/\/likemetkovic.hr\/obavijest-zbog-procesije-velikog-petka-nemojte-parkirati-vozila-u-sljedecim-ulicama\/#primaryimage\"},\"thumbnailUrl\":\"https:\/\/likemetkovic.hr\/portal\/wp-content\/uploads\/2019\/04\/veliki-petak-2019-012.jpg\",\"datePublished\":\"2022-04-15T07:21:35+00:00\",\"dateModified\":\"2022-04-15T07:21:59+00:00\",\"author\":{\"@id\":\"https:\/\/likemetkovic.hr\/#\/schema\/person\/a42711f3385a0e2be6f7e0443bfb28f0\"},\"breadcrumb\":{\"@id\":\"https:\/\/likemetkovic.hr\/obavijest-zbog-procesije-velikog-petka-nemojte-parkirati-vozila-u-sljedecim-ulicama\/#breadcrumb\"},\"inLanguage\":\"hr\",\"potentialAction\":[{\"@type\":\"ReadAction\",\"target\":[\"https:\/\/likemetkovic.hr\/obavijest-zbog-procesije-velikog-petka-nemojte-parkirati-vozila-u-sljedecim-ulicama\/\"]}]},{\"@type\":\"ImageObject\",\"inLanguage\":\"hr\",\"@id\":\"https:\/\/likemetkovic.hr\/obavijest-zbog-procesije-velikog-petka-nemojte-parkirati-vozila-u-sljedecim-ulicama\/#primaryimage\",\"url\":\"https:\/\/likemetkovic.hr\/portal\/wp-content\/uploads\/2019\/04\/veliki-petak-2019-012.jpg\",\"contentUrl\":\"https:\/\/likemetkovic.hr\/portal\/wp-content\/uploads\/2019\/04\/veliki-petak-2019-012.jpg\",\"width\":800,\"height\":533},{\"@type\":\"BreadcrumbList\",\"@id\":\"https:\/\/likemetkovic.hr\/obavijest-zbog-procesije-velikog-petka-nemojte-parkirati-vozila-u-sljedecim-ulicama\/#breadcrumb\",\"itemListElement\":[{\"@type\":\"ListItem\",\"position\":1,\"name\":\"Po\u010detna stranica\",\"item\":\"https:\/\/likemetkovic.hr\/portal\/\"},{\"@type\":\"ListItem\",\"position\":2,\"name\":\"OBAVIJEST! Zbog procesije na Veliki petak nemojte parkirati vozila u sljede\u0107im ulicama&#8230;\"}]},{\"@type\":\"WebSite\",\"@id\":\"https:\/\/likemetkovic.hr\/#website\",\"url\":\"https:\/\/likemetkovic.hr\/\",\"name\":\"likemetkovic.hr\",\"description\":\"Misli pozitivno... \u010ditaj LIKE\",\"potentialAction\":[{\"@type\":\"SearchAction\",\"target\":{\"@type\":\"EntryPoint\",\"urlTemplate\":\"https:\/\/likemetkovic.hr\/?s={search_term_string}\"},\"query-input\":{\"@type\":\"PropertyValueSpecification\",\"valueRequired\":true,\"valueName\":\"search_term_string\"}}],\"inLanguage\":\"hr\"},{\"@type\":\"Person\",\"@id\":\"https:\/\/likemetkovic.hr\/#\/schema\/person\/a42711f3385a0e2be6f7e0443bfb28f0\",\"name\":\"LIKEmetkovic.hr\",\"sameAs\":[\"http:\/\/likemetkovic.hr\"],\"url\":\"https:\/\/likemetkovic.hr\/portal\/author\/likemetkovic-hr\/\"}]}<\/script>\n<!-- \/ Yoast SEO plugin. -->","yoast_head_json":{"title":"OBAVIJEST! Zbog procesije na Veliki petak nemojte parkirati vozila u sljede\u0107im ulicama... - likemetkovic.hr","robots":{"index":"index","follow":"follow","max-snippet":"max-snippet:-1","max-image-preview":"max-image-preview:large","max-video-preview":"max-video-preview:-1"},"canonical":"https:\/\/likemetkovic.hr\/obavijest-zbog-procesije-velikog-petka-nemojte-parkirati-vozila-u-sljedecim-ulicama\/","og_locale":"hr_HR","og_type":"article","og_title":"OBAVIJEST! Zbog procesije na Veliki petak nemojte parkirati vozila u sljede\u0107im ulicama... - likemetkovic.hr","og_description":"Mole se vlasnici vozila u gradu Metkovi\u0107u koji svoja vozila parkiraju u ulicama Vladimira Nazora, Pa\u0161ke Baburice, Oca Ante Gabri\u0107a i Ante Star\u010devi\u0107a (od Trga do starog kina) da dana 15. travnja 2022. godine za vrijeme procesije na Veliki petak u vremenu od 17 do 22 sata ne ostavljaju svoja vozila u gore navedenim ulicama [&hellip;]","og_url":"https:\/\/likemetkovic.hr\/obavijest-zbog-procesije-velikog-petka-nemojte-parkirati-vozila-u-sljedecim-ulicama\/","og_site_name":"likemetkovic.hr","article_publisher":"https:\/\/www.facebook.com\/likemetkovic.hr\/","article_published_time":"2022-04-15T07:21:35+00:00","article_modified_time":"2022-04-15T07:21:59+00:00","og_image":[{"width":800,"height":533,"url":"https:\/\/likemetkovic.hr\/wp-content\/uploads\/2019\/04\/veliki-petak-2019-012.jpg","type":"image\/jpeg"}],"author":"LIKEmetkovic.hr","twitter_card":"summary_large_image","twitter_misc":{"Napisao\/la":"LIKEmetkovic.hr","Procijenjeno vrijeme \u010ditanja":"1 minuta"},"schema":{"@context":"https:\/\/schema.org","@graph":[{"@type":"WebPage","@id":"https:\/\/likemetkovic.hr\/obavijest-zbog-procesije-velikog-petka-nemojte-parkirati-vozila-u-sljedecim-ulicama\/","url":"https:\/\/likemetkovic.hr\/obavijest-zbog-procesije-velikog-petka-nemojte-parkirati-vozila-u-sljedecim-ulicama\/","name":"OBAVIJEST! Zbog procesije na Veliki petak nemojte parkirati vozila u sljede\u0107im ulicama... - likemetkovic.hr","isPartOf":{"@id":"https:\/\/likemetkovic.hr\/#website"},"primaryImageOfPage":{"@id":"https:\/\/likemetkovic.hr\/obavijest-zbog-procesije-velikog-petka-nemojte-parkirati-vozila-u-sljedecim-ulicama\/#primaryimage"},"image":{"@id":"https:\/\/likemetkovic.hr\/obavijest-zbog-procesije-velikog-petka-nemojte-parkirati-vozila-u-sljedecim-ulicama\/#primaryimage"},"thumbnailUrl":"https:\/\/likemetkovic.hr\/portal\/wp-content\/uploads\/2019\/04\/veliki-petak-2019-012.jpg","datePublished":"2022-04-15T07:21:35+00:00","dateModified":"2022-04-15T07:21:59+00:00","author":{"@id":"https:\/\/likemetkovic.hr\/#\/schema\/person\/a42711f3385a0e2be6f7e0443bfb28f0"},"breadcrumb":{"@id":"https:\/\/likemetkovic.hr\/obavijest-zbog-procesije-velikog-petka-nemojte-parkirati-vozila-u-sljedecim-ulicama\/#breadcrumb"},"inLanguage":"hr","potentialAction":[{"@type":"ReadAction","target":["https:\/\/likemetkovic.hr\/obavijest-zbog-procesije-velikog-petka-nemojte-parkirati-vozila-u-sljedecim-ulicama\/"]}]},{"@type":"ImageObject","inLanguage":"hr","@id":"https:\/\/likemetkovic.hr\/obavijest-zbog-procesije-velikog-petka-nemojte-parkirati-vozila-u-sljedecim-ulicama\/#primaryimage","url":"https:\/\/likemetkovic.hr\/portal\/wp-content\/uploads\/2019\/04\/veliki-petak-2019-012.jpg","contentUrl":"https:\/\/likemetkovic.hr\/portal\/wp-content\/uploads\/2019\/04\/veliki-petak-2019-012.jpg","width":800,"height":533},{"@type":"BreadcrumbList","@id":"https:\/\/likemetkovic.hr\/obavijest-zbog-procesije-velikog-petka-nemojte-parkirati-vozila-u-sljedecim-ulicama\/#breadcrumb","itemListElement":[{"@type":"ListItem","position":1,"name":"Po\u010detna stranica","item":"https:\/\/likemetkovic.hr\/portal\/"},{"@type":"ListItem","position":2,"name":"OBAVIJEST! Zbog procesije na Veliki petak nemojte parkirati vozila u sljede\u0107im ulicama&#8230;"}]},{"@type":"WebSite","@id":"https:\/\/likemetkovic.hr\/#website","url":"https:\/\/likemetkovic.hr\/","name":"likemetkovic.hr","description":"Misli pozitivno... \u010ditaj LIKE","potentialAction":[{"@type":"SearchAction","target":{"@type":"EntryPoint","urlTemplate":"https:\/\/likemetkovic.hr\/?s={search_term_string}"},"query-input":{"@type":"PropertyValueSpecification","valueRequired":true,"valueName":"search_term_string"}}],"inLanguage":"hr"},{"@type":"Person","@id":"https:\/\/likemetkovic.hr\/#\/schema\/person\/a42711f3385a0e2be6f7e0443bfb28f0","name":"LIKEmetkovic.hr","sameAs":["http:\/\/likemetkovic.hr"],"url":"https:\/\/likemetkovic.hr\/portal\/author\/likemetkovic-hr\/"}]}},"_links":{"self":[{"href":"https:\/\/likemetkovic.hr\/portal\/wp-json\/wp\/v2\/posts\/129919","targetHints":{"allow":["GET"]}}],"collection":[{"href":"https:\/\/likemetkovic.hr\/portal\/wp-json\/wp\/v2\/posts"}],"about":[{"href":"https:\/\/likemetkovic.hr\/portal\/wp-json\/wp\/v2\/types\/post"}],"author":[{"embeddable":true,"href":"https:\/\/likemetkovic.hr\/portal\/wp-json\/wp\/v2\/users\/7"}],"replies":[{"embeddable":true,"href":"https:\/\/likemetkovic.hr\/portal\/wp-json\/wp\/v2\/comments?post=129919"}],"version-history":[{"count":2,"href":"https:\/\/likemetkovic.hr\/portal\/wp-json\/wp\/v2\/posts\/129919\/revisions"}],"predecessor-version":[{"id":129921,"href":"https:\/\/likemetkovic.hr\/portal\/wp-json\/wp\/v2\/posts\/129919\/revisions\/129921"}],"wp:featuredmedia":[{"embeddable":true,"href":"https:\/\/likemetkovic.hr\/portal\/wp-json\/wp\/v2\/media\/79641"}],"wp:attachment":[{"href":"https:\/\/likemetkovic.hr\/portal\/wp-json\/wp\/v2\/media?parent=129919"}],"wp:term":[{"taxonomy":"category","embeddable":true,"href":"https:\/\/likemetkovic.hr\/portal\/wp-json\/wp\/v2\/categories?post=129919"},{"taxonomy":"post_tag","embeddable":true,"href":"https:\/\/likemetkovic.hr\/portal\/wp-json\/wp\/v2\/tags?post=129919"}],"curies":[{"name":"wp","href":"https:\/\/api.w.org\/{rel}","templated":true}]}}