{"id":130013,"date":"2022-04-17T12:31:32","date_gmt":"2022-04-17T10:31:32","guid":{"rendered":"https:\/\/likemetkovic.hr\/?p=130013"},"modified":"2022-04-17T12:31:32","modified_gmt":"2022-04-17T10:31:32","slug":"gradonacelnik-dalibor-milan-uputio-uskrsnu-cestitku-2","status":"publish","type":"post","link":"https:\/\/likemetkovic.hr\/portal\/gradonacelnik-dalibor-milan-uputio-uskrsnu-cestitku-2\/","title":{"rendered":"Gradona\u010delnik Dalibor Milan uputio uskrsnu \u010destitku"},"content":{"rendered":"<p data-uw-styling-context=\"true\">Gradona\u010delnik Dalibor Milan, zajedno sa zamjenikom Robertom Dokom i predsjednikom Gradskoga vije\u0107a Grada Metkovi\u0107a Hrvojem Bebi\u0107em, uputio je uskrsnu \u010destitku:<\/p>\n<p data-uw-styling-context=\"true\"><em>Drage Metkovke i Metkovci,<\/em><\/p>\n<p data-uw-styling-context=\"true\"><em>Pred nama je Uskrs \u2013 najve\u0107i kr\u0161\u0107anski blagdan. Veliki tjedan te blagdan Uskrsa pokazuju nam da \u017eivot sa sobom donosi dobro i lo\u0161e. Ali, istovremeno, podsje\u0107aju nas kako vjera, nada, me\u0111usobna povezanost i po\u0161tovanje, kao istinske \u017eivotne vrijednosti, uvijek omogu\u0107avaju da dobro nadja\u010da sve ono \u0161to je lo\u0161e.<\/em><\/p>\n<p data-uw-styling-context=\"true\"><em>Neka nam simbolika Uskrsa bude vje\u010dni podsjetnik da svakodnevno te\u017eimo zajedni\u010dkom dobru, miru, me\u0111usobnom po\u0161tovanju i povezanosti jer je to jedini pravi put kojim trebamo kora\u010dati te kojim zajedno stvaramo bolji i ljep\u0161i grad.<\/em><\/p>\n<p data-uw-styling-context=\"true\"><em>Od srca vam \u017eelimo sretan i blagoslovljen Uskrs. Provedite ga ispunjena srca, u miru i radosti te najva\u017enije \u2013 s va\u0161im obiteljima i prijateljima.<\/em><\/p>\n","protected":false},"excerpt":{"rendered":"<p>Gradona\u010delnik Dalibor Milan, zajedno sa zamjenikom Robertom Dokom i predsjednikom Gradskoga vije\u0107a Grada Metkovi\u0107a Hrvojem Bebi\u0107em, uputio je uskrsnu \u010destitku: Drage Metkovke i Metkovci, Pred nama je Uskrs \u2013 najve\u0107i kr\u0161\u0107anski blagdan. Veliki tjedan te blagdan Uskrsa pokazuju nam da \u017eivot sa sobom donosi dobro i lo\u0161e. Ali, istovremeno, podsje\u0107aju nas kako vjera, nada, me\u0111usobna [&hellip;]<\/p>\n","protected":false},"author":7,"featured_media":79133,"comment_status":"open","ping_status":"open","sticky":false,"template":"","format":"standard","meta":{"footnotes":""},"categories":[296,11],"tags":[414,2851],"class_list":{"0":"post-130013","1":"post","2":"type-post","3":"status-publish","4":"format-standard","5":"has-post-thumbnail","7":"category-ab","8":"category-metkovic-dolina","9":"tag-dalibor-milan","10":"tag-uskrsna-cestitka"},"yoast_head":"<!-- This site is optimized with the Yoast SEO plugin v25.2 - https:\/\/yoast.com\/wordpress\/plugins\/seo\/ -->\n<title>Gradona\u010delnik Dalibor Milan uputio uskrsnu \u010destitku - likemetkovic.hr<\/title>\n<meta name=\"robots\" content=\"index, follow, max-snippet:-1, max-image-preview:large, max-video-preview:-1\" \/>\n<link rel=\"canonical\" href=\"https:\/\/likemetkovic.hr\/gradonacelnik-dalibor-milan-uputio-uskrsnu-cestitku-2\/\" \/>\n<meta property=\"og:locale\" content=\"hr_HR\" \/>\n<meta property=\"og:type\" content=\"article\" \/>\n<meta property=\"og:title\" content=\"Gradona\u010delnik Dalibor Milan uputio uskrsnu \u010destitku - likemetkovic.hr\" \/>\n<meta property=\"og:description\" content=\"Gradona\u010delnik Dalibor Milan, zajedno sa zamjenikom Robertom Dokom i predsjednikom Gradskoga vije\u0107a Grada Metkovi\u0107a Hrvojem Bebi\u0107em, uputio je uskrsnu \u010destitku: Drage Metkovke i Metkovci, Pred nama je Uskrs \u2013 najve\u0107i kr\u0161\u0107anski blagdan. Veliki tjedan te blagdan Uskrsa pokazuju nam da \u017eivot sa sobom donosi dobro i lo\u0161e. Ali, istovremeno, podsje\u0107aju nas kako vjera, nada, me\u0111usobna [&hellip;]\" \/>\n<meta property=\"og:url\" content=\"https:\/\/likemetkovic.hr\/gradonacelnik-dalibor-milan-uputio-uskrsnu-cestitku-2\/\" \/>\n<meta property=\"og:site_name\" content=\"likemetkovic.hr\" \/>\n<meta property=\"article:publisher\" content=\"https:\/\/www.facebook.com\/likemetkovic.hr\/\" \/>\n<meta property=\"article:published_time\" content=\"2022-04-17T10:31:32+00:00\" \/>\n<meta property=\"og:image\" content=\"https:\/\/likemetkovic.hr\/wp-content\/uploads\/2019\/04\/velike-pisanice-radionica-park-1.jpg\" \/>\n\t<meta property=\"og:image:width\" content=\"800\" \/>\n\t<meta property=\"og:image:height\" content=\"533\" \/>\n\t<meta property=\"og:image:type\" content=\"image\/jpeg\" \/>\n<meta name=\"author\" content=\"LIKEmetkovic.hr\" \/>\n<meta name=\"twitter:card\" content=\"summary_large_image\" \/>\n<meta name=\"twitter:label1\" content=\"Napisao\/la\" \/>\n\t<meta name=\"twitter:data1\" content=\"LIKEmetkovic.hr\" \/>\n\t<meta name=\"twitter:label2\" content=\"Procijenjeno vrijeme \u010ditanja\" \/>\n\t<meta name=\"twitter:data2\" content=\"1 minuta\" \/>\n<script type=\"application\/ld+json\" class=\"yoast-schema-graph\">{\"@context\":\"https:\/\/schema.org\",\"@graph\":[{\"@type\":\"WebPage\",\"@id\":\"https:\/\/likemetkovic.hr\/gradonacelnik-dalibor-milan-uputio-uskrsnu-cestitku-2\/\",\"url\":\"https:\/\/likemetkovic.hr\/gradonacelnik-dalibor-milan-uputio-uskrsnu-cestitku-2\/\",\"name\":\"Gradona\u010delnik Dalibor Milan uputio uskrsnu \u010destitku - likemetkovic.hr\",\"isPartOf\":{\"@id\":\"https:\/\/likemetkovic.hr\/#website\"},\"primaryImageOfPage\":{\"@id\":\"https:\/\/likemetkovic.hr\/gradonacelnik-dalibor-milan-uputio-uskrsnu-cestitku-2\/#primaryimage\"},\"image\":{\"@id\":\"https:\/\/likemetkovic.hr\/gradonacelnik-dalibor-milan-uputio-uskrsnu-cestitku-2\/#primaryimage\"},\"thumbnailUrl\":\"https:\/\/likemetkovic.hr\/portal\/wp-content\/uploads\/2019\/04\/velike-pisanice-radionica-park-1.jpg\",\"datePublished\":\"2022-04-17T10:31:32+00:00\",\"author\":{\"@id\":\"https:\/\/likemetkovic.hr\/#\/schema\/person\/a42711f3385a0e2be6f7e0443bfb28f0\"},\"breadcrumb\":{\"@id\":\"https:\/\/likemetkovic.hr\/gradonacelnik-dalibor-milan-uputio-uskrsnu-cestitku-2\/#breadcrumb\"},\"inLanguage\":\"hr\",\"potentialAction\":[{\"@type\":\"ReadAction\",\"target\":[\"https:\/\/likemetkovic.hr\/gradonacelnik-dalibor-milan-uputio-uskrsnu-cestitku-2\/\"]}]},{\"@type\":\"ImageObject\",\"inLanguage\":\"hr\",\"@id\":\"https:\/\/likemetkovic.hr\/gradonacelnik-dalibor-milan-uputio-uskrsnu-cestitku-2\/#primaryimage\",\"url\":\"https:\/\/likemetkovic.hr\/portal\/wp-content\/uploads\/2019\/04\/velike-pisanice-radionica-park-1.jpg\",\"contentUrl\":\"https:\/\/likemetkovic.hr\/portal\/wp-content\/uploads\/2019\/04\/velike-pisanice-radionica-park-1.jpg\",\"width\":800,\"height\":533},{\"@type\":\"BreadcrumbList\",\"@id\":\"https:\/\/likemetkovic.hr\/gradonacelnik-dalibor-milan-uputio-uskrsnu-cestitku-2\/#breadcrumb\",\"itemListElement\":[{\"@type\":\"ListItem\",\"position\":1,\"name\":\"Po\u010detna stranica\",\"item\":\"https:\/\/likemetkovic.hr\/portal\/\"},{\"@type\":\"ListItem\",\"position\":2,\"name\":\"Gradona\u010delnik Dalibor Milan uputio uskrsnu \u010destitku\"}]},{\"@type\":\"WebSite\",\"@id\":\"https:\/\/likemetkovic.hr\/#website\",\"url\":\"https:\/\/likemetkovic.hr\/\",\"name\":\"likemetkovic.hr\",\"description\":\"Misli pozitivno... \u010ditaj LIKE\",\"potentialAction\":[{\"@type\":\"SearchAction\",\"target\":{\"@type\":\"EntryPoint\",\"urlTemplate\":\"https:\/\/likemetkovic.hr\/?s={search_term_string}\"},\"query-input\":{\"@type\":\"PropertyValueSpecification\",\"valueRequired\":true,\"valueName\":\"search_term_string\"}}],\"inLanguage\":\"hr\"},{\"@type\":\"Person\",\"@id\":\"https:\/\/likemetkovic.hr\/#\/schema\/person\/a42711f3385a0e2be6f7e0443bfb28f0\",\"name\":\"LIKEmetkovic.hr\",\"sameAs\":[\"http:\/\/likemetkovic.hr\"],\"url\":\"https:\/\/likemetkovic.hr\/portal\/author\/likemetkovic-hr\/\"}]}<\/script>\n<!-- \/ Yoast SEO plugin. -->","yoast_head_json":{"title":"Gradona\u010delnik Dalibor Milan uputio uskrsnu \u010destitku - likemetkovic.hr","robots":{"index":"index","follow":"follow","max-snippet":"max-snippet:-1","max-image-preview":"max-image-preview:large","max-video-preview":"max-video-preview:-1"},"canonical":"https:\/\/likemetkovic.hr\/gradonacelnik-dalibor-milan-uputio-uskrsnu-cestitku-2\/","og_locale":"hr_HR","og_type":"article","og_title":"Gradona\u010delnik Dalibor Milan uputio uskrsnu \u010destitku - likemetkovic.hr","og_description":"Gradona\u010delnik Dalibor Milan, zajedno sa zamjenikom Robertom Dokom i predsjednikom Gradskoga vije\u0107a Grada Metkovi\u0107a Hrvojem Bebi\u0107em, uputio je uskrsnu \u010destitku: Drage Metkovke i Metkovci, Pred nama je Uskrs \u2013 najve\u0107i kr\u0161\u0107anski blagdan. Veliki tjedan te blagdan Uskrsa pokazuju nam da \u017eivot sa sobom donosi dobro i lo\u0161e. Ali, istovremeno, podsje\u0107aju nas kako vjera, nada, me\u0111usobna [&hellip;]","og_url":"https:\/\/likemetkovic.hr\/gradonacelnik-dalibor-milan-uputio-uskrsnu-cestitku-2\/","og_site_name":"likemetkovic.hr","article_publisher":"https:\/\/www.facebook.com\/likemetkovic.hr\/","article_published_time":"2022-04-17T10:31:32+00:00","og_image":[{"width":800,"height":533,"url":"https:\/\/likemetkovic.hr\/wp-content\/uploads\/2019\/04\/velike-pisanice-radionica-park-1.jpg","type":"image\/jpeg"}],"author":"LIKEmetkovic.hr","twitter_card":"summary_large_image","twitter_misc":{"Napisao\/la":"LIKEmetkovic.hr","Procijenjeno vrijeme \u010ditanja":"1 minuta"},"schema":{"@context":"https:\/\/schema.org","@graph":[{"@type":"WebPage","@id":"https:\/\/likemetkovic.hr\/gradonacelnik-dalibor-milan-uputio-uskrsnu-cestitku-2\/","url":"https:\/\/likemetkovic.hr\/gradonacelnik-dalibor-milan-uputio-uskrsnu-cestitku-2\/","name":"Gradona\u010delnik Dalibor Milan uputio uskrsnu \u010destitku - likemetkovic.hr","isPartOf":{"@id":"https:\/\/likemetkovic.hr\/#website"},"primaryImageOfPage":{"@id":"https:\/\/likemetkovic.hr\/gradonacelnik-dalibor-milan-uputio-uskrsnu-cestitku-2\/#primaryimage"},"image":{"@id":"https:\/\/likemetkovic.hr\/gradonacelnik-dalibor-milan-uputio-uskrsnu-cestitku-2\/#primaryimage"},"thumbnailUrl":"https:\/\/likemetkovic.hr\/portal\/wp-content\/uploads\/2019\/04\/velike-pisanice-radionica-park-1.jpg","datePublished":"2022-04-17T10:31:32+00:00","author":{"@id":"https:\/\/likemetkovic.hr\/#\/schema\/person\/a42711f3385a0e2be6f7e0443bfb28f0"},"breadcrumb":{"@id":"https:\/\/likemetkovic.hr\/gradonacelnik-dalibor-milan-uputio-uskrsnu-cestitku-2\/#breadcrumb"},"inLanguage":"hr","potentialAction":[{"@type":"ReadAction","target":["https:\/\/likemetkovic.hr\/gradonacelnik-dalibor-milan-uputio-uskrsnu-cestitku-2\/"]}]},{"@type":"ImageObject","inLanguage":"hr","@id":"https:\/\/likemetkovic.hr\/gradonacelnik-dalibor-milan-uputio-uskrsnu-cestitku-2\/#primaryimage","url":"https:\/\/likemetkovic.hr\/portal\/wp-content\/uploads\/2019\/04\/velike-pisanice-radionica-park-1.jpg","contentUrl":"https:\/\/likemetkovic.hr\/portal\/wp-content\/uploads\/2019\/04\/velike-pisanice-radionica-park-1.jpg","width":800,"height":533},{"@type":"BreadcrumbList","@id":"https:\/\/likemetkovic.hr\/gradonacelnik-dalibor-milan-uputio-uskrsnu-cestitku-2\/#breadcrumb","itemListElement":[{"@type":"ListItem","position":1,"name":"Po\u010detna stranica","item":"https:\/\/likemetkovic.hr\/portal\/"},{"@type":"ListItem","position":2,"name":"Gradona\u010delnik Dalibor Milan uputio uskrsnu \u010destitku"}]},{"@type":"WebSite","@id":"https:\/\/likemetkovic.hr\/#website","url":"https:\/\/likemetkovic.hr\/","name":"likemetkovic.hr","description":"Misli pozitivno... \u010ditaj LIKE","potentialAction":[{"@type":"SearchAction","target":{"@type":"EntryPoint","urlTemplate":"https:\/\/likemetkovic.hr\/?s={search_term_string}"},"query-input":{"@type":"PropertyValueSpecification","valueRequired":true,"valueName":"search_term_string"}}],"inLanguage":"hr"},{"@type":"Person","@id":"https:\/\/likemetkovic.hr\/#\/schema\/person\/a42711f3385a0e2be6f7e0443bfb28f0","name":"LIKEmetkovic.hr","sameAs":["http:\/\/likemetkovic.hr"],"url":"https:\/\/likemetkovic.hr\/portal\/author\/likemetkovic-hr\/"}]}},"_links":{"self":[{"href":"https:\/\/likemetkovic.hr\/portal\/wp-json\/wp\/v2\/posts\/130013","targetHints":{"allow":["GET"]}}],"collection":[{"href":"https:\/\/likemetkovic.hr\/portal\/wp-json\/wp\/v2\/posts"}],"about":[{"href":"https:\/\/likemetkovic.hr\/portal\/wp-json\/wp\/v2\/types\/post"}],"author":[{"embeddable":true,"href":"https:\/\/likemetkovic.hr\/portal\/wp-json\/wp\/v2\/users\/7"}],"replies":[{"embeddable":true,"href":"https:\/\/likemetkovic.hr\/portal\/wp-json\/wp\/v2\/comments?post=130013"}],"version-history":[{"count":1,"href":"https:\/\/likemetkovic.hr\/portal\/wp-json\/wp\/v2\/posts\/130013\/revisions"}],"predecessor-version":[{"id":130014,"href":"https:\/\/likemetkovic.hr\/portal\/wp-json\/wp\/v2\/posts\/130013\/revisions\/130014"}],"wp:featuredmedia":[{"embeddable":true,"href":"https:\/\/likemetkovic.hr\/portal\/wp-json\/wp\/v2\/media\/79133"}],"wp:attachment":[{"href":"https:\/\/likemetkovic.hr\/portal\/wp-json\/wp\/v2\/media?parent=130013"}],"wp:term":[{"taxonomy":"category","embeddable":true,"href":"https:\/\/likemetkovic.hr\/portal\/wp-json\/wp\/v2\/categories?post=130013"},{"taxonomy":"post_tag","embeddable":true,"href":"https:\/\/likemetkovic.hr\/portal\/wp-json\/wp\/v2\/tags?post=130013"}],"curies":[{"name":"wp","href":"https:\/\/api.w.org\/{rel}","templated":true}]}}