{"id":130151,"date":"2022-04-22T19:54:21","date_gmt":"2022-04-22T17:54:21","guid":{"rendered":"https:\/\/likemetkovic.hr\/?p=130151"},"modified":"2022-04-22T19:54:21","modified_gmt":"2022-04-22T17:54:21","slug":"trecasi-iz-os-don-mihovila-pavlinovica-obiljezili-dan-planeta-zemlje","status":"publish","type":"post","link":"https:\/\/likemetkovic.hr\/portal\/trecasi-iz-os-don-mihovila-pavlinovica-obiljezili-dan-planeta-zemlje\/","title":{"rendered":"Tre\u0107a\u0161i iz O\u0160 don Mihovila Pavlinovi\u0107a obilje\u017eili Dan planeta Zemlje"},"content":{"rendered":"<p data-uw-styling-context=\"true\">Danas se obilje\u017eava me\u0111unarodni Dan planeta Zemlje, a u Hrvatskoj se to \u010dini ve\u0107 52. godinu zaredom.<\/p>\n<p data-uw-styling-context=\"true\">U O\u0160 don Mihovila Pavlinovi\u0107a su u\u010denici 3. b razreda i njihova u\u010diteljica Katica Vladimir obilje\u017eili ovaj Dan tematskim satima na kojima se osvje\u0161tavala va\u017enost \u010duvanja okoli\u0161a: pisali su eko poruke, \u010ditali pri\u010de i pisali sastavke. Posebno su bile zanimljive likovne radionice na kojima su u\u010denici izra\u0111ivali slike cvije\u0107a koriste\u0107i prirodne materijale, bojali su kamenje i drvene podloge.<\/p>\n<p data-uw-styling-context=\"true\"><img decoding=\"async\" class=\"alignnone size-full wp-image-130152\" src=\"https:\/\/likemetkovic.hr\/wp-content\/uploads\/2022\/04\/OS-don-Mihovila-Pavlinovica-Dan-Zemlje.jpg\" alt=\"\" width=\"800\" height=\"499\" srcset=\"https:\/\/likemetkovic.hr\/portal\/wp-content\/uploads\/2022\/04\/OS-don-Mihovila-Pavlinovica-Dan-Zemlje.jpg 800w, https:\/\/likemetkovic.hr\/portal\/wp-content\/uploads\/2022\/04\/OS-don-Mihovila-Pavlinovica-Dan-Zemlje-768x479.jpg 768w, https:\/\/likemetkovic.hr\/portal\/wp-content\/uploads\/2022\/04\/OS-don-Mihovila-Pavlinovica-Dan-Zemlje-696x434.jpg 696w, https:\/\/likemetkovic.hr\/portal\/wp-content\/uploads\/2022\/04\/OS-don-Mihovila-Pavlinovica-Dan-Zemlje-673x420.jpg 673w\" sizes=\"(max-width: 800px) 100vw, 800px\" \/><\/p>\n<p data-uw-styling-context=\"true\">U\u010denici su uspje\u0161no i aktivno sudjelovali u tematskim radionicama kojima je glavni cilj bio podizanje ekolo\u0161ke svijesti, ali i kreativno stvarala\u0161tvo i zajedni\u010dki rad.<\/p>\n<p data-uw-styling-context=\"true\"><img decoding=\"async\" class=\"alignnone size-full wp-image-130154\" src=\"https:\/\/likemetkovic.hr\/wp-content\/uploads\/2022\/04\/OS-don-Mihovila-Pavlinovica-Dan-Zemlje2022.jpg\" alt=\"\" width=\"700\" height=\"490\" srcset=\"https:\/\/likemetkovic.hr\/portal\/wp-content\/uploads\/2022\/04\/OS-don-Mihovila-Pavlinovica-Dan-Zemlje2022.jpg 700w, https:\/\/likemetkovic.hr\/portal\/wp-content\/uploads\/2022\/04\/OS-don-Mihovila-Pavlinovica-Dan-Zemlje2022-696x487.jpg 696w, https:\/\/likemetkovic.hr\/portal\/wp-content\/uploads\/2022\/04\/OS-don-Mihovila-Pavlinovica-Dan-Zemlje2022-600x420.jpg 600w, https:\/\/likemetkovic.hr\/portal\/wp-content\/uploads\/2022\/04\/OS-don-Mihovila-Pavlinovica-Dan-Zemlje2022-100x70.jpg 100w\" sizes=\"(max-width: 700px) 100vw, 700px\" \/><\/p>\n<p data-uw-styling-context=\"true\">Fotografije radionica u\u010denika i izlo\u017eba svih njihovih likovnih radova mo\u017ee se pogledati na mre\u017enoj stranici <a href=\"http:\/\/os-mpavlinovica-metkovic.skole.hr\/?news_hk=1&amp;news_id=1883&amp;mshow=290#mod_news\" data-uw-styling-context=\"true\">O\u0160 don M. Pavlinovi\u0107a.<\/a><\/p>\n","protected":false},"excerpt":{"rendered":"<p>Danas se obilje\u017eava me\u0111unarodni Dan planeta Zemlje, a u Hrvatskoj se to \u010dini ve\u0107 52. godinu zaredom. U O\u0160 don Mihovila Pavlinovi\u0107a su u\u010denici 3. b razreda i njihova u\u010diteljica Katica Vladimir obilje\u017eili ovaj Dan tematskim satima na kojima se osvje\u0161tavala va\u017enost \u010duvanja okoli\u0161a: pisali su eko poruke, \u010ditali pri\u010de i pisali sastavke. Posebno su [&hellip;]<\/p>\n","protected":false},"author":7,"featured_media":130152,"comment_status":"open","ping_status":"open","sticky":false,"template":"","format":"standard","meta":{"footnotes":""},"categories":[296,166],"tags":[2977,3191],"class_list":{"0":"post-130151","1":"post","2":"type-post","3":"status-publish","4":"format-standard","5":"has-post-thumbnail","7":"category-ab","8":"category-skolstvo","9":"tag-dan-planeta-zemlje","10":"tag-os-don-mihovila-pavlinovica-metkovic"},"yoast_head":"<!-- This site is optimized with the Yoast SEO plugin v25.2 - https:\/\/yoast.com\/wordpress\/plugins\/seo\/ -->\n<title>Tre\u0107a\u0161i iz O\u0160 don Mihovila Pavlinovi\u0107a obilje\u017eili Dan planeta Zemlje - likemetkovic.hr<\/title>\n<meta name=\"robots\" content=\"index, follow, max-snippet:-1, max-image-preview:large, max-video-preview:-1\" \/>\n<link rel=\"canonical\" href=\"https:\/\/likemetkovic.hr\/trecasi-iz-os-don-mihovila-pavlinovica-obiljezili-dan-planeta-zemlje\/\" \/>\n<meta property=\"og:locale\" content=\"hr_HR\" \/>\n<meta property=\"og:type\" content=\"article\" \/>\n<meta property=\"og:title\" content=\"Tre\u0107a\u0161i iz O\u0160 don Mihovila Pavlinovi\u0107a obilje\u017eili Dan planeta Zemlje - likemetkovic.hr\" \/>\n<meta property=\"og:description\" content=\"Danas se obilje\u017eava me\u0111unarodni Dan planeta Zemlje, a u Hrvatskoj se to \u010dini ve\u0107 52. godinu zaredom. U O\u0160 don Mihovila Pavlinovi\u0107a su u\u010denici 3. b razreda i njihova u\u010diteljica Katica Vladimir obilje\u017eili ovaj Dan tematskim satima na kojima se osvje\u0161tavala va\u017enost \u010duvanja okoli\u0161a: pisali su eko poruke, \u010ditali pri\u010de i pisali sastavke. Posebno su [&hellip;]\" \/>\n<meta property=\"og:url\" content=\"https:\/\/likemetkovic.hr\/trecasi-iz-os-don-mihovila-pavlinovica-obiljezili-dan-planeta-zemlje\/\" \/>\n<meta property=\"og:site_name\" content=\"likemetkovic.hr\" \/>\n<meta property=\"article:publisher\" content=\"https:\/\/www.facebook.com\/likemetkovic.hr\/\" \/>\n<meta property=\"article:published_time\" content=\"2022-04-22T17:54:21+00:00\" \/>\n<meta property=\"og:image\" content=\"https:\/\/likemetkovic.hr\/wp-content\/uploads\/2022\/04\/OS-don-Mihovila-Pavlinovica-Dan-Zemlje.jpg\" \/>\n\t<meta property=\"og:image:width\" content=\"800\" \/>\n\t<meta property=\"og:image:height\" content=\"499\" \/>\n\t<meta property=\"og:image:type\" content=\"image\/jpeg\" \/>\n<meta name=\"author\" content=\"LIKEmetkovic.hr\" \/>\n<meta name=\"twitter:card\" content=\"summary_large_image\" \/>\n<meta name=\"twitter:label1\" content=\"Napisao\/la\" \/>\n\t<meta name=\"twitter:data1\" content=\"LIKEmetkovic.hr\" \/>\n\t<meta name=\"twitter:label2\" content=\"Procijenjeno vrijeme \u010ditanja\" \/>\n\t<meta name=\"twitter:data2\" content=\"2 minute\" \/>\n<script type=\"application\/ld+json\" class=\"yoast-schema-graph\">{\"@context\":\"https:\/\/schema.org\",\"@graph\":[{\"@type\":\"WebPage\",\"@id\":\"https:\/\/likemetkovic.hr\/trecasi-iz-os-don-mihovila-pavlinovica-obiljezili-dan-planeta-zemlje\/\",\"url\":\"https:\/\/likemetkovic.hr\/trecasi-iz-os-don-mihovila-pavlinovica-obiljezili-dan-planeta-zemlje\/\",\"name\":\"Tre\u0107a\u0161i iz O\u0160 don Mihovila Pavlinovi\u0107a obilje\u017eili Dan planeta Zemlje - likemetkovic.hr\",\"isPartOf\":{\"@id\":\"https:\/\/likemetkovic.hr\/#website\"},\"primaryImageOfPage\":{\"@id\":\"https:\/\/likemetkovic.hr\/trecasi-iz-os-don-mihovila-pavlinovica-obiljezili-dan-planeta-zemlje\/#primaryimage\"},\"image\":{\"@id\":\"https:\/\/likemetkovic.hr\/trecasi-iz-os-don-mihovila-pavlinovica-obiljezili-dan-planeta-zemlje\/#primaryimage\"},\"thumbnailUrl\":\"https:\/\/likemetkovic.hr\/portal\/wp-content\/uploads\/2022\/04\/OS-don-Mihovila-Pavlinovica-Dan-Zemlje.jpg\",\"datePublished\":\"2022-04-22T17:54:21+00:00\",\"author\":{\"@id\":\"https:\/\/likemetkovic.hr\/#\/schema\/person\/a42711f3385a0e2be6f7e0443bfb28f0\"},\"breadcrumb\":{\"@id\":\"https:\/\/likemetkovic.hr\/trecasi-iz-os-don-mihovila-pavlinovica-obiljezili-dan-planeta-zemlje\/#breadcrumb\"},\"inLanguage\":\"hr\",\"potentialAction\":[{\"@type\":\"ReadAction\",\"target\":[\"https:\/\/likemetkovic.hr\/trecasi-iz-os-don-mihovila-pavlinovica-obiljezili-dan-planeta-zemlje\/\"]}]},{\"@type\":\"ImageObject\",\"inLanguage\":\"hr\",\"@id\":\"https:\/\/likemetkovic.hr\/trecasi-iz-os-don-mihovila-pavlinovica-obiljezili-dan-planeta-zemlje\/#primaryimage\",\"url\":\"https:\/\/likemetkovic.hr\/portal\/wp-content\/uploads\/2022\/04\/OS-don-Mihovila-Pavlinovica-Dan-Zemlje.jpg\",\"contentUrl\":\"https:\/\/likemetkovic.hr\/portal\/wp-content\/uploads\/2022\/04\/OS-don-Mihovila-Pavlinovica-Dan-Zemlje.jpg\",\"width\":800,\"height\":499},{\"@type\":\"BreadcrumbList\",\"@id\":\"https:\/\/likemetkovic.hr\/trecasi-iz-os-don-mihovila-pavlinovica-obiljezili-dan-planeta-zemlje\/#breadcrumb\",\"itemListElement\":[{\"@type\":\"ListItem\",\"position\":1,\"name\":\"Po\u010detna stranica\",\"item\":\"https:\/\/likemetkovic.hr\/portal\/\"},{\"@type\":\"ListItem\",\"position\":2,\"name\":\"Tre\u0107a\u0161i iz O\u0160 don Mihovila Pavlinovi\u0107a obilje\u017eili Dan planeta Zemlje\"}]},{\"@type\":\"WebSite\",\"@id\":\"https:\/\/likemetkovic.hr\/#website\",\"url\":\"https:\/\/likemetkovic.hr\/\",\"name\":\"likemetkovic.hr\",\"description\":\"Misli pozitivno... \u010ditaj LIKE\",\"potentialAction\":[{\"@type\":\"SearchAction\",\"target\":{\"@type\":\"EntryPoint\",\"urlTemplate\":\"https:\/\/likemetkovic.hr\/?s={search_term_string}\"},\"query-input\":{\"@type\":\"PropertyValueSpecification\",\"valueRequired\":true,\"valueName\":\"search_term_string\"}}],\"inLanguage\":\"hr\"},{\"@type\":\"Person\",\"@id\":\"https:\/\/likemetkovic.hr\/#\/schema\/person\/a42711f3385a0e2be6f7e0443bfb28f0\",\"name\":\"LIKEmetkovic.hr\",\"sameAs\":[\"http:\/\/likemetkovic.hr\"],\"url\":\"https:\/\/likemetkovic.hr\/portal\/author\/likemetkovic-hr\/\"}]}<\/script>\n<!-- \/ Yoast SEO plugin. -->","yoast_head_json":{"title":"Tre\u0107a\u0161i iz O\u0160 don Mihovila Pavlinovi\u0107a obilje\u017eili Dan planeta Zemlje - likemetkovic.hr","robots":{"index":"index","follow":"follow","max-snippet":"max-snippet:-1","max-image-preview":"max-image-preview:large","max-video-preview":"max-video-preview:-1"},"canonical":"https:\/\/likemetkovic.hr\/trecasi-iz-os-don-mihovila-pavlinovica-obiljezili-dan-planeta-zemlje\/","og_locale":"hr_HR","og_type":"article","og_title":"Tre\u0107a\u0161i iz O\u0160 don Mihovila Pavlinovi\u0107a obilje\u017eili Dan planeta Zemlje - likemetkovic.hr","og_description":"Danas se obilje\u017eava me\u0111unarodni Dan planeta Zemlje, a u Hrvatskoj se to \u010dini ve\u0107 52. godinu zaredom. U O\u0160 don Mihovila Pavlinovi\u0107a su u\u010denici 3. b razreda i njihova u\u010diteljica Katica Vladimir obilje\u017eili ovaj Dan tematskim satima na kojima se osvje\u0161tavala va\u017enost \u010duvanja okoli\u0161a: pisali su eko poruke, \u010ditali pri\u010de i pisali sastavke. Posebno su [&hellip;]","og_url":"https:\/\/likemetkovic.hr\/trecasi-iz-os-don-mihovila-pavlinovica-obiljezili-dan-planeta-zemlje\/","og_site_name":"likemetkovic.hr","article_publisher":"https:\/\/www.facebook.com\/likemetkovic.hr\/","article_published_time":"2022-04-22T17:54:21+00:00","og_image":[{"width":800,"height":499,"url":"https:\/\/likemetkovic.hr\/wp-content\/uploads\/2022\/04\/OS-don-Mihovila-Pavlinovica-Dan-Zemlje.jpg","type":"image\/jpeg"}],"author":"LIKEmetkovic.hr","twitter_card":"summary_large_image","twitter_misc":{"Napisao\/la":"LIKEmetkovic.hr","Procijenjeno vrijeme \u010ditanja":"2 minute"},"schema":{"@context":"https:\/\/schema.org","@graph":[{"@type":"WebPage","@id":"https:\/\/likemetkovic.hr\/trecasi-iz-os-don-mihovila-pavlinovica-obiljezili-dan-planeta-zemlje\/","url":"https:\/\/likemetkovic.hr\/trecasi-iz-os-don-mihovila-pavlinovica-obiljezili-dan-planeta-zemlje\/","name":"Tre\u0107a\u0161i iz O\u0160 don Mihovila Pavlinovi\u0107a obilje\u017eili Dan planeta Zemlje - likemetkovic.hr","isPartOf":{"@id":"https:\/\/likemetkovic.hr\/#website"},"primaryImageOfPage":{"@id":"https:\/\/likemetkovic.hr\/trecasi-iz-os-don-mihovila-pavlinovica-obiljezili-dan-planeta-zemlje\/#primaryimage"},"image":{"@id":"https:\/\/likemetkovic.hr\/trecasi-iz-os-don-mihovila-pavlinovica-obiljezili-dan-planeta-zemlje\/#primaryimage"},"thumbnailUrl":"https:\/\/likemetkovic.hr\/portal\/wp-content\/uploads\/2022\/04\/OS-don-Mihovila-Pavlinovica-Dan-Zemlje.jpg","datePublished":"2022-04-22T17:54:21+00:00","author":{"@id":"https:\/\/likemetkovic.hr\/#\/schema\/person\/a42711f3385a0e2be6f7e0443bfb28f0"},"breadcrumb":{"@id":"https:\/\/likemetkovic.hr\/trecasi-iz-os-don-mihovila-pavlinovica-obiljezili-dan-planeta-zemlje\/#breadcrumb"},"inLanguage":"hr","potentialAction":[{"@type":"ReadAction","target":["https:\/\/likemetkovic.hr\/trecasi-iz-os-don-mihovila-pavlinovica-obiljezili-dan-planeta-zemlje\/"]}]},{"@type":"ImageObject","inLanguage":"hr","@id":"https:\/\/likemetkovic.hr\/trecasi-iz-os-don-mihovila-pavlinovica-obiljezili-dan-planeta-zemlje\/#primaryimage","url":"https:\/\/likemetkovic.hr\/portal\/wp-content\/uploads\/2022\/04\/OS-don-Mihovila-Pavlinovica-Dan-Zemlje.jpg","contentUrl":"https:\/\/likemetkovic.hr\/portal\/wp-content\/uploads\/2022\/04\/OS-don-Mihovila-Pavlinovica-Dan-Zemlje.jpg","width":800,"height":499},{"@type":"BreadcrumbList","@id":"https:\/\/likemetkovic.hr\/trecasi-iz-os-don-mihovila-pavlinovica-obiljezili-dan-planeta-zemlje\/#breadcrumb","itemListElement":[{"@type":"ListItem","position":1,"name":"Po\u010detna stranica","item":"https:\/\/likemetkovic.hr\/portal\/"},{"@type":"ListItem","position":2,"name":"Tre\u0107a\u0161i iz O\u0160 don Mihovila Pavlinovi\u0107a obilje\u017eili Dan planeta Zemlje"}]},{"@type":"WebSite","@id":"https:\/\/likemetkovic.hr\/#website","url":"https:\/\/likemetkovic.hr\/","name":"likemetkovic.hr","description":"Misli pozitivno... \u010ditaj LIKE","potentialAction":[{"@type":"SearchAction","target":{"@type":"EntryPoint","urlTemplate":"https:\/\/likemetkovic.hr\/?s={search_term_string}"},"query-input":{"@type":"PropertyValueSpecification","valueRequired":true,"valueName":"search_term_string"}}],"inLanguage":"hr"},{"@type":"Person","@id":"https:\/\/likemetkovic.hr\/#\/schema\/person\/a42711f3385a0e2be6f7e0443bfb28f0","name":"LIKEmetkovic.hr","sameAs":["http:\/\/likemetkovic.hr"],"url":"https:\/\/likemetkovic.hr\/portal\/author\/likemetkovic-hr\/"}]}},"_links":{"self":[{"href":"https:\/\/likemetkovic.hr\/portal\/wp-json\/wp\/v2\/posts\/130151","targetHints":{"allow":["GET"]}}],"collection":[{"href":"https:\/\/likemetkovic.hr\/portal\/wp-json\/wp\/v2\/posts"}],"about":[{"href":"https:\/\/likemetkovic.hr\/portal\/wp-json\/wp\/v2\/types\/post"}],"author":[{"embeddable":true,"href":"https:\/\/likemetkovic.hr\/portal\/wp-json\/wp\/v2\/users\/7"}],"replies":[{"embeddable":true,"href":"https:\/\/likemetkovic.hr\/portal\/wp-json\/wp\/v2\/comments?post=130151"}],"version-history":[{"count":1,"href":"https:\/\/likemetkovic.hr\/portal\/wp-json\/wp\/v2\/posts\/130151\/revisions"}],"predecessor-version":[{"id":130155,"href":"https:\/\/likemetkovic.hr\/portal\/wp-json\/wp\/v2\/posts\/130151\/revisions\/130155"}],"wp:featuredmedia":[{"embeddable":true,"href":"https:\/\/likemetkovic.hr\/portal\/wp-json\/wp\/v2\/media\/130152"}],"wp:attachment":[{"href":"https:\/\/likemetkovic.hr\/portal\/wp-json\/wp\/v2\/media?parent=130151"}],"wp:term":[{"taxonomy":"category","embeddable":true,"href":"https:\/\/likemetkovic.hr\/portal\/wp-json\/wp\/v2\/categories?post=130151"},{"taxonomy":"post_tag","embeddable":true,"href":"https:\/\/likemetkovic.hr\/portal\/wp-json\/wp\/v2\/tags?post=130151"}],"curies":[{"name":"wp","href":"https:\/\/api.w.org\/{rel}","templated":true}]}}