{"id":130426,"date":"2022-04-29T10:37:57","date_gmt":"2022-04-29T08:37:57","guid":{"rendered":"https:\/\/likemetkovic.hr\/?p=130426"},"modified":"2022-04-29T10:37:57","modified_gmt":"2022-04-29T08:37:57","slug":"foto-video-neretva-istri-ladari-sv-ilije-odveslali-dionicu-od-savudrije-do-poreca","status":"publish","type":"post","link":"https:\/\/likemetkovic.hr\/portal\/foto-video-neretva-istri-ladari-sv-ilije-odveslali-dionicu-od-savudrije-do-poreca\/","title":{"rendered":"FOTO\/VIDEO | &#8220;Neretva Istri&#8221; &#8211; la\u0111ari Sv. Ilije odveslali dionicu od Savudrije do Pore\u010da"},"content":{"rendered":"<p>UL Sv. Ilija Metkovi\u0107 od 28. do 30. travnja 2022. vesla zapadnom obalom Istre, od rt Savudrija do Pule, promoviraju\u0107i tako dolinu Neretve, tradicionalna neretvanska plovila i Maraton la\u0111a na Neretvi.<\/p>\n<p>U \u010detvrtak popodne su odveslali dionicu od Savudrije do Pore\u010da, duljine 34 km, danas je na rasporedu dionica Pore\u010d \u2013 Rovinj, duljine oko 18 km.<\/p>\n<div class=\"youtube-embed\" data-video_id=\"SMYswJ5ZHFA\"><iframe title=\"Neretva Istri! La\u0111ari sv. Ilije u Pore\u010du\" width=\"696\" height=\"392\" src=\"https:\/\/www.youtube.com\/embed\/SMYswJ5ZHFA?feature=oembed&#038;enablejsapi=1\" frameborder=\"0\" allow=\"accelerometer; autoplay; clipboard-write; encrypted-media; gyroscope; picture-in-picture\" allowfullscreen><\/iframe><\/div>\n<p>Iz Savudrije su krenuli 12 sati, susreli su se s na\u0161im ribarima, u Umagu su ih pozdravili okupljani gra\u0111ani. U 18 sati su stigli u pore\u010dku luku pred kojom im se pridru\u017eilo \u0161est jedrilica. U Pore\u010du ih je do\u010dekao gradona\u010delnik Loris Per\u0161uri\u0107 sa suradnicima. Imali su prigodni program s izlo\u017ebom fotografija iz Neretve. Danas u 15 sati na\u0161i la\u0111ari \u0107e krenuti prema Rovinju.<\/p>\n\r\n                <style type=\"text\/css\">\r\n                    \r\n                    #tdi_1  .td-doubleSlider-2 .td-item1 {\r\n                        background: url(https:\/\/likemetkovic.hr\/portal\/wp-content\/uploads\/2022\/04\/ul-sv-ilija-porec-1-80x60.jpg) 0 0 no-repeat;\r\n                    }\r\n                    #tdi_1  .td-doubleSlider-2 .td-item2 {\r\n                        background: url(https:\/\/likemetkovic.hr\/portal\/wp-content\/uploads\/2022\/04\/ul-sv-ilija-porec-2-80x60.jpg) 0 0 no-repeat;\r\n                    }\r\n                    #tdi_1  .td-doubleSlider-2 .td-item3 {\r\n                        background: url(https:\/\/likemetkovic.hr\/portal\/wp-content\/uploads\/2022\/04\/ul-sv-ilija-porec-3-80x60.jpg) 0 0 no-repeat;\r\n                    }\r\n                    #tdi_1  .td-doubleSlider-2 .td-item4 {\r\n                        background: url(https:\/\/likemetkovic.hr\/portal\/wp-content\/uploads\/2022\/04\/ul-sv-ilija-porec-6-80x60.jpg) 0 0 no-repeat;\r\n                    }\r\n                    #tdi_1  .td-doubleSlider-2 .td-item5 {\r\n                        background: url(https:\/\/likemetkovic.hr\/portal\/wp-content\/uploads\/2022\/04\/ul-sv-ilija-porec-7-80x60.jpg) 0 0 no-repeat;\r\n                    }\r\n                    #tdi_1  .td-doubleSlider-2 .td-item6 {\r\n                        background: url(https:\/\/likemetkovic.hr\/portal\/wp-content\/uploads\/2022\/04\/ul-sv-ilija-porec-2022-1-80x60.jpg) 0 0 no-repeat;\r\n                    }\r\n                    #tdi_1  .td-doubleSlider-2 .td-item7 {\r\n                        background: url(https:\/\/likemetkovic.hr\/portal\/wp-content\/uploads\/2022\/04\/ul-sv-ilija-porec-2022-2-80x60.jpg) 0 0 no-repeat;\r\n                    }\r\n                    #tdi_1  .td-doubleSlider-2 .td-item8 {\r\n                        background: url(https:\/\/likemetkovic.hr\/portal\/wp-content\/uploads\/2022\/04\/ul-sv-ilija-porec-2022-3-80x60.jpg) 0 0 no-repeat;\r\n                    }\r\n                    #tdi_1  .td-doubleSlider-2 .td-item9 {\r\n                        background: url(https:\/\/likemetkovic.hr\/portal\/wp-content\/uploads\/2022\/04\/ul-sv-ilija-porec-2022-5-80x60.jpg) 0 0 no-repeat;\r\n                    }\r\n                    #tdi_1  .td-doubleSlider-2 .td-item10 {\r\n                        background: url(https:\/\/likemetkovic.hr\/portal\/wp-content\/uploads\/2022\/04\/ul-sv-ilija-porec-2022-7-80x60.jpg) 0 0 no-repeat;\r\n                    }\r\n                <\/style>\r\n\r\n                <div id=\"tdi_1\" class=\"td-gallery td-slide-on-2-columns\">\r\n                    <div class=\"post_td_gallery\">\r\n                        <div class=\"td-gallery-slide-top\">\r\n                           <div class=\"td-gallery-title\"><\/div>\r\n\r\n                            <div class=\"td-gallery-controls-wrapper\">\r\n                                <div class=\"td-gallery-slide-count\"><span class=\"td-gallery-slide-item-focus\">1<\/span> of 10<\/div>\r\n                                <div class=\"td-gallery-slide-prev-next-but\">\r\n                                    <i class = \"td-icon-left doubleSliderPrevButton\"><\/i>\r\n                                    <i class = \"td-icon-right doubleSliderNextButton\"><\/i>\r\n                                <\/div>\r\n                            <\/div>\r\n                        <\/div>\r\n\r\n                        <div class = \"td-doubleSlider-1 \">\r\n                            <div class = \"td-slider\">\r\n                                \r\n                    <div class = \"td-slide-item td-item1\">\r\n                        <figure class=\"td-slide-galery-figure td-slide-popup-gallery\">\r\n                            <a class=\"slide-gallery-image-link\" href=\"https:\/\/likemetkovic.hr\/portal\/wp-content\/uploads\/2022\/04\/ul-sv-ilija-porec-1.jpg\" title=\"ul sv ilija porec (1)\"  data-caption=\"\"  data-description=\"\">\r\n                                <img decoding=\"async\" src=\"https:\/\/likemetkovic.hr\/portal\/wp-content\/uploads\/2022\/04\/ul-sv-ilija-porec-1-629x420.jpg\" srcset=\"https:\/\/likemetkovic.hr\/portal\/wp-content\/uploads\/2022\/04\/ul-sv-ilija-porec-1-629x420.jpg 629w, https:\/\/likemetkovic.hr\/portal\/wp-content\/uploads\/2022\/04\/ul-sv-ilija-porec-1-768x513.jpg 768w, https:\/\/likemetkovic.hr\/portal\/wp-content\/uploads\/2022\/04\/ul-sv-ilija-porec-1-696x465.jpg 696w, https:\/\/likemetkovic.hr\/portal\/wp-content\/uploads\/2022\/04\/ul-sv-ilija-porec-1.jpg 800w\" sizes=\"(max-width: 629px) 100vw, 629px\" alt=\"\">\r\n                            <\/a>\r\n                            \r\n                        <\/figure>\r\n                    <\/div>\r\n                    <div class = \"td-slide-item td-item2\">\r\n                        <figure class=\"td-slide-galery-figure td-slide-popup-gallery\">\r\n                            <a class=\"slide-gallery-image-link\" href=\"https:\/\/likemetkovic.hr\/portal\/wp-content\/uploads\/2022\/04\/ul-sv-ilija-porec-2.jpg\" title=\"ul sv ilija porec (2)\"  data-caption=\"\"  data-description=\"\">\r\n                                <img decoding=\"async\" src=\"https:\/\/likemetkovic.hr\/portal\/wp-content\/uploads\/2022\/04\/ul-sv-ilija-porec-2-630x420.jpg\" srcset=\"https:\/\/likemetkovic.hr\/portal\/wp-content\/uploads\/2022\/04\/ul-sv-ilija-porec-2-630x420.jpg 630w, https:\/\/likemetkovic.hr\/portal\/wp-content\/uploads\/2022\/04\/ul-sv-ilija-porec-2-768x512.jpg 768w, https:\/\/likemetkovic.hr\/portal\/wp-content\/uploads\/2022\/04\/ul-sv-ilija-porec-2-696x464.jpg 696w, https:\/\/likemetkovic.hr\/portal\/wp-content\/uploads\/2022\/04\/ul-sv-ilija-porec-2.jpg 800w\" sizes=\"(max-width: 630px) 100vw, 630px\" alt=\"\">\r\n                            <\/a>\r\n                            \r\n                        <\/figure>\r\n                    <\/div>\r\n                    <div class = \"td-slide-item td-item3\">\r\n                        <figure class=\"td-slide-galery-figure td-slide-popup-gallery\">\r\n                            <a class=\"slide-gallery-image-link\" href=\"https:\/\/likemetkovic.hr\/portal\/wp-content\/uploads\/2022\/04\/ul-sv-ilija-porec-3.jpg\" title=\"ul sv ilija porec (3)\"  data-caption=\"\"  data-description=\"\">\r\n                                <img decoding=\"async\" src=\"https:\/\/likemetkovic.hr\/portal\/wp-content\/uploads\/2022\/04\/ul-sv-ilija-porec-3-630x420.jpg\" srcset=\"https:\/\/likemetkovic.hr\/portal\/wp-content\/uploads\/2022\/04\/ul-sv-ilija-porec-3-630x420.jpg 630w, https:\/\/likemetkovic.hr\/portal\/wp-content\/uploads\/2022\/04\/ul-sv-ilija-porec-3-768x512.jpg 768w, https:\/\/likemetkovic.hr\/portal\/wp-content\/uploads\/2022\/04\/ul-sv-ilija-porec-3-696x464.jpg 696w, https:\/\/likemetkovic.hr\/portal\/wp-content\/uploads\/2022\/04\/ul-sv-ilija-porec-3.jpg 800w\" sizes=\"(max-width: 630px) 100vw, 630px\" alt=\"\">\r\n                            <\/a>\r\n                            \r\n                        <\/figure>\r\n                    <\/div>\r\n                    <div class = \"td-slide-item td-item4\">\r\n                        <figure class=\"td-slide-galery-figure td-slide-popup-gallery\">\r\n                            <a class=\"slide-gallery-image-link\" href=\"https:\/\/likemetkovic.hr\/portal\/wp-content\/uploads\/2022\/04\/ul-sv-ilija-porec-6.jpg\" title=\"ul sv ilija porec (6)\"  data-caption=\"\"  data-description=\"\">\r\n                                <img decoding=\"async\" src=\"https:\/\/likemetkovic.hr\/portal\/wp-content\/uploads\/2022\/04\/ul-sv-ilija-porec-6-630x420.jpg\" srcset=\"https:\/\/likemetkovic.hr\/portal\/wp-content\/uploads\/2022\/04\/ul-sv-ilija-porec-6-630x420.jpg 630w, https:\/\/likemetkovic.hr\/portal\/wp-content\/uploads\/2022\/04\/ul-sv-ilija-porec-6-768x512.jpg 768w, https:\/\/likemetkovic.hr\/portal\/wp-content\/uploads\/2022\/04\/ul-sv-ilija-porec-6-696x464.jpg 696w, https:\/\/likemetkovic.hr\/portal\/wp-content\/uploads\/2022\/04\/ul-sv-ilija-porec-6.jpg 800w\" sizes=\"(max-width: 630px) 100vw, 630px\" alt=\"\">\r\n                            <\/a>\r\n                            \r\n                        <\/figure>\r\n                    <\/div>\r\n                    <div class = \"td-slide-item td-item5\">\r\n                        <figure class=\"td-slide-galery-figure td-slide-popup-gallery\">\r\n                            <a class=\"slide-gallery-image-link\" href=\"https:\/\/likemetkovic.hr\/portal\/wp-content\/uploads\/2022\/04\/ul-sv-ilija-porec-7.jpg\" title=\"ul sv ilija porec (7)\"  data-caption=\"\"  data-description=\"\">\r\n                                <img decoding=\"async\" src=\"https:\/\/likemetkovic.hr\/portal\/wp-content\/uploads\/2022\/04\/ul-sv-ilija-porec-7-630x420.jpg\" srcset=\"https:\/\/likemetkovic.hr\/portal\/wp-content\/uploads\/2022\/04\/ul-sv-ilija-porec-7-630x420.jpg 630w, https:\/\/likemetkovic.hr\/portal\/wp-content\/uploads\/2022\/04\/ul-sv-ilija-porec-7-768x512.jpg 768w, https:\/\/likemetkovic.hr\/portal\/wp-content\/uploads\/2022\/04\/ul-sv-ilija-porec-7-696x464.jpg 696w, https:\/\/likemetkovic.hr\/portal\/wp-content\/uploads\/2022\/04\/ul-sv-ilija-porec-7.jpg 800w\" sizes=\"(max-width: 630px) 100vw, 630px\" alt=\"\">\r\n                            <\/a>\r\n                            \r\n                        <\/figure>\r\n                    <\/div>\r\n                    <div class = \"td-slide-item td-item6\">\r\n                        <figure class=\"td-slide-galery-figure td-slide-popup-gallery\">\r\n                            <a class=\"slide-gallery-image-link\" href=\"https:\/\/likemetkovic.hr\/portal\/wp-content\/uploads\/2022\/04\/ul-sv-ilija-porec-2022-1.jpg\" title=\"ul sv ilija porec 2022 (1)\"  data-caption=\"\"  data-description=\"\">\r\n                                <img decoding=\"async\" src=\"https:\/\/likemetkovic.hr\/portal\/wp-content\/uploads\/2022\/04\/ul-sv-ilija-porec-2022-1-630x420.jpg\" srcset=\"https:\/\/likemetkovic.hr\/portal\/wp-content\/uploads\/2022\/04\/ul-sv-ilija-porec-2022-1-630x420.jpg 630w, https:\/\/likemetkovic.hr\/portal\/wp-content\/uploads\/2022\/04\/ul-sv-ilija-porec-2022-1-768x512.jpg 768w, https:\/\/likemetkovic.hr\/portal\/wp-content\/uploads\/2022\/04\/ul-sv-ilija-porec-2022-1-696x464.jpg 696w, https:\/\/likemetkovic.hr\/portal\/wp-content\/uploads\/2022\/04\/ul-sv-ilija-porec-2022-1.jpg 800w\" sizes=\"(max-width: 630px) 100vw, 630px\" alt=\"\">\r\n                            <\/a>\r\n                            \r\n                        <\/figure>\r\n                    <\/div>\r\n                    <div class = \"td-slide-item td-item7\">\r\n                        <figure class=\"td-slide-galery-figure td-slide-popup-gallery\">\r\n                            <a class=\"slide-gallery-image-link\" href=\"https:\/\/likemetkovic.hr\/portal\/wp-content\/uploads\/2022\/04\/ul-sv-ilija-porec-2022-2.jpg\" title=\"ul sv ilija porec 2022 (2)\"  data-caption=\"\"  data-description=\"\">\r\n                                <img decoding=\"async\" src=\"https:\/\/likemetkovic.hr\/portal\/wp-content\/uploads\/2022\/04\/ul-sv-ilija-porec-2022-2-630x420.jpg\" srcset=\"https:\/\/likemetkovic.hr\/portal\/wp-content\/uploads\/2022\/04\/ul-sv-ilija-porec-2022-2-630x420.jpg 630w, https:\/\/likemetkovic.hr\/portal\/wp-content\/uploads\/2022\/04\/ul-sv-ilija-porec-2022-2-768x512.jpg 768w, https:\/\/likemetkovic.hr\/portal\/wp-content\/uploads\/2022\/04\/ul-sv-ilija-porec-2022-2-696x464.jpg 696w, https:\/\/likemetkovic.hr\/portal\/wp-content\/uploads\/2022\/04\/ul-sv-ilija-porec-2022-2.jpg 800w\" sizes=\"(max-width: 630px) 100vw, 630px\" alt=\"\">\r\n                            <\/a>\r\n                            \r\n                        <\/figure>\r\n                    <\/div>\r\n                    <div class = \"td-slide-item td-item8\">\r\n                        <figure class=\"td-slide-galery-figure td-slide-popup-gallery\">\r\n                            <a class=\"slide-gallery-image-link\" href=\"https:\/\/likemetkovic.hr\/portal\/wp-content\/uploads\/2022\/04\/ul-sv-ilija-porec-2022-3.jpg\" title=\"ul sv ilija porec 2022 (3)\"  data-caption=\"\"  data-description=\"\">\r\n                                <img decoding=\"async\" src=\"https:\/\/likemetkovic.hr\/portal\/wp-content\/uploads\/2022\/04\/ul-sv-ilija-porec-2022-3-630x420.jpg\" srcset=\"https:\/\/likemetkovic.hr\/portal\/wp-content\/uploads\/2022\/04\/ul-sv-ilija-porec-2022-3-630x420.jpg 630w, https:\/\/likemetkovic.hr\/portal\/wp-content\/uploads\/2022\/04\/ul-sv-ilija-porec-2022-3-768x512.jpg 768w, https:\/\/likemetkovic.hr\/portal\/wp-content\/uploads\/2022\/04\/ul-sv-ilija-porec-2022-3-696x464.jpg 696w, https:\/\/likemetkovic.hr\/portal\/wp-content\/uploads\/2022\/04\/ul-sv-ilija-porec-2022-3.jpg 800w\" sizes=\"(max-width: 630px) 100vw, 630px\" alt=\"\">\r\n                            <\/a>\r\n                            \r\n                        <\/figure>\r\n                    <\/div>\r\n                    <div class = \"td-slide-item td-item9\">\r\n                        <figure class=\"td-slide-galery-figure td-slide-popup-gallery\">\r\n                            <a class=\"slide-gallery-image-link\" href=\"https:\/\/likemetkovic.hr\/portal\/wp-content\/uploads\/2022\/04\/ul-sv-ilija-porec-2022-5.jpg\" title=\"ul sv ilija porec 2022 (5)\"  data-caption=\"\"  data-description=\"\">\r\n                                <img decoding=\"async\" src=\"https:\/\/likemetkovic.hr\/portal\/wp-content\/uploads\/2022\/04\/ul-sv-ilija-porec-2022-5-630x420.jpg\" srcset=\"https:\/\/likemetkovic.hr\/portal\/wp-content\/uploads\/2022\/04\/ul-sv-ilija-porec-2022-5-630x420.jpg 630w, https:\/\/likemetkovic.hr\/portal\/wp-content\/uploads\/2022\/04\/ul-sv-ilija-porec-2022-5-768x512.jpg 768w, https:\/\/likemetkovic.hr\/portal\/wp-content\/uploads\/2022\/04\/ul-sv-ilija-porec-2022-5-696x464.jpg 696w, https:\/\/likemetkovic.hr\/portal\/wp-content\/uploads\/2022\/04\/ul-sv-ilija-porec-2022-5.jpg 800w\" sizes=\"(max-width: 630px) 100vw, 630px\" alt=\"\">\r\n                            <\/a>\r\n                            \r\n                        <\/figure>\r\n                    <\/div>\r\n                    <div class = \"td-slide-item td-item10\">\r\n                        <figure class=\"td-slide-galery-figure td-slide-popup-gallery\">\r\n                            <a class=\"slide-gallery-image-link\" href=\"https:\/\/likemetkovic.hr\/portal\/wp-content\/uploads\/2022\/04\/ul-sv-ilija-porec-2022-7.jpg\" title=\"ul sv ilija porec 2022 (7)\"  data-caption=\"\"  data-description=\"\">\r\n                                <img decoding=\"async\" src=\"https:\/\/likemetkovic.hr\/portal\/wp-content\/uploads\/2022\/04\/ul-sv-ilija-porec-2022-7-630x420.jpg\" srcset=\"https:\/\/likemetkovic.hr\/portal\/wp-content\/uploads\/2022\/04\/ul-sv-ilija-porec-2022-7-630x420.jpg 630w, https:\/\/likemetkovic.hr\/portal\/wp-content\/uploads\/2022\/04\/ul-sv-ilija-porec-2022-7-768x512.jpg 768w, https:\/\/likemetkovic.hr\/portal\/wp-content\/uploads\/2022\/04\/ul-sv-ilija-porec-2022-7-696x464.jpg 696w, https:\/\/likemetkovic.hr\/portal\/wp-content\/uploads\/2022\/04\/ul-sv-ilija-porec-2022-7.jpg 800w\" sizes=\"(max-width: 630px) 100vw, 630px\" alt=\"\">\r\n                            <\/a>\r\n                            \r\n                        <\/figure>\r\n                    <\/div>\r\n                            <\/div>\r\n                        <\/div>\r\n\r\n                        <div class = \"td-doubleSlider-2\">\r\n                            <div class = \"td-slider\">\r\n                                \r\n                    <div class = \"td-button td-item1\">\r\n                        <div class = \"td-border\"><\/div>\r\n                    <\/div>\r\n                    <div class = \"td-button td-item2\">\r\n                        <div class = \"td-border\"><\/div>\r\n                    <\/div>\r\n                    <div class = \"td-button td-item3\">\r\n                        <div class = \"td-border\"><\/div>\r\n                    <\/div>\r\n                    <div class = \"td-button td-item4\">\r\n                        <div class = \"td-border\"><\/div>\r\n                    <\/div>\r\n                    <div class = \"td-button td-item5\">\r\n                        <div class = \"td-border\"><\/div>\r\n                    <\/div>\r\n                    <div class = \"td-button td-item6\">\r\n                        <div class = \"td-border\"><\/div>\r\n                    <\/div>\r\n                    <div class = \"td-button td-item7\">\r\n                        <div class = \"td-border\"><\/div>\r\n                    <\/div>\r\n                    <div class = \"td-button td-item8\">\r\n                        <div class = \"td-border\"><\/div>\r\n                    <\/div>\r\n                    <div class = \"td-button td-item9\">\r\n                        <div class = \"td-border\"><\/div>\r\n                    <\/div>\r\n                    <div class = \"td-button td-item10\">\r\n                        <div class = \"td-border\"><\/div>\r\n                    <\/div>\r\n                            <\/div>\r\n                        <\/div>\r\n\r\n                    <\/div>\r\n\r\n                <\/div>\r\n                \n<p>Prema rasporedu, u subotu \u0107e na\u0161i la\u0111ari veslati dionicu Rovinj \u2013 Pula, duljine oko 36 km. Posljednji dan je u planu i veslanje kroz Nacionalni park Brijuni. U Puli \u0107e nas primiti gradona\u010delnik Pule i direktorica TZ Pula gdje \u0107e bit uru\u010dene i posebne zahvale. Podr\u0161ku \u0107e nam dati i sudionici 18. Briona kupa regate \u2013 JK Delfin koji se taj dan odr\u017eava u Puli. Nave\u010der je dru\u017eenje na manifestaciji <em>Fe\u0161ta od soljenje srdela<\/em> u Fa\u017eani.<\/p>\n","protected":false},"excerpt":{"rendered":"<p>UL Sv. Ilija Metkovi\u0107 od 28. do 30. travnja 2022. vesla zapadnom obalom Istre, od rt Savudrija do Pule, promoviraju\u0107i tako dolinu Neretve, tradicionalna neretvanska plovila i Maraton la\u0111a na Neretvi. U \u010detvrtak popodne su odveslali dionicu od Savudrije do Pore\u010da, duljine 34 km, danas je na rasporedu dionica Pore\u010d \u2013 Rovinj, duljine oko 18 [&hellip;]<\/p>\n","protected":false},"author":7,"featured_media":130428,"comment_status":"open","ping_status":"open","sticky":false,"template":"","format":"standard","meta":{"footnotes":""},"categories":[283,11],"tags":[10623,2987,7724],"class_list":{"0":"post-130426","1":"post","2":"type-post","3":"status-publish","4":"format-standard","5":"has-post-thumbnail","7":"category-a","8":"category-metkovic-dolina","9":"tag-neretva-istri","10":"tag-porec","11":"tag-ul-sv-ilija-metkovic"},"yoast_head":"<!-- This site is optimized with the Yoast SEO plugin v25.2 - https:\/\/yoast.com\/wordpress\/plugins\/seo\/ -->\n<title>FOTO\/VIDEO | &quot;Neretva Istri&quot; - la\u0111ari Sv. Ilije odveslali dionicu od Savudrije do Pore\u010da - likemetkovic.hr<\/title>\n<meta name=\"robots\" content=\"index, follow, max-snippet:-1, max-image-preview:large, max-video-preview:-1\" \/>\n<link rel=\"canonical\" href=\"https:\/\/likemetkovic.hr\/foto-video-neretva-istri-ladari-sv-ilije-odveslali-dionicu-od-savudrije-do-poreca\/\" \/>\n<meta property=\"og:locale\" content=\"hr_HR\" \/>\n<meta property=\"og:type\" content=\"article\" \/>\n<meta property=\"og:title\" content=\"FOTO\/VIDEO | &quot;Neretva Istri&quot; - la\u0111ari Sv. Ilije odveslali dionicu od Savudrije do Pore\u010da - likemetkovic.hr\" \/>\n<meta property=\"og:description\" content=\"UL Sv. Ilija Metkovi\u0107 od 28. do 30. travnja 2022. vesla zapadnom obalom Istre, od rt Savudrija do Pule, promoviraju\u0107i tako dolinu Neretve, tradicionalna neretvanska plovila i Maraton la\u0111a na Neretvi. U \u010detvrtak popodne su odveslali dionicu od Savudrije do Pore\u010da, duljine 34 km, danas je na rasporedu dionica Pore\u010d \u2013 Rovinj, duljine oko 18 [&hellip;]\" \/>\n<meta property=\"og:url\" content=\"https:\/\/likemetkovic.hr\/foto-video-neretva-istri-ladari-sv-ilije-odveslali-dionicu-od-savudrije-do-poreca\/\" \/>\n<meta property=\"og:site_name\" content=\"likemetkovic.hr\" \/>\n<meta property=\"article:publisher\" content=\"https:\/\/www.facebook.com\/likemetkovic.hr\/\" \/>\n<meta property=\"article:published_time\" content=\"2022-04-29T08:37:57+00:00\" \/>\n<meta property=\"og:image\" content=\"https:\/\/likemetkovic.hr\/wp-content\/uploads\/2022\/04\/ul-sv-ilija-porec-2.jpg\" \/>\n\t<meta property=\"og:image:width\" content=\"800\" \/>\n\t<meta property=\"og:image:height\" content=\"533\" \/>\n\t<meta property=\"og:image:type\" content=\"image\/jpeg\" \/>\n<meta name=\"author\" content=\"LIKEmetkovic.hr\" \/>\n<meta name=\"twitter:card\" content=\"summary_large_image\" \/>\n<meta name=\"twitter:label1\" content=\"Napisao\/la\" \/>\n\t<meta name=\"twitter:data1\" content=\"LIKEmetkovic.hr\" \/>\n\t<meta name=\"twitter:label2\" content=\"Procijenjeno vrijeme \u010ditanja\" \/>\n\t<meta name=\"twitter:data2\" content=\"1 minuta\" \/>\n<script type=\"application\/ld+json\" class=\"yoast-schema-graph\">{\"@context\":\"https:\/\/schema.org\",\"@graph\":[{\"@type\":\"WebPage\",\"@id\":\"https:\/\/likemetkovic.hr\/foto-video-neretva-istri-ladari-sv-ilije-odveslali-dionicu-od-savudrije-do-poreca\/\",\"url\":\"https:\/\/likemetkovic.hr\/foto-video-neretva-istri-ladari-sv-ilije-odveslali-dionicu-od-savudrije-do-poreca\/\",\"name\":\"FOTO\/VIDEO | \\\"Neretva Istri\\\" - la\u0111ari Sv. Ilije odveslali dionicu od Savudrije do Pore\u010da - likemetkovic.hr\",\"isPartOf\":{\"@id\":\"https:\/\/likemetkovic.hr\/#website\"},\"primaryImageOfPage\":{\"@id\":\"https:\/\/likemetkovic.hr\/foto-video-neretva-istri-ladari-sv-ilije-odveslali-dionicu-od-savudrije-do-poreca\/#primaryimage\"},\"image\":{\"@id\":\"https:\/\/likemetkovic.hr\/foto-video-neretva-istri-ladari-sv-ilije-odveslali-dionicu-od-savudrije-do-poreca\/#primaryimage\"},\"thumbnailUrl\":\"https:\/\/likemetkovic.hr\/portal\/wp-content\/uploads\/2022\/04\/ul-sv-ilija-porec-2.jpg\",\"datePublished\":\"2022-04-29T08:37:57+00:00\",\"author\":{\"@id\":\"https:\/\/likemetkovic.hr\/#\/schema\/person\/a42711f3385a0e2be6f7e0443bfb28f0\"},\"breadcrumb\":{\"@id\":\"https:\/\/likemetkovic.hr\/foto-video-neretva-istri-ladari-sv-ilije-odveslali-dionicu-od-savudrije-do-poreca\/#breadcrumb\"},\"inLanguage\":\"hr\",\"potentialAction\":[{\"@type\":\"ReadAction\",\"target\":[\"https:\/\/likemetkovic.hr\/foto-video-neretva-istri-ladari-sv-ilije-odveslali-dionicu-od-savudrije-do-poreca\/\"]}]},{\"@type\":\"ImageObject\",\"inLanguage\":\"hr\",\"@id\":\"https:\/\/likemetkovic.hr\/foto-video-neretva-istri-ladari-sv-ilije-odveslali-dionicu-od-savudrije-do-poreca\/#primaryimage\",\"url\":\"https:\/\/likemetkovic.hr\/portal\/wp-content\/uploads\/2022\/04\/ul-sv-ilija-porec-2.jpg\",\"contentUrl\":\"https:\/\/likemetkovic.hr\/portal\/wp-content\/uploads\/2022\/04\/ul-sv-ilija-porec-2.jpg\",\"width\":800,\"height\":533},{\"@type\":\"BreadcrumbList\",\"@id\":\"https:\/\/likemetkovic.hr\/foto-video-neretva-istri-ladari-sv-ilije-odveslali-dionicu-od-savudrije-do-poreca\/#breadcrumb\",\"itemListElement\":[{\"@type\":\"ListItem\",\"position\":1,\"name\":\"Po\u010detna stranica\",\"item\":\"https:\/\/likemetkovic.hr\/portal\/\"},{\"@type\":\"ListItem\",\"position\":2,\"name\":\"FOTO\/VIDEO | &#8220;Neretva Istri&#8221; &#8211; la\u0111ari Sv. Ilije odveslali dionicu od Savudrije do Pore\u010da\"}]},{\"@type\":\"WebSite\",\"@id\":\"https:\/\/likemetkovic.hr\/#website\",\"url\":\"https:\/\/likemetkovic.hr\/\",\"name\":\"likemetkovic.hr\",\"description\":\"Misli pozitivno... \u010ditaj LIKE\",\"potentialAction\":[{\"@type\":\"SearchAction\",\"target\":{\"@type\":\"EntryPoint\",\"urlTemplate\":\"https:\/\/likemetkovic.hr\/?s={search_term_string}\"},\"query-input\":{\"@type\":\"PropertyValueSpecification\",\"valueRequired\":true,\"valueName\":\"search_term_string\"}}],\"inLanguage\":\"hr\"},{\"@type\":\"Person\",\"@id\":\"https:\/\/likemetkovic.hr\/#\/schema\/person\/a42711f3385a0e2be6f7e0443bfb28f0\",\"name\":\"LIKEmetkovic.hr\",\"sameAs\":[\"http:\/\/likemetkovic.hr\"],\"url\":\"https:\/\/likemetkovic.hr\/portal\/author\/likemetkovic-hr\/\"}]}<\/script>\n<!-- \/ Yoast SEO plugin. -->","yoast_head_json":{"title":"FOTO\/VIDEO | \"Neretva Istri\" - la\u0111ari Sv. Ilije odveslali dionicu od Savudrije do Pore\u010da - likemetkovic.hr","robots":{"index":"index","follow":"follow","max-snippet":"max-snippet:-1","max-image-preview":"max-image-preview:large","max-video-preview":"max-video-preview:-1"},"canonical":"https:\/\/likemetkovic.hr\/foto-video-neretva-istri-ladari-sv-ilije-odveslali-dionicu-od-savudrije-do-poreca\/","og_locale":"hr_HR","og_type":"article","og_title":"FOTO\/VIDEO | \"Neretva Istri\" - la\u0111ari Sv. Ilije odveslali dionicu od Savudrije do Pore\u010da - likemetkovic.hr","og_description":"UL Sv. Ilija Metkovi\u0107 od 28. do 30. travnja 2022. vesla zapadnom obalom Istre, od rt Savudrija do Pule, promoviraju\u0107i tako dolinu Neretve, tradicionalna neretvanska plovila i Maraton la\u0111a na Neretvi. U \u010detvrtak popodne su odveslali dionicu od Savudrije do Pore\u010da, duljine 34 km, danas je na rasporedu dionica Pore\u010d \u2013 Rovinj, duljine oko 18 [&hellip;]","og_url":"https:\/\/likemetkovic.hr\/foto-video-neretva-istri-ladari-sv-ilije-odveslali-dionicu-od-savudrije-do-poreca\/","og_site_name":"likemetkovic.hr","article_publisher":"https:\/\/www.facebook.com\/likemetkovic.hr\/","article_published_time":"2022-04-29T08:37:57+00:00","og_image":[{"width":800,"height":533,"url":"https:\/\/likemetkovic.hr\/wp-content\/uploads\/2022\/04\/ul-sv-ilija-porec-2.jpg","type":"image\/jpeg"}],"author":"LIKEmetkovic.hr","twitter_card":"summary_large_image","twitter_misc":{"Napisao\/la":"LIKEmetkovic.hr","Procijenjeno vrijeme \u010ditanja":"1 minuta"},"schema":{"@context":"https:\/\/schema.org","@graph":[{"@type":"WebPage","@id":"https:\/\/likemetkovic.hr\/foto-video-neretva-istri-ladari-sv-ilije-odveslali-dionicu-od-savudrije-do-poreca\/","url":"https:\/\/likemetkovic.hr\/foto-video-neretva-istri-ladari-sv-ilije-odveslali-dionicu-od-savudrije-do-poreca\/","name":"FOTO\/VIDEO | \"Neretva Istri\" - la\u0111ari Sv. Ilije odveslali dionicu od Savudrije do Pore\u010da - likemetkovic.hr","isPartOf":{"@id":"https:\/\/likemetkovic.hr\/#website"},"primaryImageOfPage":{"@id":"https:\/\/likemetkovic.hr\/foto-video-neretva-istri-ladari-sv-ilije-odveslali-dionicu-od-savudrije-do-poreca\/#primaryimage"},"image":{"@id":"https:\/\/likemetkovic.hr\/foto-video-neretva-istri-ladari-sv-ilije-odveslali-dionicu-od-savudrije-do-poreca\/#primaryimage"},"thumbnailUrl":"https:\/\/likemetkovic.hr\/portal\/wp-content\/uploads\/2022\/04\/ul-sv-ilija-porec-2.jpg","datePublished":"2022-04-29T08:37:57+00:00","author":{"@id":"https:\/\/likemetkovic.hr\/#\/schema\/person\/a42711f3385a0e2be6f7e0443bfb28f0"},"breadcrumb":{"@id":"https:\/\/likemetkovic.hr\/foto-video-neretva-istri-ladari-sv-ilije-odveslali-dionicu-od-savudrije-do-poreca\/#breadcrumb"},"inLanguage":"hr","potentialAction":[{"@type":"ReadAction","target":["https:\/\/likemetkovic.hr\/foto-video-neretva-istri-ladari-sv-ilije-odveslali-dionicu-od-savudrije-do-poreca\/"]}]},{"@type":"ImageObject","inLanguage":"hr","@id":"https:\/\/likemetkovic.hr\/foto-video-neretva-istri-ladari-sv-ilije-odveslali-dionicu-od-savudrije-do-poreca\/#primaryimage","url":"https:\/\/likemetkovic.hr\/portal\/wp-content\/uploads\/2022\/04\/ul-sv-ilija-porec-2.jpg","contentUrl":"https:\/\/likemetkovic.hr\/portal\/wp-content\/uploads\/2022\/04\/ul-sv-ilija-porec-2.jpg","width":800,"height":533},{"@type":"BreadcrumbList","@id":"https:\/\/likemetkovic.hr\/foto-video-neretva-istri-ladari-sv-ilije-odveslali-dionicu-od-savudrije-do-poreca\/#breadcrumb","itemListElement":[{"@type":"ListItem","position":1,"name":"Po\u010detna stranica","item":"https:\/\/likemetkovic.hr\/portal\/"},{"@type":"ListItem","position":2,"name":"FOTO\/VIDEO | &#8220;Neretva Istri&#8221; &#8211; la\u0111ari Sv. Ilije odveslali dionicu od Savudrije do Pore\u010da"}]},{"@type":"WebSite","@id":"https:\/\/likemetkovic.hr\/#website","url":"https:\/\/likemetkovic.hr\/","name":"likemetkovic.hr","description":"Misli pozitivno... \u010ditaj LIKE","potentialAction":[{"@type":"SearchAction","target":{"@type":"EntryPoint","urlTemplate":"https:\/\/likemetkovic.hr\/?s={search_term_string}"},"query-input":{"@type":"PropertyValueSpecification","valueRequired":true,"valueName":"search_term_string"}}],"inLanguage":"hr"},{"@type":"Person","@id":"https:\/\/likemetkovic.hr\/#\/schema\/person\/a42711f3385a0e2be6f7e0443bfb28f0","name":"LIKEmetkovic.hr","sameAs":["http:\/\/likemetkovic.hr"],"url":"https:\/\/likemetkovic.hr\/portal\/author\/likemetkovic-hr\/"}]}},"_links":{"self":[{"href":"https:\/\/likemetkovic.hr\/portal\/wp-json\/wp\/v2\/posts\/130426","targetHints":{"allow":["GET"]}}],"collection":[{"href":"https:\/\/likemetkovic.hr\/portal\/wp-json\/wp\/v2\/posts"}],"about":[{"href":"https:\/\/likemetkovic.hr\/portal\/wp-json\/wp\/v2\/types\/post"}],"author":[{"embeddable":true,"href":"https:\/\/likemetkovic.hr\/portal\/wp-json\/wp\/v2\/users\/7"}],"replies":[{"embeddable":true,"href":"https:\/\/likemetkovic.hr\/portal\/wp-json\/wp\/v2\/comments?post=130426"}],"version-history":[{"count":1,"href":"https:\/\/likemetkovic.hr\/portal\/wp-json\/wp\/v2\/posts\/130426\/revisions"}],"predecessor-version":[{"id":130437,"href":"https:\/\/likemetkovic.hr\/portal\/wp-json\/wp\/v2\/posts\/130426\/revisions\/130437"}],"wp:featuredmedia":[{"embeddable":true,"href":"https:\/\/likemetkovic.hr\/portal\/wp-json\/wp\/v2\/media\/130428"}],"wp:attachment":[{"href":"https:\/\/likemetkovic.hr\/portal\/wp-json\/wp\/v2\/media?parent=130426"}],"wp:term":[{"taxonomy":"category","embeddable":true,"href":"https:\/\/likemetkovic.hr\/portal\/wp-json\/wp\/v2\/categories?post=130426"},{"taxonomy":"post_tag","embeddable":true,"href":"https:\/\/likemetkovic.hr\/portal\/wp-json\/wp\/v2\/tags?post=130426"}],"curies":[{"name":"wp","href":"https:\/\/api.w.org\/{rel}","templated":true}]}}