{"id":130549,"date":"2022-04-30T17:00:36","date_gmt":"2022-04-30T15:00:36","guid":{"rendered":"https:\/\/likemetkovic.hr\/?p=130549"},"modified":"2022-04-30T17:51:26","modified_gmt":"2022-04-30T15:51:26","slug":"opuzen-odrzan-sastanak-predstavnika-zupanije-sveucilista-u-zadru-i-hrvatskih-voda","status":"publish","type":"post","link":"https:\/\/likemetkovic.hr\/portal\/opuzen-odrzan-sastanak-predstavnika-zupanije-sveucilista-u-zadru-i-hrvatskih-voda\/","title":{"rendered":"OPUZEN | Odr\u017ean sastanak predstavnika \u017dupanije, Sveu\u010dili\u0161ta u Zadru i Hrvatskih voda"},"content":{"rendered":"<p>U Centru za nadzor i prevenciju posljedica poplava u Opuzenu odr\u017ean je sastanak dijela hrvatskih partnera na projektu STREAM. Uz predstavnike Dubrova\u010dko-neretvanske \u017eupanije nazo\u010dili su i predstavnik Sveu\u010dili\u0161ta u Zadru te predstavnik Hrvatskih voda, a glavna tema sastanka bila je izrada izrada mape i katastra rizika od poplava za podru\u010dje doline rijeke Neretve.<\/p>\n<p>Voditelj projekta STREAM za Dubrova\u010dko-neretvansku \u017eupaniju Mato Tomljanovi\u0107 je pozdravio sve nazo\u010dne te naglasio kako se u suradnji sa Sveu\u010dili\u0161tem u Zadru provode aktivnosti \u010dijom \u0107e se realizacijom dobiti va\u017eni podaci koji \u0107e pridonijeti pobolj\u0161anju sustava ranog upozorenja te smanjenju posljedica od poplava kojima je posebno izlo\u017eeno neretvansko podru\u010dje.<\/p>\n<p>Voditelj projekta za Sveu\u010dili\u0161te u Zadru Vlatko Roland predstavio je do sada prikupljene i obra\u0111ene podatke koje su dobili radom na terenu. Tako\u0111er je naglasio kako je va\u017eno pobolj\u0161ati detekciju, pra\u0107enje i upravljanje rizikom od poplava te razviti sustav ranog upozorenja koji \u0107e pove\u0107ati sigurnost i umanjiti \u0161tetne posljedice na ljudsko zdravlje, okoli\u0161, kulturnu ba\u0161tinu i ekonomiju. Upravo na tome radi Sveu\u010dili\u0161te u Zadru i to \u0107e se napraviti kroz izradu katastra pluvijalnih poplava, modela rizika od poplava i planova upravljanja rizikom od poplava.<\/p>\n<p>Predstavnik Hrvatskih voda Andrej Pavlovi\u0107 naglasio je da \u0107e ovaj dokument pomo\u0107i daljnjem ubla\u017eavanju rizika od poplava, podizanju svijesti gra\u0111ana i donositelja odluka.<br data-uw-styling-context=\"true\" \/>Vrijednost projektnih aktivnosti na na\u0161em podru\u010dju je 5,8 milijuna kuna, od \u010dega se sredstvima Europskog fonda za regionalni razvoj, putem programa prekograni\u010dne suradnje Interreg Italija-Hrvatska, sufinancira 85 posto tog iznosa. Ostatak od 15 posto osigurava Dubrova\u010dko-neretvanska \u017eupanija vlastitim sredstvima, a sve aktivnosti se provode uz stru\u010dnu i tehni\u010dku pomo\u0107 Regionalne razvojne agencije Dubrova\u010dko-neretvanske \u017eupanije DUNEA.<\/p>\n","protected":false},"excerpt":{"rendered":"<p>U Centru za nadzor i prevenciju posljedica poplava u Opuzenu odr\u017ean je sastanak dijela hrvatskih partnera na projektu STREAM. Uz predstavnike Dubrova\u010dko-neretvanske \u017eupanije nazo\u010dili su i predstavnik Sveu\u010dili\u0161ta u Zadru te predstavnik Hrvatskih voda, a glavna tema sastanka bila je izrada izrada mape i katastra rizika od poplava za podru\u010dje doline rijeke Neretve. Voditelj projekta [&hellip;]<\/p>\n","protected":false},"author":7,"featured_media":130550,"comment_status":"open","ping_status":"open","sticky":false,"template":"","format":"standard","meta":{"footnotes":""},"categories":[296,11],"tags":[10078,10633],"class_list":{"0":"post-130549","1":"post","2":"type-post","3":"status-publish","4":"format-standard","5":"has-post-thumbnail","7":"category-ab","8":"category-metkovic-dolina","9":"tag-projekt-stream","10":"tag-rizik-od-poplava"},"yoast_head":"<!-- This site is optimized with the Yoast SEO plugin v25.2 - https:\/\/yoast.com\/wordpress\/plugins\/seo\/ -->\n<title>OPUZEN | Odr\u017ean sastanak predstavnika \u017dupanije, Sveu\u010dili\u0161ta u Zadru i Hrvatskih voda - likemetkovic.hr<\/title>\n<meta name=\"robots\" content=\"index, follow, max-snippet:-1, max-image-preview:large, max-video-preview:-1\" \/>\n<link rel=\"canonical\" href=\"https:\/\/likemetkovic.hr\/opuzen-odrzan-sastanak-predstavnika-zupanije-sveucilista-u-zadru-i-hrvatskih-voda\/\" \/>\n<meta property=\"og:locale\" content=\"hr_HR\" \/>\n<meta property=\"og:type\" content=\"article\" \/>\n<meta property=\"og:title\" content=\"OPUZEN | Odr\u017ean sastanak predstavnika \u017dupanije, Sveu\u010dili\u0161ta u Zadru i Hrvatskih voda - likemetkovic.hr\" \/>\n<meta property=\"og:description\" content=\"U Centru za nadzor i prevenciju posljedica poplava u Opuzenu odr\u017ean je sastanak dijela hrvatskih partnera na projektu STREAM. Uz predstavnike Dubrova\u010dko-neretvanske \u017eupanije nazo\u010dili su i predstavnik Sveu\u010dili\u0161ta u Zadru te predstavnik Hrvatskih voda, a glavna tema sastanka bila je izrada izrada mape i katastra rizika od poplava za podru\u010dje doline rijeke Neretve. Voditelj projekta [&hellip;]\" \/>\n<meta property=\"og:url\" content=\"https:\/\/likemetkovic.hr\/opuzen-odrzan-sastanak-predstavnika-zupanije-sveucilista-u-zadru-i-hrvatskih-voda\/\" \/>\n<meta property=\"og:site_name\" content=\"likemetkovic.hr\" \/>\n<meta property=\"article:publisher\" content=\"https:\/\/www.facebook.com\/likemetkovic.hr\/\" \/>\n<meta property=\"article:published_time\" content=\"2022-04-30T15:00:36+00:00\" \/>\n<meta property=\"article:modified_time\" content=\"2022-04-30T15:51:26+00:00\" \/>\n<meta property=\"og:image\" content=\"https:\/\/likemetkovic.hr\/wp-content\/uploads\/2022\/04\/stream.jpg\" \/>\n\t<meta property=\"og:image:width\" content=\"800\" \/>\n\t<meta property=\"og:image:height\" content=\"533\" \/>\n\t<meta property=\"og:image:type\" content=\"image\/jpeg\" \/>\n<meta name=\"author\" content=\"LIKEmetkovic.hr\" \/>\n<meta name=\"twitter:card\" content=\"summary_large_image\" \/>\n<meta name=\"twitter:label1\" content=\"Napisao\/la\" \/>\n\t<meta name=\"twitter:data1\" content=\"LIKEmetkovic.hr\" \/>\n\t<meta name=\"twitter:label2\" content=\"Procijenjeno vrijeme \u010ditanja\" \/>\n\t<meta name=\"twitter:data2\" content=\"2 minute\" \/>\n<script type=\"application\/ld+json\" class=\"yoast-schema-graph\">{\"@context\":\"https:\/\/schema.org\",\"@graph\":[{\"@type\":\"WebPage\",\"@id\":\"https:\/\/likemetkovic.hr\/opuzen-odrzan-sastanak-predstavnika-zupanije-sveucilista-u-zadru-i-hrvatskih-voda\/\",\"url\":\"https:\/\/likemetkovic.hr\/opuzen-odrzan-sastanak-predstavnika-zupanije-sveucilista-u-zadru-i-hrvatskih-voda\/\",\"name\":\"OPUZEN | Odr\u017ean sastanak predstavnika \u017dupanije, Sveu\u010dili\u0161ta u Zadru i Hrvatskih voda - likemetkovic.hr\",\"isPartOf\":{\"@id\":\"https:\/\/likemetkovic.hr\/#website\"},\"primaryImageOfPage\":{\"@id\":\"https:\/\/likemetkovic.hr\/opuzen-odrzan-sastanak-predstavnika-zupanije-sveucilista-u-zadru-i-hrvatskih-voda\/#primaryimage\"},\"image\":{\"@id\":\"https:\/\/likemetkovic.hr\/opuzen-odrzan-sastanak-predstavnika-zupanije-sveucilista-u-zadru-i-hrvatskih-voda\/#primaryimage\"},\"thumbnailUrl\":\"https:\/\/likemetkovic.hr\/portal\/wp-content\/uploads\/2022\/04\/stream.jpg\",\"datePublished\":\"2022-04-30T15:00:36+00:00\",\"dateModified\":\"2022-04-30T15:51:26+00:00\",\"author\":{\"@id\":\"https:\/\/likemetkovic.hr\/#\/schema\/person\/a42711f3385a0e2be6f7e0443bfb28f0\"},\"breadcrumb\":{\"@id\":\"https:\/\/likemetkovic.hr\/opuzen-odrzan-sastanak-predstavnika-zupanije-sveucilista-u-zadru-i-hrvatskih-voda\/#breadcrumb\"},\"inLanguage\":\"hr\",\"potentialAction\":[{\"@type\":\"ReadAction\",\"target\":[\"https:\/\/likemetkovic.hr\/opuzen-odrzan-sastanak-predstavnika-zupanije-sveucilista-u-zadru-i-hrvatskih-voda\/\"]}]},{\"@type\":\"ImageObject\",\"inLanguage\":\"hr\",\"@id\":\"https:\/\/likemetkovic.hr\/opuzen-odrzan-sastanak-predstavnika-zupanije-sveucilista-u-zadru-i-hrvatskih-voda\/#primaryimage\",\"url\":\"https:\/\/likemetkovic.hr\/portal\/wp-content\/uploads\/2022\/04\/stream.jpg\",\"contentUrl\":\"https:\/\/likemetkovic.hr\/portal\/wp-content\/uploads\/2022\/04\/stream.jpg\",\"width\":800,\"height\":533},{\"@type\":\"BreadcrumbList\",\"@id\":\"https:\/\/likemetkovic.hr\/opuzen-odrzan-sastanak-predstavnika-zupanije-sveucilista-u-zadru-i-hrvatskih-voda\/#breadcrumb\",\"itemListElement\":[{\"@type\":\"ListItem\",\"position\":1,\"name\":\"Po\u010detna stranica\",\"item\":\"https:\/\/likemetkovic.hr\/portal\/\"},{\"@type\":\"ListItem\",\"position\":2,\"name\":\"OPUZEN | Odr\u017ean sastanak predstavnika \u017dupanije, Sveu\u010dili\u0161ta u Zadru i Hrvatskih voda\"}]},{\"@type\":\"WebSite\",\"@id\":\"https:\/\/likemetkovic.hr\/#website\",\"url\":\"https:\/\/likemetkovic.hr\/\",\"name\":\"likemetkovic.hr\",\"description\":\"Misli pozitivno... \u010ditaj LIKE\",\"potentialAction\":[{\"@type\":\"SearchAction\",\"target\":{\"@type\":\"EntryPoint\",\"urlTemplate\":\"https:\/\/likemetkovic.hr\/?s={search_term_string}\"},\"query-input\":{\"@type\":\"PropertyValueSpecification\",\"valueRequired\":true,\"valueName\":\"search_term_string\"}}],\"inLanguage\":\"hr\"},{\"@type\":\"Person\",\"@id\":\"https:\/\/likemetkovic.hr\/#\/schema\/person\/a42711f3385a0e2be6f7e0443bfb28f0\",\"name\":\"LIKEmetkovic.hr\",\"sameAs\":[\"http:\/\/likemetkovic.hr\"],\"url\":\"https:\/\/likemetkovic.hr\/portal\/author\/likemetkovic-hr\/\"}]}<\/script>\n<!-- \/ Yoast SEO plugin. -->","yoast_head_json":{"title":"OPUZEN | Odr\u017ean sastanak predstavnika \u017dupanije, Sveu\u010dili\u0161ta u Zadru i Hrvatskih voda - likemetkovic.hr","robots":{"index":"index","follow":"follow","max-snippet":"max-snippet:-1","max-image-preview":"max-image-preview:large","max-video-preview":"max-video-preview:-1"},"canonical":"https:\/\/likemetkovic.hr\/opuzen-odrzan-sastanak-predstavnika-zupanije-sveucilista-u-zadru-i-hrvatskih-voda\/","og_locale":"hr_HR","og_type":"article","og_title":"OPUZEN | Odr\u017ean sastanak predstavnika \u017dupanije, Sveu\u010dili\u0161ta u Zadru i Hrvatskih voda - likemetkovic.hr","og_description":"U Centru za nadzor i prevenciju posljedica poplava u Opuzenu odr\u017ean je sastanak dijela hrvatskih partnera na projektu STREAM. Uz predstavnike Dubrova\u010dko-neretvanske \u017eupanije nazo\u010dili su i predstavnik Sveu\u010dili\u0161ta u Zadru te predstavnik Hrvatskih voda, a glavna tema sastanka bila je izrada izrada mape i katastra rizika od poplava za podru\u010dje doline rijeke Neretve. Voditelj projekta [&hellip;]","og_url":"https:\/\/likemetkovic.hr\/opuzen-odrzan-sastanak-predstavnika-zupanije-sveucilista-u-zadru-i-hrvatskih-voda\/","og_site_name":"likemetkovic.hr","article_publisher":"https:\/\/www.facebook.com\/likemetkovic.hr\/","article_published_time":"2022-04-30T15:00:36+00:00","article_modified_time":"2022-04-30T15:51:26+00:00","og_image":[{"width":800,"height":533,"url":"https:\/\/likemetkovic.hr\/wp-content\/uploads\/2022\/04\/stream.jpg","type":"image\/jpeg"}],"author":"LIKEmetkovic.hr","twitter_card":"summary_large_image","twitter_misc":{"Napisao\/la":"LIKEmetkovic.hr","Procijenjeno vrijeme \u010ditanja":"2 minute"},"schema":{"@context":"https:\/\/schema.org","@graph":[{"@type":"WebPage","@id":"https:\/\/likemetkovic.hr\/opuzen-odrzan-sastanak-predstavnika-zupanije-sveucilista-u-zadru-i-hrvatskih-voda\/","url":"https:\/\/likemetkovic.hr\/opuzen-odrzan-sastanak-predstavnika-zupanije-sveucilista-u-zadru-i-hrvatskih-voda\/","name":"OPUZEN | Odr\u017ean sastanak predstavnika \u017dupanije, Sveu\u010dili\u0161ta u Zadru i Hrvatskih voda - likemetkovic.hr","isPartOf":{"@id":"https:\/\/likemetkovic.hr\/#website"},"primaryImageOfPage":{"@id":"https:\/\/likemetkovic.hr\/opuzen-odrzan-sastanak-predstavnika-zupanije-sveucilista-u-zadru-i-hrvatskih-voda\/#primaryimage"},"image":{"@id":"https:\/\/likemetkovic.hr\/opuzen-odrzan-sastanak-predstavnika-zupanije-sveucilista-u-zadru-i-hrvatskih-voda\/#primaryimage"},"thumbnailUrl":"https:\/\/likemetkovic.hr\/portal\/wp-content\/uploads\/2022\/04\/stream.jpg","datePublished":"2022-04-30T15:00:36+00:00","dateModified":"2022-04-30T15:51:26+00:00","author":{"@id":"https:\/\/likemetkovic.hr\/#\/schema\/person\/a42711f3385a0e2be6f7e0443bfb28f0"},"breadcrumb":{"@id":"https:\/\/likemetkovic.hr\/opuzen-odrzan-sastanak-predstavnika-zupanije-sveucilista-u-zadru-i-hrvatskih-voda\/#breadcrumb"},"inLanguage":"hr","potentialAction":[{"@type":"ReadAction","target":["https:\/\/likemetkovic.hr\/opuzen-odrzan-sastanak-predstavnika-zupanije-sveucilista-u-zadru-i-hrvatskih-voda\/"]}]},{"@type":"ImageObject","inLanguage":"hr","@id":"https:\/\/likemetkovic.hr\/opuzen-odrzan-sastanak-predstavnika-zupanije-sveucilista-u-zadru-i-hrvatskih-voda\/#primaryimage","url":"https:\/\/likemetkovic.hr\/portal\/wp-content\/uploads\/2022\/04\/stream.jpg","contentUrl":"https:\/\/likemetkovic.hr\/portal\/wp-content\/uploads\/2022\/04\/stream.jpg","width":800,"height":533},{"@type":"BreadcrumbList","@id":"https:\/\/likemetkovic.hr\/opuzen-odrzan-sastanak-predstavnika-zupanije-sveucilista-u-zadru-i-hrvatskih-voda\/#breadcrumb","itemListElement":[{"@type":"ListItem","position":1,"name":"Po\u010detna stranica","item":"https:\/\/likemetkovic.hr\/portal\/"},{"@type":"ListItem","position":2,"name":"OPUZEN | Odr\u017ean sastanak predstavnika \u017dupanije, Sveu\u010dili\u0161ta u Zadru i Hrvatskih voda"}]},{"@type":"WebSite","@id":"https:\/\/likemetkovic.hr\/#website","url":"https:\/\/likemetkovic.hr\/","name":"likemetkovic.hr","description":"Misli pozitivno... \u010ditaj LIKE","potentialAction":[{"@type":"SearchAction","target":{"@type":"EntryPoint","urlTemplate":"https:\/\/likemetkovic.hr\/?s={search_term_string}"},"query-input":{"@type":"PropertyValueSpecification","valueRequired":true,"valueName":"search_term_string"}}],"inLanguage":"hr"},{"@type":"Person","@id":"https:\/\/likemetkovic.hr\/#\/schema\/person\/a42711f3385a0e2be6f7e0443bfb28f0","name":"LIKEmetkovic.hr","sameAs":["http:\/\/likemetkovic.hr"],"url":"https:\/\/likemetkovic.hr\/portal\/author\/likemetkovic-hr\/"}]}},"_links":{"self":[{"href":"https:\/\/likemetkovic.hr\/portal\/wp-json\/wp\/v2\/posts\/130549","targetHints":{"allow":["GET"]}}],"collection":[{"href":"https:\/\/likemetkovic.hr\/portal\/wp-json\/wp\/v2\/posts"}],"about":[{"href":"https:\/\/likemetkovic.hr\/portal\/wp-json\/wp\/v2\/types\/post"}],"author":[{"embeddable":true,"href":"https:\/\/likemetkovic.hr\/portal\/wp-json\/wp\/v2\/users\/7"}],"replies":[{"embeddable":true,"href":"https:\/\/likemetkovic.hr\/portal\/wp-json\/wp\/v2\/comments?post=130549"}],"version-history":[{"count":1,"href":"https:\/\/likemetkovic.hr\/portal\/wp-json\/wp\/v2\/posts\/130549\/revisions"}],"predecessor-version":[{"id":130551,"href":"https:\/\/likemetkovic.hr\/portal\/wp-json\/wp\/v2\/posts\/130549\/revisions\/130551"}],"wp:featuredmedia":[{"embeddable":true,"href":"https:\/\/likemetkovic.hr\/portal\/wp-json\/wp\/v2\/media\/130550"}],"wp:attachment":[{"href":"https:\/\/likemetkovic.hr\/portal\/wp-json\/wp\/v2\/media?parent=130549"}],"wp:term":[{"taxonomy":"category","embeddable":true,"href":"https:\/\/likemetkovic.hr\/portal\/wp-json\/wp\/v2\/categories?post=130549"},{"taxonomy":"post_tag","embeddable":true,"href":"https:\/\/likemetkovic.hr\/portal\/wp-json\/wp\/v2\/tags?post=130549"}],"curies":[{"name":"wp","href":"https:\/\/api.w.org\/{rel}","templated":true}]}}