{"id":130561,"date":"2022-05-01T08:37:29","date_gmt":"2022-05-01T06:37:29","guid":{"rendered":"https:\/\/likemetkovic.hr\/?p=130561"},"modified":"2023-05-01T09:30:40","modified_gmt":"2023-05-01T07:30:40","slug":"prvomajske-skerce-posebno-uredena-opuzenska-pjaca","status":"publish","type":"post","link":"https:\/\/likemetkovic.hr\/portal\/prvomajske-skerce-posebno-uredena-opuzenska-pjaca\/","title":{"rendered":"PRVOMAJSKE \u0160KERCE | Posebno &#8216;ure\u0111ena&#8217; opuzenska Pjaca"},"content":{"rendered":"<p>Stari obi\u010daj je u Opuzenu da se tijekom no\u0107i 1. svibnja prave svakojake <em>\u0161kerce<\/em>.<\/p>\n<p>No\u0107as je, u duhu tradicije, posebno\u00a0<em>ure\u0111ena<\/em> opuzenska Pjaca: svega tu ima&#8230; sve \u0161to se moglo pomaknuti, ponijeti i premjestiti na\u0161lo je svoje mjesto. Ako nekome ne\u0161to fali, zna gdje \u0107e na\u0107i&#8230;<\/p>\n<p><img decoding=\"async\" class=\"alignnone wp-image-130562 size-full\" src=\"https:\/\/likemetkovic.hr\/portal\/wp-content\/uploads\/2022\/05\/1.svibnja-opuzen-pjaca.jpg\" alt=\"\" width=\"800\" height=\"438\" srcset=\"https:\/\/likemetkovic.hr\/portal\/wp-content\/uploads\/2022\/05\/1.svibnja-opuzen-pjaca.jpg 800w, https:\/\/likemetkovic.hr\/portal\/wp-content\/uploads\/2022\/05\/1.svibnja-opuzen-pjaca-768x420.jpg 768w, https:\/\/likemetkovic.hr\/portal\/wp-content\/uploads\/2022\/05\/1.svibnja-opuzen-pjaca-696x381.jpg 696w, https:\/\/likemetkovic.hr\/portal\/wp-content\/uploads\/2022\/05\/1.svibnja-opuzen-pjaca-767x420.jpg 767w\" sizes=\"(max-width: 800px) 100vw, 800px\" \/>Foto: Javnost.hr<\/p>\n","protected":false},"excerpt":{"rendered":"<p>Stari obi\u010daj je u Opuzenu da se tijekom no\u0107i 1. svibnja prave svakojake \u0161kerce. No\u0107as je, u duhu tradicije, posebno\u00a0ure\u0111ena opuzenska Pjaca: svega tu ima&#8230; sve \u0161to se moglo pomaknuti, ponijeti i premjestiti na\u0161lo je svoje mjesto. Ako nekome ne\u0161to fali, zna gdje \u0107e na\u0107i&#8230; Foto: Javnost.hr<\/p>\n","protected":false},"author":7,"featured_media":130562,"comment_status":"open","ping_status":"open","sticky":false,"template":"","format":"standard","meta":{"footnotes":""},"categories":[296,11],"tags":[11658],"class_list":{"0":"post-130561","1":"post","2":"type-post","3":"status-publish","4":"format-standard","5":"has-post-thumbnail","7":"category-ab","8":"category-metkovic-dolina","9":"tag-prvi-svibnja"},"yoast_head":"<!-- This site is optimized with the Yoast SEO plugin v25.2 - https:\/\/yoast.com\/wordpress\/plugins\/seo\/ -->\n<title>PRVOMAJSKE \u0160KERCE | Posebno &#039;ure\u0111ena&#039; opuzenska Pjaca - likemetkovic.hr<\/title>\n<meta name=\"robots\" content=\"index, follow, max-snippet:-1, max-image-preview:large, max-video-preview:-1\" \/>\n<link rel=\"canonical\" href=\"https:\/\/likemetkovic.hr\/portal\/prvomajske-skerce-posebno-uredena-opuzenska-pjaca\/\" \/>\n<meta property=\"og:locale\" content=\"hr_HR\" \/>\n<meta property=\"og:type\" content=\"article\" \/>\n<meta property=\"og:title\" content=\"PRVOMAJSKE \u0160KERCE | Posebno &#039;ure\u0111ena&#039; opuzenska Pjaca - likemetkovic.hr\" \/>\n<meta property=\"og:description\" content=\"Stari obi\u010daj je u Opuzenu da se tijekom no\u0107i 1. svibnja prave svakojake \u0161kerce. No\u0107as je, u duhu tradicije, posebno\u00a0ure\u0111ena opuzenska Pjaca: svega tu ima&#8230; sve \u0161to se moglo pomaknuti, ponijeti i premjestiti na\u0161lo je svoje mjesto. Ako nekome ne\u0161to fali, zna gdje \u0107e na\u0107i&#8230; Foto: Javnost.hr\" \/>\n<meta property=\"og:url\" content=\"https:\/\/likemetkovic.hr\/portal\/prvomajske-skerce-posebno-uredena-opuzenska-pjaca\/\" \/>\n<meta property=\"og:site_name\" content=\"likemetkovic.hr\" \/>\n<meta property=\"article:publisher\" content=\"https:\/\/www.facebook.com\/likemetkovic.hr\/\" \/>\n<meta property=\"article:published_time\" content=\"2022-05-01T06:37:29+00:00\" \/>\n<meta property=\"article:modified_time\" content=\"2023-05-01T07:30:40+00:00\" \/>\n<meta property=\"og:image\" content=\"https:\/\/likemetkovic.hr\/portal\/wp-content\/uploads\/2022\/05\/1.svibnja-opuzen-pjaca.jpg\" \/>\n\t<meta property=\"og:image:width\" content=\"800\" \/>\n\t<meta property=\"og:image:height\" content=\"438\" \/>\n\t<meta property=\"og:image:type\" content=\"image\/jpeg\" \/>\n<meta name=\"author\" content=\"LIKEmetkovic.hr\" \/>\n<meta name=\"twitter:card\" content=\"summary_large_image\" \/>\n<meta name=\"twitter:label1\" content=\"Napisao\/la\" \/>\n\t<meta name=\"twitter:data1\" content=\"LIKEmetkovic.hr\" \/>\n\t<meta name=\"twitter:label2\" content=\"Procijenjeno vrijeme \u010ditanja\" \/>\n\t<meta name=\"twitter:data2\" content=\"1 minuta\" \/>\n<script type=\"application\/ld+json\" class=\"yoast-schema-graph\">{\"@context\":\"https:\/\/schema.org\",\"@graph\":[{\"@type\":\"WebPage\",\"@id\":\"https:\/\/likemetkovic.hr\/portal\/prvomajske-skerce-posebno-uredena-opuzenska-pjaca\/\",\"url\":\"https:\/\/likemetkovic.hr\/portal\/prvomajske-skerce-posebno-uredena-opuzenska-pjaca\/\",\"name\":\"PRVOMAJSKE \u0160KERCE | Posebno 'ure\u0111ena' opuzenska Pjaca - likemetkovic.hr\",\"isPartOf\":{\"@id\":\"https:\/\/likemetkovic.hr\/#website\"},\"primaryImageOfPage\":{\"@id\":\"https:\/\/likemetkovic.hr\/portal\/prvomajske-skerce-posebno-uredena-opuzenska-pjaca\/#primaryimage\"},\"image\":{\"@id\":\"https:\/\/likemetkovic.hr\/portal\/prvomajske-skerce-posebno-uredena-opuzenska-pjaca\/#primaryimage\"},\"thumbnailUrl\":\"https:\/\/likemetkovic.hr\/portal\/wp-content\/uploads\/2022\/05\/1.svibnja-opuzen-pjaca.jpg\",\"datePublished\":\"2022-05-01T06:37:29+00:00\",\"dateModified\":\"2023-05-01T07:30:40+00:00\",\"author\":{\"@id\":\"https:\/\/likemetkovic.hr\/#\/schema\/person\/a42711f3385a0e2be6f7e0443bfb28f0\"},\"breadcrumb\":{\"@id\":\"https:\/\/likemetkovic.hr\/portal\/prvomajske-skerce-posebno-uredena-opuzenska-pjaca\/#breadcrumb\"},\"inLanguage\":\"hr\",\"potentialAction\":[{\"@type\":\"ReadAction\",\"target\":[\"https:\/\/likemetkovic.hr\/portal\/prvomajske-skerce-posebno-uredena-opuzenska-pjaca\/\"]}]},{\"@type\":\"ImageObject\",\"inLanguage\":\"hr\",\"@id\":\"https:\/\/likemetkovic.hr\/portal\/prvomajske-skerce-posebno-uredena-opuzenska-pjaca\/#primaryimage\",\"url\":\"https:\/\/likemetkovic.hr\/portal\/wp-content\/uploads\/2022\/05\/1.svibnja-opuzen-pjaca.jpg\",\"contentUrl\":\"https:\/\/likemetkovic.hr\/portal\/wp-content\/uploads\/2022\/05\/1.svibnja-opuzen-pjaca.jpg\",\"width\":800,\"height\":438},{\"@type\":\"BreadcrumbList\",\"@id\":\"https:\/\/likemetkovic.hr\/portal\/prvomajske-skerce-posebno-uredena-opuzenska-pjaca\/#breadcrumb\",\"itemListElement\":[{\"@type\":\"ListItem\",\"position\":1,\"name\":\"Po\u010detna stranica\",\"item\":\"https:\/\/likemetkovic.hr\/portal\/\"},{\"@type\":\"ListItem\",\"position\":2,\"name\":\"PRVOMAJSKE \u0160KERCE | Posebno &#8216;ure\u0111ena&#8217; opuzenska Pjaca\"}]},{\"@type\":\"WebSite\",\"@id\":\"https:\/\/likemetkovic.hr\/#website\",\"url\":\"https:\/\/likemetkovic.hr\/\",\"name\":\"likemetkovic.hr\",\"description\":\"Misli pozitivno... \u010ditaj LIKE\",\"potentialAction\":[{\"@type\":\"SearchAction\",\"target\":{\"@type\":\"EntryPoint\",\"urlTemplate\":\"https:\/\/likemetkovic.hr\/?s={search_term_string}\"},\"query-input\":{\"@type\":\"PropertyValueSpecification\",\"valueRequired\":true,\"valueName\":\"search_term_string\"}}],\"inLanguage\":\"hr\"},{\"@type\":\"Person\",\"@id\":\"https:\/\/likemetkovic.hr\/#\/schema\/person\/a42711f3385a0e2be6f7e0443bfb28f0\",\"name\":\"LIKEmetkovic.hr\",\"sameAs\":[\"http:\/\/likemetkovic.hr\"],\"url\":\"https:\/\/likemetkovic.hr\/portal\/author\/likemetkovic-hr\/\"}]}<\/script>\n<!-- \/ Yoast SEO plugin. -->","yoast_head_json":{"title":"PRVOMAJSKE \u0160KERCE | Posebno 'ure\u0111ena' opuzenska Pjaca - likemetkovic.hr","robots":{"index":"index","follow":"follow","max-snippet":"max-snippet:-1","max-image-preview":"max-image-preview:large","max-video-preview":"max-video-preview:-1"},"canonical":"https:\/\/likemetkovic.hr\/portal\/prvomajske-skerce-posebno-uredena-opuzenska-pjaca\/","og_locale":"hr_HR","og_type":"article","og_title":"PRVOMAJSKE \u0160KERCE | Posebno 'ure\u0111ena' opuzenska Pjaca - likemetkovic.hr","og_description":"Stari obi\u010daj je u Opuzenu da se tijekom no\u0107i 1. svibnja prave svakojake \u0161kerce. No\u0107as je, u duhu tradicije, posebno\u00a0ure\u0111ena opuzenska Pjaca: svega tu ima&#8230; sve \u0161to se moglo pomaknuti, ponijeti i premjestiti na\u0161lo je svoje mjesto. Ako nekome ne\u0161to fali, zna gdje \u0107e na\u0107i&#8230; Foto: Javnost.hr","og_url":"https:\/\/likemetkovic.hr\/portal\/prvomajske-skerce-posebno-uredena-opuzenska-pjaca\/","og_site_name":"likemetkovic.hr","article_publisher":"https:\/\/www.facebook.com\/likemetkovic.hr\/","article_published_time":"2022-05-01T06:37:29+00:00","article_modified_time":"2023-05-01T07:30:40+00:00","og_image":[{"width":800,"height":438,"url":"https:\/\/likemetkovic.hr\/portal\/wp-content\/uploads\/2022\/05\/1.svibnja-opuzen-pjaca.jpg","type":"image\/jpeg"}],"author":"LIKEmetkovic.hr","twitter_card":"summary_large_image","twitter_misc":{"Napisao\/la":"LIKEmetkovic.hr","Procijenjeno vrijeme \u010ditanja":"1 minuta"},"schema":{"@context":"https:\/\/schema.org","@graph":[{"@type":"WebPage","@id":"https:\/\/likemetkovic.hr\/portal\/prvomajske-skerce-posebno-uredena-opuzenska-pjaca\/","url":"https:\/\/likemetkovic.hr\/portal\/prvomajske-skerce-posebno-uredena-opuzenska-pjaca\/","name":"PRVOMAJSKE \u0160KERCE | Posebno 'ure\u0111ena' opuzenska Pjaca - likemetkovic.hr","isPartOf":{"@id":"https:\/\/likemetkovic.hr\/#website"},"primaryImageOfPage":{"@id":"https:\/\/likemetkovic.hr\/portal\/prvomajske-skerce-posebno-uredena-opuzenska-pjaca\/#primaryimage"},"image":{"@id":"https:\/\/likemetkovic.hr\/portal\/prvomajske-skerce-posebno-uredena-opuzenska-pjaca\/#primaryimage"},"thumbnailUrl":"https:\/\/likemetkovic.hr\/portal\/wp-content\/uploads\/2022\/05\/1.svibnja-opuzen-pjaca.jpg","datePublished":"2022-05-01T06:37:29+00:00","dateModified":"2023-05-01T07:30:40+00:00","author":{"@id":"https:\/\/likemetkovic.hr\/#\/schema\/person\/a42711f3385a0e2be6f7e0443bfb28f0"},"breadcrumb":{"@id":"https:\/\/likemetkovic.hr\/portal\/prvomajske-skerce-posebno-uredena-opuzenska-pjaca\/#breadcrumb"},"inLanguage":"hr","potentialAction":[{"@type":"ReadAction","target":["https:\/\/likemetkovic.hr\/portal\/prvomajske-skerce-posebno-uredena-opuzenska-pjaca\/"]}]},{"@type":"ImageObject","inLanguage":"hr","@id":"https:\/\/likemetkovic.hr\/portal\/prvomajske-skerce-posebno-uredena-opuzenska-pjaca\/#primaryimage","url":"https:\/\/likemetkovic.hr\/portal\/wp-content\/uploads\/2022\/05\/1.svibnja-opuzen-pjaca.jpg","contentUrl":"https:\/\/likemetkovic.hr\/portal\/wp-content\/uploads\/2022\/05\/1.svibnja-opuzen-pjaca.jpg","width":800,"height":438},{"@type":"BreadcrumbList","@id":"https:\/\/likemetkovic.hr\/portal\/prvomajske-skerce-posebno-uredena-opuzenska-pjaca\/#breadcrumb","itemListElement":[{"@type":"ListItem","position":1,"name":"Po\u010detna stranica","item":"https:\/\/likemetkovic.hr\/portal\/"},{"@type":"ListItem","position":2,"name":"PRVOMAJSKE \u0160KERCE | Posebno &#8216;ure\u0111ena&#8217; opuzenska Pjaca"}]},{"@type":"WebSite","@id":"https:\/\/likemetkovic.hr\/#website","url":"https:\/\/likemetkovic.hr\/","name":"likemetkovic.hr","description":"Misli pozitivno... \u010ditaj LIKE","potentialAction":[{"@type":"SearchAction","target":{"@type":"EntryPoint","urlTemplate":"https:\/\/likemetkovic.hr\/?s={search_term_string}"},"query-input":{"@type":"PropertyValueSpecification","valueRequired":true,"valueName":"search_term_string"}}],"inLanguage":"hr"},{"@type":"Person","@id":"https:\/\/likemetkovic.hr\/#\/schema\/person\/a42711f3385a0e2be6f7e0443bfb28f0","name":"LIKEmetkovic.hr","sameAs":["http:\/\/likemetkovic.hr"],"url":"https:\/\/likemetkovic.hr\/portal\/author\/likemetkovic-hr\/"}]}},"_links":{"self":[{"href":"https:\/\/likemetkovic.hr\/portal\/wp-json\/wp\/v2\/posts\/130561","targetHints":{"allow":["GET"]}}],"collection":[{"href":"https:\/\/likemetkovic.hr\/portal\/wp-json\/wp\/v2\/posts"}],"about":[{"href":"https:\/\/likemetkovic.hr\/portal\/wp-json\/wp\/v2\/types\/post"}],"author":[{"embeddable":true,"href":"https:\/\/likemetkovic.hr\/portal\/wp-json\/wp\/v2\/users\/7"}],"replies":[{"embeddable":true,"href":"https:\/\/likemetkovic.hr\/portal\/wp-json\/wp\/v2\/comments?post=130561"}],"version-history":[{"count":3,"href":"https:\/\/likemetkovic.hr\/portal\/wp-json\/wp\/v2\/posts\/130561\/revisions"}],"predecessor-version":[{"id":142880,"href":"https:\/\/likemetkovic.hr\/portal\/wp-json\/wp\/v2\/posts\/130561\/revisions\/142880"}],"wp:featuredmedia":[{"embeddable":true,"href":"https:\/\/likemetkovic.hr\/portal\/wp-json\/wp\/v2\/media\/130562"}],"wp:attachment":[{"href":"https:\/\/likemetkovic.hr\/portal\/wp-json\/wp\/v2\/media?parent=130561"}],"wp:term":[{"taxonomy":"category","embeddable":true,"href":"https:\/\/likemetkovic.hr\/portal\/wp-json\/wp\/v2\/categories?post=130561"},{"taxonomy":"post_tag","embeddable":true,"href":"https:\/\/likemetkovic.hr\/portal\/wp-json\/wp\/v2\/tags?post=130561"}],"curies":[{"name":"wp","href":"https:\/\/api.w.org\/{rel}","templated":true}]}}