{"id":130670,"date":"2022-05-04T10:23:32","date_gmt":"2022-05-04T08:23:32","guid":{"rendered":"https:\/\/likemetkovic.hr\/?p=130670"},"modified":"2022-05-04T11:24:38","modified_gmt":"2022-05-04T09:24:38","slug":"jvp-metkovic-obiljezio-dan-sv-florijana-zastitnika-vatrogasaca","status":"publish","type":"post","link":"https:\/\/likemetkovic.hr\/portal\/jvp-metkovic-obiljezio-dan-sv-florijana-zastitnika-vatrogasaca\/","title":{"rendered":"JVP Metkovi\u0107 obilje\u017eio dan sv. Florijana, za\u0161titnika vatrogasaca"},"content":{"rendered":"<p>Danas je blagdan sv. Florijana, za\u0161titnika vatrogasca. JVP Metkovi\u0107 je svoj dan obilje\u017eio polaganjem vijenaca pred sredi\u0161njim kri\u017eem na Gradskom groblju i pred spomenikom u krugu postrojbe za pokojne vatrogasce.<\/p>\n<p>\u010cestitku vatrogascima uputio je i gradona\u010delnik <a href=\"https:\/\/www.metkovic.hr\/2022\/05\/04\/danas-se-obiljezava-blagdan-sv-florijana-zastitnika-vatrogasaca-cestitku-uputio-i-gradonacelnik-milan\/\" target=\"_blank\" rel=\"noopener\">Dalibor Milan<\/a>.<\/p>\n\r\n                <style type=\"text\/css\">\r\n                    \r\n                    #tdi_1  .td-doubleSlider-2 .td-item1 {\r\n                        background: url(https:\/\/likemetkovic.hr\/portal\/wp-content\/uploads\/2022\/05\/sv-florijan-2022-jvp-metkovic-1a-80x60.jpg) 0 0 no-repeat;\r\n                    }\r\n                    #tdi_1  .td-doubleSlider-2 .td-item2 {\r\n                        background: url(https:\/\/likemetkovic.hr\/portal\/wp-content\/uploads\/2022\/05\/sv-florijan-2022-jvp-metkovic-2a-80x60.jpg) 0 0 no-repeat;\r\n                    }\r\n                    #tdi_1  .td-doubleSlider-2 .td-item3 {\r\n                        background: url(https:\/\/likemetkovic.hr\/portal\/wp-content\/uploads\/2022\/05\/sv-florijan-2022-jvp-metkovic-3a-80x60.jpg) 0 0 no-repeat;\r\n                    }\r\n                    #tdi_1  .td-doubleSlider-2 .td-item4 {\r\n                        background: url(https:\/\/likemetkovic.hr\/portal\/wp-content\/uploads\/2022\/05\/sv-florijan-2022-jvp-metkovic-4a-80x60.jpg) 0 0 no-repeat;\r\n                    }\r\n                <\/style>\r\n\r\n                <div id=\"tdi_1\" class=\"td-gallery td-slide-on-2-columns\">\r\n                    <div class=\"post_td_gallery\">\r\n                        <div class=\"td-gallery-slide-top\">\r\n                           <div class=\"td-gallery-title\"><\/div>\r\n\r\n                            <div class=\"td-gallery-controls-wrapper\">\r\n                                <div class=\"td-gallery-slide-count\"><span class=\"td-gallery-slide-item-focus\">1<\/span> of 4<\/div>\r\n                                <div class=\"td-gallery-slide-prev-next-but\">\r\n                                    <i class = \"td-icon-left doubleSliderPrevButton\"><\/i>\r\n                                    <i class = \"td-icon-right doubleSliderNextButton\"><\/i>\r\n                                <\/div>\r\n                            <\/div>\r\n                        <\/div>\r\n\r\n                        <div class = \"td-doubleSlider-1 \">\r\n                            <div class = \"td-slider\">\r\n                                \r\n                    <div class = \"td-slide-item td-item1\">\r\n                        <figure class=\"td-slide-galery-figure td-slide-popup-gallery\">\r\n                            <a class=\"slide-gallery-image-link\" href=\"https:\/\/likemetkovic.hr\/portal\/wp-content\/uploads\/2022\/05\/sv-florijan-2022-jvp-metkovic-1a.jpg\" title=\"sv florijan 2022 jvp metkovic (1a)\"  data-caption=\"\"  data-description=\"\">\r\n                                <img decoding=\"async\" src=\"https:\/\/likemetkovic.hr\/portal\/wp-content\/uploads\/2022\/05\/sv-florijan-2022-jvp-metkovic-1a-682x420.jpg\" srcset=\"https:\/\/likemetkovic.hr\/portal\/wp-content\/uploads\/2022\/05\/sv-florijan-2022-jvp-metkovic-1a-682x420.jpg 682w, https:\/\/likemetkovic.hr\/portal\/wp-content\/uploads\/2022\/05\/sv-florijan-2022-jvp-metkovic-1a-768x473.jpg 768w, https:\/\/likemetkovic.hr\/portal\/wp-content\/uploads\/2022\/05\/sv-florijan-2022-jvp-metkovic-1a-696x429.jpg 696w, https:\/\/likemetkovic.hr\/portal\/wp-content\/uploads\/2022\/05\/sv-florijan-2022-jvp-metkovic-1a-356x220.jpg 356w, https:\/\/likemetkovic.hr\/portal\/wp-content\/uploads\/2022\/05\/sv-florijan-2022-jvp-metkovic-1a.jpg 800w\" sizes=\"(max-width: 682px) 100vw, 682px\" alt=\"\">\r\n                            <\/a>\r\n                            \r\n                        <\/figure>\r\n                    <\/div>\r\n                    <div class = \"td-slide-item td-item2\">\r\n                        <figure class=\"td-slide-galery-figure td-slide-popup-gallery\">\r\n                            <a class=\"slide-gallery-image-link\" href=\"https:\/\/likemetkovic.hr\/portal\/wp-content\/uploads\/2022\/05\/sv-florijan-2022-jvp-metkovic-2a.jpg\" title=\"sv florijan 2022 jvp metkovic (2a)\"  data-caption=\"\"  data-description=\"\">\r\n                                <img decoding=\"async\" src=\"https:\/\/likemetkovic.hr\/portal\/wp-content\/uploads\/2022\/05\/sv-florijan-2022-jvp-metkovic-2a-568x420.jpg\" srcset=\"https:\/\/likemetkovic.hr\/portal\/wp-content\/uploads\/2022\/05\/sv-florijan-2022-jvp-metkovic-2a-568x420.jpg 568w, https:\/\/likemetkovic.hr\/portal\/wp-content\/uploads\/2022\/05\/sv-florijan-2022-jvp-metkovic-2a-768x568.jpg 768w, https:\/\/likemetkovic.hr\/portal\/wp-content\/uploads\/2022\/05\/sv-florijan-2022-jvp-metkovic-2a-485x360.jpg 485w, https:\/\/likemetkovic.hr\/portal\/wp-content\/uploads\/2022\/05\/sv-florijan-2022-jvp-metkovic-2a-696x515.jpg 696w, https:\/\/likemetkovic.hr\/portal\/wp-content\/uploads\/2022\/05\/sv-florijan-2022-jvp-metkovic-2a-80x60.jpg 80w, https:\/\/likemetkovic.hr\/portal\/wp-content\/uploads\/2022\/05\/sv-florijan-2022-jvp-metkovic-2a.jpg 800w\" sizes=\"(max-width: 568px) 100vw, 568px\" alt=\"\">\r\n                            <\/a>\r\n                            \r\n                        <\/figure>\r\n                    <\/div>\r\n                    <div class = \"td-slide-item td-item3\">\r\n                        <figure class=\"td-slide-galery-figure td-slide-popup-gallery\">\r\n                            <a class=\"slide-gallery-image-link\" href=\"https:\/\/likemetkovic.hr\/portal\/wp-content\/uploads\/2022\/05\/sv-florijan-2022-jvp-metkovic-3a.jpg\" title=\"sv florijan 2022 jvp metkovic (3a)\"  data-caption=\"\"  data-description=\"\">\r\n                                <img decoding=\"async\" src=\"https:\/\/likemetkovic.hr\/portal\/wp-content\/uploads\/2022\/05\/sv-florijan-2022-jvp-metkovic-3a-565x420.jpg\" srcset=\"https:\/\/likemetkovic.hr\/portal\/wp-content\/uploads\/2022\/05\/sv-florijan-2022-jvp-metkovic-3a-565x420.jpg 565w, https:\/\/likemetkovic.hr\/portal\/wp-content\/uploads\/2022\/05\/sv-florijan-2022-jvp-metkovic-3a-768x571.jpg 768w, https:\/\/likemetkovic.hr\/portal\/wp-content\/uploads\/2022\/05\/sv-florijan-2022-jvp-metkovic-3a-485x360.jpg 485w, https:\/\/likemetkovic.hr\/portal\/wp-content\/uploads\/2022\/05\/sv-florijan-2022-jvp-metkovic-3a-696x518.jpg 696w, https:\/\/likemetkovic.hr\/portal\/wp-content\/uploads\/2022\/05\/sv-florijan-2022-jvp-metkovic-3a-80x60.jpg 80w, https:\/\/likemetkovic.hr\/portal\/wp-content\/uploads\/2022\/05\/sv-florijan-2022-jvp-metkovic-3a-265x198.jpg 265w, https:\/\/likemetkovic.hr\/portal\/wp-content\/uploads\/2022\/05\/sv-florijan-2022-jvp-metkovic-3a.jpg 800w\" sizes=\"(max-width: 565px) 100vw, 565px\" alt=\"\">\r\n                            <\/a>\r\n                            \r\n                        <\/figure>\r\n                    <\/div>\r\n                    <div class = \"td-slide-item td-item4\">\r\n                        <figure class=\"td-slide-galery-figure td-slide-popup-gallery\">\r\n                            <a class=\"slide-gallery-image-link\" href=\"https:\/\/likemetkovic.hr\/portal\/wp-content\/uploads\/2022\/05\/sv-florijan-2022-jvp-metkovic-4a.jpg\" title=\"sv florijan 2022 jvp metkovic (4a)\"  data-caption=\"\"  data-description=\"\">\r\n                                <img decoding=\"async\" src=\"https:\/\/likemetkovic.hr\/portal\/wp-content\/uploads\/2022\/05\/sv-florijan-2022-jvp-metkovic-4a-651x420.jpg\" srcset=\"https:\/\/likemetkovic.hr\/portal\/wp-content\/uploads\/2022\/05\/sv-florijan-2022-jvp-metkovic-4a-651x420.jpg 651w, https:\/\/likemetkovic.hr\/portal\/wp-content\/uploads\/2022\/05\/sv-florijan-2022-jvp-metkovic-4a-768x495.jpg 768w, https:\/\/likemetkovic.hr\/portal\/wp-content\/uploads\/2022\/05\/sv-florijan-2022-jvp-metkovic-4a-696x449.jpg 696w, https:\/\/likemetkovic.hr\/portal\/wp-content\/uploads\/2022\/05\/sv-florijan-2022-jvp-metkovic-4a.jpg 800w\" sizes=\"(max-width: 651px) 100vw, 651px\" alt=\"\">\r\n                            <\/a>\r\n                            \r\n                        <\/figure>\r\n                    <\/div>\r\n                            <\/div>\r\n                        <\/div>\r\n\r\n                        <div class = \"td-doubleSlider-2\">\r\n                            <div class = \"td-slider\">\r\n                                \r\n                    <div class = \"td-button td-item1\">\r\n                        <div class = \"td-border\"><\/div>\r\n                    <\/div>\r\n                    <div class = \"td-button td-item2\">\r\n                        <div class = \"td-border\"><\/div>\r\n                    <\/div>\r\n                    <div class = \"td-button td-item3\">\r\n                        <div class = \"td-border\"><\/div>\r\n                    <\/div>\r\n                    <div class = \"td-button td-item4\">\r\n                        <div class = \"td-border\"><\/div>\r\n                    <\/div>\r\n                            <\/div>\r\n                        <\/div>\r\n\r\n                    <\/div>\r\n\r\n                <\/div>\r\n                \n","protected":false},"excerpt":{"rendered":"<p>Danas je blagdan sv. Florijana, za\u0161titnika vatrogasca. JVP Metkovi\u0107 je svoj dan obilje\u017eio polaganjem vijenaca pred sredi\u0161njim kri\u017eem na Gradskom groblju i pred spomenikom u krugu postrojbe za pokojne vatrogasce. \u010cestitku vatrogascima uputio je i gradona\u010delnik Dalibor Milan.<\/p>\n","protected":false},"author":9,"featured_media":130674,"comment_status":"open","ping_status":"open","sticky":false,"template":"","format":"standard","meta":{"footnotes":""},"categories":[283,11],"tags":[441,5118],"class_list":{"0":"post-130670","1":"post","2":"type-post","3":"status-publish","4":"format-standard","5":"has-post-thumbnail","7":"category-a","8":"category-metkovic-dolina","9":"tag-jvp-metkovic","10":"tag-sv-florijan"},"yoast_head":"<!-- This site is optimized with the Yoast SEO plugin v25.2 - https:\/\/yoast.com\/wordpress\/plugins\/seo\/ -->\n<title>JVP Metkovi\u0107 obilje\u017eio dan sv. Florijana, za\u0161titnika vatrogasaca - likemetkovic.hr<\/title>\n<meta name=\"robots\" content=\"index, follow, max-snippet:-1, max-image-preview:large, max-video-preview:-1\" \/>\n<link rel=\"canonical\" href=\"https:\/\/likemetkovic.hr\/jvp-metkovic-obiljezio-dan-sv-florijana-zastitnika-vatrogasaca\/\" \/>\n<meta property=\"og:locale\" content=\"hr_HR\" \/>\n<meta property=\"og:type\" content=\"article\" \/>\n<meta property=\"og:title\" content=\"JVP Metkovi\u0107 obilje\u017eio dan sv. Florijana, za\u0161titnika vatrogasaca - likemetkovic.hr\" \/>\n<meta property=\"og:description\" content=\"Danas je blagdan sv. Florijana, za\u0161titnika vatrogasca. JVP Metkovi\u0107 je svoj dan obilje\u017eio polaganjem vijenaca pred sredi\u0161njim kri\u017eem na Gradskom groblju i pred spomenikom u krugu postrojbe za pokojne vatrogasce. \u010cestitku vatrogascima uputio je i gradona\u010delnik Dalibor Milan.\" \/>\n<meta property=\"og:url\" content=\"https:\/\/likemetkovic.hr\/jvp-metkovic-obiljezio-dan-sv-florijana-zastitnika-vatrogasaca\/\" \/>\n<meta property=\"og:site_name\" content=\"likemetkovic.hr\" \/>\n<meta property=\"article:publisher\" content=\"https:\/\/www.facebook.com\/likemetkovic.hr\/\" \/>\n<meta property=\"article:published_time\" content=\"2022-05-04T08:23:32+00:00\" \/>\n<meta property=\"article:modified_time\" content=\"2022-05-04T09:24:38+00:00\" \/>\n<meta property=\"og:image\" content=\"https:\/\/likemetkovic.hr\/wp-content\/uploads\/2022\/05\/sv-florijan-2022-jvp-metkovic-4a.jpg\" \/>\n\t<meta property=\"og:image:width\" content=\"800\" \/>\n\t<meta property=\"og:image:height\" content=\"516\" \/>\n\t<meta property=\"og:image:type\" content=\"image\/jpeg\" \/>\n<meta name=\"author\" content=\"K. J.\" \/>\n<meta name=\"twitter:card\" content=\"summary_large_image\" \/>\n<meta name=\"twitter:label1\" content=\"Napisao\/la\" \/>\n\t<meta name=\"twitter:data1\" content=\"K. J.\" \/>\n<script type=\"application\/ld+json\" class=\"yoast-schema-graph\">{\"@context\":\"https:\/\/schema.org\",\"@graph\":[{\"@type\":\"WebPage\",\"@id\":\"https:\/\/likemetkovic.hr\/jvp-metkovic-obiljezio-dan-sv-florijana-zastitnika-vatrogasaca\/\",\"url\":\"https:\/\/likemetkovic.hr\/jvp-metkovic-obiljezio-dan-sv-florijana-zastitnika-vatrogasaca\/\",\"name\":\"JVP Metkovi\u0107 obilje\u017eio dan sv. Florijana, za\u0161titnika vatrogasaca - likemetkovic.hr\",\"isPartOf\":{\"@id\":\"https:\/\/likemetkovic.hr\/#website\"},\"primaryImageOfPage\":{\"@id\":\"https:\/\/likemetkovic.hr\/jvp-metkovic-obiljezio-dan-sv-florijana-zastitnika-vatrogasaca\/#primaryimage\"},\"image\":{\"@id\":\"https:\/\/likemetkovic.hr\/jvp-metkovic-obiljezio-dan-sv-florijana-zastitnika-vatrogasaca\/#primaryimage\"},\"thumbnailUrl\":\"https:\/\/likemetkovic.hr\/portal\/wp-content\/uploads\/2022\/05\/sv-florijan-2022-jvp-metkovic-4a.jpg\",\"datePublished\":\"2022-05-04T08:23:32+00:00\",\"dateModified\":\"2022-05-04T09:24:38+00:00\",\"author\":{\"@id\":\"https:\/\/likemetkovic.hr\/#\/schema\/person\/0a8b4ebfdfe1ff01192dccda40c5da0c\"},\"breadcrumb\":{\"@id\":\"https:\/\/likemetkovic.hr\/jvp-metkovic-obiljezio-dan-sv-florijana-zastitnika-vatrogasaca\/#breadcrumb\"},\"inLanguage\":\"hr\",\"potentialAction\":[{\"@type\":\"ReadAction\",\"target\":[\"https:\/\/likemetkovic.hr\/jvp-metkovic-obiljezio-dan-sv-florijana-zastitnika-vatrogasaca\/\"]}]},{\"@type\":\"ImageObject\",\"inLanguage\":\"hr\",\"@id\":\"https:\/\/likemetkovic.hr\/jvp-metkovic-obiljezio-dan-sv-florijana-zastitnika-vatrogasaca\/#primaryimage\",\"url\":\"https:\/\/likemetkovic.hr\/portal\/wp-content\/uploads\/2022\/05\/sv-florijan-2022-jvp-metkovic-4a.jpg\",\"contentUrl\":\"https:\/\/likemetkovic.hr\/portal\/wp-content\/uploads\/2022\/05\/sv-florijan-2022-jvp-metkovic-4a.jpg\",\"width\":800,\"height\":516},{\"@type\":\"BreadcrumbList\",\"@id\":\"https:\/\/likemetkovic.hr\/jvp-metkovic-obiljezio-dan-sv-florijana-zastitnika-vatrogasaca\/#breadcrumb\",\"itemListElement\":[{\"@type\":\"ListItem\",\"position\":1,\"name\":\"Po\u010detna stranica\",\"item\":\"https:\/\/likemetkovic.hr\/portal\/\"},{\"@type\":\"ListItem\",\"position\":2,\"name\":\"JVP Metkovi\u0107 obilje\u017eio dan sv. Florijana, za\u0161titnika vatrogasaca\"}]},{\"@type\":\"WebSite\",\"@id\":\"https:\/\/likemetkovic.hr\/#website\",\"url\":\"https:\/\/likemetkovic.hr\/\",\"name\":\"likemetkovic.hr\",\"description\":\"Misli pozitivno... \u010ditaj LIKE\",\"potentialAction\":[{\"@type\":\"SearchAction\",\"target\":{\"@type\":\"EntryPoint\",\"urlTemplate\":\"https:\/\/likemetkovic.hr\/?s={search_term_string}\"},\"query-input\":{\"@type\":\"PropertyValueSpecification\",\"valueRequired\":true,\"valueName\":\"search_term_string\"}}],\"inLanguage\":\"hr\"},{\"@type\":\"Person\",\"@id\":\"https:\/\/likemetkovic.hr\/#\/schema\/person\/0a8b4ebfdfe1ff01192dccda40c5da0c\",\"name\":\"K. J.\",\"url\":\"https:\/\/likemetkovic.hr\/portal\/author\/likemetkovic\/\"}]}<\/script>\n<!-- \/ Yoast SEO plugin. -->","yoast_head_json":{"title":"JVP Metkovi\u0107 obilje\u017eio dan sv. Florijana, za\u0161titnika vatrogasaca - likemetkovic.hr","robots":{"index":"index","follow":"follow","max-snippet":"max-snippet:-1","max-image-preview":"max-image-preview:large","max-video-preview":"max-video-preview:-1"},"canonical":"https:\/\/likemetkovic.hr\/jvp-metkovic-obiljezio-dan-sv-florijana-zastitnika-vatrogasaca\/","og_locale":"hr_HR","og_type":"article","og_title":"JVP Metkovi\u0107 obilje\u017eio dan sv. Florijana, za\u0161titnika vatrogasaca - likemetkovic.hr","og_description":"Danas je blagdan sv. Florijana, za\u0161titnika vatrogasca. JVP Metkovi\u0107 je svoj dan obilje\u017eio polaganjem vijenaca pred sredi\u0161njim kri\u017eem na Gradskom groblju i pred spomenikom u krugu postrojbe za pokojne vatrogasce. \u010cestitku vatrogascima uputio je i gradona\u010delnik Dalibor Milan.","og_url":"https:\/\/likemetkovic.hr\/jvp-metkovic-obiljezio-dan-sv-florijana-zastitnika-vatrogasaca\/","og_site_name":"likemetkovic.hr","article_publisher":"https:\/\/www.facebook.com\/likemetkovic.hr\/","article_published_time":"2022-05-04T08:23:32+00:00","article_modified_time":"2022-05-04T09:24:38+00:00","og_image":[{"width":800,"height":516,"url":"https:\/\/likemetkovic.hr\/wp-content\/uploads\/2022\/05\/sv-florijan-2022-jvp-metkovic-4a.jpg","type":"image\/jpeg"}],"author":"K. J.","twitter_card":"summary_large_image","twitter_misc":{"Napisao\/la":"K. J."},"schema":{"@context":"https:\/\/schema.org","@graph":[{"@type":"WebPage","@id":"https:\/\/likemetkovic.hr\/jvp-metkovic-obiljezio-dan-sv-florijana-zastitnika-vatrogasaca\/","url":"https:\/\/likemetkovic.hr\/jvp-metkovic-obiljezio-dan-sv-florijana-zastitnika-vatrogasaca\/","name":"JVP Metkovi\u0107 obilje\u017eio dan sv. Florijana, za\u0161titnika vatrogasaca - likemetkovic.hr","isPartOf":{"@id":"https:\/\/likemetkovic.hr\/#website"},"primaryImageOfPage":{"@id":"https:\/\/likemetkovic.hr\/jvp-metkovic-obiljezio-dan-sv-florijana-zastitnika-vatrogasaca\/#primaryimage"},"image":{"@id":"https:\/\/likemetkovic.hr\/jvp-metkovic-obiljezio-dan-sv-florijana-zastitnika-vatrogasaca\/#primaryimage"},"thumbnailUrl":"https:\/\/likemetkovic.hr\/portal\/wp-content\/uploads\/2022\/05\/sv-florijan-2022-jvp-metkovic-4a.jpg","datePublished":"2022-05-04T08:23:32+00:00","dateModified":"2022-05-04T09:24:38+00:00","author":{"@id":"https:\/\/likemetkovic.hr\/#\/schema\/person\/0a8b4ebfdfe1ff01192dccda40c5da0c"},"breadcrumb":{"@id":"https:\/\/likemetkovic.hr\/jvp-metkovic-obiljezio-dan-sv-florijana-zastitnika-vatrogasaca\/#breadcrumb"},"inLanguage":"hr","potentialAction":[{"@type":"ReadAction","target":["https:\/\/likemetkovic.hr\/jvp-metkovic-obiljezio-dan-sv-florijana-zastitnika-vatrogasaca\/"]}]},{"@type":"ImageObject","inLanguage":"hr","@id":"https:\/\/likemetkovic.hr\/jvp-metkovic-obiljezio-dan-sv-florijana-zastitnika-vatrogasaca\/#primaryimage","url":"https:\/\/likemetkovic.hr\/portal\/wp-content\/uploads\/2022\/05\/sv-florijan-2022-jvp-metkovic-4a.jpg","contentUrl":"https:\/\/likemetkovic.hr\/portal\/wp-content\/uploads\/2022\/05\/sv-florijan-2022-jvp-metkovic-4a.jpg","width":800,"height":516},{"@type":"BreadcrumbList","@id":"https:\/\/likemetkovic.hr\/jvp-metkovic-obiljezio-dan-sv-florijana-zastitnika-vatrogasaca\/#breadcrumb","itemListElement":[{"@type":"ListItem","position":1,"name":"Po\u010detna stranica","item":"https:\/\/likemetkovic.hr\/portal\/"},{"@type":"ListItem","position":2,"name":"JVP Metkovi\u0107 obilje\u017eio dan sv. Florijana, za\u0161titnika vatrogasaca"}]},{"@type":"WebSite","@id":"https:\/\/likemetkovic.hr\/#website","url":"https:\/\/likemetkovic.hr\/","name":"likemetkovic.hr","description":"Misli pozitivno... \u010ditaj LIKE","potentialAction":[{"@type":"SearchAction","target":{"@type":"EntryPoint","urlTemplate":"https:\/\/likemetkovic.hr\/?s={search_term_string}"},"query-input":{"@type":"PropertyValueSpecification","valueRequired":true,"valueName":"search_term_string"}}],"inLanguage":"hr"},{"@type":"Person","@id":"https:\/\/likemetkovic.hr\/#\/schema\/person\/0a8b4ebfdfe1ff01192dccda40c5da0c","name":"K. J.","url":"https:\/\/likemetkovic.hr\/portal\/author\/likemetkovic\/"}]}},"_links":{"self":[{"href":"https:\/\/likemetkovic.hr\/portal\/wp-json\/wp\/v2\/posts\/130670","targetHints":{"allow":["GET"]}}],"collection":[{"href":"https:\/\/likemetkovic.hr\/portal\/wp-json\/wp\/v2\/posts"}],"about":[{"href":"https:\/\/likemetkovic.hr\/portal\/wp-json\/wp\/v2\/types\/post"}],"author":[{"embeddable":true,"href":"https:\/\/likemetkovic.hr\/portal\/wp-json\/wp\/v2\/users\/9"}],"replies":[{"embeddable":true,"href":"https:\/\/likemetkovic.hr\/portal\/wp-json\/wp\/v2\/comments?post=130670"}],"version-history":[{"count":2,"href":"https:\/\/likemetkovic.hr\/portal\/wp-json\/wp\/v2\/posts\/130670\/revisions"}],"predecessor-version":[{"id":130679,"href":"https:\/\/likemetkovic.hr\/portal\/wp-json\/wp\/v2\/posts\/130670\/revisions\/130679"}],"wp:featuredmedia":[{"embeddable":true,"href":"https:\/\/likemetkovic.hr\/portal\/wp-json\/wp\/v2\/media\/130674"}],"wp:attachment":[{"href":"https:\/\/likemetkovic.hr\/portal\/wp-json\/wp\/v2\/media?parent=130670"}],"wp:term":[{"taxonomy":"category","embeddable":true,"href":"https:\/\/likemetkovic.hr\/portal\/wp-json\/wp\/v2\/categories?post=130670"},{"taxonomy":"post_tag","embeddable":true,"href":"https:\/\/likemetkovic.hr\/portal\/wp-json\/wp\/v2\/tags?post=130670"}],"curies":[{"name":"wp","href":"https:\/\/api.w.org\/{rel}","templated":true}]}}