{"id":130706,"date":"2022-05-05T08:58:44","date_gmt":"2022-05-05T06:58:44","guid":{"rendered":"https:\/\/likemetkovic.hr\/?p=130706"},"modified":"2022-05-05T09:05:48","modified_gmt":"2022-05-05T07:05:48","slug":"evo-otkud-dim-gori-odlagaliste-otpada-ada-kod-capljine","status":"publish","type":"post","link":"https:\/\/likemetkovic.hr\/portal\/evo-otkud-dim-gori-odlagaliste-otpada-ada-kod-capljine\/","title":{"rendered":"Evo otkud dim &#8211; gori odlagali\u0161te otpada Ada kod \u010capljine"},"content":{"rendered":"<p>Gusti sivi dim obavio je jutros \u010capljinu, i dolinu Neretve prema Metkovi\u0107u, kao posljedica po\u017eara na samom jugu gradskog sredi\u0161ta. Radi se o po\u017earu na odlagali\u0161te otpada Ada koja se nalazi neposredno uz stambene komplekse.<\/p>\n<p>Gore gume, plastika, sme\u0107e i ostali materijal koji se odla\u017ee na ovom odlagali\u0161tu. Ina\u010de, radi se o gradskom odlagali\u0161tu otpada koja je rak rana \u010capljine, a na \u010dije rje\u0161avanje gra\u0111ani \u010dekaju desetlje\u0107ima, objavio je jutros <a href=\"https:\/\/bljesak.info\/vijesti\/crna-kronika\/opet-gori-deponija-u-sredistu-capljine\/381838\">Bljesak.info.<\/a><\/p>\n<p><img decoding=\"async\" class=\"alignnone size-full wp-image-130707\" src=\"https:\/\/likemetkovic.hr\/wp-content\/uploads\/2022\/05\/Dim-Ada.jpg\" alt=\"\" width=\"800\" height=\"550\" srcset=\"https:\/\/likemetkovic.hr\/portal\/wp-content\/uploads\/2022\/05\/Dim-Ada.jpg 800w, https:\/\/likemetkovic.hr\/portal\/wp-content\/uploads\/2022\/05\/Dim-Ada-768x528.jpg 768w, https:\/\/likemetkovic.hr\/portal\/wp-content\/uploads\/2022\/05\/Dim-Ada-218x150.jpg 218w, https:\/\/likemetkovic.hr\/portal\/wp-content\/uploads\/2022\/05\/Dim-Ada-696x479.jpg 696w, https:\/\/likemetkovic.hr\/portal\/wp-content\/uploads\/2022\/05\/Dim-Ada-611x420.jpg 611w, https:\/\/likemetkovic.hr\/portal\/wp-content\/uploads\/2022\/05\/Dim-Ada-100x70.jpg 100w\" sizes=\"(max-width: 800px) 100vw, 800px\" \/><\/p>\n<p>\u010capljinski portal je jutros objavio i video stupa dima koji se di\u017ee i stotinu metara u visinu&#8230;<\/p>\n<p><iframe title=\"\u010capljina: Po\u017ear na deponiji Ada\" width=\"696\" height=\"392\" src=\"https:\/\/www.youtube.com\/embed\/UYQgqLU36r4?feature=oembed\" frameborder=\"0\" allow=\"accelerometer; autoplay; clipboard-write; encrypted-media; gyroscope; picture-in-picture\" allowfullscreen><\/iframe><\/p>\n","protected":false},"excerpt":{"rendered":"<p>Gusti sivi dim obavio je jutros \u010capljinu, i dolinu Neretve prema Metkovi\u0107u, kao posljedica po\u017eara na samom jugu gradskog sredi\u0161ta. Radi se o po\u017earu na odlagali\u0161te otpada Ada koja se nalazi neposredno uz stambene komplekse. Gore gume, plastika, sme\u0107e i ostali materijal koji se odla\u017ee na ovom odlagali\u0161tu. Ina\u010de, radi se o gradskom odlagali\u0161tu otpada [&hellip;]<\/p>\n","protected":false},"author":7,"featured_media":130707,"comment_status":"open","ping_status":"open","sticky":false,"template":"","format":"video","meta":{"footnotes":""},"categories":[283,11],"tags":[580,10649,10650,438],"class_list":{"0":"post-130706","1":"post","2":"type-post","3":"status-publish","4":"format-video","5":"has-post-thumbnail","7":"category-a","8":"category-metkovic-dolina","9":"tag-capljina","10":"tag-dim","11":"tag-odlagaliste-otpada-ada","12":"tag-pozar","13":"post_format-post-format-video"},"yoast_head":"<!-- This site is optimized with the Yoast SEO plugin v25.2 - https:\/\/yoast.com\/wordpress\/plugins\/seo\/ -->\n<title>Evo otkud dim - gori odlagali\u0161te otpada Ada kod \u010capljine - likemetkovic.hr<\/title>\n<meta name=\"robots\" content=\"index, follow, max-snippet:-1, max-image-preview:large, max-video-preview:-1\" \/>\n<link rel=\"canonical\" href=\"https:\/\/likemetkovic.hr\/evo-otkud-dim-gori-odlagaliste-otpada-ada-kod-capljine\/\" \/>\n<meta property=\"og:locale\" content=\"hr_HR\" \/>\n<meta property=\"og:type\" content=\"article\" \/>\n<meta property=\"og:title\" content=\"Evo otkud dim - gori odlagali\u0161te otpada Ada kod \u010capljine - likemetkovic.hr\" \/>\n<meta property=\"og:description\" content=\"Gusti sivi dim obavio je jutros \u010capljinu, i dolinu Neretve prema Metkovi\u0107u, kao posljedica po\u017eara na samom jugu gradskog sredi\u0161ta. Radi se o po\u017earu na odlagali\u0161te otpada Ada koja se nalazi neposredno uz stambene komplekse. Gore gume, plastika, sme\u0107e i ostali materijal koji se odla\u017ee na ovom odlagali\u0161tu. Ina\u010de, radi se o gradskom odlagali\u0161tu otpada [&hellip;]\" \/>\n<meta property=\"og:url\" content=\"https:\/\/likemetkovic.hr\/evo-otkud-dim-gori-odlagaliste-otpada-ada-kod-capljine\/\" \/>\n<meta property=\"og:site_name\" content=\"likemetkovic.hr\" \/>\n<meta property=\"article:publisher\" content=\"https:\/\/www.facebook.com\/likemetkovic.hr\/\" \/>\n<meta property=\"article:published_time\" content=\"2022-05-05T06:58:44+00:00\" \/>\n<meta property=\"article:modified_time\" content=\"2022-05-05T07:05:48+00:00\" \/>\n<meta property=\"og:image\" content=\"https:\/\/likemetkovic.hr\/wp-content\/uploads\/2022\/05\/Dim-Ada.jpg\" \/>\n\t<meta property=\"og:image:width\" content=\"800\" \/>\n\t<meta property=\"og:image:height\" content=\"550\" \/>\n\t<meta property=\"og:image:type\" content=\"image\/jpeg\" \/>\n<meta name=\"author\" content=\"LIKEmetkovic.hr\" \/>\n<meta name=\"twitter:card\" content=\"summary_large_image\" \/>\n<meta name=\"twitter:label1\" content=\"Napisao\/la\" \/>\n\t<meta name=\"twitter:data1\" content=\"LIKEmetkovic.hr\" \/>\n\t<meta name=\"twitter:label2\" content=\"Procijenjeno vrijeme \u010ditanja\" \/>\n\t<meta name=\"twitter:data2\" content=\"1 minuta\" \/>\n<script type=\"application\/ld+json\" class=\"yoast-schema-graph\">{\"@context\":\"https:\/\/schema.org\",\"@graph\":[{\"@type\":\"WebPage\",\"@id\":\"https:\/\/likemetkovic.hr\/evo-otkud-dim-gori-odlagaliste-otpada-ada-kod-capljine\/\",\"url\":\"https:\/\/likemetkovic.hr\/evo-otkud-dim-gori-odlagaliste-otpada-ada-kod-capljine\/\",\"name\":\"Evo otkud dim - gori odlagali\u0161te otpada Ada kod \u010capljine - likemetkovic.hr\",\"isPartOf\":{\"@id\":\"https:\/\/likemetkovic.hr\/#website\"},\"primaryImageOfPage\":{\"@id\":\"https:\/\/likemetkovic.hr\/evo-otkud-dim-gori-odlagaliste-otpada-ada-kod-capljine\/#primaryimage\"},\"image\":{\"@id\":\"https:\/\/likemetkovic.hr\/evo-otkud-dim-gori-odlagaliste-otpada-ada-kod-capljine\/#primaryimage\"},\"thumbnailUrl\":\"https:\/\/likemetkovic.hr\/portal\/wp-content\/uploads\/2022\/05\/Dim-Ada.jpg\",\"datePublished\":\"2022-05-05T06:58:44+00:00\",\"dateModified\":\"2022-05-05T07:05:48+00:00\",\"author\":{\"@id\":\"https:\/\/likemetkovic.hr\/#\/schema\/person\/a42711f3385a0e2be6f7e0443bfb28f0\"},\"breadcrumb\":{\"@id\":\"https:\/\/likemetkovic.hr\/evo-otkud-dim-gori-odlagaliste-otpada-ada-kod-capljine\/#breadcrumb\"},\"inLanguage\":\"hr\",\"potentialAction\":[{\"@type\":\"ReadAction\",\"target\":[\"https:\/\/likemetkovic.hr\/evo-otkud-dim-gori-odlagaliste-otpada-ada-kod-capljine\/\"]}]},{\"@type\":\"ImageObject\",\"inLanguage\":\"hr\",\"@id\":\"https:\/\/likemetkovic.hr\/evo-otkud-dim-gori-odlagaliste-otpada-ada-kod-capljine\/#primaryimage\",\"url\":\"https:\/\/likemetkovic.hr\/portal\/wp-content\/uploads\/2022\/05\/Dim-Ada.jpg\",\"contentUrl\":\"https:\/\/likemetkovic.hr\/portal\/wp-content\/uploads\/2022\/05\/Dim-Ada.jpg\",\"width\":800,\"height\":550},{\"@type\":\"BreadcrumbList\",\"@id\":\"https:\/\/likemetkovic.hr\/evo-otkud-dim-gori-odlagaliste-otpada-ada-kod-capljine\/#breadcrumb\",\"itemListElement\":[{\"@type\":\"ListItem\",\"position\":1,\"name\":\"Po\u010detna stranica\",\"item\":\"https:\/\/likemetkovic.hr\/portal\/\"},{\"@type\":\"ListItem\",\"position\":2,\"name\":\"Evo otkud dim &#8211; gori odlagali\u0161te otpada Ada kod \u010capljine\"}]},{\"@type\":\"WebSite\",\"@id\":\"https:\/\/likemetkovic.hr\/#website\",\"url\":\"https:\/\/likemetkovic.hr\/\",\"name\":\"likemetkovic.hr\",\"description\":\"Misli pozitivno... \u010ditaj LIKE\",\"potentialAction\":[{\"@type\":\"SearchAction\",\"target\":{\"@type\":\"EntryPoint\",\"urlTemplate\":\"https:\/\/likemetkovic.hr\/?s={search_term_string}\"},\"query-input\":{\"@type\":\"PropertyValueSpecification\",\"valueRequired\":true,\"valueName\":\"search_term_string\"}}],\"inLanguage\":\"hr\"},{\"@type\":\"Person\",\"@id\":\"https:\/\/likemetkovic.hr\/#\/schema\/person\/a42711f3385a0e2be6f7e0443bfb28f0\",\"name\":\"LIKEmetkovic.hr\",\"sameAs\":[\"http:\/\/likemetkovic.hr\"],\"url\":\"https:\/\/likemetkovic.hr\/portal\/author\/likemetkovic-hr\/\"}]}<\/script>\n<!-- \/ Yoast SEO plugin. -->","yoast_head_json":{"title":"Evo otkud dim - gori odlagali\u0161te otpada Ada kod \u010capljine - likemetkovic.hr","robots":{"index":"index","follow":"follow","max-snippet":"max-snippet:-1","max-image-preview":"max-image-preview:large","max-video-preview":"max-video-preview:-1"},"canonical":"https:\/\/likemetkovic.hr\/evo-otkud-dim-gori-odlagaliste-otpada-ada-kod-capljine\/","og_locale":"hr_HR","og_type":"article","og_title":"Evo otkud dim - gori odlagali\u0161te otpada Ada kod \u010capljine - likemetkovic.hr","og_description":"Gusti sivi dim obavio je jutros \u010capljinu, i dolinu Neretve prema Metkovi\u0107u, kao posljedica po\u017eara na samom jugu gradskog sredi\u0161ta. Radi se o po\u017earu na odlagali\u0161te otpada Ada koja se nalazi neposredno uz stambene komplekse. Gore gume, plastika, sme\u0107e i ostali materijal koji se odla\u017ee na ovom odlagali\u0161tu. Ina\u010de, radi se o gradskom odlagali\u0161tu otpada [&hellip;]","og_url":"https:\/\/likemetkovic.hr\/evo-otkud-dim-gori-odlagaliste-otpada-ada-kod-capljine\/","og_site_name":"likemetkovic.hr","article_publisher":"https:\/\/www.facebook.com\/likemetkovic.hr\/","article_published_time":"2022-05-05T06:58:44+00:00","article_modified_time":"2022-05-05T07:05:48+00:00","og_image":[{"width":800,"height":550,"url":"https:\/\/likemetkovic.hr\/wp-content\/uploads\/2022\/05\/Dim-Ada.jpg","type":"image\/jpeg"}],"author":"LIKEmetkovic.hr","twitter_card":"summary_large_image","twitter_misc":{"Napisao\/la":"LIKEmetkovic.hr","Procijenjeno vrijeme \u010ditanja":"1 minuta"},"schema":{"@context":"https:\/\/schema.org","@graph":[{"@type":"WebPage","@id":"https:\/\/likemetkovic.hr\/evo-otkud-dim-gori-odlagaliste-otpada-ada-kod-capljine\/","url":"https:\/\/likemetkovic.hr\/evo-otkud-dim-gori-odlagaliste-otpada-ada-kod-capljine\/","name":"Evo otkud dim - gori odlagali\u0161te otpada Ada kod \u010capljine - likemetkovic.hr","isPartOf":{"@id":"https:\/\/likemetkovic.hr\/#website"},"primaryImageOfPage":{"@id":"https:\/\/likemetkovic.hr\/evo-otkud-dim-gori-odlagaliste-otpada-ada-kod-capljine\/#primaryimage"},"image":{"@id":"https:\/\/likemetkovic.hr\/evo-otkud-dim-gori-odlagaliste-otpada-ada-kod-capljine\/#primaryimage"},"thumbnailUrl":"https:\/\/likemetkovic.hr\/portal\/wp-content\/uploads\/2022\/05\/Dim-Ada.jpg","datePublished":"2022-05-05T06:58:44+00:00","dateModified":"2022-05-05T07:05:48+00:00","author":{"@id":"https:\/\/likemetkovic.hr\/#\/schema\/person\/a42711f3385a0e2be6f7e0443bfb28f0"},"breadcrumb":{"@id":"https:\/\/likemetkovic.hr\/evo-otkud-dim-gori-odlagaliste-otpada-ada-kod-capljine\/#breadcrumb"},"inLanguage":"hr","potentialAction":[{"@type":"ReadAction","target":["https:\/\/likemetkovic.hr\/evo-otkud-dim-gori-odlagaliste-otpada-ada-kod-capljine\/"]}]},{"@type":"ImageObject","inLanguage":"hr","@id":"https:\/\/likemetkovic.hr\/evo-otkud-dim-gori-odlagaliste-otpada-ada-kod-capljine\/#primaryimage","url":"https:\/\/likemetkovic.hr\/portal\/wp-content\/uploads\/2022\/05\/Dim-Ada.jpg","contentUrl":"https:\/\/likemetkovic.hr\/portal\/wp-content\/uploads\/2022\/05\/Dim-Ada.jpg","width":800,"height":550},{"@type":"BreadcrumbList","@id":"https:\/\/likemetkovic.hr\/evo-otkud-dim-gori-odlagaliste-otpada-ada-kod-capljine\/#breadcrumb","itemListElement":[{"@type":"ListItem","position":1,"name":"Po\u010detna stranica","item":"https:\/\/likemetkovic.hr\/portal\/"},{"@type":"ListItem","position":2,"name":"Evo otkud dim &#8211; gori odlagali\u0161te otpada Ada kod \u010capljine"}]},{"@type":"WebSite","@id":"https:\/\/likemetkovic.hr\/#website","url":"https:\/\/likemetkovic.hr\/","name":"likemetkovic.hr","description":"Misli pozitivno... \u010ditaj LIKE","potentialAction":[{"@type":"SearchAction","target":{"@type":"EntryPoint","urlTemplate":"https:\/\/likemetkovic.hr\/?s={search_term_string}"},"query-input":{"@type":"PropertyValueSpecification","valueRequired":true,"valueName":"search_term_string"}}],"inLanguage":"hr"},{"@type":"Person","@id":"https:\/\/likemetkovic.hr\/#\/schema\/person\/a42711f3385a0e2be6f7e0443bfb28f0","name":"LIKEmetkovic.hr","sameAs":["http:\/\/likemetkovic.hr"],"url":"https:\/\/likemetkovic.hr\/portal\/author\/likemetkovic-hr\/"}]}},"_links":{"self":[{"href":"https:\/\/likemetkovic.hr\/portal\/wp-json\/wp\/v2\/posts\/130706","targetHints":{"allow":["GET"]}}],"collection":[{"href":"https:\/\/likemetkovic.hr\/portal\/wp-json\/wp\/v2\/posts"}],"about":[{"href":"https:\/\/likemetkovic.hr\/portal\/wp-json\/wp\/v2\/types\/post"}],"author":[{"embeddable":true,"href":"https:\/\/likemetkovic.hr\/portal\/wp-json\/wp\/v2\/users\/7"}],"replies":[{"embeddable":true,"href":"https:\/\/likemetkovic.hr\/portal\/wp-json\/wp\/v2\/comments?post=130706"}],"version-history":[{"count":5,"href":"https:\/\/likemetkovic.hr\/portal\/wp-json\/wp\/v2\/posts\/130706\/revisions"}],"predecessor-version":[{"id":130716,"href":"https:\/\/likemetkovic.hr\/portal\/wp-json\/wp\/v2\/posts\/130706\/revisions\/130716"}],"wp:featuredmedia":[{"embeddable":true,"href":"https:\/\/likemetkovic.hr\/portal\/wp-json\/wp\/v2\/media\/130707"}],"wp:attachment":[{"href":"https:\/\/likemetkovic.hr\/portal\/wp-json\/wp\/v2\/media?parent=130706"}],"wp:term":[{"taxonomy":"category","embeddable":true,"href":"https:\/\/likemetkovic.hr\/portal\/wp-json\/wp\/v2\/categories?post=130706"},{"taxonomy":"post_tag","embeddable":true,"href":"https:\/\/likemetkovic.hr\/portal\/wp-json\/wp\/v2\/tags?post=130706"}],"curies":[{"name":"wp","href":"https:\/\/api.w.org\/{rel}","templated":true}]}}