{"id":130780,"date":"2022-05-06T09:25:55","date_gmt":"2022-05-06T07:25:55","guid":{"rendered":"https:\/\/likemetkovic.hr\/?p=130780"},"modified":"2022-05-06T09:25:55","modified_gmt":"2022-05-06T07:25:55","slug":"javni-poziv-predlozite-kandidate-za-dodjelu-javnih-priznanja-grada-metkovica","status":"publish","type":"post","link":"https:\/\/likemetkovic.hr\/portal\/javni-poziv-predlozite-kandidate-za-dodjelu-javnih-priznanja-grada-metkovica\/","title":{"rendered":"JAVNI POZIV! Predlo\u017eite kandidate za dodjelu javnih priznanja Grada Metkovi\u0107a"},"content":{"rendered":"<p data-uw-styling-context=\"true\">Odbor za javna priznanja Gradskog vije\u0107a Grada Metkovi\u0107a pokre\u0107e postupak za predlaganje kandidata za dodjelu javnih priznanja Grada Metkovi\u0107a koja se dodjeljuju prigodom blagdana<strong data-uw-styling-context=\"true\">\u00a0Sv. Ilije \u2013 Dana Grada Metkovi\u0107a 20. srpnja 2022. godine.<\/strong><\/p>\n<p data-uw-styling-context=\"true\">Javna priznanja se mogu dodijeliti doma\u0107im i stranim fizi\u010dkim i pravnim osobama, koje su svojim radom ili djelovanjem i demokratskim usmjerenjem pridonijele promicanju i ugledu Metkovi\u0107a.<\/p>\n<p data-uw-styling-context=\"true\">Javna priznanja Grada Metkovi\u0107a su:<\/p>\n<p data-uw-styling-context=\"true\"><strong data-uw-styling-context=\"true\">I. Progla\u0161enje po\u010dasnim gra\u0111aninom Grada Metkovi\u0107a<\/strong><\/p>\n<p data-uw-styling-context=\"true\">Po\u010dasnim gra\u0111aninom Grada Metkovi\u0107a mo\u017ee se proglasiti gra\u0111anin Republike Hrvatske ili stranac koji je svojim djelovanjem i postupcima znatno pridonio promicanju, zna\u010daju i ugledu Metkovi\u0107a, ostvarivanju i razvijanju me\u0111usobnih odnosa Metkovi\u0107a i drugih gradova, naroda i dr\u017eava, razvoju demokracije, mira u svijetu i op\u0107em napretku \u010dovje\u010danstva.<\/p>\n<p data-uw-styling-context=\"true\"><strong data-uw-styling-context=\"true\">II. Nagrade Grada Metkovi\u0107a<\/strong><\/p>\n<p data-uw-styling-context=\"true\">Nagrade Grada Metkovi\u0107a dodjeljuju se za iznimna postignu\u0107a zna\u010dajna za Grad Metkovi\u0107, za njegov sveukupni napredak i promicanje njegova ugleda u zemlji i svijetu i to: pojedincima, trgova\u010dkim dru\u0161tvima, ustanovama, udrugama i drugim pravnim osobama.<\/p>\n<p data-uw-styling-context=\"true\">Nagrade Grada Metkovi\u0107a dodjeljuju se u slijede\u0107im podru\u010djima:<\/p>\n<ol data-uw-styling-context=\"true\">\n<li data-uw-styling-context=\"true\"><strong data-uw-styling-context=\"true\">Nagrada za \u017eivotno djelo<\/strong>\u00a0\u2013 pojedincu u obliku povelje i nov\u010dane nagrade od 8.000,00 kuna<\/li>\n<li data-uw-styling-context=\"true\"><strong data-uw-styling-context=\"true\">Nagrada \u00abNARONA\u00bb<\/strong>\u00a0u podru\u010dju kulture, znanosti, umjetnosti, obrazovanja i za\u0161tite spomeni\u010dke ba\u0161tine \u2013 pojedincu u obliku povelje i nov\u010dane nagrade od\u00a0 4.000,00 kuna, a dru\u0161tvu, ustanovi, udruzi i drugoj pravnoj osobi u obliku povelje<\/li>\n<li data-uw-styling-context=\"true\"><strong data-uw-styling-context=\"true\">Nagrada \u00abSv. ILIJA\u00bb<\/strong>\u00a0u podru\u010dju komunalnih djelatnosti, graditeljstva, urbanizma, zdravstva, ekologije i turizma \u2013 pojedincu u obliku povelje i nov\u010dane nagrade od 4.000,00 kuna, a dru\u0161tvu, ustanovi, udruzi i drugoj pravnoj osobi u obliku povelje<\/li>\n<li data-uw-styling-context=\"true\"><strong data-uw-styling-context=\"true\">Nagrada \u00abLANCARICA\u00bb<\/strong>\u00a0u podru\u010dju gospodarstva \u2013 pojedincu u obliku povelje i nov\u010dane nagrade od 4.000,00 kuna, a dru\u0161tvu, ustanovi, udruzi i drugoj pravnoj osobi u obliku povelje<\/li>\n<li data-uw-styling-context=\"true\"><strong data-uw-styling-context=\"true\">Nagrada \u00ab\u017dDRAL\u00bb<\/strong>\u00a0u podru\u010dju \u0161porta \u2013 pojedincu u obliku povelje i nov\u010dane nagrade od 4.000,00 kuna, a dru\u0161tvu, ustanovi, udruzi i drugoj pravnoj osobi u obliku povelje.<\/li>\n<\/ol>\n<p data-uw-styling-context=\"true\">Kandidate za dodjelu javnih priznanja Grada Metkovi\u0107a mogu predlagati fizi\u010dke i pravne osobe i tijela Grada. Prijedlozi za dodjelu javnih priznanja uz opse\u017eno obrazlo\u017eenje, \u017eivotopis i odgovaraju\u0107u dokumentaciju dostavljaju se na slijede\u0107u adresu: Grad Metkovi\u0107, Gradsko vije\u0107e, Odbor za javna priznanja, Stjepana Radi\u0107a 1, Metkovi\u0107. Rok za predlaganje kandidata je\u00a0<strong data-uw-styling-context=\"true\">od 6. svibnja do 6. lipnja 2022. godine.<\/strong><\/p>\n","protected":false},"excerpt":{"rendered":"<p>Odbor za javna priznanja Gradskog vije\u0107a Grada Metkovi\u0107a pokre\u0107e postupak za predlaganje kandidata za dodjelu javnih priznanja Grada Metkovi\u0107a koja se dodjeljuju prigodom blagdana\u00a0Sv. Ilije \u2013 Dana Grada Metkovi\u0107a 20. srpnja 2022. godine. Javna priznanja se mogu dodijeliti doma\u0107im i stranim fizi\u010dkim i pravnim osobama, koje su svojim radom ili djelovanjem i demokratskim usmjerenjem pridonijele [&hellip;]<\/p>\n","protected":false},"author":7,"featured_media":120313,"comment_status":"open","ping_status":"open","sticky":false,"template":"","format":"standard","meta":{"footnotes":""},"categories":[296,11],"tags":[10656],"class_list":{"0":"post-130780","1":"post","2":"type-post","3":"status-publish","4":"format-standard","5":"has-post-thumbnail","7":"category-ab","8":"category-metkovic-dolina","9":"tag-nagrade-i-priznanja"},"yoast_head":"<!-- This site is optimized with the Yoast SEO plugin v25.2 - https:\/\/yoast.com\/wordpress\/plugins\/seo\/ -->\n<title>JAVNI POZIV! Predlo\u017eite kandidate za dodjelu javnih priznanja Grada Metkovi\u0107a - likemetkovic.hr<\/title>\n<meta name=\"robots\" content=\"index, follow, max-snippet:-1, max-image-preview:large, max-video-preview:-1\" \/>\n<link rel=\"canonical\" href=\"https:\/\/likemetkovic.hr\/javni-poziv-predlozite-kandidate-za-dodjelu-javnih-priznanja-grada-metkovica\/\" \/>\n<meta property=\"og:locale\" content=\"hr_HR\" \/>\n<meta property=\"og:type\" content=\"article\" \/>\n<meta property=\"og:title\" content=\"JAVNI POZIV! Predlo\u017eite kandidate za dodjelu javnih priznanja Grada Metkovi\u0107a - likemetkovic.hr\" \/>\n<meta property=\"og:description\" content=\"Odbor za javna priznanja Gradskog vije\u0107a Grada Metkovi\u0107a pokre\u0107e postupak za predlaganje kandidata za dodjelu javnih priznanja Grada Metkovi\u0107a koja se dodjeljuju prigodom blagdana\u00a0Sv. Ilije \u2013 Dana Grada Metkovi\u0107a 20. srpnja 2022. godine. Javna priznanja se mogu dodijeliti doma\u0107im i stranim fizi\u010dkim i pravnim osobama, koje su svojim radom ili djelovanjem i demokratskim usmjerenjem pridonijele [&hellip;]\" \/>\n<meta property=\"og:url\" content=\"https:\/\/likemetkovic.hr\/javni-poziv-predlozite-kandidate-za-dodjelu-javnih-priznanja-grada-metkovica\/\" \/>\n<meta property=\"og:site_name\" content=\"likemetkovic.hr\" \/>\n<meta property=\"article:publisher\" content=\"https:\/\/www.facebook.com\/likemetkovic.hr\/\" \/>\n<meta property=\"article:published_time\" content=\"2022-05-06T07:25:55+00:00\" \/>\n<meta property=\"og:image\" content=\"https:\/\/likemetkovic.hr\/wp-content\/uploads\/2021\/07\/nagrada-grada-metkovica.jpg\" \/>\n\t<meta property=\"og:image:width\" content=\"800\" \/>\n\t<meta property=\"og:image:height\" content=\"533\" \/>\n\t<meta property=\"og:image:type\" content=\"image\/jpeg\" \/>\n<meta name=\"author\" content=\"LIKEmetkovic.hr\" \/>\n<meta name=\"twitter:card\" content=\"summary_large_image\" \/>\n<meta name=\"twitter:label1\" content=\"Napisao\/la\" \/>\n\t<meta name=\"twitter:data1\" content=\"LIKEmetkovic.hr\" \/>\n\t<meta name=\"twitter:label2\" content=\"Procijenjeno vrijeme \u010ditanja\" \/>\n\t<meta name=\"twitter:data2\" content=\"2 minute\" \/>\n<script type=\"application\/ld+json\" class=\"yoast-schema-graph\">{\"@context\":\"https:\/\/schema.org\",\"@graph\":[{\"@type\":\"WebPage\",\"@id\":\"https:\/\/likemetkovic.hr\/javni-poziv-predlozite-kandidate-za-dodjelu-javnih-priznanja-grada-metkovica\/\",\"url\":\"https:\/\/likemetkovic.hr\/javni-poziv-predlozite-kandidate-za-dodjelu-javnih-priznanja-grada-metkovica\/\",\"name\":\"JAVNI POZIV! Predlo\u017eite kandidate za dodjelu javnih priznanja Grada Metkovi\u0107a - likemetkovic.hr\",\"isPartOf\":{\"@id\":\"https:\/\/likemetkovic.hr\/#website\"},\"primaryImageOfPage\":{\"@id\":\"https:\/\/likemetkovic.hr\/javni-poziv-predlozite-kandidate-za-dodjelu-javnih-priznanja-grada-metkovica\/#primaryimage\"},\"image\":{\"@id\":\"https:\/\/likemetkovic.hr\/javni-poziv-predlozite-kandidate-za-dodjelu-javnih-priznanja-grada-metkovica\/#primaryimage\"},\"thumbnailUrl\":\"https:\/\/likemetkovic.hr\/portal\/wp-content\/uploads\/2021\/07\/nagrada-grada-metkovica.jpg\",\"datePublished\":\"2022-05-06T07:25:55+00:00\",\"author\":{\"@id\":\"https:\/\/likemetkovic.hr\/#\/schema\/person\/a42711f3385a0e2be6f7e0443bfb28f0\"},\"breadcrumb\":{\"@id\":\"https:\/\/likemetkovic.hr\/javni-poziv-predlozite-kandidate-za-dodjelu-javnih-priznanja-grada-metkovica\/#breadcrumb\"},\"inLanguage\":\"hr\",\"potentialAction\":[{\"@type\":\"ReadAction\",\"target\":[\"https:\/\/likemetkovic.hr\/javni-poziv-predlozite-kandidate-za-dodjelu-javnih-priznanja-grada-metkovica\/\"]}]},{\"@type\":\"ImageObject\",\"inLanguage\":\"hr\",\"@id\":\"https:\/\/likemetkovic.hr\/javni-poziv-predlozite-kandidate-za-dodjelu-javnih-priznanja-grada-metkovica\/#primaryimage\",\"url\":\"https:\/\/likemetkovic.hr\/portal\/wp-content\/uploads\/2021\/07\/nagrada-grada-metkovica.jpg\",\"contentUrl\":\"https:\/\/likemetkovic.hr\/portal\/wp-content\/uploads\/2021\/07\/nagrada-grada-metkovica.jpg\",\"width\":800,\"height\":533},{\"@type\":\"BreadcrumbList\",\"@id\":\"https:\/\/likemetkovic.hr\/javni-poziv-predlozite-kandidate-za-dodjelu-javnih-priznanja-grada-metkovica\/#breadcrumb\",\"itemListElement\":[{\"@type\":\"ListItem\",\"position\":1,\"name\":\"Po\u010detna stranica\",\"item\":\"https:\/\/likemetkovic.hr\/portal\/\"},{\"@type\":\"ListItem\",\"position\":2,\"name\":\"JAVNI POZIV! Predlo\u017eite kandidate za dodjelu javnih priznanja Grada Metkovi\u0107a\"}]},{\"@type\":\"WebSite\",\"@id\":\"https:\/\/likemetkovic.hr\/#website\",\"url\":\"https:\/\/likemetkovic.hr\/\",\"name\":\"likemetkovic.hr\",\"description\":\"Misli pozitivno... \u010ditaj LIKE\",\"potentialAction\":[{\"@type\":\"SearchAction\",\"target\":{\"@type\":\"EntryPoint\",\"urlTemplate\":\"https:\/\/likemetkovic.hr\/?s={search_term_string}\"},\"query-input\":{\"@type\":\"PropertyValueSpecification\",\"valueRequired\":true,\"valueName\":\"search_term_string\"}}],\"inLanguage\":\"hr\"},{\"@type\":\"Person\",\"@id\":\"https:\/\/likemetkovic.hr\/#\/schema\/person\/a42711f3385a0e2be6f7e0443bfb28f0\",\"name\":\"LIKEmetkovic.hr\",\"sameAs\":[\"http:\/\/likemetkovic.hr\"],\"url\":\"https:\/\/likemetkovic.hr\/portal\/author\/likemetkovic-hr\/\"}]}<\/script>\n<!-- \/ Yoast SEO plugin. -->","yoast_head_json":{"title":"JAVNI POZIV! Predlo\u017eite kandidate za dodjelu javnih priznanja Grada Metkovi\u0107a - likemetkovic.hr","robots":{"index":"index","follow":"follow","max-snippet":"max-snippet:-1","max-image-preview":"max-image-preview:large","max-video-preview":"max-video-preview:-1"},"canonical":"https:\/\/likemetkovic.hr\/javni-poziv-predlozite-kandidate-za-dodjelu-javnih-priznanja-grada-metkovica\/","og_locale":"hr_HR","og_type":"article","og_title":"JAVNI POZIV! Predlo\u017eite kandidate za dodjelu javnih priznanja Grada Metkovi\u0107a - likemetkovic.hr","og_description":"Odbor za javna priznanja Gradskog vije\u0107a Grada Metkovi\u0107a pokre\u0107e postupak za predlaganje kandidata za dodjelu javnih priznanja Grada Metkovi\u0107a koja se dodjeljuju prigodom blagdana\u00a0Sv. Ilije \u2013 Dana Grada Metkovi\u0107a 20. srpnja 2022. godine. Javna priznanja se mogu dodijeliti doma\u0107im i stranim fizi\u010dkim i pravnim osobama, koje su svojim radom ili djelovanjem i demokratskim usmjerenjem pridonijele [&hellip;]","og_url":"https:\/\/likemetkovic.hr\/javni-poziv-predlozite-kandidate-za-dodjelu-javnih-priznanja-grada-metkovica\/","og_site_name":"likemetkovic.hr","article_publisher":"https:\/\/www.facebook.com\/likemetkovic.hr\/","article_published_time":"2022-05-06T07:25:55+00:00","og_image":[{"width":800,"height":533,"url":"https:\/\/likemetkovic.hr\/wp-content\/uploads\/2021\/07\/nagrada-grada-metkovica.jpg","type":"image\/jpeg"}],"author":"LIKEmetkovic.hr","twitter_card":"summary_large_image","twitter_misc":{"Napisao\/la":"LIKEmetkovic.hr","Procijenjeno vrijeme \u010ditanja":"2 minute"},"schema":{"@context":"https:\/\/schema.org","@graph":[{"@type":"WebPage","@id":"https:\/\/likemetkovic.hr\/javni-poziv-predlozite-kandidate-za-dodjelu-javnih-priznanja-grada-metkovica\/","url":"https:\/\/likemetkovic.hr\/javni-poziv-predlozite-kandidate-za-dodjelu-javnih-priznanja-grada-metkovica\/","name":"JAVNI POZIV! Predlo\u017eite kandidate za dodjelu javnih priznanja Grada Metkovi\u0107a - likemetkovic.hr","isPartOf":{"@id":"https:\/\/likemetkovic.hr\/#website"},"primaryImageOfPage":{"@id":"https:\/\/likemetkovic.hr\/javni-poziv-predlozite-kandidate-za-dodjelu-javnih-priznanja-grada-metkovica\/#primaryimage"},"image":{"@id":"https:\/\/likemetkovic.hr\/javni-poziv-predlozite-kandidate-za-dodjelu-javnih-priznanja-grada-metkovica\/#primaryimage"},"thumbnailUrl":"https:\/\/likemetkovic.hr\/portal\/wp-content\/uploads\/2021\/07\/nagrada-grada-metkovica.jpg","datePublished":"2022-05-06T07:25:55+00:00","author":{"@id":"https:\/\/likemetkovic.hr\/#\/schema\/person\/a42711f3385a0e2be6f7e0443bfb28f0"},"breadcrumb":{"@id":"https:\/\/likemetkovic.hr\/javni-poziv-predlozite-kandidate-za-dodjelu-javnih-priznanja-grada-metkovica\/#breadcrumb"},"inLanguage":"hr","potentialAction":[{"@type":"ReadAction","target":["https:\/\/likemetkovic.hr\/javni-poziv-predlozite-kandidate-za-dodjelu-javnih-priznanja-grada-metkovica\/"]}]},{"@type":"ImageObject","inLanguage":"hr","@id":"https:\/\/likemetkovic.hr\/javni-poziv-predlozite-kandidate-za-dodjelu-javnih-priznanja-grada-metkovica\/#primaryimage","url":"https:\/\/likemetkovic.hr\/portal\/wp-content\/uploads\/2021\/07\/nagrada-grada-metkovica.jpg","contentUrl":"https:\/\/likemetkovic.hr\/portal\/wp-content\/uploads\/2021\/07\/nagrada-grada-metkovica.jpg","width":800,"height":533},{"@type":"BreadcrumbList","@id":"https:\/\/likemetkovic.hr\/javni-poziv-predlozite-kandidate-za-dodjelu-javnih-priznanja-grada-metkovica\/#breadcrumb","itemListElement":[{"@type":"ListItem","position":1,"name":"Po\u010detna stranica","item":"https:\/\/likemetkovic.hr\/portal\/"},{"@type":"ListItem","position":2,"name":"JAVNI POZIV! Predlo\u017eite kandidate za dodjelu javnih priznanja Grada Metkovi\u0107a"}]},{"@type":"WebSite","@id":"https:\/\/likemetkovic.hr\/#website","url":"https:\/\/likemetkovic.hr\/","name":"likemetkovic.hr","description":"Misli pozitivno... \u010ditaj LIKE","potentialAction":[{"@type":"SearchAction","target":{"@type":"EntryPoint","urlTemplate":"https:\/\/likemetkovic.hr\/?s={search_term_string}"},"query-input":{"@type":"PropertyValueSpecification","valueRequired":true,"valueName":"search_term_string"}}],"inLanguage":"hr"},{"@type":"Person","@id":"https:\/\/likemetkovic.hr\/#\/schema\/person\/a42711f3385a0e2be6f7e0443bfb28f0","name":"LIKEmetkovic.hr","sameAs":["http:\/\/likemetkovic.hr"],"url":"https:\/\/likemetkovic.hr\/portal\/author\/likemetkovic-hr\/"}]}},"_links":{"self":[{"href":"https:\/\/likemetkovic.hr\/portal\/wp-json\/wp\/v2\/posts\/130780","targetHints":{"allow":["GET"]}}],"collection":[{"href":"https:\/\/likemetkovic.hr\/portal\/wp-json\/wp\/v2\/posts"}],"about":[{"href":"https:\/\/likemetkovic.hr\/portal\/wp-json\/wp\/v2\/types\/post"}],"author":[{"embeddable":true,"href":"https:\/\/likemetkovic.hr\/portal\/wp-json\/wp\/v2\/users\/7"}],"replies":[{"embeddable":true,"href":"https:\/\/likemetkovic.hr\/portal\/wp-json\/wp\/v2\/comments?post=130780"}],"version-history":[{"count":1,"href":"https:\/\/likemetkovic.hr\/portal\/wp-json\/wp\/v2\/posts\/130780\/revisions"}],"predecessor-version":[{"id":130781,"href":"https:\/\/likemetkovic.hr\/portal\/wp-json\/wp\/v2\/posts\/130780\/revisions\/130781"}],"wp:featuredmedia":[{"embeddable":true,"href":"https:\/\/likemetkovic.hr\/portal\/wp-json\/wp\/v2\/media\/120313"}],"wp:attachment":[{"href":"https:\/\/likemetkovic.hr\/portal\/wp-json\/wp\/v2\/media?parent=130780"}],"wp:term":[{"taxonomy":"category","embeddable":true,"href":"https:\/\/likemetkovic.hr\/portal\/wp-json\/wp\/v2\/categories?post=130780"},{"taxonomy":"post_tag","embeddable":true,"href":"https:\/\/likemetkovic.hr\/portal\/wp-json\/wp\/v2\/tags?post=130780"}],"curies":[{"name":"wp","href":"https:\/\/api.w.org\/{rel}","templated":true}]}}