{"id":130782,"date":"2022-05-06T11:22:33","date_gmt":"2022-05-06T09:22:33","guid":{"rendered":"https:\/\/likemetkovic.hr\/?p=130782"},"modified":"2022-05-06T11:22:33","modified_gmt":"2022-05-06T09:22:33","slug":"dodijeljena-sredstva-za-centar-za-djecu-s-poteskocama-u-razvoju-i-djecji-vrtic-radost-u-metkovicu","status":"publish","type":"post","link":"https:\/\/likemetkovic.hr\/portal\/dodijeljena-sredstva-za-centar-za-djecu-s-poteskocama-u-razvoju-i-djecji-vrtic-radost-u-metkovicu\/","title":{"rendered":"Dodijeljena sredstva za Centar za djecu s pote\u0161ko\u0107ama u razvoju i Dje\u010dji vrti\u0107 Radost u Metkovi\u0107u"},"content":{"rendered":"<p data-uw-styling-context=\"true\">Ministarstvo regionalnog razvoja i fondova Europske unije donijelo je Odluku o odabiru projekata koji \u0107e se sufinancirati iz Programa podr\u0161ke regionalnom razvoju.<\/p>\n<p data-uw-styling-context=\"true\">Me\u0111u izabranim projektima je i <strong>Centar za djecu s pote\u0161ko\u0107ama u razvoju<\/strong> <em>Ruka prijatelja<\/em> koji je prijavila Dubrova\u010dko-neretvanska \u017eupanija, a dodijeljen mu je iznos od 360 tisu\u0107a kuna.<\/p>\n<p data-uw-styling-context=\"true\">Podsjetimo, ovu va\u017enu investiciju zajedno \u0107e realizirati Dubrova\u010dko-neretvanska \u017eupanija i Grad Metkovi\u0107, u suradnji s udrugom <em>Prijatelj<\/em>, a Centar \u0107e biti smje\u0161ten u prostorima iznad ordinacija Dnevne bolnice Metkovi\u0107, objavila je \u017dupanija.<\/p>\n<p data-uw-styling-context=\"true\">Procijenjena vrijednost projekta je 4,3 milijuna kuna te je u pripremi partnerski sporazum izme\u0111u \u017dupanije i Grada Metkovi\u0107a kojim \u0107e se regulirati me\u0111usobne obveze u projektu.<\/p>\n<p data-uw-styling-context=\"true\">U sklopu Odluke Ministarstva regionalnog razvoja i fondova Europske unije, iz Programa podr\u0161ke regionalnom razvoju, dodijeljena sredstva u iznosu od 250 tisu\u0107a kuna za projekt ure\u0111enja igrali\u0161ta pokraj <strong>Dje\u010djeg vrti\u0107a Radost<\/strong> u Metkovi\u0107u.<\/p>\n<p data-uw-styling-context=\"true\">Foto: metkovic.hr<\/p>\n","protected":false},"excerpt":{"rendered":"<p>Ministarstvo regionalnog razvoja i fondova Europske unije donijelo je Odluku o odabiru projekata koji \u0107e se sufinancirati iz Programa podr\u0161ke regionalnom razvoju. Me\u0111u izabranim projektima je i Centar za djecu s pote\u0161ko\u0107ama u razvoju Ruka prijatelja koji je prijavila Dubrova\u010dko-neretvanska \u017eupanija, a dodijeljen mu je iznos od 360 tisu\u0107a kuna. Podsjetimo, ovu va\u017enu investiciju zajedno [&hellip;]<\/p>\n","protected":false},"author":7,"featured_media":130783,"comment_status":"open","ping_status":"open","sticky":false,"template":"","format":"standard","meta":{"footnotes":""},"categories":[296,11],"tags":[10657,2351,868],"class_list":{"0":"post-130782","1":"post","2":"type-post","3":"status-publish","4":"format-standard","5":"has-post-thumbnail","7":"category-ab","8":"category-metkovic-dolina","9":"tag-centar-za-djecu-s-poteskocama","10":"tag-djecji-vrtic-radost","11":"tag-dnevna-bolnica-metkovic"},"yoast_head":"<!-- This site is optimized with the Yoast SEO plugin v25.2 - https:\/\/yoast.com\/wordpress\/plugins\/seo\/ -->\n<title>Dodijeljena sredstva za Centar za djecu s pote\u0161ko\u0107ama u razvoju i Dje\u010dji vrti\u0107 Radost u Metkovi\u0107u - likemetkovic.hr<\/title>\n<meta name=\"robots\" content=\"index, follow, max-snippet:-1, max-image-preview:large, max-video-preview:-1\" \/>\n<link rel=\"canonical\" href=\"https:\/\/likemetkovic.hr\/dodijeljena-sredstva-za-centar-za-djecu-s-poteskocama-u-razvoju-i-djecji-vrtic-radost-u-metkovicu\/\" \/>\n<meta property=\"og:locale\" content=\"hr_HR\" \/>\n<meta property=\"og:type\" content=\"article\" \/>\n<meta property=\"og:title\" content=\"Dodijeljena sredstva za Centar za djecu s pote\u0161ko\u0107ama u razvoju i Dje\u010dji vrti\u0107 Radost u Metkovi\u0107u - likemetkovic.hr\" \/>\n<meta property=\"og:description\" content=\"Ministarstvo regionalnog razvoja i fondova Europske unije donijelo je Odluku o odabiru projekata koji \u0107e se sufinancirati iz Programa podr\u0161ke regionalnom razvoju. Me\u0111u izabranim projektima je i Centar za djecu s pote\u0161ko\u0107ama u razvoju Ruka prijatelja koji je prijavila Dubrova\u010dko-neretvanska \u017eupanija, a dodijeljen mu je iznos od 360 tisu\u0107a kuna. Podsjetimo, ovu va\u017enu investiciju zajedno [&hellip;]\" \/>\n<meta property=\"og:url\" content=\"https:\/\/likemetkovic.hr\/dodijeljena-sredstva-za-centar-za-djecu-s-poteskocama-u-razvoju-i-djecji-vrtic-radost-u-metkovicu\/\" \/>\n<meta property=\"og:site_name\" content=\"likemetkovic.hr\" \/>\n<meta property=\"article:publisher\" content=\"https:\/\/www.facebook.com\/likemetkovic.hr\/\" \/>\n<meta property=\"article:published_time\" content=\"2022-05-06T09:22:33+00:00\" \/>\n<meta property=\"og:image\" content=\"https:\/\/likemetkovic.hr\/wp-content\/uploads\/2022\/05\/dnevna-bolnica-8.jpg\" \/>\n\t<meta property=\"og:image:width\" content=\"800\" \/>\n\t<meta property=\"og:image:height\" content=\"533\" \/>\n\t<meta property=\"og:image:type\" content=\"image\/jpeg\" \/>\n<meta name=\"author\" content=\"LIKEmetkovic.hr\" \/>\n<meta name=\"twitter:card\" content=\"summary_large_image\" \/>\n<meta name=\"twitter:label1\" content=\"Napisao\/la\" \/>\n\t<meta name=\"twitter:data1\" content=\"LIKEmetkovic.hr\" \/>\n\t<meta name=\"twitter:label2\" content=\"Procijenjeno vrijeme \u010ditanja\" \/>\n\t<meta name=\"twitter:data2\" content=\"1 minuta\" \/>\n<script type=\"application\/ld+json\" class=\"yoast-schema-graph\">{\"@context\":\"https:\/\/schema.org\",\"@graph\":[{\"@type\":\"WebPage\",\"@id\":\"https:\/\/likemetkovic.hr\/dodijeljena-sredstva-za-centar-za-djecu-s-poteskocama-u-razvoju-i-djecji-vrtic-radost-u-metkovicu\/\",\"url\":\"https:\/\/likemetkovic.hr\/dodijeljena-sredstva-za-centar-za-djecu-s-poteskocama-u-razvoju-i-djecji-vrtic-radost-u-metkovicu\/\",\"name\":\"Dodijeljena sredstva za Centar za djecu s pote\u0161ko\u0107ama u razvoju i Dje\u010dji vrti\u0107 Radost u Metkovi\u0107u - likemetkovic.hr\",\"isPartOf\":{\"@id\":\"https:\/\/likemetkovic.hr\/#website\"},\"primaryImageOfPage\":{\"@id\":\"https:\/\/likemetkovic.hr\/dodijeljena-sredstva-za-centar-za-djecu-s-poteskocama-u-razvoju-i-djecji-vrtic-radost-u-metkovicu\/#primaryimage\"},\"image\":{\"@id\":\"https:\/\/likemetkovic.hr\/dodijeljena-sredstva-za-centar-za-djecu-s-poteskocama-u-razvoju-i-djecji-vrtic-radost-u-metkovicu\/#primaryimage\"},\"thumbnailUrl\":\"https:\/\/likemetkovic.hr\/portal\/wp-content\/uploads\/2022\/05\/dnevna-bolnica-8.jpg\",\"datePublished\":\"2022-05-06T09:22:33+00:00\",\"author\":{\"@id\":\"https:\/\/likemetkovic.hr\/#\/schema\/person\/a42711f3385a0e2be6f7e0443bfb28f0\"},\"breadcrumb\":{\"@id\":\"https:\/\/likemetkovic.hr\/dodijeljena-sredstva-za-centar-za-djecu-s-poteskocama-u-razvoju-i-djecji-vrtic-radost-u-metkovicu\/#breadcrumb\"},\"inLanguage\":\"hr\",\"potentialAction\":[{\"@type\":\"ReadAction\",\"target\":[\"https:\/\/likemetkovic.hr\/dodijeljena-sredstva-za-centar-za-djecu-s-poteskocama-u-razvoju-i-djecji-vrtic-radost-u-metkovicu\/\"]}]},{\"@type\":\"ImageObject\",\"inLanguage\":\"hr\",\"@id\":\"https:\/\/likemetkovic.hr\/dodijeljena-sredstva-za-centar-za-djecu-s-poteskocama-u-razvoju-i-djecji-vrtic-radost-u-metkovicu\/#primaryimage\",\"url\":\"https:\/\/likemetkovic.hr\/portal\/wp-content\/uploads\/2022\/05\/dnevna-bolnica-8.jpg\",\"contentUrl\":\"https:\/\/likemetkovic.hr\/portal\/wp-content\/uploads\/2022\/05\/dnevna-bolnica-8.jpg\",\"width\":800,\"height\":533},{\"@type\":\"BreadcrumbList\",\"@id\":\"https:\/\/likemetkovic.hr\/dodijeljena-sredstva-za-centar-za-djecu-s-poteskocama-u-razvoju-i-djecji-vrtic-radost-u-metkovicu\/#breadcrumb\",\"itemListElement\":[{\"@type\":\"ListItem\",\"position\":1,\"name\":\"Po\u010detna stranica\",\"item\":\"https:\/\/likemetkovic.hr\/portal\/\"},{\"@type\":\"ListItem\",\"position\":2,\"name\":\"Dodijeljena sredstva za Centar za djecu s pote\u0161ko\u0107ama u razvoju i Dje\u010dji vrti\u0107 Radost u Metkovi\u0107u\"}]},{\"@type\":\"WebSite\",\"@id\":\"https:\/\/likemetkovic.hr\/#website\",\"url\":\"https:\/\/likemetkovic.hr\/\",\"name\":\"likemetkovic.hr\",\"description\":\"Misli pozitivno... \u010ditaj LIKE\",\"potentialAction\":[{\"@type\":\"SearchAction\",\"target\":{\"@type\":\"EntryPoint\",\"urlTemplate\":\"https:\/\/likemetkovic.hr\/?s={search_term_string}\"},\"query-input\":{\"@type\":\"PropertyValueSpecification\",\"valueRequired\":true,\"valueName\":\"search_term_string\"}}],\"inLanguage\":\"hr\"},{\"@type\":\"Person\",\"@id\":\"https:\/\/likemetkovic.hr\/#\/schema\/person\/a42711f3385a0e2be6f7e0443bfb28f0\",\"name\":\"LIKEmetkovic.hr\",\"sameAs\":[\"http:\/\/likemetkovic.hr\"],\"url\":\"https:\/\/likemetkovic.hr\/portal\/author\/likemetkovic-hr\/\"}]}<\/script>\n<!-- \/ Yoast SEO plugin. -->","yoast_head_json":{"title":"Dodijeljena sredstva za Centar za djecu s pote\u0161ko\u0107ama u razvoju i Dje\u010dji vrti\u0107 Radost u Metkovi\u0107u - likemetkovic.hr","robots":{"index":"index","follow":"follow","max-snippet":"max-snippet:-1","max-image-preview":"max-image-preview:large","max-video-preview":"max-video-preview:-1"},"canonical":"https:\/\/likemetkovic.hr\/dodijeljena-sredstva-za-centar-za-djecu-s-poteskocama-u-razvoju-i-djecji-vrtic-radost-u-metkovicu\/","og_locale":"hr_HR","og_type":"article","og_title":"Dodijeljena sredstva za Centar za djecu s pote\u0161ko\u0107ama u razvoju i Dje\u010dji vrti\u0107 Radost u Metkovi\u0107u - likemetkovic.hr","og_description":"Ministarstvo regionalnog razvoja i fondova Europske unije donijelo je Odluku o odabiru projekata koji \u0107e se sufinancirati iz Programa podr\u0161ke regionalnom razvoju. Me\u0111u izabranim projektima je i Centar za djecu s pote\u0161ko\u0107ama u razvoju Ruka prijatelja koji je prijavila Dubrova\u010dko-neretvanska \u017eupanija, a dodijeljen mu je iznos od 360 tisu\u0107a kuna. Podsjetimo, ovu va\u017enu investiciju zajedno [&hellip;]","og_url":"https:\/\/likemetkovic.hr\/dodijeljena-sredstva-za-centar-za-djecu-s-poteskocama-u-razvoju-i-djecji-vrtic-radost-u-metkovicu\/","og_site_name":"likemetkovic.hr","article_publisher":"https:\/\/www.facebook.com\/likemetkovic.hr\/","article_published_time":"2022-05-06T09:22:33+00:00","og_image":[{"width":800,"height":533,"url":"https:\/\/likemetkovic.hr\/wp-content\/uploads\/2022\/05\/dnevna-bolnica-8.jpg","type":"image\/jpeg"}],"author":"LIKEmetkovic.hr","twitter_card":"summary_large_image","twitter_misc":{"Napisao\/la":"LIKEmetkovic.hr","Procijenjeno vrijeme \u010ditanja":"1 minuta"},"schema":{"@context":"https:\/\/schema.org","@graph":[{"@type":"WebPage","@id":"https:\/\/likemetkovic.hr\/dodijeljena-sredstva-za-centar-za-djecu-s-poteskocama-u-razvoju-i-djecji-vrtic-radost-u-metkovicu\/","url":"https:\/\/likemetkovic.hr\/dodijeljena-sredstva-za-centar-za-djecu-s-poteskocama-u-razvoju-i-djecji-vrtic-radost-u-metkovicu\/","name":"Dodijeljena sredstva za Centar za djecu s pote\u0161ko\u0107ama u razvoju i Dje\u010dji vrti\u0107 Radost u Metkovi\u0107u - likemetkovic.hr","isPartOf":{"@id":"https:\/\/likemetkovic.hr\/#website"},"primaryImageOfPage":{"@id":"https:\/\/likemetkovic.hr\/dodijeljena-sredstva-za-centar-za-djecu-s-poteskocama-u-razvoju-i-djecji-vrtic-radost-u-metkovicu\/#primaryimage"},"image":{"@id":"https:\/\/likemetkovic.hr\/dodijeljena-sredstva-za-centar-za-djecu-s-poteskocama-u-razvoju-i-djecji-vrtic-radost-u-metkovicu\/#primaryimage"},"thumbnailUrl":"https:\/\/likemetkovic.hr\/portal\/wp-content\/uploads\/2022\/05\/dnevna-bolnica-8.jpg","datePublished":"2022-05-06T09:22:33+00:00","author":{"@id":"https:\/\/likemetkovic.hr\/#\/schema\/person\/a42711f3385a0e2be6f7e0443bfb28f0"},"breadcrumb":{"@id":"https:\/\/likemetkovic.hr\/dodijeljena-sredstva-za-centar-za-djecu-s-poteskocama-u-razvoju-i-djecji-vrtic-radost-u-metkovicu\/#breadcrumb"},"inLanguage":"hr","potentialAction":[{"@type":"ReadAction","target":["https:\/\/likemetkovic.hr\/dodijeljena-sredstva-za-centar-za-djecu-s-poteskocama-u-razvoju-i-djecji-vrtic-radost-u-metkovicu\/"]}]},{"@type":"ImageObject","inLanguage":"hr","@id":"https:\/\/likemetkovic.hr\/dodijeljena-sredstva-za-centar-za-djecu-s-poteskocama-u-razvoju-i-djecji-vrtic-radost-u-metkovicu\/#primaryimage","url":"https:\/\/likemetkovic.hr\/portal\/wp-content\/uploads\/2022\/05\/dnevna-bolnica-8.jpg","contentUrl":"https:\/\/likemetkovic.hr\/portal\/wp-content\/uploads\/2022\/05\/dnevna-bolnica-8.jpg","width":800,"height":533},{"@type":"BreadcrumbList","@id":"https:\/\/likemetkovic.hr\/dodijeljena-sredstva-za-centar-za-djecu-s-poteskocama-u-razvoju-i-djecji-vrtic-radost-u-metkovicu\/#breadcrumb","itemListElement":[{"@type":"ListItem","position":1,"name":"Po\u010detna stranica","item":"https:\/\/likemetkovic.hr\/portal\/"},{"@type":"ListItem","position":2,"name":"Dodijeljena sredstva za Centar za djecu s pote\u0161ko\u0107ama u razvoju i Dje\u010dji vrti\u0107 Radost u Metkovi\u0107u"}]},{"@type":"WebSite","@id":"https:\/\/likemetkovic.hr\/#website","url":"https:\/\/likemetkovic.hr\/","name":"likemetkovic.hr","description":"Misli pozitivno... \u010ditaj LIKE","potentialAction":[{"@type":"SearchAction","target":{"@type":"EntryPoint","urlTemplate":"https:\/\/likemetkovic.hr\/?s={search_term_string}"},"query-input":{"@type":"PropertyValueSpecification","valueRequired":true,"valueName":"search_term_string"}}],"inLanguage":"hr"},{"@type":"Person","@id":"https:\/\/likemetkovic.hr\/#\/schema\/person\/a42711f3385a0e2be6f7e0443bfb28f0","name":"LIKEmetkovic.hr","sameAs":["http:\/\/likemetkovic.hr"],"url":"https:\/\/likemetkovic.hr\/portal\/author\/likemetkovic-hr\/"}]}},"_links":{"self":[{"href":"https:\/\/likemetkovic.hr\/portal\/wp-json\/wp\/v2\/posts\/130782","targetHints":{"allow":["GET"]}}],"collection":[{"href":"https:\/\/likemetkovic.hr\/portal\/wp-json\/wp\/v2\/posts"}],"about":[{"href":"https:\/\/likemetkovic.hr\/portal\/wp-json\/wp\/v2\/types\/post"}],"author":[{"embeddable":true,"href":"https:\/\/likemetkovic.hr\/portal\/wp-json\/wp\/v2\/users\/7"}],"replies":[{"embeddable":true,"href":"https:\/\/likemetkovic.hr\/portal\/wp-json\/wp\/v2\/comments?post=130782"}],"version-history":[{"count":1,"href":"https:\/\/likemetkovic.hr\/portal\/wp-json\/wp\/v2\/posts\/130782\/revisions"}],"predecessor-version":[{"id":130784,"href":"https:\/\/likemetkovic.hr\/portal\/wp-json\/wp\/v2\/posts\/130782\/revisions\/130784"}],"wp:featuredmedia":[{"embeddable":true,"href":"https:\/\/likemetkovic.hr\/portal\/wp-json\/wp\/v2\/media\/130783"}],"wp:attachment":[{"href":"https:\/\/likemetkovic.hr\/portal\/wp-json\/wp\/v2\/media?parent=130782"}],"wp:term":[{"taxonomy":"category","embeddable":true,"href":"https:\/\/likemetkovic.hr\/portal\/wp-json\/wp\/v2\/categories?post=130782"},{"taxonomy":"post_tag","embeddable":true,"href":"https:\/\/likemetkovic.hr\/portal\/wp-json\/wp\/v2\/tags?post=130782"}],"curies":[{"name":"wp","href":"https:\/\/api.w.org\/{rel}","templated":true}]}}