{"id":130818,"date":"2022-05-08T12:46:08","date_gmt":"2022-05-08T10:46:08","guid":{"rendered":"https:\/\/likemetkovic.hr\/?p=130818"},"modified":"2022-05-08T21:28:52","modified_gmt":"2022-05-08T19:28:52","slug":"foto-slavlje-prva-pricesti-u-crkvi-sv-ilije-proroka","status":"publish","type":"post","link":"https:\/\/likemetkovic.hr\/portal\/foto-slavlje-prva-pricesti-u-crkvi-sv-ilije-proroka\/","title":{"rendered":"FOTO | Slavlje Prva pri\u010desti u crkvi sv. Ilije proroka"},"content":{"rendered":"<p>Jutros je u crkvi sv. Ilije proroka u Metkovi\u0107u bilo slavlje Prve pri\u010desti kojoj je pristupilo 41 djevoj\u010dica i 52 dje\u010daka.<\/p>\n<p>Misno slavlje s po\u010detkom u 10:00 je predvodio \u017eupnik fra Ante Bilokapi\u0107, a pjevanjem je uveli\u010dao dje\u010dji \u017eupni zbor pod ravnanjem s. Mile Deak.<\/p>\n<div id='gallery-1' class='gallery galleryid-130818 gallery-columns-1 gallery-size-full'><figure class='gallery-item'>\n\t\t\t<div class='gallery-icon landscape'>\n\t\t\t\t<a href='https:\/\/likemetkovic.hr\/portal\/foto-slavlje-prva-pricesti-u-crkvi-sv-ilije-proroka\/prva-pricest-sv-ilija080522_27\/'><img decoding=\"async\" width=\"800\" height=\"533\" src=\"https:\/\/likemetkovic.hr\/portal\/wp-content\/uploads\/2022\/05\/prva-pricest-sv-ilija080522_27.jpg\" class=\"attachment-full size-full\" alt=\"\" srcset=\"https:\/\/likemetkovic.hr\/portal\/wp-content\/uploads\/2022\/05\/prva-pricest-sv-ilija080522_27.jpg 800w, https:\/\/likemetkovic.hr\/portal\/wp-content\/uploads\/2022\/05\/prva-pricest-sv-ilija080522_27-768x512.jpg 768w, https:\/\/likemetkovic.hr\/portal\/wp-content\/uploads\/2022\/05\/prva-pricest-sv-ilija080522_27-696x464.jpg 696w, https:\/\/likemetkovic.hr\/portal\/wp-content\/uploads\/2022\/05\/prva-pricest-sv-ilija080522_27-630x420.jpg 630w\" sizes=\"(max-width: 800px) 100vw, 800px\" \/><\/a>\n\t\t\t<\/div><\/figure><figure class='gallery-item'>\n\t\t\t<div class='gallery-icon landscape'>\n\t\t\t\t<a href='https:\/\/likemetkovic.hr\/portal\/foto-slavlje-prva-pricesti-u-crkvi-sv-ilije-proroka\/prva-pricest-sv-ilija080522_28\/'><img decoding=\"async\" width=\"800\" height=\"533\" src=\"https:\/\/likemetkovic.hr\/portal\/wp-content\/uploads\/2022\/05\/prva-pricest-sv-ilija080522_28.jpg\" class=\"attachment-full size-full\" alt=\"\" srcset=\"https:\/\/likemetkovic.hr\/portal\/wp-content\/uploads\/2022\/05\/prva-pricest-sv-ilija080522_28.jpg 800w, https:\/\/likemetkovic.hr\/portal\/wp-content\/uploads\/2022\/05\/prva-pricest-sv-ilija080522_28-768x512.jpg 768w, https:\/\/likemetkovic.hr\/portal\/wp-content\/uploads\/2022\/05\/prva-pricest-sv-ilija080522_28-696x464.jpg 696w, https:\/\/likemetkovic.hr\/portal\/wp-content\/uploads\/2022\/05\/prva-pricest-sv-ilija080522_28-630x420.jpg 630w\" sizes=\"(max-width: 800px) 100vw, 800px\" \/><\/a>\n\t\t\t<\/div><\/figure><figure class='gallery-item'>\n\t\t\t<div class='gallery-icon landscape'>\n\t\t\t\t<a href='https:\/\/likemetkovic.hr\/portal\/foto-slavlje-prva-pricesti-u-crkvi-sv-ilije-proroka\/prva-pricest-sv-ilija080522_29\/'><img decoding=\"async\" width=\"800\" height=\"533\" src=\"https:\/\/likemetkovic.hr\/portal\/wp-content\/uploads\/2022\/05\/prva-pricest-sv-ilija080522_29.jpg\" class=\"attachment-full size-full\" alt=\"\" srcset=\"https:\/\/likemetkovic.hr\/portal\/wp-content\/uploads\/2022\/05\/prva-pricest-sv-ilija080522_29.jpg 800w, https:\/\/likemetkovic.hr\/portal\/wp-content\/uploads\/2022\/05\/prva-pricest-sv-ilija080522_29-768x512.jpg 768w, https:\/\/likemetkovic.hr\/portal\/wp-content\/uploads\/2022\/05\/prva-pricest-sv-ilija080522_29-696x464.jpg 696w, https:\/\/likemetkovic.hr\/portal\/wp-content\/uploads\/2022\/05\/prva-pricest-sv-ilija080522_29-630x420.jpg 630w\" sizes=\"(max-width: 800px) 100vw, 800px\" \/><\/a>\n\t\t\t<\/div><\/figure><figure class='gallery-item'>\n\t\t\t<div class='gallery-icon landscape'>\n\t\t\t\t<a href='https:\/\/likemetkovic.hr\/portal\/foto-slavlje-prva-pricesti-u-crkvi-sv-ilije-proroka\/prva-pricest-sv-ilija080522_30\/'><img decoding=\"async\" width=\"800\" height=\"533\" src=\"https:\/\/likemetkovic.hr\/portal\/wp-content\/uploads\/2022\/05\/prva-pricest-sv-ilija080522_30.jpg\" class=\"attachment-full size-full\" alt=\"\" srcset=\"https:\/\/likemetkovic.hr\/portal\/wp-content\/uploads\/2022\/05\/prva-pricest-sv-ilija080522_30.jpg 800w, https:\/\/likemetkovic.hr\/portal\/wp-content\/uploads\/2022\/05\/prva-pricest-sv-ilija080522_30-768x512.jpg 768w, https:\/\/likemetkovic.hr\/portal\/wp-content\/uploads\/2022\/05\/prva-pricest-sv-ilija080522_30-696x464.jpg 696w, https:\/\/likemetkovic.hr\/portal\/wp-content\/uploads\/2022\/05\/prva-pricest-sv-ilija080522_30-630x420.jpg 630w\" sizes=\"(max-width: 800px) 100vw, 800px\" \/><\/a>\n\t\t\t<\/div><\/figure>\n\t\t<\/div>\n\n","protected":false},"excerpt":{"rendered":"<p>Jutros je u crkvi sv. Ilije proroka u Metkovi\u0107u bilo slavlje Prve pri\u010desti kojoj je pristupilo 41 djevoj\u010dica i 52 dje\u010daka. Misno slavlje s po\u010detkom u 10:00 je predvodio \u017eupnik fra Ante Bilokapi\u0107, a pjevanjem je uveli\u010dao dje\u010dji \u017eupni zbor pod ravnanjem s. Mile Deak.<\/p>\n","protected":false},"author":9,"featured_media":0,"comment_status":"open","ping_status":"open","sticky":false,"template":"","format":"standard","meta":{"footnotes":""},"categories":[3265,283,11,27],"tags":[718],"class_list":{"0":"post-130818","1":"post","2":"type-post","3":"status-publish","4":"format-standard","6":"category-a_privremeno","7":"category-a","8":"category-metkovic-dolina","9":"category-vjera-i-zivot","10":"tag-prva-pricest"},"yoast_head":"<!-- This site is optimized with the Yoast SEO plugin v25.2 - https:\/\/yoast.com\/wordpress\/plugins\/seo\/ -->\n<title>FOTO | Slavlje Prva pri\u010desti u crkvi sv. Ilije proroka - likemetkovic.hr<\/title>\n<meta name=\"robots\" content=\"index, follow, max-snippet:-1, max-image-preview:large, max-video-preview:-1\" \/>\n<link rel=\"canonical\" href=\"https:\/\/likemetkovic.hr\/foto-slavlje-prva-pricesti-u-crkvi-sv-ilije-proroka\/\" \/>\n<meta property=\"og:locale\" content=\"hr_HR\" \/>\n<meta property=\"og:type\" content=\"article\" \/>\n<meta property=\"og:title\" content=\"FOTO | Slavlje Prva pri\u010desti u crkvi sv. Ilije proroka - likemetkovic.hr\" \/>\n<meta property=\"og:description\" content=\"Jutros je u crkvi sv. Ilije proroka u Metkovi\u0107u bilo slavlje Prve pri\u010desti kojoj je pristupilo 41 djevoj\u010dica i 52 dje\u010daka. Misno slavlje s po\u010detkom u 10:00 je predvodio \u017eupnik fra Ante Bilokapi\u0107, a pjevanjem je uveli\u010dao dje\u010dji \u017eupni zbor pod ravnanjem s. Mile Deak.\" \/>\n<meta property=\"og:url\" content=\"https:\/\/likemetkovic.hr\/foto-slavlje-prva-pricesti-u-crkvi-sv-ilije-proroka\/\" \/>\n<meta property=\"og:site_name\" content=\"likemetkovic.hr\" \/>\n<meta property=\"article:publisher\" content=\"https:\/\/www.facebook.com\/likemetkovic.hr\/\" \/>\n<meta property=\"article:published_time\" content=\"2022-05-08T10:46:08+00:00\" \/>\n<meta property=\"article:modified_time\" content=\"2022-05-08T19:28:52+00:00\" \/>\n<meta property=\"og:image\" content=\"https:\/\/likemetkovic.hr\/wp-content\/uploads\/2022\/05\/prva-pricest-sv-ilija080522_13.jpg\" \/>\n\t<meta property=\"og:image:width\" content=\"800\" \/>\n\t<meta property=\"og:image:height\" content=\"533\" \/>\n\t<meta property=\"og:image:type\" content=\"image\/jpeg\" \/>\n<meta name=\"author\" content=\"K. J.\" \/>\n<meta name=\"twitter:card\" content=\"summary_large_image\" \/>\n<meta name=\"twitter:label1\" content=\"Napisao\/la\" \/>\n\t<meta name=\"twitter:data1\" content=\"K. J.\" \/>\n\t<meta name=\"twitter:label2\" content=\"Procijenjeno vrijeme \u010ditanja\" \/>\n\t<meta name=\"twitter:data2\" content=\"1 minuta\" \/>\n<script type=\"application\/ld+json\" class=\"yoast-schema-graph\">{\"@context\":\"https:\/\/schema.org\",\"@graph\":[{\"@type\":\"WebPage\",\"@id\":\"https:\/\/likemetkovic.hr\/foto-slavlje-prva-pricesti-u-crkvi-sv-ilije-proroka\/\",\"url\":\"https:\/\/likemetkovic.hr\/foto-slavlje-prva-pricesti-u-crkvi-sv-ilije-proroka\/\",\"name\":\"FOTO | Slavlje Prva pri\u010desti u crkvi sv. Ilije proroka - likemetkovic.hr\",\"isPartOf\":{\"@id\":\"https:\/\/likemetkovic.hr\/#website\"},\"datePublished\":\"2022-05-08T10:46:08+00:00\",\"dateModified\":\"2022-05-08T19:28:52+00:00\",\"author\":{\"@id\":\"https:\/\/likemetkovic.hr\/#\/schema\/person\/0a8b4ebfdfe1ff01192dccda40c5da0c\"},\"breadcrumb\":{\"@id\":\"https:\/\/likemetkovic.hr\/foto-slavlje-prva-pricesti-u-crkvi-sv-ilije-proroka\/#breadcrumb\"},\"inLanguage\":\"hr\",\"potentialAction\":[{\"@type\":\"ReadAction\",\"target\":[\"https:\/\/likemetkovic.hr\/foto-slavlje-prva-pricesti-u-crkvi-sv-ilije-proroka\/\"]}]},{\"@type\":\"BreadcrumbList\",\"@id\":\"https:\/\/likemetkovic.hr\/foto-slavlje-prva-pricesti-u-crkvi-sv-ilije-proroka\/#breadcrumb\",\"itemListElement\":[{\"@type\":\"ListItem\",\"position\":1,\"name\":\"Po\u010detna stranica\",\"item\":\"https:\/\/likemetkovic.hr\/portal\/\"},{\"@type\":\"ListItem\",\"position\":2,\"name\":\"FOTO | Slavlje Prva pri\u010desti u crkvi sv. Ilije proroka\"}]},{\"@type\":\"WebSite\",\"@id\":\"https:\/\/likemetkovic.hr\/#website\",\"url\":\"https:\/\/likemetkovic.hr\/\",\"name\":\"likemetkovic.hr\",\"description\":\"Misli pozitivno... \u010ditaj LIKE\",\"potentialAction\":[{\"@type\":\"SearchAction\",\"target\":{\"@type\":\"EntryPoint\",\"urlTemplate\":\"https:\/\/likemetkovic.hr\/?s={search_term_string}\"},\"query-input\":{\"@type\":\"PropertyValueSpecification\",\"valueRequired\":true,\"valueName\":\"search_term_string\"}}],\"inLanguage\":\"hr\"},{\"@type\":\"Person\",\"@id\":\"https:\/\/likemetkovic.hr\/#\/schema\/person\/0a8b4ebfdfe1ff01192dccda40c5da0c\",\"name\":\"K. J.\",\"url\":\"https:\/\/likemetkovic.hr\/portal\/author\/likemetkovic\/\"}]}<\/script>\n<!-- \/ Yoast SEO plugin. -->","yoast_head_json":{"title":"FOTO | Slavlje Prva pri\u010desti u crkvi sv. Ilije proroka - likemetkovic.hr","robots":{"index":"index","follow":"follow","max-snippet":"max-snippet:-1","max-image-preview":"max-image-preview:large","max-video-preview":"max-video-preview:-1"},"canonical":"https:\/\/likemetkovic.hr\/foto-slavlje-prva-pricesti-u-crkvi-sv-ilije-proroka\/","og_locale":"hr_HR","og_type":"article","og_title":"FOTO | Slavlje Prva pri\u010desti u crkvi sv. Ilije proroka - likemetkovic.hr","og_description":"Jutros je u crkvi sv. Ilije proroka u Metkovi\u0107u bilo slavlje Prve pri\u010desti kojoj je pristupilo 41 djevoj\u010dica i 52 dje\u010daka. Misno slavlje s po\u010detkom u 10:00 je predvodio \u017eupnik fra Ante Bilokapi\u0107, a pjevanjem je uveli\u010dao dje\u010dji \u017eupni zbor pod ravnanjem s. Mile Deak.","og_url":"https:\/\/likemetkovic.hr\/foto-slavlje-prva-pricesti-u-crkvi-sv-ilije-proroka\/","og_site_name":"likemetkovic.hr","article_publisher":"https:\/\/www.facebook.com\/likemetkovic.hr\/","article_published_time":"2022-05-08T10:46:08+00:00","article_modified_time":"2022-05-08T19:28:52+00:00","og_image":[{"width":800,"height":533,"url":"https:\/\/likemetkovic.hr\/wp-content\/uploads\/2022\/05\/prva-pricest-sv-ilija080522_13.jpg","type":"image\/jpeg"}],"author":"K. J.","twitter_card":"summary_large_image","twitter_misc":{"Napisao\/la":"K. J.","Procijenjeno vrijeme \u010ditanja":"1 minuta"},"schema":{"@context":"https:\/\/schema.org","@graph":[{"@type":"WebPage","@id":"https:\/\/likemetkovic.hr\/foto-slavlje-prva-pricesti-u-crkvi-sv-ilije-proroka\/","url":"https:\/\/likemetkovic.hr\/foto-slavlje-prva-pricesti-u-crkvi-sv-ilije-proroka\/","name":"FOTO | Slavlje Prva pri\u010desti u crkvi sv. Ilije proroka - likemetkovic.hr","isPartOf":{"@id":"https:\/\/likemetkovic.hr\/#website"},"datePublished":"2022-05-08T10:46:08+00:00","dateModified":"2022-05-08T19:28:52+00:00","author":{"@id":"https:\/\/likemetkovic.hr\/#\/schema\/person\/0a8b4ebfdfe1ff01192dccda40c5da0c"},"breadcrumb":{"@id":"https:\/\/likemetkovic.hr\/foto-slavlje-prva-pricesti-u-crkvi-sv-ilije-proroka\/#breadcrumb"},"inLanguage":"hr","potentialAction":[{"@type":"ReadAction","target":["https:\/\/likemetkovic.hr\/foto-slavlje-prva-pricesti-u-crkvi-sv-ilije-proroka\/"]}]},{"@type":"BreadcrumbList","@id":"https:\/\/likemetkovic.hr\/foto-slavlje-prva-pricesti-u-crkvi-sv-ilije-proroka\/#breadcrumb","itemListElement":[{"@type":"ListItem","position":1,"name":"Po\u010detna stranica","item":"https:\/\/likemetkovic.hr\/portal\/"},{"@type":"ListItem","position":2,"name":"FOTO | Slavlje Prva pri\u010desti u crkvi sv. Ilije proroka"}]},{"@type":"WebSite","@id":"https:\/\/likemetkovic.hr\/#website","url":"https:\/\/likemetkovic.hr\/","name":"likemetkovic.hr","description":"Misli pozitivno... \u010ditaj LIKE","potentialAction":[{"@type":"SearchAction","target":{"@type":"EntryPoint","urlTemplate":"https:\/\/likemetkovic.hr\/?s={search_term_string}"},"query-input":{"@type":"PropertyValueSpecification","valueRequired":true,"valueName":"search_term_string"}}],"inLanguage":"hr"},{"@type":"Person","@id":"https:\/\/likemetkovic.hr\/#\/schema\/person\/0a8b4ebfdfe1ff01192dccda40c5da0c","name":"K. J.","url":"https:\/\/likemetkovic.hr\/portal\/author\/likemetkovic\/"}]}},"_links":{"self":[{"href":"https:\/\/likemetkovic.hr\/portal\/wp-json\/wp\/v2\/posts\/130818","targetHints":{"allow":["GET"]}}],"collection":[{"href":"https:\/\/likemetkovic.hr\/portal\/wp-json\/wp\/v2\/posts"}],"about":[{"href":"https:\/\/likemetkovic.hr\/portal\/wp-json\/wp\/v2\/types\/post"}],"author":[{"embeddable":true,"href":"https:\/\/likemetkovic.hr\/portal\/wp-json\/wp\/v2\/users\/9"}],"replies":[{"embeddable":true,"href":"https:\/\/likemetkovic.hr\/portal\/wp-json\/wp\/v2\/comments?post=130818"}],"version-history":[{"count":4,"href":"https:\/\/likemetkovic.hr\/portal\/wp-json\/wp\/v2\/posts\/130818\/revisions"}],"predecessor-version":[{"id":130861,"href":"https:\/\/likemetkovic.hr\/portal\/wp-json\/wp\/v2\/posts\/130818\/revisions\/130861"}],"wp:attachment":[{"href":"https:\/\/likemetkovic.hr\/portal\/wp-json\/wp\/v2\/media?parent=130818"}],"wp:term":[{"taxonomy":"category","embeddable":true,"href":"https:\/\/likemetkovic.hr\/portal\/wp-json\/wp\/v2\/categories?post=130818"},{"taxonomy":"post_tag","embeddable":true,"href":"https:\/\/likemetkovic.hr\/portal\/wp-json\/wp\/v2\/tags?post=130818"}],"curies":[{"name":"wp","href":"https:\/\/api.w.org\/{rel}","templated":true}]}}