{"id":130897,"date":"2022-05-10T08:45:38","date_gmt":"2022-05-10T06:45:38","guid":{"rendered":"https:\/\/likemetkovic.hr\/?p=130897"},"modified":"2022-05-10T08:45:38","modified_gmt":"2022-05-10T06:45:38","slug":"u-opuzenu-i-plocama-zavrsio-tecaj-prerada-i-dorada-voca-sudjelovalo-50-polaznika","status":"publish","type":"post","link":"https:\/\/likemetkovic.hr\/portal\/u-opuzenu-i-plocama-zavrsio-tecaj-prerada-i-dorada-voca-sudjelovalo-50-polaznika\/","title":{"rendered":"U Opuzenu i Plo\u010dama zavr\u0161io te\u010daj &#8216;Prerada i dorada vo\u0107a&#8217;: sudjelovalo 50 polaznika"},"content":{"rendered":"<p>U organizaciji Ministarstva poljoprivrede, Uprave za stru\u010dnu podr\u0161ku razvoju poljoprivrede; u okviru Mjere 1 <em>Preno\u0161enje znanja i aktivnosti informiranja<\/em>, Programa ruralnog razvoja 2014.- 2020.,<strong> u Opuzenu i Plo\u010dama su uspje\u0161no okon\u010dani te\u010dajevi strukovnog osposobljavanja<\/strong> za poljoprivrednike kroz podmjeru 1.1.2. <strong>Prerada i dorada vo\u0107a<\/strong> s 50 polaznika, objavio je <a href=\"https:\/\/gospodarski.hr\/vijesti\/zavrsen-tecaj-prerade-poljoprivrednih-proizvoda-u-opuzenu\/\" target=\"_blank\" rel=\"noopener\">Gospodarski list<\/a>.<\/p>\n<p>Te\u010daj je namijenjen za sve zainteresirane poljoprivrednike, bilo da se ve\u0107 bave preradom vo\u0107a ili to tek namjeravaju. Poha\u0111anje te\u010daja za polaznike je besplatno. Program edukacije sadr\u017ei tehnolo\u0161ke teme koje obra\u0111uju su\u0161enje vo\u0107a; preradu vo\u0107a u sok, d\u017eem, marmeladu, pekmez, kompot, ulje, vo\u0107ni ocat, vo\u0107no vino i vo\u0107ne rakije.<\/p>\n\r\n                <style type=\"text\/css\">\r\n                    \r\n                    #tdi_1  .td-doubleSlider-2 .td-item1 {\r\n                        background: url(https:\/\/likemetkovic.hr\/portal\/wp-content\/uploads\/2022\/05\/prerada-voca-tecaj-3-80x60.jpg) 0 0 no-repeat;\r\n                    }\r\n                    #tdi_1  .td-doubleSlider-2 .td-item2 {\r\n                        background: url(https:\/\/likemetkovic.hr\/portal\/wp-content\/uploads\/2022\/05\/prerada-voca-tecaj-2-80x60.jpg) 0 0 no-repeat;\r\n                    }\r\n                    #tdi_1  .td-doubleSlider-2 .td-item3 {\r\n                        background: url(https:\/\/likemetkovic.hr\/portal\/wp-content\/uploads\/2022\/05\/prerada-voca-tecaj-1-80x60.jpg) 0 0 no-repeat;\r\n                    }\r\n                <\/style>\r\n\r\n                <div id=\"tdi_1\" class=\"td-gallery td-slide-on-2-columns\">\r\n                    <div class=\"post_td_gallery\">\r\n                        <div class=\"td-gallery-slide-top\">\r\n                           <div class=\"td-gallery-title\"><\/div>\r\n\r\n                            <div class=\"td-gallery-controls-wrapper\">\r\n                                <div class=\"td-gallery-slide-count\"><span class=\"td-gallery-slide-item-focus\">1<\/span> of 3<\/div>\r\n                                <div class=\"td-gallery-slide-prev-next-but\">\r\n                                    <i class = \"td-icon-left doubleSliderPrevButton\"><\/i>\r\n                                    <i class = \"td-icon-right doubleSliderNextButton\"><\/i>\r\n                                <\/div>\r\n                            <\/div>\r\n                        <\/div>\r\n\r\n                        <div class = \"td-doubleSlider-1 \">\r\n                            <div class = \"td-slider\">\r\n                                \r\n                    <div class = \"td-slide-item td-item1\">\r\n                        <figure class=\"td-slide-galery-figure td-slide-popup-gallery\">\r\n                            <a class=\"slide-gallery-image-link\" href=\"https:\/\/likemetkovic.hr\/portal\/wp-content\/uploads\/2022\/05\/prerada-voca-tecaj-3.jpg\" title=\"prerada voca tecaj 3\"  data-caption=\"\"  data-description=\"\">\r\n                                <img decoding=\"async\" src=\"https:\/\/likemetkovic.hr\/portal\/wp-content\/uploads\/2022\/05\/prerada-voca-tecaj-3.jpg\" alt=\"\">\r\n                            <\/a>\r\n                            \r\n                        <\/figure>\r\n                    <\/div>\r\n                    <div class = \"td-slide-item td-item2\">\r\n                        <figure class=\"td-slide-galery-figure td-slide-popup-gallery\">\r\n                            <a class=\"slide-gallery-image-link\" href=\"https:\/\/likemetkovic.hr\/portal\/wp-content\/uploads\/2022\/05\/prerada-voca-tecaj-2.jpg\" title=\"prerada voca tecaj 2\"  data-caption=\"\"  data-description=\"\">\r\n                                <img decoding=\"async\" src=\"https:\/\/likemetkovic.hr\/portal\/wp-content\/uploads\/2022\/05\/prerada-voca-tecaj-2-613x420.jpg\" srcset=\"https:\/\/likemetkovic.hr\/portal\/wp-content\/uploads\/2022\/05\/prerada-voca-tecaj-2-613x420.jpg 613w, https:\/\/likemetkovic.hr\/portal\/wp-content\/uploads\/2022\/05\/prerada-voca-tecaj-2-768x526.jpg 768w, https:\/\/likemetkovic.hr\/portal\/wp-content\/uploads\/2022\/05\/prerada-voca-tecaj-2-218x150.jpg 218w, https:\/\/likemetkovic.hr\/portal\/wp-content\/uploads\/2022\/05\/prerada-voca-tecaj-2-696x477.jpg 696w, https:\/\/likemetkovic.hr\/portal\/wp-content\/uploads\/2022\/05\/prerada-voca-tecaj-2-100x70.jpg 100w, https:\/\/likemetkovic.hr\/portal\/wp-content\/uploads\/2022\/05\/prerada-voca-tecaj-2.jpg 800w\" sizes=\"(max-width: 613px) 100vw, 613px\" alt=\"\">\r\n                            <\/a>\r\n                            \r\n                        <\/figure>\r\n                    <\/div>\r\n                    <div class = \"td-slide-item td-item3\">\r\n                        <figure class=\"td-slide-galery-figure td-slide-popup-gallery\">\r\n                            <a class=\"slide-gallery-image-link\" href=\"https:\/\/likemetkovic.hr\/portal\/wp-content\/uploads\/2022\/05\/prerada-voca-tecaj-1.jpg\" title=\"prerada voca tecaj 1\"  data-caption=\"\"  data-description=\"\">\r\n                                <img decoding=\"async\" src=\"https:\/\/likemetkovic.hr\/portal\/wp-content\/uploads\/2022\/05\/prerada-voca-tecaj-1-699x420.jpg\" srcset=\"https:\/\/likemetkovic.hr\/portal\/wp-content\/uploads\/2022\/05\/prerada-voca-tecaj-1-699x420.jpg 699w, https:\/\/likemetkovic.hr\/portal\/wp-content\/uploads\/2022\/05\/prerada-voca-tecaj-1-768x462.jpg 768w, https:\/\/likemetkovic.hr\/portal\/wp-content\/uploads\/2022\/05\/prerada-voca-tecaj-1-696x418.jpg 696w, https:\/\/likemetkovic.hr\/portal\/wp-content\/uploads\/2022\/05\/prerada-voca-tecaj-1.jpg 800w\" sizes=\"(max-width: 699px) 100vw, 699px\" alt=\"\">\r\n                            <\/a>\r\n                            \r\n                        <\/figure>\r\n                    <\/div>\r\n                            <\/div>\r\n                        <\/div>\r\n\r\n                        <div class = \"td-doubleSlider-2\">\r\n                            <div class = \"td-slider\">\r\n                                \r\n                    <div class = \"td-button td-item1\">\r\n                        <div class = \"td-border\"><\/div>\r\n                    <\/div>\r\n                    <div class = \"td-button td-item2\">\r\n                        <div class = \"td-border\"><\/div>\r\n                    <\/div>\r\n                    <div class = \"td-button td-item3\">\r\n                        <div class = \"td-border\"><\/div>\r\n                    <\/div>\r\n                            <\/div>\r\n                        <\/div>\r\n\r\n                    <\/div>\r\n\r\n                <\/div>\r\n                \n<p>Dio predavanja daje naglasak na higijenske standarde za proizvodnju hrane, objekte za preradu te senzori\u010dke karakteristike pojedinih proizvoda; kao i sve potrebne zakonske i zdravstvene zahtjeve za stavljanje gotovih proizvoda na tr\u017ei\u0161te. Polaznicima izobrazbe koji\u00a0 zavr\u0161e program osposobljavanja izdaje se potvrda o zavr\u0161enom programu osposobljavanja; ona kasnije slu\u017ei za upis dodatnih djelatnosti prerade vo\u0107a na OPG-u.<\/p>\n<p>Provedbom te\u010daja prerade poljoprivrednih proizvoda nastojimo zainteresirati poljoprivrednike za ostvarivanje dodane vrijednosti vlastitom poljoprivrednom proizvodu; podizanje kvalitete prera\u0111evina koje, iako ograni\u010denog kapaciteta, mogu biti daleko kvalitetnije u odnosu na industrijsku proizvodnju. Poznato je da\u00a0 za kvalitetne, tradicijske proizvode, postoji interes kupaca i mjesto na tr\u017ei\u0161tu; posebno u onim podru\u010djima gdje turizam postaje sve zna\u010dajniji dio ukupnog gospodarstva.<\/p>\n","protected":false},"excerpt":{"rendered":"<p>U organizaciji Ministarstva poljoprivrede, Uprave za stru\u010dnu podr\u0161ku razvoju poljoprivrede; u okviru Mjere 1 Preno\u0161enje znanja i aktivnosti informiranja, Programa ruralnog razvoja 2014.- 2020., u Opuzenu i Plo\u010dama su uspje\u0161no okon\u010dani te\u010dajevi strukovnog osposobljavanja za poljoprivrednike kroz podmjeru 1.1.2. Prerada i dorada vo\u0107a s 50 polaznika, objavio je Gospodarski list. Te\u010daj je namijenjen za sve [&hellip;]<\/p>\n","protected":false},"author":7,"featured_media":130899,"comment_status":"open","ping_status":"open","sticky":false,"template":"","format":"standard","meta":{"footnotes":""},"categories":[283,837],"tags":[2802,6571],"class_list":{"0":"post-130897","1":"post","2":"type-post","3":"status-publish","4":"format-standard","5":"has-post-thumbnail","7":"category-a","8":"category-poljoprivreda","9":"tag-prerada-voca","10":"tag-tecaj"},"yoast_head":"<!-- This site is optimized with the Yoast SEO plugin v25.2 - https:\/\/yoast.com\/wordpress\/plugins\/seo\/ -->\n<title>U Opuzenu i Plo\u010dama zavr\u0161io te\u010daj &#039;Prerada i dorada vo\u0107a&#039;: sudjelovalo 50 polaznika - likemetkovic.hr<\/title>\n<meta name=\"robots\" content=\"index, follow, max-snippet:-1, max-image-preview:large, max-video-preview:-1\" \/>\n<link rel=\"canonical\" href=\"https:\/\/likemetkovic.hr\/u-opuzenu-i-plocama-zavrsio-tecaj-prerada-i-dorada-voca-sudjelovalo-50-polaznika\/\" \/>\n<meta property=\"og:locale\" content=\"hr_HR\" \/>\n<meta property=\"og:type\" content=\"article\" \/>\n<meta property=\"og:title\" content=\"U Opuzenu i Plo\u010dama zavr\u0161io te\u010daj &#039;Prerada i dorada vo\u0107a&#039;: sudjelovalo 50 polaznika - likemetkovic.hr\" \/>\n<meta property=\"og:description\" content=\"U organizaciji Ministarstva poljoprivrede, Uprave za stru\u010dnu podr\u0161ku razvoju poljoprivrede; u okviru Mjere 1 Preno\u0161enje znanja i aktivnosti informiranja, Programa ruralnog razvoja 2014.- 2020., u Opuzenu i Plo\u010dama su uspje\u0161no okon\u010dani te\u010dajevi strukovnog osposobljavanja za poljoprivrednike kroz podmjeru 1.1.2. Prerada i dorada vo\u0107a s 50 polaznika, objavio je Gospodarski list. Te\u010daj je namijenjen za sve [&hellip;]\" \/>\n<meta property=\"og:url\" content=\"https:\/\/likemetkovic.hr\/u-opuzenu-i-plocama-zavrsio-tecaj-prerada-i-dorada-voca-sudjelovalo-50-polaznika\/\" \/>\n<meta property=\"og:site_name\" content=\"likemetkovic.hr\" \/>\n<meta property=\"article:publisher\" content=\"https:\/\/www.facebook.com\/likemetkovic.hr\/\" \/>\n<meta property=\"article:published_time\" content=\"2022-05-10T06:45:38+00:00\" \/>\n<meta property=\"og:image\" content=\"https:\/\/likemetkovic.hr\/wp-content\/uploads\/2022\/05\/prerada-voca-tecaj-2.jpg\" \/>\n\t<meta property=\"og:image:width\" content=\"800\" \/>\n\t<meta property=\"og:image:height\" content=\"548\" \/>\n\t<meta property=\"og:image:type\" content=\"image\/jpeg\" \/>\n<meta name=\"author\" content=\"LIKEmetkovic.hr\" \/>\n<meta name=\"twitter:card\" content=\"summary_large_image\" \/>\n<meta name=\"twitter:label1\" content=\"Napisao\/la\" \/>\n\t<meta name=\"twitter:data1\" content=\"LIKEmetkovic.hr\" \/>\n\t<meta name=\"twitter:label2\" content=\"Procijenjeno vrijeme \u010ditanja\" \/>\n\t<meta name=\"twitter:data2\" content=\"2 minute\" \/>\n<script type=\"application\/ld+json\" class=\"yoast-schema-graph\">{\"@context\":\"https:\/\/schema.org\",\"@graph\":[{\"@type\":\"WebPage\",\"@id\":\"https:\/\/likemetkovic.hr\/u-opuzenu-i-plocama-zavrsio-tecaj-prerada-i-dorada-voca-sudjelovalo-50-polaznika\/\",\"url\":\"https:\/\/likemetkovic.hr\/u-opuzenu-i-plocama-zavrsio-tecaj-prerada-i-dorada-voca-sudjelovalo-50-polaznika\/\",\"name\":\"U Opuzenu i Plo\u010dama zavr\u0161io te\u010daj 'Prerada i dorada vo\u0107a': sudjelovalo 50 polaznika - likemetkovic.hr\",\"isPartOf\":{\"@id\":\"https:\/\/likemetkovic.hr\/#website\"},\"primaryImageOfPage\":{\"@id\":\"https:\/\/likemetkovic.hr\/u-opuzenu-i-plocama-zavrsio-tecaj-prerada-i-dorada-voca-sudjelovalo-50-polaznika\/#primaryimage\"},\"image\":{\"@id\":\"https:\/\/likemetkovic.hr\/u-opuzenu-i-plocama-zavrsio-tecaj-prerada-i-dorada-voca-sudjelovalo-50-polaznika\/#primaryimage\"},\"thumbnailUrl\":\"https:\/\/likemetkovic.hr\/portal\/wp-content\/uploads\/2022\/05\/prerada-voca-tecaj-2.jpg\",\"datePublished\":\"2022-05-10T06:45:38+00:00\",\"author\":{\"@id\":\"https:\/\/likemetkovic.hr\/#\/schema\/person\/a42711f3385a0e2be6f7e0443bfb28f0\"},\"breadcrumb\":{\"@id\":\"https:\/\/likemetkovic.hr\/u-opuzenu-i-plocama-zavrsio-tecaj-prerada-i-dorada-voca-sudjelovalo-50-polaznika\/#breadcrumb\"},\"inLanguage\":\"hr\",\"potentialAction\":[{\"@type\":\"ReadAction\",\"target\":[\"https:\/\/likemetkovic.hr\/u-opuzenu-i-plocama-zavrsio-tecaj-prerada-i-dorada-voca-sudjelovalo-50-polaznika\/\"]}]},{\"@type\":\"ImageObject\",\"inLanguage\":\"hr\",\"@id\":\"https:\/\/likemetkovic.hr\/u-opuzenu-i-plocama-zavrsio-tecaj-prerada-i-dorada-voca-sudjelovalo-50-polaznika\/#primaryimage\",\"url\":\"https:\/\/likemetkovic.hr\/portal\/wp-content\/uploads\/2022\/05\/prerada-voca-tecaj-2.jpg\",\"contentUrl\":\"https:\/\/likemetkovic.hr\/portal\/wp-content\/uploads\/2022\/05\/prerada-voca-tecaj-2.jpg\",\"width\":800,\"height\":548},{\"@type\":\"BreadcrumbList\",\"@id\":\"https:\/\/likemetkovic.hr\/u-opuzenu-i-plocama-zavrsio-tecaj-prerada-i-dorada-voca-sudjelovalo-50-polaznika\/#breadcrumb\",\"itemListElement\":[{\"@type\":\"ListItem\",\"position\":1,\"name\":\"Po\u010detna stranica\",\"item\":\"https:\/\/likemetkovic.hr\/portal\/\"},{\"@type\":\"ListItem\",\"position\":2,\"name\":\"U Opuzenu i Plo\u010dama zavr\u0161io te\u010daj &#8216;Prerada i dorada vo\u0107a&#8217;: sudjelovalo 50 polaznika\"}]},{\"@type\":\"WebSite\",\"@id\":\"https:\/\/likemetkovic.hr\/#website\",\"url\":\"https:\/\/likemetkovic.hr\/\",\"name\":\"likemetkovic.hr\",\"description\":\"Misli pozitivno... \u010ditaj LIKE\",\"potentialAction\":[{\"@type\":\"SearchAction\",\"target\":{\"@type\":\"EntryPoint\",\"urlTemplate\":\"https:\/\/likemetkovic.hr\/?s={search_term_string}\"},\"query-input\":{\"@type\":\"PropertyValueSpecification\",\"valueRequired\":true,\"valueName\":\"search_term_string\"}}],\"inLanguage\":\"hr\"},{\"@type\":\"Person\",\"@id\":\"https:\/\/likemetkovic.hr\/#\/schema\/person\/a42711f3385a0e2be6f7e0443bfb28f0\",\"name\":\"LIKEmetkovic.hr\",\"sameAs\":[\"http:\/\/likemetkovic.hr\"],\"url\":\"https:\/\/likemetkovic.hr\/portal\/author\/likemetkovic-hr\/\"}]}<\/script>\n<!-- \/ Yoast SEO plugin. -->","yoast_head_json":{"title":"U Opuzenu i Plo\u010dama zavr\u0161io te\u010daj 'Prerada i dorada vo\u0107a': sudjelovalo 50 polaznika - likemetkovic.hr","robots":{"index":"index","follow":"follow","max-snippet":"max-snippet:-1","max-image-preview":"max-image-preview:large","max-video-preview":"max-video-preview:-1"},"canonical":"https:\/\/likemetkovic.hr\/u-opuzenu-i-plocama-zavrsio-tecaj-prerada-i-dorada-voca-sudjelovalo-50-polaznika\/","og_locale":"hr_HR","og_type":"article","og_title":"U Opuzenu i Plo\u010dama zavr\u0161io te\u010daj 'Prerada i dorada vo\u0107a': sudjelovalo 50 polaznika - likemetkovic.hr","og_description":"U organizaciji Ministarstva poljoprivrede, Uprave za stru\u010dnu podr\u0161ku razvoju poljoprivrede; u okviru Mjere 1 Preno\u0161enje znanja i aktivnosti informiranja, Programa ruralnog razvoja 2014.- 2020., u Opuzenu i Plo\u010dama su uspje\u0161no okon\u010dani te\u010dajevi strukovnog osposobljavanja za poljoprivrednike kroz podmjeru 1.1.2. Prerada i dorada vo\u0107a s 50 polaznika, objavio je Gospodarski list. Te\u010daj je namijenjen za sve [&hellip;]","og_url":"https:\/\/likemetkovic.hr\/u-opuzenu-i-plocama-zavrsio-tecaj-prerada-i-dorada-voca-sudjelovalo-50-polaznika\/","og_site_name":"likemetkovic.hr","article_publisher":"https:\/\/www.facebook.com\/likemetkovic.hr\/","article_published_time":"2022-05-10T06:45:38+00:00","og_image":[{"width":800,"height":548,"url":"https:\/\/likemetkovic.hr\/wp-content\/uploads\/2022\/05\/prerada-voca-tecaj-2.jpg","type":"image\/jpeg"}],"author":"LIKEmetkovic.hr","twitter_card":"summary_large_image","twitter_misc":{"Napisao\/la":"LIKEmetkovic.hr","Procijenjeno vrijeme \u010ditanja":"2 minute"},"schema":{"@context":"https:\/\/schema.org","@graph":[{"@type":"WebPage","@id":"https:\/\/likemetkovic.hr\/u-opuzenu-i-plocama-zavrsio-tecaj-prerada-i-dorada-voca-sudjelovalo-50-polaznika\/","url":"https:\/\/likemetkovic.hr\/u-opuzenu-i-plocama-zavrsio-tecaj-prerada-i-dorada-voca-sudjelovalo-50-polaznika\/","name":"U Opuzenu i Plo\u010dama zavr\u0161io te\u010daj 'Prerada i dorada vo\u0107a': sudjelovalo 50 polaznika - likemetkovic.hr","isPartOf":{"@id":"https:\/\/likemetkovic.hr\/#website"},"primaryImageOfPage":{"@id":"https:\/\/likemetkovic.hr\/u-opuzenu-i-plocama-zavrsio-tecaj-prerada-i-dorada-voca-sudjelovalo-50-polaznika\/#primaryimage"},"image":{"@id":"https:\/\/likemetkovic.hr\/u-opuzenu-i-plocama-zavrsio-tecaj-prerada-i-dorada-voca-sudjelovalo-50-polaznika\/#primaryimage"},"thumbnailUrl":"https:\/\/likemetkovic.hr\/portal\/wp-content\/uploads\/2022\/05\/prerada-voca-tecaj-2.jpg","datePublished":"2022-05-10T06:45:38+00:00","author":{"@id":"https:\/\/likemetkovic.hr\/#\/schema\/person\/a42711f3385a0e2be6f7e0443bfb28f0"},"breadcrumb":{"@id":"https:\/\/likemetkovic.hr\/u-opuzenu-i-plocama-zavrsio-tecaj-prerada-i-dorada-voca-sudjelovalo-50-polaznika\/#breadcrumb"},"inLanguage":"hr","potentialAction":[{"@type":"ReadAction","target":["https:\/\/likemetkovic.hr\/u-opuzenu-i-plocama-zavrsio-tecaj-prerada-i-dorada-voca-sudjelovalo-50-polaznika\/"]}]},{"@type":"ImageObject","inLanguage":"hr","@id":"https:\/\/likemetkovic.hr\/u-opuzenu-i-plocama-zavrsio-tecaj-prerada-i-dorada-voca-sudjelovalo-50-polaznika\/#primaryimage","url":"https:\/\/likemetkovic.hr\/portal\/wp-content\/uploads\/2022\/05\/prerada-voca-tecaj-2.jpg","contentUrl":"https:\/\/likemetkovic.hr\/portal\/wp-content\/uploads\/2022\/05\/prerada-voca-tecaj-2.jpg","width":800,"height":548},{"@type":"BreadcrumbList","@id":"https:\/\/likemetkovic.hr\/u-opuzenu-i-plocama-zavrsio-tecaj-prerada-i-dorada-voca-sudjelovalo-50-polaznika\/#breadcrumb","itemListElement":[{"@type":"ListItem","position":1,"name":"Po\u010detna stranica","item":"https:\/\/likemetkovic.hr\/portal\/"},{"@type":"ListItem","position":2,"name":"U Opuzenu i Plo\u010dama zavr\u0161io te\u010daj &#8216;Prerada i dorada vo\u0107a&#8217;: sudjelovalo 50 polaznika"}]},{"@type":"WebSite","@id":"https:\/\/likemetkovic.hr\/#website","url":"https:\/\/likemetkovic.hr\/","name":"likemetkovic.hr","description":"Misli pozitivno... \u010ditaj LIKE","potentialAction":[{"@type":"SearchAction","target":{"@type":"EntryPoint","urlTemplate":"https:\/\/likemetkovic.hr\/?s={search_term_string}"},"query-input":{"@type":"PropertyValueSpecification","valueRequired":true,"valueName":"search_term_string"}}],"inLanguage":"hr"},{"@type":"Person","@id":"https:\/\/likemetkovic.hr\/#\/schema\/person\/a42711f3385a0e2be6f7e0443bfb28f0","name":"LIKEmetkovic.hr","sameAs":["http:\/\/likemetkovic.hr"],"url":"https:\/\/likemetkovic.hr\/portal\/author\/likemetkovic-hr\/"}]}},"_links":{"self":[{"href":"https:\/\/likemetkovic.hr\/portal\/wp-json\/wp\/v2\/posts\/130897","targetHints":{"allow":["GET"]}}],"collection":[{"href":"https:\/\/likemetkovic.hr\/portal\/wp-json\/wp\/v2\/posts"}],"about":[{"href":"https:\/\/likemetkovic.hr\/portal\/wp-json\/wp\/v2\/types\/post"}],"author":[{"embeddable":true,"href":"https:\/\/likemetkovic.hr\/portal\/wp-json\/wp\/v2\/users\/7"}],"replies":[{"embeddable":true,"href":"https:\/\/likemetkovic.hr\/portal\/wp-json\/wp\/v2\/comments?post=130897"}],"version-history":[{"count":1,"href":"https:\/\/likemetkovic.hr\/portal\/wp-json\/wp\/v2\/posts\/130897\/revisions"}],"predecessor-version":[{"id":130901,"href":"https:\/\/likemetkovic.hr\/portal\/wp-json\/wp\/v2\/posts\/130897\/revisions\/130901"}],"wp:featuredmedia":[{"embeddable":true,"href":"https:\/\/likemetkovic.hr\/portal\/wp-json\/wp\/v2\/media\/130899"}],"wp:attachment":[{"href":"https:\/\/likemetkovic.hr\/portal\/wp-json\/wp\/v2\/media?parent=130897"}],"wp:term":[{"taxonomy":"category","embeddable":true,"href":"https:\/\/likemetkovic.hr\/portal\/wp-json\/wp\/v2\/categories?post=130897"},{"taxonomy":"post_tag","embeddable":true,"href":"https:\/\/likemetkovic.hr\/portal\/wp-json\/wp\/v2\/tags?post=130897"}],"curies":[{"name":"wp","href":"https:\/\/api.w.org\/{rel}","templated":true}]}}