{"id":131978,"date":"2022-06-02T12:47:07","date_gmt":"2022-06-02T10:47:07","guid":{"rendered":"https:\/\/likemetkovic.hr\/?p=131978"},"modified":"2022-06-03T07:52:43","modified_gmt":"2022-06-03T05:52:43","slug":"preminula-je-s-magdalis-dugogodisnja-odgajateljica-u-dv-mali-isus","status":"publish","type":"post","link":"https:\/\/likemetkovic.hr\/portal\/preminula-je-s-magdalis-dugogodisnja-odgajateljica-u-dv-mali-isus\/","title":{"rendered":"Preminula je s. Magdalis, dugogodi\u0161nja odgajateljica u DV &#8220;Mali Isus&#8221;"},"content":{"rendered":"<p>Jutros, 2. lipnja 2022. godine, u samostanu u Ko\u0161utama, u koji je ovoga utoraka bila smje\u0161tena, preminula je s. Magdalis koja je u dva navrata, ukupno 28 godina, bila odgojateljica u DV <em>Mali Isus<\/em> u Metkovi\u0107u.<\/p>\n<p>Sprovod s. Magdalis je u \u017eupi Ko\u0161ute u subotu, 4. lipnja 2022.u 16 sati.<\/p>\n<p>S. Magdalis (Dragica) Krnja\u010da, k\u0107i Ante i Ive ro\u0111. Duki\u0107, ro\u0111ena je 23. kolovoza 1954. u Ko\u0161utama, \u017eupa Trilj, danas Ko\u0161ute. Do\u0161la je u Dru\u017ebu Sestara Slu\u017eavki Maloga Isusa 18. listopada 1970. godine.<br \/>\nPrivremene redovni\u010dke zavjete polo\u017eila je 6. sije\u010dnja 1974., a do\u017eivotne zavjete 6. sije\u010dnja 1980. godine u Dubrovniku.<\/p>\n<p><img decoding=\"async\" class=\"alignnone size-full wp-image-131980\" src=\"https:\/\/likemetkovic.hr\/wp-content\/uploads\/2022\/06\/PSX_20220602_124442.jpg\" alt=\"\" width=\"800\" height=\"533\" srcset=\"https:\/\/likemetkovic.hr\/portal\/wp-content\/uploads\/2022\/06\/PSX_20220602_124442.jpg 800w, https:\/\/likemetkovic.hr\/portal\/wp-content\/uploads\/2022\/06\/PSX_20220602_124442-768x512.jpg 768w, https:\/\/likemetkovic.hr\/portal\/wp-content\/uploads\/2022\/06\/PSX_20220602_124442-696x464.jpg 696w, https:\/\/likemetkovic.hr\/portal\/wp-content\/uploads\/2022\/06\/PSX_20220602_124442-630x420.jpg 630w\" sizes=\"(max-width: 800px) 100vw, 800px\" \/><\/p>\n<p>Zavr\u0161ila je srednju stru\u010dnu \u0161kolu-smjer konfekcioner tekstila, stekla Uvjerenje o osposobljenosti za pomo\u0107ne poslove u zdravstvenim i socijalnim ustanovama, a na Institutu za duhovnu formaciju stekla svjedod\u017ebu o dvogodi\u0161njem poha\u0111anju s polo\u017eenim ispitima te\u010daja za sestre juniorke. Imala je priro\u0111eni sluh i smisao za crkveno pjevanje, izraziti dar za umjetni\u010dki ru\u010dni rad i aran\u017eiranje. Vrlo kreativna u radu s djecom u dje\u010djim vrti\u0107ima.<\/p>\n<p>Poslije polo\u017eenih privremenih redovni\u010dkih zavjeta u sije\u010dnju 1974. godine poslana je u Donju Lastvu u Boki kotorskoj, gdje godinu dana iz samostana ure\u0111uje \u017eupsku crkvu, kiti, ure\u0111uje crkveno rublje i vodi crkveno pjevanje. Istu slu\u017ebu godinu dana vr\u0161i i u \u017eupi Gruda u Konavlima, a uz to izra\u0111uje d\u017eepmere na stroju za pletenje za potrebe mje\u0161tana. Ovo isto godinu dana vr\u0161i i u \u017eupi Cista Velika. Od 1976. do danas, do njezine smrti, zapo\u010dinje njezin rad s djecom u dje\u010djem vrti\u0107ima u nekoliko samostana. Kroz 46 godina neumorno radi u dje\u010djim vrti\u0107ima, u kojima do izra\u017eaja dolazi njezina priro\u0111ena kreativnost, umjetni\u010dki dar za pjevanje, kreaciju, aran\u017eiranje.<\/p>\n<p>Od 1976. do 1984. radi u dje\u010djem vrti\u0107u u samostanu u Krilu Jesenicama; od 1984. do 1994. u dje\u010djem vrti\u0107u u samostanu u Metkovi\u0107u, od 1994. do 2004. u dje\u010djem vrti\u0107u u Ka\u0161tel Kambelovcu, gdje jedno vrijeme uz tu slu\u017ebu vr\u0161i i slu\u017ebu predstojnice.<\/p>\n<p>Od 2004. ponovno dolazi u Metkovi\u0107 i radi u dje\u010djem vrti\u0107u \u201cMali Isus\u201d \u2013 podru\u017enica Metkovi\u0107, u kojem predano radi do svibnja 2022., prakti\u010dki do svoje smrti, do odlaska iz samostana u Metkovi\u0107u, 1. lipnja, dan prije svoje smrti. U dje\u010djem vrti\u0107u u Metkovi\u0107u radi punih 28 godina, skoro do zadnjih dva mjeseca kad su se po\u010deli pojavljivati znakovi te\u0161ke bolesti. Taj rad je voljela i svom du\u0161om je bila predana u slu\u017eenju Isusu u odgajanju malenih.<\/p>\n<p><img decoding=\"async\" class=\"alignnone size-full wp-image-131985\" src=\"https:\/\/likemetkovic.hr\/wp-content\/uploads\/2022\/06\/Magdalis-3.jpg\" alt=\"\" width=\"800\" height=\"532\" srcset=\"https:\/\/likemetkovic.hr\/portal\/wp-content\/uploads\/2022\/06\/Magdalis-3.jpg 800w, https:\/\/likemetkovic.hr\/portal\/wp-content\/uploads\/2022\/06\/Magdalis-3-768x511.jpg 768w, https:\/\/likemetkovic.hr\/portal\/wp-content\/uploads\/2022\/06\/Magdalis-3-696x463.jpg 696w, https:\/\/likemetkovic.hr\/portal\/wp-content\/uploads\/2022\/06\/Magdalis-3-632x420.jpg 632w\" sizes=\"(max-width: 800px) 100vw, 800px\" \/><\/p>\n","protected":false},"excerpt":{"rendered":"<p>Jutros, 2. lipnja 2022. godine, u samostanu u Ko\u0161utama, u koji je ovoga utoraka bila smje\u0161tena, preminula je s. Magdalis koja je u dva navrata, ukupno 28 godina, bila odgojateljica u DV Mali Isus u Metkovi\u0107u. Sprovod s. Magdalis je u \u017eupi Ko\u0161ute u subotu, 4. lipnja 2022.u 16 sati. S. Magdalis (Dragica) Krnja\u010da, k\u0107i [&hellip;]<\/p>\n","protected":false},"author":9,"featured_media":131980,"comment_status":"open","ping_status":"open","sticky":false,"template":"","format":"standard","meta":{"footnotes":""},"categories":[296,11],"tags":[10759,10758],"class_list":{"0":"post-131978","1":"post","2":"type-post","3":"status-publish","4":"format-standard","5":"has-post-thumbnail","7":"category-ab","8":"category-metkovic-dolina","9":"tag-djecji-vrtic-mali-isus","10":"tag-s-magdalis"},"yoast_head":"<!-- This site is optimized with the Yoast SEO plugin v25.2 - https:\/\/yoast.com\/wordpress\/plugins\/seo\/ -->\n<title>Preminula je s. Magdalis, dugogodi\u0161nja odgajateljica u DV &quot;Mali Isus&quot; - likemetkovic.hr<\/title>\n<meta name=\"robots\" content=\"index, follow, max-snippet:-1, max-image-preview:large, max-video-preview:-1\" \/>\n<link rel=\"canonical\" href=\"https:\/\/likemetkovic.hr\/preminula-je-s-magdalis-dugogodisnja-odgajateljica-u-dv-mali-isus\/\" \/>\n<meta property=\"og:locale\" content=\"hr_HR\" \/>\n<meta property=\"og:type\" content=\"article\" \/>\n<meta property=\"og:title\" content=\"Preminula je s. Magdalis, dugogodi\u0161nja odgajateljica u DV &quot;Mali Isus&quot; - likemetkovic.hr\" \/>\n<meta property=\"og:description\" content=\"Jutros, 2. lipnja 2022. godine, u samostanu u Ko\u0161utama, u koji je ovoga utoraka bila smje\u0161tena, preminula je s. Magdalis koja je u dva navrata, ukupno 28 godina, bila odgojateljica u DV Mali Isus u Metkovi\u0107u. Sprovod s. Magdalis je u \u017eupi Ko\u0161ute u subotu, 4. lipnja 2022.u 16 sati. S. Magdalis (Dragica) Krnja\u010da, k\u0107i [&hellip;]\" \/>\n<meta property=\"og:url\" content=\"https:\/\/likemetkovic.hr\/preminula-je-s-magdalis-dugogodisnja-odgajateljica-u-dv-mali-isus\/\" \/>\n<meta property=\"og:site_name\" content=\"likemetkovic.hr\" \/>\n<meta property=\"article:publisher\" content=\"https:\/\/www.facebook.com\/likemetkovic.hr\/\" \/>\n<meta property=\"article:published_time\" content=\"2022-06-02T10:47:07+00:00\" \/>\n<meta property=\"article:modified_time\" content=\"2022-06-03T05:52:43+00:00\" \/>\n<meta property=\"og:image\" content=\"https:\/\/likemetkovic.hr\/wp-content\/uploads\/2022\/06\/PSX_20220602_124442.jpg\" \/>\n\t<meta property=\"og:image:width\" content=\"800\" \/>\n\t<meta property=\"og:image:height\" content=\"533\" \/>\n\t<meta property=\"og:image:type\" content=\"image\/jpeg\" \/>\n<meta name=\"author\" content=\"K. J.\" \/>\n<meta name=\"twitter:card\" content=\"summary_large_image\" \/>\n<meta name=\"twitter:label1\" content=\"Napisao\/la\" \/>\n\t<meta name=\"twitter:data1\" content=\"K. J.\" \/>\n\t<meta name=\"twitter:label2\" content=\"Procijenjeno vrijeme \u010ditanja\" \/>\n\t<meta name=\"twitter:data2\" content=\"3 minute\" \/>\n<script type=\"application\/ld+json\" class=\"yoast-schema-graph\">{\"@context\":\"https:\/\/schema.org\",\"@graph\":[{\"@type\":\"WebPage\",\"@id\":\"https:\/\/likemetkovic.hr\/preminula-je-s-magdalis-dugogodisnja-odgajateljica-u-dv-mali-isus\/\",\"url\":\"https:\/\/likemetkovic.hr\/preminula-je-s-magdalis-dugogodisnja-odgajateljica-u-dv-mali-isus\/\",\"name\":\"Preminula je s. Magdalis, dugogodi\u0161nja odgajateljica u DV \\\"Mali Isus\\\" - likemetkovic.hr\",\"isPartOf\":{\"@id\":\"https:\/\/likemetkovic.hr\/#website\"},\"primaryImageOfPage\":{\"@id\":\"https:\/\/likemetkovic.hr\/preminula-je-s-magdalis-dugogodisnja-odgajateljica-u-dv-mali-isus\/#primaryimage\"},\"image\":{\"@id\":\"https:\/\/likemetkovic.hr\/preminula-je-s-magdalis-dugogodisnja-odgajateljica-u-dv-mali-isus\/#primaryimage\"},\"thumbnailUrl\":\"https:\/\/likemetkovic.hr\/portal\/wp-content\/uploads\/2022\/06\/PSX_20220602_124442.jpg\",\"datePublished\":\"2022-06-02T10:47:07+00:00\",\"dateModified\":\"2022-06-03T05:52:43+00:00\",\"author\":{\"@id\":\"https:\/\/likemetkovic.hr\/#\/schema\/person\/0a8b4ebfdfe1ff01192dccda40c5da0c\"},\"breadcrumb\":{\"@id\":\"https:\/\/likemetkovic.hr\/preminula-je-s-magdalis-dugogodisnja-odgajateljica-u-dv-mali-isus\/#breadcrumb\"},\"inLanguage\":\"hr\",\"potentialAction\":[{\"@type\":\"ReadAction\",\"target\":[\"https:\/\/likemetkovic.hr\/preminula-je-s-magdalis-dugogodisnja-odgajateljica-u-dv-mali-isus\/\"]}]},{\"@type\":\"ImageObject\",\"inLanguage\":\"hr\",\"@id\":\"https:\/\/likemetkovic.hr\/preminula-je-s-magdalis-dugogodisnja-odgajateljica-u-dv-mali-isus\/#primaryimage\",\"url\":\"https:\/\/likemetkovic.hr\/portal\/wp-content\/uploads\/2022\/06\/PSX_20220602_124442.jpg\",\"contentUrl\":\"https:\/\/likemetkovic.hr\/portal\/wp-content\/uploads\/2022\/06\/PSX_20220602_124442.jpg\",\"width\":800,\"height\":533},{\"@type\":\"BreadcrumbList\",\"@id\":\"https:\/\/likemetkovic.hr\/preminula-je-s-magdalis-dugogodisnja-odgajateljica-u-dv-mali-isus\/#breadcrumb\",\"itemListElement\":[{\"@type\":\"ListItem\",\"position\":1,\"name\":\"Po\u010detna stranica\",\"item\":\"https:\/\/likemetkovic.hr\/portal\/\"},{\"@type\":\"ListItem\",\"position\":2,\"name\":\"Preminula je s. Magdalis, dugogodi\u0161nja odgajateljica u DV &#8220;Mali Isus&#8221;\"}]},{\"@type\":\"WebSite\",\"@id\":\"https:\/\/likemetkovic.hr\/#website\",\"url\":\"https:\/\/likemetkovic.hr\/\",\"name\":\"likemetkovic.hr\",\"description\":\"Misli pozitivno... \u010ditaj LIKE\",\"potentialAction\":[{\"@type\":\"SearchAction\",\"target\":{\"@type\":\"EntryPoint\",\"urlTemplate\":\"https:\/\/likemetkovic.hr\/?s={search_term_string}\"},\"query-input\":{\"@type\":\"PropertyValueSpecification\",\"valueRequired\":true,\"valueName\":\"search_term_string\"}}],\"inLanguage\":\"hr\"},{\"@type\":\"Person\",\"@id\":\"https:\/\/likemetkovic.hr\/#\/schema\/person\/0a8b4ebfdfe1ff01192dccda40c5da0c\",\"name\":\"K. J.\",\"url\":\"https:\/\/likemetkovic.hr\/portal\/author\/likemetkovic\/\"}]}<\/script>\n<!-- \/ Yoast SEO plugin. -->","yoast_head_json":{"title":"Preminula je s. Magdalis, dugogodi\u0161nja odgajateljica u DV \"Mali Isus\" - likemetkovic.hr","robots":{"index":"index","follow":"follow","max-snippet":"max-snippet:-1","max-image-preview":"max-image-preview:large","max-video-preview":"max-video-preview:-1"},"canonical":"https:\/\/likemetkovic.hr\/preminula-je-s-magdalis-dugogodisnja-odgajateljica-u-dv-mali-isus\/","og_locale":"hr_HR","og_type":"article","og_title":"Preminula je s. Magdalis, dugogodi\u0161nja odgajateljica u DV \"Mali Isus\" - likemetkovic.hr","og_description":"Jutros, 2. lipnja 2022. godine, u samostanu u Ko\u0161utama, u koji je ovoga utoraka bila smje\u0161tena, preminula je s. Magdalis koja je u dva navrata, ukupno 28 godina, bila odgojateljica u DV Mali Isus u Metkovi\u0107u. Sprovod s. Magdalis je u \u017eupi Ko\u0161ute u subotu, 4. lipnja 2022.u 16 sati. S. Magdalis (Dragica) Krnja\u010da, k\u0107i [&hellip;]","og_url":"https:\/\/likemetkovic.hr\/preminula-je-s-magdalis-dugogodisnja-odgajateljica-u-dv-mali-isus\/","og_site_name":"likemetkovic.hr","article_publisher":"https:\/\/www.facebook.com\/likemetkovic.hr\/","article_published_time":"2022-06-02T10:47:07+00:00","article_modified_time":"2022-06-03T05:52:43+00:00","og_image":[{"width":800,"height":533,"url":"https:\/\/likemetkovic.hr\/wp-content\/uploads\/2022\/06\/PSX_20220602_124442.jpg","type":"image\/jpeg"}],"author":"K. J.","twitter_card":"summary_large_image","twitter_misc":{"Napisao\/la":"K. J.","Procijenjeno vrijeme \u010ditanja":"3 minute"},"schema":{"@context":"https:\/\/schema.org","@graph":[{"@type":"WebPage","@id":"https:\/\/likemetkovic.hr\/preminula-je-s-magdalis-dugogodisnja-odgajateljica-u-dv-mali-isus\/","url":"https:\/\/likemetkovic.hr\/preminula-je-s-magdalis-dugogodisnja-odgajateljica-u-dv-mali-isus\/","name":"Preminula je s. Magdalis, dugogodi\u0161nja odgajateljica u DV \"Mali Isus\" - likemetkovic.hr","isPartOf":{"@id":"https:\/\/likemetkovic.hr\/#website"},"primaryImageOfPage":{"@id":"https:\/\/likemetkovic.hr\/preminula-je-s-magdalis-dugogodisnja-odgajateljica-u-dv-mali-isus\/#primaryimage"},"image":{"@id":"https:\/\/likemetkovic.hr\/preminula-je-s-magdalis-dugogodisnja-odgajateljica-u-dv-mali-isus\/#primaryimage"},"thumbnailUrl":"https:\/\/likemetkovic.hr\/portal\/wp-content\/uploads\/2022\/06\/PSX_20220602_124442.jpg","datePublished":"2022-06-02T10:47:07+00:00","dateModified":"2022-06-03T05:52:43+00:00","author":{"@id":"https:\/\/likemetkovic.hr\/#\/schema\/person\/0a8b4ebfdfe1ff01192dccda40c5da0c"},"breadcrumb":{"@id":"https:\/\/likemetkovic.hr\/preminula-je-s-magdalis-dugogodisnja-odgajateljica-u-dv-mali-isus\/#breadcrumb"},"inLanguage":"hr","potentialAction":[{"@type":"ReadAction","target":["https:\/\/likemetkovic.hr\/preminula-je-s-magdalis-dugogodisnja-odgajateljica-u-dv-mali-isus\/"]}]},{"@type":"ImageObject","inLanguage":"hr","@id":"https:\/\/likemetkovic.hr\/preminula-je-s-magdalis-dugogodisnja-odgajateljica-u-dv-mali-isus\/#primaryimage","url":"https:\/\/likemetkovic.hr\/portal\/wp-content\/uploads\/2022\/06\/PSX_20220602_124442.jpg","contentUrl":"https:\/\/likemetkovic.hr\/portal\/wp-content\/uploads\/2022\/06\/PSX_20220602_124442.jpg","width":800,"height":533},{"@type":"BreadcrumbList","@id":"https:\/\/likemetkovic.hr\/preminula-je-s-magdalis-dugogodisnja-odgajateljica-u-dv-mali-isus\/#breadcrumb","itemListElement":[{"@type":"ListItem","position":1,"name":"Po\u010detna stranica","item":"https:\/\/likemetkovic.hr\/portal\/"},{"@type":"ListItem","position":2,"name":"Preminula je s. Magdalis, dugogodi\u0161nja odgajateljica u DV &#8220;Mali Isus&#8221;"}]},{"@type":"WebSite","@id":"https:\/\/likemetkovic.hr\/#website","url":"https:\/\/likemetkovic.hr\/","name":"likemetkovic.hr","description":"Misli pozitivno... \u010ditaj LIKE","potentialAction":[{"@type":"SearchAction","target":{"@type":"EntryPoint","urlTemplate":"https:\/\/likemetkovic.hr\/?s={search_term_string}"},"query-input":{"@type":"PropertyValueSpecification","valueRequired":true,"valueName":"search_term_string"}}],"inLanguage":"hr"},{"@type":"Person","@id":"https:\/\/likemetkovic.hr\/#\/schema\/person\/0a8b4ebfdfe1ff01192dccda40c5da0c","name":"K. J.","url":"https:\/\/likemetkovic.hr\/portal\/author\/likemetkovic\/"}]}},"_links":{"self":[{"href":"https:\/\/likemetkovic.hr\/portal\/wp-json\/wp\/v2\/posts\/131978","targetHints":{"allow":["GET"]}}],"collection":[{"href":"https:\/\/likemetkovic.hr\/portal\/wp-json\/wp\/v2\/posts"}],"about":[{"href":"https:\/\/likemetkovic.hr\/portal\/wp-json\/wp\/v2\/types\/post"}],"author":[{"embeddable":true,"href":"https:\/\/likemetkovic.hr\/portal\/wp-json\/wp\/v2\/users\/9"}],"replies":[{"embeddable":true,"href":"https:\/\/likemetkovic.hr\/portal\/wp-json\/wp\/v2\/comments?post=131978"}],"version-history":[{"count":5,"href":"https:\/\/likemetkovic.hr\/portal\/wp-json\/wp\/v2\/posts\/131978\/revisions"}],"predecessor-version":[{"id":132002,"href":"https:\/\/likemetkovic.hr\/portal\/wp-json\/wp\/v2\/posts\/131978\/revisions\/132002"}],"wp:featuredmedia":[{"embeddable":true,"href":"https:\/\/likemetkovic.hr\/portal\/wp-json\/wp\/v2\/media\/131980"}],"wp:attachment":[{"href":"https:\/\/likemetkovic.hr\/portal\/wp-json\/wp\/v2\/media?parent=131978"}],"wp:term":[{"taxonomy":"category","embeddable":true,"href":"https:\/\/likemetkovic.hr\/portal\/wp-json\/wp\/v2\/categories?post=131978"},{"taxonomy":"post_tag","embeddable":true,"href":"https:\/\/likemetkovic.hr\/portal\/wp-json\/wp\/v2\/tags?post=131978"}],"curies":[{"name":"wp","href":"https:\/\/api.w.org\/{rel}","templated":true}]}}