{"id":132013,"date":"2022-06-03T07:55:37","date_gmt":"2022-06-03T05:55:37","guid":{"rendered":"https:\/\/likemetkovic.hr\/?p=132013"},"modified":"2022-06-03T07:58:45","modified_gmt":"2022-06-03T05:58:45","slug":"sretan-700-rodendan-klecani","status":"publish","type":"post","link":"https:\/\/likemetkovic.hr\/portal\/sretan-700-rodendan-klecani\/","title":{"rendered":"Sretan 700. ro\u0111endan, Kle\u010dani"},"content":{"rendered":"<p>U sjeni velike metkovske obljetnice gotovo nam je promaknula jedna jo\u0161 starija, a jednako tako okrugla. Naime, jedno turisti\u010dko naselje na neretvanskoj obali <strong>ove godine slavi okrugli 700. ro\u0111endan. <\/strong><\/p>\n<p>Iz dana\u0161nje perspektive \u010dini se gotovo nevjerojatnim da je <strong>Klek<\/strong> bio jednim od triju najva\u017enijih trgovi\u0161ta solju (uz Drivu, dana\u0161nju Gabelu, i Slano) od Neretve do Sutorine. To se slivanjsko naselje prvi put spominje 1322. kao luka bosanskih vladara (nikakvo \u010dudo da su ga danas zaposjeli bosanskohercegova\u010dki turisti i vikenda\u0161i), koju su, gle \u010duda, zakupili Dubrov\u010dani po starome vragu\u017eeoskom na\u010delu: \u201eTi radi za moje zadovoljstvo!\u201c.<\/p>\n<p><img decoding=\"async\" class=\"alignnone size-full wp-image-98685\" src=\"https:\/\/likemetkovic.hr\/wp-content\/uploads\/2020\/03\/693slivno-ravno-klek.jpg\" alt=\"\" width=\"800\" height=\"450\" srcset=\"https:\/\/likemetkovic.hr\/portal\/wp-content\/uploads\/2020\/03\/693slivno-ravno-klek.jpg 800w, https:\/\/likemetkovic.hr\/portal\/wp-content\/uploads\/2020\/03\/693slivno-ravno-klek-768x432.jpg 768w, https:\/\/likemetkovic.hr\/portal\/wp-content\/uploads\/2020\/03\/693slivno-ravno-klek-696x392.jpg 696w, https:\/\/likemetkovic.hr\/portal\/wp-content\/uploads\/2020\/03\/693slivno-ravno-klek-747x420.jpg 747w\" sizes=\"(max-width: 800px) 100vw, 800px\" \/><\/p>\n<p>Pretovar se soli u Kleku odvijao i po\u010detkom osmanlijske vladavine, o \u010demu svjedo\u010de dokumenti iz 1490. i 1492., a u Kleku se usto trgovalo i robljem (od osobnih su mi se imena robinja iz povijesnih vrela urezala narodna imena Bosnica i Milost). Nakon \u0161to su ga napustili dubrova\u010dki trgovci, Klek se utopio u op\u0107e sivilo \u017eivota na \u0111umrukani sve dok ga koncem XVII. stolje\u0107a nisu proslavile mleta\u010dko-osmanlijske bitke nakon kojih je oslobo\u0111en, a zatim i obranjen od dvostoljetne osmanlijske vlasti.<\/p>\n<p>U Kleku je tad svoj utvr\u0111eni ljetnikovac podignula vlasteoska obitelj Nonkovi\u0107, jedna od najzaslu\u017enijih u protuosmanlijskim borbama, te je uza nj izgradila obiteljsku kapelicu posve\u0107enu svetomu Nikoli biskupu u kojoj se bogoslu\u017eje obavljalo do 1858. S postupnim padom mo\u0107i Nonkovi\u0107a Klek je ponovno po\u010deo stagnirati sredinom XIX. stolje\u0107a, ali je uo\u010di Prvoga svjetskog rata njegov polo\u017eaj ponovno do\u0161ao do izra\u017eaja da bi se Klek kakav danas poznajemo postupno po\u010deo graditi nakon prolaska Jadranske magistrale 1962., a kulturno uzdizati od 1981., nakon otvaranja Galerije \u201eSte\u0107ak\u201c (moram malo reklamirati biv\u0161ega urednika Stjepana \u0160e\u0161elja kad se ve\u0107 <em>Hrvatsko<\/em> <em>slovo<\/em> izgubilo u bespu\u0107ima povijesne zbiljnosti).<\/p>\n<p><img decoding=\"async\" class=\"alignnone size-full wp-image-82439\" src=\"https:\/\/likemetkovic.hr\/wp-content\/uploads\/2019\/06\/klek-plaza_edited.jpg\" alt=\"\" width=\"751\" height=\"499\" srcset=\"https:\/\/likemetkovic.hr\/portal\/wp-content\/uploads\/2019\/06\/klek-plaza_edited.jpg 751w, https:\/\/likemetkovic.hr\/portal\/wp-content\/uploads\/2019\/06\/klek-plaza_edited-696x462.jpg 696w, https:\/\/likemetkovic.hr\/portal\/wp-content\/uploads\/2019\/06\/klek-plaza_edited-632x420.jpg 632w\" sizes=\"(max-width: 751px) 100vw, 751px\" \/><\/p>\n<p>Klek danas osim ugostitelja i hrvatske kulture (Je l&#8217; tako, Mla\u0111o?) ima i svoje ribare (neki su potegli \u010dak sa \u0160irokoga i iz Panonije, a neki se, na u\u017eas doma\u0107ih snaga, pozdravljaju s <em>Oklen ti?<\/em>), lignjare, maslinare (jo\u0161 da im hrvatska kultura nije zapasala uljaru&#8230;), redarstvenike, krijum\u010dare, sezonsku metalnu industriju (kad Julio vari dok gosti sami to\u010de pi\u0107e i varnice im padaju po glavi), usmene kroni\u010dare i samostoje\u0107e (da ne re\u010dem <em>stand-up<\/em>) komi\u010dare s kojima rado kratim dokona popodneva.<\/p>\n<p>Prije nego \u0161to \u010destitam Kle\u010danima, moram malo zakukati jer me uvijek zaboli kad vidim kako nam je neposredno susjedstvo (\u010ditaj Ston) \u017eivnulo obnavljanjem spomeni\u010dke ba\u0161tine, pa se i sad pitam mo\u017ee li se ne\u0161to sli\u010dno dogoditi u na\u0161im stranama, pogotovo kad iz prve ruke znam da nemale zasluge za obnovu Stona imaju i Neretvani, pa\u010de Za\u017eapci. Uostalom, <strong>Smrdan-grad<\/strong> je u nemjerljivo boljemu stanju nego \u0161to je konavoski Sokol-grad bio prije obnove, a i pogled je s Grada, brat bratu, znatno ljep\u0161i jer gleda na more. Samo, uz Grad ne mo\u017ee\u0161 popiti ni \u010da\u0161u vode, a u Sokol-gradu je kafi\u0107 uz dva restorana pod njim.<\/p>\n<p><img decoding=\"async\" class=\"alignnone size-full wp-image-98664\" src=\"https:\/\/likemetkovic.hr\/wp-content\/uploads\/2020\/03\/slivno-ravno-23.jpg\" alt=\"\" width=\"800\" height=\"533\" srcset=\"https:\/\/likemetkovic.hr\/portal\/wp-content\/uploads\/2020\/03\/slivno-ravno-23.jpg 800w, https:\/\/likemetkovic.hr\/portal\/wp-content\/uploads\/2020\/03\/slivno-ravno-23-768x512.jpg 768w, https:\/\/likemetkovic.hr\/portal\/wp-content\/uploads\/2020\/03\/slivno-ravno-23-696x464.jpg 696w, https:\/\/likemetkovic.hr\/portal\/wp-content\/uploads\/2020\/03\/slivno-ravno-23-630x420.jpg 630w\" sizes=\"(max-width: 800px) 100vw, 800px\" \/><\/p>\n<p>Nadalje, vjerujem da tek rijetki Neretvani znaju pri\u010du o<strong> Gospinoj slici<\/strong> koja se sama vra\u0107ala iz Gradca na Slivno, pa ni vjerski turizam nije neostvariv. Dakako, i neka se vrsta kostimirane izvedbe bitke na Gradu po uzoru na More\u0161ku ili Dane Neretvanske kne\u017eevine ne smije isklju\u010diti. Hajdemo, dakle, pro\u0161iriti ponudu na 700. obljetnicu prvoga spomena Kleka, a budu\u0107i da nam je nepoznat to\u010dan nadnevak prvoga spomena, predla\u017eem da <strong>Kle\u010dani svoj 700. ro\u0111endan proslave 8. kolovoza<\/strong> kad se ujedno obilje\u017eava i 740. obljetnica prvoga spomena<strong> Slivna<\/strong> (8. kolovoza 1282. Slivno se jo\u0161 zvalo Hum). Dotad je sasvim dovoljno vremena za pripremu proslave obiju obljetnica.<\/p>\n<p>Na koncu, <strong>sretan ro\u0111endan, Kle\u010dani,<\/strong> ponajprije oni zimski, a tek zatim ljetni, proljetni, povremeni, privremeni&#8230; Ako je i slu\u010dajno, lijepo je da ste, kao i Metkovci (600.) i Janjinari (800.), za svoj okrugli (700.) ro\u0111endan dobili Pelje\u0161ki most. Jedino me malo pe\u010de \u0161to sve to nije do\u010dekao moj stari prijatelj Mile Babi\u0107, ali uz njegova dostojnoga nasljednika \u017diku za stolom i pi\u0107e u \u0161jor Milinu \u010dast, bit \u0107e i to nekako lak\u0161e prebroditi.<\/p>\n","protected":false},"excerpt":{"rendered":"<p>U sjeni velike metkovske obljetnice gotovo nam je promaknula jedna jo\u0161 starija, a jednako tako okrugla. Naime, jedno turisti\u010dko naselje na neretvanskoj obali ove godine slavi okrugli 700. ro\u0111endan. Iz dana\u0161nje perspektive \u010dini se gotovo nevjerojatnim da je Klek bio jednim od triju najva\u017enijih trgovi\u0161ta solju (uz Drivu, dana\u0161nju Gabelu, i Slano) od Neretve do [&hellip;]<\/p>\n","protected":false},"author":7,"featured_media":98668,"comment_status":"open","ping_status":"open","sticky":false,"template":"","format":"standard","meta":{"footnotes":""},"categories":[283,11],"tags":[10761,621],"class_list":{"0":"post-132013","1":"post","2":"type-post","3":"status-publish","4":"format-standard","5":"has-post-thumbnail","7":"category-a","8":"category-metkovic-dolina","9":"tag-700-godina","10":"tag-klek"},"yoast_head":"<!-- This site is optimized with the Yoast SEO plugin v25.2 - https:\/\/yoast.com\/wordpress\/plugins\/seo\/ -->\n<title>Sretan 700. ro\u0111endan, Kle\u010dani - likemetkovic.hr<\/title>\n<meta name=\"robots\" content=\"index, follow, max-snippet:-1, max-image-preview:large, max-video-preview:-1\" \/>\n<link rel=\"canonical\" href=\"https:\/\/likemetkovic.hr\/sretan-700-rodendan-klecani\/\" \/>\n<meta property=\"og:locale\" content=\"hr_HR\" \/>\n<meta property=\"og:type\" content=\"article\" \/>\n<meta property=\"og:title\" content=\"Sretan 700. ro\u0111endan, Kle\u010dani - likemetkovic.hr\" \/>\n<meta property=\"og:description\" content=\"U sjeni velike metkovske obljetnice gotovo nam je promaknula jedna jo\u0161 starija, a jednako tako okrugla. Naime, jedno turisti\u010dko naselje na neretvanskoj obali ove godine slavi okrugli 700. ro\u0111endan. Iz dana\u0161nje perspektive \u010dini se gotovo nevjerojatnim da je Klek bio jednim od triju najva\u017enijih trgovi\u0161ta solju (uz Drivu, dana\u0161nju Gabelu, i Slano) od Neretve do [&hellip;]\" \/>\n<meta property=\"og:url\" content=\"https:\/\/likemetkovic.hr\/sretan-700-rodendan-klecani\/\" \/>\n<meta property=\"og:site_name\" content=\"likemetkovic.hr\" \/>\n<meta property=\"article:publisher\" content=\"https:\/\/www.facebook.com\/likemetkovic.hr\/\" \/>\n<meta property=\"article:published_time\" content=\"2022-06-03T05:55:37+00:00\" \/>\n<meta property=\"article:modified_time\" content=\"2022-06-03T05:58:45+00:00\" \/>\n<meta property=\"og:image\" content=\"https:\/\/likemetkovic.hr\/wp-content\/uploads\/2020\/03\/slivno-ravno-15.jpg\" \/>\n\t<meta property=\"og:image:width\" content=\"800\" \/>\n\t<meta property=\"og:image:height\" content=\"533\" \/>\n\t<meta property=\"og:image:type\" content=\"image\/jpeg\" \/>\n<meta name=\"author\" content=\"LIKEmetkovic.hr\" \/>\n<meta name=\"twitter:card\" content=\"summary_large_image\" \/>\n<meta name=\"twitter:label1\" content=\"Napisao\/la\" \/>\n\t<meta name=\"twitter:data1\" content=\"LIKEmetkovic.hr\" \/>\n\t<meta name=\"twitter:label2\" content=\"Procijenjeno vrijeme \u010ditanja\" \/>\n\t<meta name=\"twitter:data2\" content=\"5 minuta\" \/>\n<script type=\"application\/ld+json\" class=\"yoast-schema-graph\">{\"@context\":\"https:\/\/schema.org\",\"@graph\":[{\"@type\":\"WebPage\",\"@id\":\"https:\/\/likemetkovic.hr\/sretan-700-rodendan-klecani\/\",\"url\":\"https:\/\/likemetkovic.hr\/sretan-700-rodendan-klecani\/\",\"name\":\"Sretan 700. ro\u0111endan, Kle\u010dani - likemetkovic.hr\",\"isPartOf\":{\"@id\":\"https:\/\/likemetkovic.hr\/#website\"},\"primaryImageOfPage\":{\"@id\":\"https:\/\/likemetkovic.hr\/sretan-700-rodendan-klecani\/#primaryimage\"},\"image\":{\"@id\":\"https:\/\/likemetkovic.hr\/sretan-700-rodendan-klecani\/#primaryimage\"},\"thumbnailUrl\":\"https:\/\/likemetkovic.hr\/portal\/wp-content\/uploads\/2020\/03\/slivno-ravno-15.jpg\",\"datePublished\":\"2022-06-03T05:55:37+00:00\",\"dateModified\":\"2022-06-03T05:58:45+00:00\",\"author\":{\"@id\":\"https:\/\/likemetkovic.hr\/#\/schema\/person\/a42711f3385a0e2be6f7e0443bfb28f0\"},\"breadcrumb\":{\"@id\":\"https:\/\/likemetkovic.hr\/sretan-700-rodendan-klecani\/#breadcrumb\"},\"inLanguage\":\"hr\",\"potentialAction\":[{\"@type\":\"ReadAction\",\"target\":[\"https:\/\/likemetkovic.hr\/sretan-700-rodendan-klecani\/\"]}]},{\"@type\":\"ImageObject\",\"inLanguage\":\"hr\",\"@id\":\"https:\/\/likemetkovic.hr\/sretan-700-rodendan-klecani\/#primaryimage\",\"url\":\"https:\/\/likemetkovic.hr\/portal\/wp-content\/uploads\/2020\/03\/slivno-ravno-15.jpg\",\"contentUrl\":\"https:\/\/likemetkovic.hr\/portal\/wp-content\/uploads\/2020\/03\/slivno-ravno-15.jpg\",\"width\":800,\"height\":533},{\"@type\":\"BreadcrumbList\",\"@id\":\"https:\/\/likemetkovic.hr\/sretan-700-rodendan-klecani\/#breadcrumb\",\"itemListElement\":[{\"@type\":\"ListItem\",\"position\":1,\"name\":\"Po\u010detna stranica\",\"item\":\"https:\/\/likemetkovic.hr\/portal\/\"},{\"@type\":\"ListItem\",\"position\":2,\"name\":\"Sretan 700. ro\u0111endan, Kle\u010dani\"}]},{\"@type\":\"WebSite\",\"@id\":\"https:\/\/likemetkovic.hr\/#website\",\"url\":\"https:\/\/likemetkovic.hr\/\",\"name\":\"likemetkovic.hr\",\"description\":\"Misli pozitivno... \u010ditaj LIKE\",\"potentialAction\":[{\"@type\":\"SearchAction\",\"target\":{\"@type\":\"EntryPoint\",\"urlTemplate\":\"https:\/\/likemetkovic.hr\/?s={search_term_string}\"},\"query-input\":{\"@type\":\"PropertyValueSpecification\",\"valueRequired\":true,\"valueName\":\"search_term_string\"}}],\"inLanguage\":\"hr\"},{\"@type\":\"Person\",\"@id\":\"https:\/\/likemetkovic.hr\/#\/schema\/person\/a42711f3385a0e2be6f7e0443bfb28f0\",\"name\":\"LIKEmetkovic.hr\",\"sameAs\":[\"http:\/\/likemetkovic.hr\"],\"url\":\"https:\/\/likemetkovic.hr\/portal\/author\/likemetkovic-hr\/\"}]}<\/script>\n<!-- \/ Yoast SEO plugin. -->","yoast_head_json":{"title":"Sretan 700. ro\u0111endan, Kle\u010dani - likemetkovic.hr","robots":{"index":"index","follow":"follow","max-snippet":"max-snippet:-1","max-image-preview":"max-image-preview:large","max-video-preview":"max-video-preview:-1"},"canonical":"https:\/\/likemetkovic.hr\/sretan-700-rodendan-klecani\/","og_locale":"hr_HR","og_type":"article","og_title":"Sretan 700. ro\u0111endan, Kle\u010dani - likemetkovic.hr","og_description":"U sjeni velike metkovske obljetnice gotovo nam je promaknula jedna jo\u0161 starija, a jednako tako okrugla. Naime, jedno turisti\u010dko naselje na neretvanskoj obali ove godine slavi okrugli 700. ro\u0111endan. Iz dana\u0161nje perspektive \u010dini se gotovo nevjerojatnim da je Klek bio jednim od triju najva\u017enijih trgovi\u0161ta solju (uz Drivu, dana\u0161nju Gabelu, i Slano) od Neretve do [&hellip;]","og_url":"https:\/\/likemetkovic.hr\/sretan-700-rodendan-klecani\/","og_site_name":"likemetkovic.hr","article_publisher":"https:\/\/www.facebook.com\/likemetkovic.hr\/","article_published_time":"2022-06-03T05:55:37+00:00","article_modified_time":"2022-06-03T05:58:45+00:00","og_image":[{"width":800,"height":533,"url":"https:\/\/likemetkovic.hr\/wp-content\/uploads\/2020\/03\/slivno-ravno-15.jpg","type":"image\/jpeg"}],"author":"LIKEmetkovic.hr","twitter_card":"summary_large_image","twitter_misc":{"Napisao\/la":"LIKEmetkovic.hr","Procijenjeno vrijeme \u010ditanja":"5 minuta"},"schema":{"@context":"https:\/\/schema.org","@graph":[{"@type":"WebPage","@id":"https:\/\/likemetkovic.hr\/sretan-700-rodendan-klecani\/","url":"https:\/\/likemetkovic.hr\/sretan-700-rodendan-klecani\/","name":"Sretan 700. ro\u0111endan, Kle\u010dani - likemetkovic.hr","isPartOf":{"@id":"https:\/\/likemetkovic.hr\/#website"},"primaryImageOfPage":{"@id":"https:\/\/likemetkovic.hr\/sretan-700-rodendan-klecani\/#primaryimage"},"image":{"@id":"https:\/\/likemetkovic.hr\/sretan-700-rodendan-klecani\/#primaryimage"},"thumbnailUrl":"https:\/\/likemetkovic.hr\/portal\/wp-content\/uploads\/2020\/03\/slivno-ravno-15.jpg","datePublished":"2022-06-03T05:55:37+00:00","dateModified":"2022-06-03T05:58:45+00:00","author":{"@id":"https:\/\/likemetkovic.hr\/#\/schema\/person\/a42711f3385a0e2be6f7e0443bfb28f0"},"breadcrumb":{"@id":"https:\/\/likemetkovic.hr\/sretan-700-rodendan-klecani\/#breadcrumb"},"inLanguage":"hr","potentialAction":[{"@type":"ReadAction","target":["https:\/\/likemetkovic.hr\/sretan-700-rodendan-klecani\/"]}]},{"@type":"ImageObject","inLanguage":"hr","@id":"https:\/\/likemetkovic.hr\/sretan-700-rodendan-klecani\/#primaryimage","url":"https:\/\/likemetkovic.hr\/portal\/wp-content\/uploads\/2020\/03\/slivno-ravno-15.jpg","contentUrl":"https:\/\/likemetkovic.hr\/portal\/wp-content\/uploads\/2020\/03\/slivno-ravno-15.jpg","width":800,"height":533},{"@type":"BreadcrumbList","@id":"https:\/\/likemetkovic.hr\/sretan-700-rodendan-klecani\/#breadcrumb","itemListElement":[{"@type":"ListItem","position":1,"name":"Po\u010detna stranica","item":"https:\/\/likemetkovic.hr\/portal\/"},{"@type":"ListItem","position":2,"name":"Sretan 700. ro\u0111endan, Kle\u010dani"}]},{"@type":"WebSite","@id":"https:\/\/likemetkovic.hr\/#website","url":"https:\/\/likemetkovic.hr\/","name":"likemetkovic.hr","description":"Misli pozitivno... \u010ditaj LIKE","potentialAction":[{"@type":"SearchAction","target":{"@type":"EntryPoint","urlTemplate":"https:\/\/likemetkovic.hr\/?s={search_term_string}"},"query-input":{"@type":"PropertyValueSpecification","valueRequired":true,"valueName":"search_term_string"}}],"inLanguage":"hr"},{"@type":"Person","@id":"https:\/\/likemetkovic.hr\/#\/schema\/person\/a42711f3385a0e2be6f7e0443bfb28f0","name":"LIKEmetkovic.hr","sameAs":["http:\/\/likemetkovic.hr"],"url":"https:\/\/likemetkovic.hr\/portal\/author\/likemetkovic-hr\/"}]}},"_links":{"self":[{"href":"https:\/\/likemetkovic.hr\/portal\/wp-json\/wp\/v2\/posts\/132013","targetHints":{"allow":["GET"]}}],"collection":[{"href":"https:\/\/likemetkovic.hr\/portal\/wp-json\/wp\/v2\/posts"}],"about":[{"href":"https:\/\/likemetkovic.hr\/portal\/wp-json\/wp\/v2\/types\/post"}],"author":[{"embeddable":true,"href":"https:\/\/likemetkovic.hr\/portal\/wp-json\/wp\/v2\/users\/7"}],"replies":[{"embeddable":true,"href":"https:\/\/likemetkovic.hr\/portal\/wp-json\/wp\/v2\/comments?post=132013"}],"version-history":[{"count":1,"href":"https:\/\/likemetkovic.hr\/portal\/wp-json\/wp\/v2\/posts\/132013\/revisions"}],"predecessor-version":[{"id":132014,"href":"https:\/\/likemetkovic.hr\/portal\/wp-json\/wp\/v2\/posts\/132013\/revisions\/132014"}],"wp:featuredmedia":[{"embeddable":true,"href":"https:\/\/likemetkovic.hr\/portal\/wp-json\/wp\/v2\/media\/98668"}],"wp:attachment":[{"href":"https:\/\/likemetkovic.hr\/portal\/wp-json\/wp\/v2\/media?parent=132013"}],"wp:term":[{"taxonomy":"category","embeddable":true,"href":"https:\/\/likemetkovic.hr\/portal\/wp-json\/wp\/v2\/categories?post=132013"},{"taxonomy":"post_tag","embeddable":true,"href":"https:\/\/likemetkovic.hr\/portal\/wp-json\/wp\/v2\/tags?post=132013"}],"curies":[{"name":"wp","href":"https:\/\/api.w.org\/{rel}","templated":true}]}}