{"id":132360,"date":"2022-06-11T09:17:32","date_gmt":"2022-06-11T07:17:32","guid":{"rendered":"https:\/\/likemetkovic.hr\/?p=132360"},"modified":"2022-06-11T09:17:32","modified_gmt":"2022-06-11T07:17:32","slug":"danas-je-zadnji-dan-izlaganja-na-strucno-znanstvenom-skupu-metkovic-600-godina","status":"publish","type":"post","link":"https:\/\/likemetkovic.hr\/portal\/danas-je-zadnji-dan-izlaganja-na-strucno-znanstvenom-skupu-metkovic-600-godina\/","title":{"rendered":"Danas je zadnji dan izlaganja na stru\u010dno-znanstvenom skupu &#8216;Metkovi\u0107 600 godina&#8217;"},"content":{"rendered":"<p data-uw-styling-context=\"true\">Danas je zadnji dan izlaganja na stru\u010dno-znanstvenom skupu <em><strong>Metkovi\u0107 600 godina<\/strong><\/em>, povodom 600. obljetnice prvog pisanog spomena Metkovi\u0107a, koji se odr\u017eava u organizaciji Grada Metkovi\u0107a, Sveu\u010dili\u0161ta u Zadru i Sveu\u010dili\u0161ta u Dubrovniku.<\/p>\n<p data-uw-styling-context=\"true\">Dana\u0161nji program:<\/p>\n<p data-uw-styling-context=\"true\">9:00 &#8211; Priop\u0107enja: (Predsjedni\u0161tvo: Silvija \u0160iljeg)<br \/>\n(Velika dvorana Gradskog kulturnog sredi\u0161ta Metkovi\u0107, Stjepana Radi\u0107a 1)<br \/>\n\u2022 Bo\u017eidar LOVRI\u0106,<br \/>\nUloga Matice hrvatske-Ogranka Matice hrvatske u Metkovi\u0107u dru\u0161tvenom i<br \/>\nkulturnom razvoju grada Metkovi\u0107a<br \/>\n\u2022 Luko PALJETAK,<br \/>\nNeretva u djelu Andrija\u0161evi\u0107a, Slamniga, Pavlovi\u0107a i Vu\u010di\u0107evi\u0107a<br \/>\n\u2022 Smiljan GLU\u0160\u010cEVI\u0106, Mirna PETRICIOLI,<br \/>\nMetkovski park<br \/>\n\u2022 Zdravko OBRADOVI\u0106,<br \/>\nFolklor u Metkovi\u0107u<br \/>\n\u2022 Mario TALAJI\u0106,<br \/>\nGradska glazba Metkovi\u0107<br \/>\n9:50 &#8211; Diskusija<br \/>\n10:20 &#8211; Priop\u0107enja: (Predsjedni\u0161tvo: Ivana \u010carapina)<br \/>\n(Velika dvorana Gradskog kulturnog sredi\u0161ta Metkovi\u0107, Stjepana Radi\u0107a 1)<br \/>\n\u2022 Don Slavko KOVA\u010cI\u0106,<br \/>\nSve\u0107enici glagolja\u0161i na podru\u010dju sada\u0161njega grada Matkovi\u0107a<br \/>\ni \u0161ire u neretvanskom kraju do sredine 19. stolje\u0107a<br \/>\n\u2022 Ivo ORE\u0160KOVI\u0106,<br \/>\nArhivski sabirni centarMetkovi\u0107 \u2013 Opuzen &#8211; Plo\u010de Dr\u017eavnog arhiva u<br \/>\nDubrovniku (2002.-2022.)<br \/>\n\u2022 Neven CUKROV, Tomislav BULAT, Ana-Marija CINDRI\u0106, Marin LOVRI\u0106,<br \/>\nDario OMANOVI\u0106,<br \/>\nTragovi metala u donjem toku Neretve<br \/>\n\u2022 Zrinka RADONI\u0106, Trpimir JURI\u0106,<br \/>\nGra\u0111anska \u0161kola u Metkovi\u0107u 1924. \u2013 1944.<br \/>\n\u2022 Radojka BAGUR,<br \/>\nMetkovska\/neretvanska no\u0161nja<br \/>\n11:10 &#8211; Diskusija<br \/>\n11:30 &#8211; Priop\u0107enja: (Predsjedni\u0161tvo: Domagoj Vidovi\u0107)<br \/>\n(Velika dvorana Gradskog kulturnog sredi\u0161ta Metkovi\u0107, Stjepana Radi\u0107a 1)<br \/>\n\u2022 Sanda UGLE\u0160I\u0106,<br \/>\nObrazovanje u tranziciji \u2013 \u0160kole u Metkovi\u0107u i njegovu okru\u017eju (1918.-1923.)<br \/>\n\u2022 Luka BEBI\u0106,<br \/>\nOtkrivanje biste Stjepana Radi\u0107a u Metkovi\u0107i 1971<br \/>\n\u2022 Anja BATINA, Vlatko ROLAND, Dragan TASI\u0106,<br \/>\nDigitalizacija podataka, modeliranje terena i 3D vizualizacija objekata za<br \/>\npotrebe planiranja pametnog grada<br \/>\n\u2022 \u017deljko \u017dDERI\u0106, Smiljan GLU\u0160\u010cEVI\u0106,<br \/>\nMetkovski mostovi<br \/>\n\u2022 Don Mile VIDOVI\u0106,<br \/>\nBiskup Josip Marija Carevi\u0107<br \/>\n12:20 &#8211; Diskusija<br \/>\n13:00 -15:00 &#8211; Ru\u010dak za gostuju\u0107e sudionike u Hotelu Narona<br \/>\n15:00 &#8211; Priop\u0107enja: (Predsjedni\u0161tvo: Toni Glu\u010dina)<br \/>\n(Velika dvorana Gradskog kulturnog sredi\u0161ta Metkovi\u0107, Stjepana Radi\u0107a 1)<br \/>\n\u2022 Milenko PEKI\u0106,<br \/>\nPrepiska nasljednika Vuka Karad\u017ei\u0107a s metkovskim trgovcem Mijom<br \/>\nGlu\u0161\u010devi\u0107em<br \/>\n\u2022 Maria BENI\u0106 PENAVA, Daniel DUJMI\u0106,<br \/>\nOdr\u017eavanje plovnog puta rijeke Neretve u Kraljevini Jugoslaviji<br \/>\n\u2022 Ivana \u010cARAPINA,<br \/>\nOtac Ante Gabri\u0107 na putu prema svetosti<br \/>\n\u2022 Markica VUICA,<br \/>\nMetkovi\u0107 \u2013 speleolo\u0161ki objekti<br \/>\n\u2022 Ivana BA\u0106E,<br \/>\nPrirodoslovni muzej Metkovi\u0107, obnova veze \u010dovjeka i okoli\u0161a<br \/>\n15:50 &#8211; Diskusija<br \/>\n16:10 &#8211; Priop\u0107enja: (Predsjedni\u0161tvo: Marija Gjura\u0161i\u0107)<br \/>\n(Velika dvorana Gradskog kulturnog sredi\u0161ta Metkovi\u0107, Stjepana Radi\u0107a 1)<br \/>\n\u2022 Dragan TOLI\u0106,<br \/>\nKlimatolo\u0161ka metereolo\u0161ka postaja Metkovi\u0107 \u2013 Dr\u017eavni hidrometeorolo\u0161ki<br \/>\nzavod \u2013 DHMZ<br \/>\n\u2022 Paulina \u0160ILJEG,<br \/>\nFond Lu\u010dke kapetanije Metkovi\u0107 kao izvor za prou\u010davanje povijesnih prilika u<br \/>\nluci Metkovi\u0107<br \/>\n\u2022 Mario TALAJI\u0106,<br \/>\nParobrod Diamant Metkovi\u0107\/ brodovi Metkovi\u0107 i jedrenjak&#8230;<br \/>\n\u2022 Daniel RAFAELI\u0106,<br \/>\nObrad Glu\u0161\u010devi\u0107 &#8211; izme\u0111u dje\u010djeg i mediteranskog svijeta<br \/>\n\u2022 Petar JAKI\u0106,<br \/>\nOsnovnoj \u0161koli don Mihovila Pavlinovi\u0107a Metkovi\u0107<br \/>\n17:00 &#8211; Diskusija<br \/>\n17:20 &#8211; Priop\u0107enja: (Predsjedni\u0161tvo: Smiljan Glu\u0161\u010devi\u0107)<br \/>\n(Velika dvorana Gradskog kulturnog sredi\u0161ta Metkovi\u0107, Stjepana Radi\u0107a 1)<br \/>\n\u2022 Mario WOKAUNN,<br \/>\nZdravstvene prilike u Neretvanskoj dolini kroz povijest<br \/>\n\u2022 Darko MATI\u010cEVI\u0106,<br \/>\nKlement Viskovi\u0107 (1901.-1988.), hrvatski skladatelj, \u017eivot i djelo<br \/>\n\u2022 Branko BEBI\u0106,<br \/>\nPu\u010dko i klapsko pjevanje u Metkovi\u0107u (od 1950. ih do danas)<br \/>\n\u2022 Dragan TOLI\u0106,<br \/>\nNauti\u010dki turizam u luci Metkovi\u0107<br \/>\n18:10 &#8211; Diskusija<br \/>\n19:00 &#8211; ZATVARANJE SKUPA<\/p>\n","protected":false},"excerpt":{"rendered":"<p>Danas je zadnji dan izlaganja na stru\u010dno-znanstvenom skupu Metkovi\u0107 600 godina, povodom 600. obljetnice prvog pisanog spomena Metkovi\u0107a, koji se odr\u017eava u organizaciji Grada Metkovi\u0107a, Sveu\u010dili\u0161ta u Zadru i Sveu\u010dili\u0161ta u Dubrovniku. Dana\u0161nji program: 9:00 &#8211; Priop\u0107enja: (Predsjedni\u0161tvo: Silvija \u0160iljeg) (Velika dvorana Gradskog kulturnog sredi\u0161ta Metkovi\u0107, Stjepana Radi\u0107a 1) \u2022 Bo\u017eidar LOVRI\u0106, Uloga Matice hrvatske-Ogranka [&hellip;]<\/p>\n","protected":false},"author":7,"featured_media":132361,"comment_status":"open","ping_status":"open","sticky":false,"template":"","format":"standard","meta":{"footnotes":""},"categories":[283,11],"tags":[10302,10718],"class_list":{"0":"post-132360","1":"post","2":"type-post","3":"status-publish","4":"format-standard","5":"has-post-thumbnail","7":"category-a","8":"category-metkovic-dolina","9":"tag-metkovic-600-godina","10":"tag-strucno-znanstveni-skup"},"yoast_head":"<!-- This site is optimized with the Yoast SEO plugin v25.2 - https:\/\/yoast.com\/wordpress\/plugins\/seo\/ -->\n<title>Danas je zadnji dan izlaganja na stru\u010dno-znanstvenom skupu &#039;Metkovi\u0107 600 godina&#039; - likemetkovic.hr<\/title>\n<meta name=\"robots\" content=\"index, follow, max-snippet:-1, max-image-preview:large, max-video-preview:-1\" \/>\n<link rel=\"canonical\" href=\"https:\/\/likemetkovic.hr\/danas-je-zadnji-dan-izlaganja-na-strucno-znanstvenom-skupu-metkovic-600-godina\/\" \/>\n<meta property=\"og:locale\" content=\"hr_HR\" \/>\n<meta property=\"og:type\" content=\"article\" \/>\n<meta property=\"og:title\" content=\"Danas je zadnji dan izlaganja na stru\u010dno-znanstvenom skupu &#039;Metkovi\u0107 600 godina&#039; - likemetkovic.hr\" \/>\n<meta property=\"og:description\" content=\"Danas je zadnji dan izlaganja na stru\u010dno-znanstvenom skupu Metkovi\u0107 600 godina, povodom 600. obljetnice prvog pisanog spomena Metkovi\u0107a, koji se odr\u017eava u organizaciji Grada Metkovi\u0107a, Sveu\u010dili\u0161ta u Zadru i Sveu\u010dili\u0161ta u Dubrovniku. Dana\u0161nji program: 9:00 &#8211; Priop\u0107enja: (Predsjedni\u0161tvo: Silvija \u0160iljeg) (Velika dvorana Gradskog kulturnog sredi\u0161ta Metkovi\u0107, Stjepana Radi\u0107a 1) \u2022 Bo\u017eidar LOVRI\u0106, Uloga Matice hrvatske-Ogranka [&hellip;]\" \/>\n<meta property=\"og:url\" content=\"https:\/\/likemetkovic.hr\/danas-je-zadnji-dan-izlaganja-na-strucno-znanstvenom-skupu-metkovic-600-godina\/\" \/>\n<meta property=\"og:site_name\" content=\"likemetkovic.hr\" \/>\n<meta property=\"article:publisher\" content=\"https:\/\/www.facebook.com\/likemetkovic.hr\/\" \/>\n<meta property=\"article:published_time\" content=\"2022-06-11T07:17:32+00:00\" \/>\n<meta property=\"og:image\" content=\"https:\/\/likemetkovic.hr\/wp-content\/uploads\/2022\/06\/skup-metkovic-600-godina110622.jpg\" \/>\n\t<meta property=\"og:image:width\" content=\"800\" \/>\n\t<meta property=\"og:image:height\" content=\"533\" \/>\n\t<meta property=\"og:image:type\" content=\"image\/jpeg\" \/>\n<meta name=\"author\" content=\"LIKEmetkovic.hr\" \/>\n<meta name=\"twitter:card\" content=\"summary_large_image\" \/>\n<meta name=\"twitter:label1\" content=\"Napisao\/la\" \/>\n\t<meta name=\"twitter:data1\" content=\"LIKEmetkovic.hr\" \/>\n\t<meta name=\"twitter:label2\" content=\"Procijenjeno vrijeme \u010ditanja\" \/>\n\t<meta name=\"twitter:data2\" content=\"3 minute\" \/>\n<script type=\"application\/ld+json\" class=\"yoast-schema-graph\">{\"@context\":\"https:\/\/schema.org\",\"@graph\":[{\"@type\":\"WebPage\",\"@id\":\"https:\/\/likemetkovic.hr\/danas-je-zadnji-dan-izlaganja-na-strucno-znanstvenom-skupu-metkovic-600-godina\/\",\"url\":\"https:\/\/likemetkovic.hr\/danas-je-zadnji-dan-izlaganja-na-strucno-znanstvenom-skupu-metkovic-600-godina\/\",\"name\":\"Danas je zadnji dan izlaganja na stru\u010dno-znanstvenom skupu 'Metkovi\u0107 600 godina' - likemetkovic.hr\",\"isPartOf\":{\"@id\":\"https:\/\/likemetkovic.hr\/#website\"},\"primaryImageOfPage\":{\"@id\":\"https:\/\/likemetkovic.hr\/danas-je-zadnji-dan-izlaganja-na-strucno-znanstvenom-skupu-metkovic-600-godina\/#primaryimage\"},\"image\":{\"@id\":\"https:\/\/likemetkovic.hr\/danas-je-zadnji-dan-izlaganja-na-strucno-znanstvenom-skupu-metkovic-600-godina\/#primaryimage\"},\"thumbnailUrl\":\"https:\/\/likemetkovic.hr\/portal\/wp-content\/uploads\/2022\/06\/skup-metkovic-600-godina110622.jpg\",\"datePublished\":\"2022-06-11T07:17:32+00:00\",\"author\":{\"@id\":\"https:\/\/likemetkovic.hr\/#\/schema\/person\/a42711f3385a0e2be6f7e0443bfb28f0\"},\"breadcrumb\":{\"@id\":\"https:\/\/likemetkovic.hr\/danas-je-zadnji-dan-izlaganja-na-strucno-znanstvenom-skupu-metkovic-600-godina\/#breadcrumb\"},\"inLanguage\":\"hr\",\"potentialAction\":[{\"@type\":\"ReadAction\",\"target\":[\"https:\/\/likemetkovic.hr\/danas-je-zadnji-dan-izlaganja-na-strucno-znanstvenom-skupu-metkovic-600-godina\/\"]}]},{\"@type\":\"ImageObject\",\"inLanguage\":\"hr\",\"@id\":\"https:\/\/likemetkovic.hr\/danas-je-zadnji-dan-izlaganja-na-strucno-znanstvenom-skupu-metkovic-600-godina\/#primaryimage\",\"url\":\"https:\/\/likemetkovic.hr\/portal\/wp-content\/uploads\/2022\/06\/skup-metkovic-600-godina110622.jpg\",\"contentUrl\":\"https:\/\/likemetkovic.hr\/portal\/wp-content\/uploads\/2022\/06\/skup-metkovic-600-godina110622.jpg\",\"width\":800,\"height\":533},{\"@type\":\"BreadcrumbList\",\"@id\":\"https:\/\/likemetkovic.hr\/danas-je-zadnji-dan-izlaganja-na-strucno-znanstvenom-skupu-metkovic-600-godina\/#breadcrumb\",\"itemListElement\":[{\"@type\":\"ListItem\",\"position\":1,\"name\":\"Po\u010detna stranica\",\"item\":\"https:\/\/likemetkovic.hr\/portal\/\"},{\"@type\":\"ListItem\",\"position\":2,\"name\":\"Danas je zadnji dan izlaganja na stru\u010dno-znanstvenom skupu &#8216;Metkovi\u0107 600 godina&#8217;\"}]},{\"@type\":\"WebSite\",\"@id\":\"https:\/\/likemetkovic.hr\/#website\",\"url\":\"https:\/\/likemetkovic.hr\/\",\"name\":\"likemetkovic.hr\",\"description\":\"Misli pozitivno... \u010ditaj LIKE\",\"potentialAction\":[{\"@type\":\"SearchAction\",\"target\":{\"@type\":\"EntryPoint\",\"urlTemplate\":\"https:\/\/likemetkovic.hr\/?s={search_term_string}\"},\"query-input\":{\"@type\":\"PropertyValueSpecification\",\"valueRequired\":true,\"valueName\":\"search_term_string\"}}],\"inLanguage\":\"hr\"},{\"@type\":\"Person\",\"@id\":\"https:\/\/likemetkovic.hr\/#\/schema\/person\/a42711f3385a0e2be6f7e0443bfb28f0\",\"name\":\"LIKEmetkovic.hr\",\"sameAs\":[\"http:\/\/likemetkovic.hr\"],\"url\":\"https:\/\/likemetkovic.hr\/portal\/author\/likemetkovic-hr\/\"}]}<\/script>\n<!-- \/ Yoast SEO plugin. -->","yoast_head_json":{"title":"Danas je zadnji dan izlaganja na stru\u010dno-znanstvenom skupu 'Metkovi\u0107 600 godina' - likemetkovic.hr","robots":{"index":"index","follow":"follow","max-snippet":"max-snippet:-1","max-image-preview":"max-image-preview:large","max-video-preview":"max-video-preview:-1"},"canonical":"https:\/\/likemetkovic.hr\/danas-je-zadnji-dan-izlaganja-na-strucno-znanstvenom-skupu-metkovic-600-godina\/","og_locale":"hr_HR","og_type":"article","og_title":"Danas je zadnji dan izlaganja na stru\u010dno-znanstvenom skupu 'Metkovi\u0107 600 godina' - likemetkovic.hr","og_description":"Danas je zadnji dan izlaganja na stru\u010dno-znanstvenom skupu Metkovi\u0107 600 godina, povodom 600. obljetnice prvog pisanog spomena Metkovi\u0107a, koji se odr\u017eava u organizaciji Grada Metkovi\u0107a, Sveu\u010dili\u0161ta u Zadru i Sveu\u010dili\u0161ta u Dubrovniku. Dana\u0161nji program: 9:00 &#8211; Priop\u0107enja: (Predsjedni\u0161tvo: Silvija \u0160iljeg) (Velika dvorana Gradskog kulturnog sredi\u0161ta Metkovi\u0107, Stjepana Radi\u0107a 1) \u2022 Bo\u017eidar LOVRI\u0106, Uloga Matice hrvatske-Ogranka [&hellip;]","og_url":"https:\/\/likemetkovic.hr\/danas-je-zadnji-dan-izlaganja-na-strucno-znanstvenom-skupu-metkovic-600-godina\/","og_site_name":"likemetkovic.hr","article_publisher":"https:\/\/www.facebook.com\/likemetkovic.hr\/","article_published_time":"2022-06-11T07:17:32+00:00","og_image":[{"width":800,"height":533,"url":"https:\/\/likemetkovic.hr\/wp-content\/uploads\/2022\/06\/skup-metkovic-600-godina110622.jpg","type":"image\/jpeg"}],"author":"LIKEmetkovic.hr","twitter_card":"summary_large_image","twitter_misc":{"Napisao\/la":"LIKEmetkovic.hr","Procijenjeno vrijeme \u010ditanja":"3 minute"},"schema":{"@context":"https:\/\/schema.org","@graph":[{"@type":"WebPage","@id":"https:\/\/likemetkovic.hr\/danas-je-zadnji-dan-izlaganja-na-strucno-znanstvenom-skupu-metkovic-600-godina\/","url":"https:\/\/likemetkovic.hr\/danas-je-zadnji-dan-izlaganja-na-strucno-znanstvenom-skupu-metkovic-600-godina\/","name":"Danas je zadnji dan izlaganja na stru\u010dno-znanstvenom skupu 'Metkovi\u0107 600 godina' - likemetkovic.hr","isPartOf":{"@id":"https:\/\/likemetkovic.hr\/#website"},"primaryImageOfPage":{"@id":"https:\/\/likemetkovic.hr\/danas-je-zadnji-dan-izlaganja-na-strucno-znanstvenom-skupu-metkovic-600-godina\/#primaryimage"},"image":{"@id":"https:\/\/likemetkovic.hr\/danas-je-zadnji-dan-izlaganja-na-strucno-znanstvenom-skupu-metkovic-600-godina\/#primaryimage"},"thumbnailUrl":"https:\/\/likemetkovic.hr\/portal\/wp-content\/uploads\/2022\/06\/skup-metkovic-600-godina110622.jpg","datePublished":"2022-06-11T07:17:32+00:00","author":{"@id":"https:\/\/likemetkovic.hr\/#\/schema\/person\/a42711f3385a0e2be6f7e0443bfb28f0"},"breadcrumb":{"@id":"https:\/\/likemetkovic.hr\/danas-je-zadnji-dan-izlaganja-na-strucno-znanstvenom-skupu-metkovic-600-godina\/#breadcrumb"},"inLanguage":"hr","potentialAction":[{"@type":"ReadAction","target":["https:\/\/likemetkovic.hr\/danas-je-zadnji-dan-izlaganja-na-strucno-znanstvenom-skupu-metkovic-600-godina\/"]}]},{"@type":"ImageObject","inLanguage":"hr","@id":"https:\/\/likemetkovic.hr\/danas-je-zadnji-dan-izlaganja-na-strucno-znanstvenom-skupu-metkovic-600-godina\/#primaryimage","url":"https:\/\/likemetkovic.hr\/portal\/wp-content\/uploads\/2022\/06\/skup-metkovic-600-godina110622.jpg","contentUrl":"https:\/\/likemetkovic.hr\/portal\/wp-content\/uploads\/2022\/06\/skup-metkovic-600-godina110622.jpg","width":800,"height":533},{"@type":"BreadcrumbList","@id":"https:\/\/likemetkovic.hr\/danas-je-zadnji-dan-izlaganja-na-strucno-znanstvenom-skupu-metkovic-600-godina\/#breadcrumb","itemListElement":[{"@type":"ListItem","position":1,"name":"Po\u010detna stranica","item":"https:\/\/likemetkovic.hr\/portal\/"},{"@type":"ListItem","position":2,"name":"Danas je zadnji dan izlaganja na stru\u010dno-znanstvenom skupu &#8216;Metkovi\u0107 600 godina&#8217;"}]},{"@type":"WebSite","@id":"https:\/\/likemetkovic.hr\/#website","url":"https:\/\/likemetkovic.hr\/","name":"likemetkovic.hr","description":"Misli pozitivno... \u010ditaj LIKE","potentialAction":[{"@type":"SearchAction","target":{"@type":"EntryPoint","urlTemplate":"https:\/\/likemetkovic.hr\/?s={search_term_string}"},"query-input":{"@type":"PropertyValueSpecification","valueRequired":true,"valueName":"search_term_string"}}],"inLanguage":"hr"},{"@type":"Person","@id":"https:\/\/likemetkovic.hr\/#\/schema\/person\/a42711f3385a0e2be6f7e0443bfb28f0","name":"LIKEmetkovic.hr","sameAs":["http:\/\/likemetkovic.hr"],"url":"https:\/\/likemetkovic.hr\/portal\/author\/likemetkovic-hr\/"}]}},"_links":{"self":[{"href":"https:\/\/likemetkovic.hr\/portal\/wp-json\/wp\/v2\/posts\/132360","targetHints":{"allow":["GET"]}}],"collection":[{"href":"https:\/\/likemetkovic.hr\/portal\/wp-json\/wp\/v2\/posts"}],"about":[{"href":"https:\/\/likemetkovic.hr\/portal\/wp-json\/wp\/v2\/types\/post"}],"author":[{"embeddable":true,"href":"https:\/\/likemetkovic.hr\/portal\/wp-json\/wp\/v2\/users\/7"}],"replies":[{"embeddable":true,"href":"https:\/\/likemetkovic.hr\/portal\/wp-json\/wp\/v2\/comments?post=132360"}],"version-history":[{"count":1,"href":"https:\/\/likemetkovic.hr\/portal\/wp-json\/wp\/v2\/posts\/132360\/revisions"}],"predecessor-version":[{"id":132362,"href":"https:\/\/likemetkovic.hr\/portal\/wp-json\/wp\/v2\/posts\/132360\/revisions\/132362"}],"wp:featuredmedia":[{"embeddable":true,"href":"https:\/\/likemetkovic.hr\/portal\/wp-json\/wp\/v2\/media\/132361"}],"wp:attachment":[{"href":"https:\/\/likemetkovic.hr\/portal\/wp-json\/wp\/v2\/media?parent=132360"}],"wp:term":[{"taxonomy":"category","embeddable":true,"href":"https:\/\/likemetkovic.hr\/portal\/wp-json\/wp\/v2\/categories?post=132360"},{"taxonomy":"post_tag","embeddable":true,"href":"https:\/\/likemetkovic.hr\/portal\/wp-json\/wp\/v2\/tags?post=132360"}],"curies":[{"name":"wp","href":"https:\/\/api.w.org\/{rel}","templated":true}]}}