{"id":132363,"date":"2022-06-11T11:39:52","date_gmt":"2022-06-11T09:39:52","guid":{"rendered":"https:\/\/likemetkovic.hr\/?p=132363"},"modified":"2022-06-12T11:15:53","modified_gmt":"2022-06-12T09:15:53","slug":"program-proslava-blagdana-sv-ante-na-dubravici","status":"publish","type":"post","link":"https:\/\/likemetkovic.hr\/portal\/program-proslava-blagdana-sv-ante-na-dubravici\/","title":{"rendered":"PROGRAM | Proslava blagdana sv. Ante na Dubravici"},"content":{"rendered":"<p>U \u017dupi sv. Ilije proroka Metkovi\u0107 proslava blagdana suza\u0161titnika sv. Ante Padovanskoga je na Dubravici.<\/p>\n<p>Program proslave je sljede\u0107i:<\/p>\n<p>&nbsp;<\/p>\n<p><img decoding=\"async\" class=\"size-medium wp-image-132396 aligncenter\" src=\"https:\/\/likemetkovic.hr\/wp-content\/uploads\/2022\/06\/Sv.-Ante-plakat-2022-1-566x800.jpg\" alt=\"\" width=\"566\" height=\"800\" srcset=\"https:\/\/likemetkovic.hr\/portal\/wp-content\/uploads\/2022\/06\/Sv.-Ante-plakat-2022-1-566x800.jpg 566w, https:\/\/likemetkovic.hr\/portal\/wp-content\/uploads\/2022\/06\/Sv.-Ante-plakat-2022-1-696x984.jpg 696w, https:\/\/likemetkovic.hr\/portal\/wp-content\/uploads\/2022\/06\/Sv.-Ante-plakat-2022-1-297x420.jpg 297w, https:\/\/likemetkovic.hr\/portal\/wp-content\/uploads\/2022\/06\/Sv.-Ante-plakat-2022-1.jpg 700w\" sizes=\"(max-width: 566px) 100vw, 566px\" \/><\/p>\n","protected":false},"excerpt":{"rendered":"<p>U \u017dupi sv. Ilije proroka Metkovi\u0107 proslava blagdana suza\u0161titnika sv. Ante Padovanskoga je na Dubravici. Program proslave je sljede\u0107i: &nbsp;<\/p>\n","protected":false},"author":7,"featured_media":82787,"comment_status":"open","ping_status":"open","sticky":false,"template":"","format":"standard","meta":{"footnotes":""},"categories":[296,11,27],"tags":[7606],"class_list":{"0":"post-132363","1":"post","2":"type-post","3":"status-publish","4":"format-standard","5":"has-post-thumbnail","7":"category-ab","8":"category-metkovic-dolina","9":"category-vjera-i-zivot","10":"tag-sv-ante-padovanski"},"yoast_head":"<!-- This site is optimized with the Yoast SEO plugin v25.2 - https:\/\/yoast.com\/wordpress\/plugins\/seo\/ -->\n<title>PROGRAM | Proslava blagdana sv. Ante na Dubravici - likemetkovic.hr<\/title>\n<meta name=\"robots\" content=\"index, follow, max-snippet:-1, max-image-preview:large, max-video-preview:-1\" \/>\n<link rel=\"canonical\" href=\"https:\/\/likemetkovic.hr\/program-proslava-blagdana-sv-ante-na-dubravici\/\" \/>\n<meta property=\"og:locale\" content=\"hr_HR\" \/>\n<meta property=\"og:type\" content=\"article\" \/>\n<meta property=\"og:title\" content=\"PROGRAM | Proslava blagdana sv. Ante na Dubravici - likemetkovic.hr\" \/>\n<meta property=\"og:description\" content=\"U \u017dupi sv. Ilije proroka Metkovi\u0107 proslava blagdana suza\u0161titnika sv. Ante Padovanskoga je na Dubravici. Program proslave je sljede\u0107i: &nbsp;\" \/>\n<meta property=\"og:url\" content=\"https:\/\/likemetkovic.hr\/program-proslava-blagdana-sv-ante-na-dubravici\/\" \/>\n<meta property=\"og:site_name\" content=\"likemetkovic.hr\" \/>\n<meta property=\"article:publisher\" content=\"https:\/\/www.facebook.com\/likemetkovic.hr\/\" \/>\n<meta property=\"article:published_time\" content=\"2022-06-11T09:39:52+00:00\" \/>\n<meta property=\"article:modified_time\" content=\"2022-06-12T09:15:53+00:00\" \/>\n<meta property=\"og:image\" content=\"https:\/\/likemetkovic.hr\/wp-content\/uploads\/2019\/06\/sv-ante-2018jpg.jpg\" \/>\n\t<meta property=\"og:image:width\" content=\"850\" \/>\n\t<meta property=\"og:image:height\" content=\"491\" \/>\n\t<meta property=\"og:image:type\" content=\"image\/jpeg\" \/>\n<meta name=\"author\" content=\"LIKEmetkovic.hr\" \/>\n<meta name=\"twitter:card\" content=\"summary_large_image\" \/>\n<meta name=\"twitter:label1\" content=\"Napisao\/la\" \/>\n\t<meta name=\"twitter:data1\" content=\"LIKEmetkovic.hr\" \/>\n\t<meta name=\"twitter:label2\" content=\"Procijenjeno vrijeme \u010ditanja\" \/>\n\t<meta name=\"twitter:data2\" content=\"1 minuta\" \/>\n<script type=\"application\/ld+json\" class=\"yoast-schema-graph\">{\"@context\":\"https:\/\/schema.org\",\"@graph\":[{\"@type\":\"WebPage\",\"@id\":\"https:\/\/likemetkovic.hr\/program-proslava-blagdana-sv-ante-na-dubravici\/\",\"url\":\"https:\/\/likemetkovic.hr\/program-proslava-blagdana-sv-ante-na-dubravici\/\",\"name\":\"PROGRAM | Proslava blagdana sv. Ante na Dubravici - likemetkovic.hr\",\"isPartOf\":{\"@id\":\"https:\/\/likemetkovic.hr\/#website\"},\"primaryImageOfPage\":{\"@id\":\"https:\/\/likemetkovic.hr\/program-proslava-blagdana-sv-ante-na-dubravici\/#primaryimage\"},\"image\":{\"@id\":\"https:\/\/likemetkovic.hr\/program-proslava-blagdana-sv-ante-na-dubravici\/#primaryimage\"},\"thumbnailUrl\":\"https:\/\/likemetkovic.hr\/portal\/wp-content\/uploads\/2019\/06\/sv-ante-2018jpg.jpg\",\"datePublished\":\"2022-06-11T09:39:52+00:00\",\"dateModified\":\"2022-06-12T09:15:53+00:00\",\"author\":{\"@id\":\"https:\/\/likemetkovic.hr\/#\/schema\/person\/a42711f3385a0e2be6f7e0443bfb28f0\"},\"breadcrumb\":{\"@id\":\"https:\/\/likemetkovic.hr\/program-proslava-blagdana-sv-ante-na-dubravici\/#breadcrumb\"},\"inLanguage\":\"hr\",\"potentialAction\":[{\"@type\":\"ReadAction\",\"target\":[\"https:\/\/likemetkovic.hr\/program-proslava-blagdana-sv-ante-na-dubravici\/\"]}]},{\"@type\":\"ImageObject\",\"inLanguage\":\"hr\",\"@id\":\"https:\/\/likemetkovic.hr\/program-proslava-blagdana-sv-ante-na-dubravici\/#primaryimage\",\"url\":\"https:\/\/likemetkovic.hr\/portal\/wp-content\/uploads\/2019\/06\/sv-ante-2018jpg.jpg\",\"contentUrl\":\"https:\/\/likemetkovic.hr\/portal\/wp-content\/uploads\/2019\/06\/sv-ante-2018jpg.jpg\",\"width\":850,\"height\":491},{\"@type\":\"BreadcrumbList\",\"@id\":\"https:\/\/likemetkovic.hr\/program-proslava-blagdana-sv-ante-na-dubravici\/#breadcrumb\",\"itemListElement\":[{\"@type\":\"ListItem\",\"position\":1,\"name\":\"Po\u010detna stranica\",\"item\":\"https:\/\/likemetkovic.hr\/portal\/\"},{\"@type\":\"ListItem\",\"position\":2,\"name\":\"PROGRAM | Proslava blagdana sv. Ante na Dubravici\"}]},{\"@type\":\"WebSite\",\"@id\":\"https:\/\/likemetkovic.hr\/#website\",\"url\":\"https:\/\/likemetkovic.hr\/\",\"name\":\"likemetkovic.hr\",\"description\":\"Misli pozitivno... \u010ditaj LIKE\",\"potentialAction\":[{\"@type\":\"SearchAction\",\"target\":{\"@type\":\"EntryPoint\",\"urlTemplate\":\"https:\/\/likemetkovic.hr\/?s={search_term_string}\"},\"query-input\":{\"@type\":\"PropertyValueSpecification\",\"valueRequired\":true,\"valueName\":\"search_term_string\"}}],\"inLanguage\":\"hr\"},{\"@type\":\"Person\",\"@id\":\"https:\/\/likemetkovic.hr\/#\/schema\/person\/a42711f3385a0e2be6f7e0443bfb28f0\",\"name\":\"LIKEmetkovic.hr\",\"sameAs\":[\"http:\/\/likemetkovic.hr\"],\"url\":\"https:\/\/likemetkovic.hr\/portal\/author\/likemetkovic-hr\/\"}]}<\/script>\n<!-- \/ Yoast SEO plugin. -->","yoast_head_json":{"title":"PROGRAM | Proslava blagdana sv. Ante na Dubravici - likemetkovic.hr","robots":{"index":"index","follow":"follow","max-snippet":"max-snippet:-1","max-image-preview":"max-image-preview:large","max-video-preview":"max-video-preview:-1"},"canonical":"https:\/\/likemetkovic.hr\/program-proslava-blagdana-sv-ante-na-dubravici\/","og_locale":"hr_HR","og_type":"article","og_title":"PROGRAM | Proslava blagdana sv. Ante na Dubravici - likemetkovic.hr","og_description":"U \u017dupi sv. Ilije proroka Metkovi\u0107 proslava blagdana suza\u0161titnika sv. Ante Padovanskoga je na Dubravici. Program proslave je sljede\u0107i: &nbsp;","og_url":"https:\/\/likemetkovic.hr\/program-proslava-blagdana-sv-ante-na-dubravici\/","og_site_name":"likemetkovic.hr","article_publisher":"https:\/\/www.facebook.com\/likemetkovic.hr\/","article_published_time":"2022-06-11T09:39:52+00:00","article_modified_time":"2022-06-12T09:15:53+00:00","og_image":[{"width":850,"height":491,"url":"https:\/\/likemetkovic.hr\/wp-content\/uploads\/2019\/06\/sv-ante-2018jpg.jpg","type":"image\/jpeg"}],"author":"LIKEmetkovic.hr","twitter_card":"summary_large_image","twitter_misc":{"Napisao\/la":"LIKEmetkovic.hr","Procijenjeno vrijeme \u010ditanja":"1 minuta"},"schema":{"@context":"https:\/\/schema.org","@graph":[{"@type":"WebPage","@id":"https:\/\/likemetkovic.hr\/program-proslava-blagdana-sv-ante-na-dubravici\/","url":"https:\/\/likemetkovic.hr\/program-proslava-blagdana-sv-ante-na-dubravici\/","name":"PROGRAM | Proslava blagdana sv. Ante na Dubravici - likemetkovic.hr","isPartOf":{"@id":"https:\/\/likemetkovic.hr\/#website"},"primaryImageOfPage":{"@id":"https:\/\/likemetkovic.hr\/program-proslava-blagdana-sv-ante-na-dubravici\/#primaryimage"},"image":{"@id":"https:\/\/likemetkovic.hr\/program-proslava-blagdana-sv-ante-na-dubravici\/#primaryimage"},"thumbnailUrl":"https:\/\/likemetkovic.hr\/portal\/wp-content\/uploads\/2019\/06\/sv-ante-2018jpg.jpg","datePublished":"2022-06-11T09:39:52+00:00","dateModified":"2022-06-12T09:15:53+00:00","author":{"@id":"https:\/\/likemetkovic.hr\/#\/schema\/person\/a42711f3385a0e2be6f7e0443bfb28f0"},"breadcrumb":{"@id":"https:\/\/likemetkovic.hr\/program-proslava-blagdana-sv-ante-na-dubravici\/#breadcrumb"},"inLanguage":"hr","potentialAction":[{"@type":"ReadAction","target":["https:\/\/likemetkovic.hr\/program-proslava-blagdana-sv-ante-na-dubravici\/"]}]},{"@type":"ImageObject","inLanguage":"hr","@id":"https:\/\/likemetkovic.hr\/program-proslava-blagdana-sv-ante-na-dubravici\/#primaryimage","url":"https:\/\/likemetkovic.hr\/portal\/wp-content\/uploads\/2019\/06\/sv-ante-2018jpg.jpg","contentUrl":"https:\/\/likemetkovic.hr\/portal\/wp-content\/uploads\/2019\/06\/sv-ante-2018jpg.jpg","width":850,"height":491},{"@type":"BreadcrumbList","@id":"https:\/\/likemetkovic.hr\/program-proslava-blagdana-sv-ante-na-dubravici\/#breadcrumb","itemListElement":[{"@type":"ListItem","position":1,"name":"Po\u010detna stranica","item":"https:\/\/likemetkovic.hr\/portal\/"},{"@type":"ListItem","position":2,"name":"PROGRAM | Proslava blagdana sv. Ante na Dubravici"}]},{"@type":"WebSite","@id":"https:\/\/likemetkovic.hr\/#website","url":"https:\/\/likemetkovic.hr\/","name":"likemetkovic.hr","description":"Misli pozitivno... \u010ditaj LIKE","potentialAction":[{"@type":"SearchAction","target":{"@type":"EntryPoint","urlTemplate":"https:\/\/likemetkovic.hr\/?s={search_term_string}"},"query-input":{"@type":"PropertyValueSpecification","valueRequired":true,"valueName":"search_term_string"}}],"inLanguage":"hr"},{"@type":"Person","@id":"https:\/\/likemetkovic.hr\/#\/schema\/person\/a42711f3385a0e2be6f7e0443bfb28f0","name":"LIKEmetkovic.hr","sameAs":["http:\/\/likemetkovic.hr"],"url":"https:\/\/likemetkovic.hr\/portal\/author\/likemetkovic-hr\/"}]}},"_links":{"self":[{"href":"https:\/\/likemetkovic.hr\/portal\/wp-json\/wp\/v2\/posts\/132363","targetHints":{"allow":["GET"]}}],"collection":[{"href":"https:\/\/likemetkovic.hr\/portal\/wp-json\/wp\/v2\/posts"}],"about":[{"href":"https:\/\/likemetkovic.hr\/portal\/wp-json\/wp\/v2\/types\/post"}],"author":[{"embeddable":true,"href":"https:\/\/likemetkovic.hr\/portal\/wp-json\/wp\/v2\/users\/7"}],"replies":[{"embeddable":true,"href":"https:\/\/likemetkovic.hr\/portal\/wp-json\/wp\/v2\/comments?post=132363"}],"version-history":[{"count":2,"href":"https:\/\/likemetkovic.hr\/portal\/wp-json\/wp\/v2\/posts\/132363\/revisions"}],"predecessor-version":[{"id":132397,"href":"https:\/\/likemetkovic.hr\/portal\/wp-json\/wp\/v2\/posts\/132363\/revisions\/132397"}],"wp:featuredmedia":[{"embeddable":true,"href":"https:\/\/likemetkovic.hr\/portal\/wp-json\/wp\/v2\/media\/82787"}],"wp:attachment":[{"href":"https:\/\/likemetkovic.hr\/portal\/wp-json\/wp\/v2\/media?parent=132363"}],"wp:term":[{"taxonomy":"category","embeddable":true,"href":"https:\/\/likemetkovic.hr\/portal\/wp-json\/wp\/v2\/categories?post=132363"},{"taxonomy":"post_tag","embeddable":true,"href":"https:\/\/likemetkovic.hr\/portal\/wp-json\/wp\/v2\/tags?post=132363"}],"curies":[{"name":"wp","href":"https:\/\/api.w.org\/{rel}","templated":true}]}}