{"id":132406,"date":"2022-06-12T18:37:30","date_gmt":"2022-06-12T16:37:30","guid":{"rendered":"https:\/\/likemetkovic.hr\/?p=132406"},"modified":"2022-06-12T18:41:28","modified_gmt":"2022-06-12T16:41:28","slug":"ronioci-cistili-podmorja-u-blacama-priprema-se-i-veliko-ciscenje-oko-peljeskog-mosta","status":"publish","type":"post","link":"https:\/\/likemetkovic.hr\/portal\/ronioci-cistili-podmorja-u-blacama-priprema-se-i-veliko-ciscenje-oko-peljeskog-mosta\/","title":{"rendered":"Ronioci \u010distili podmorje u Blacama. Priprema se i veliko \u010di\u0161\u0107enje oko Pelje\u0161kog mosta"},"content":{"rendered":"<p>Ekolo\u0161ko-roniteljski klub Leut i ove je godine organizirao tradicionalnu akciju \u010di\u0161\u0107enja podmorja u naselju Blace, <em><strong>Eko Blace 2022.<\/strong><\/em>, javlja<a href=\"https:\/\/dubrovacki.slobodnadalmacija.hr\/dubrovnik\/zupanija\/neretva\/ronioci-uklanjali-otpad-iz-podmorja-u-blacama-doznajemo-ekipa-priprema-i-veliko-ciscenje-oko-peljeskog-mosta-1200159\" target=\"_blank\" rel=\"noopener\"> Dubrova\u010dki vjesnik.<\/a><\/p>\n<p>Leutu su se pridru\u017eili ENK <em>Pena<\/em> iz Sjeverne Makedonije, \u0160REK <em>Delta 5<\/em> iz Metkovi\u0107a, RK <em>Neretva<\/em> iz Mostara, RK <em>Crveno jezero<\/em> iz Imotskog, ERK <em>Periska<\/em> Plo\u010de, RK <em>\u017dnjan<\/em> i PIK <em>Mornar<\/em> iz Splita, PUZ Sveti Ivan, Braniteljska zadruga, Udruga La\u0111ara Op\u0107ine Slivno, Op\u0107ina Slivno i Komunalna slu\u017eba Op\u0107ine Slivno, kao i brojni volonteri koji su roniocima pomagali s brodicama i na obali.<\/p>\n<p>Koli\u010dina sme\u0107a koja je izva\u0111ena je znatno manja nego prethodnih godina, ve\u0107inom staklo, limenke, pribor za plazu i svakodnevna plastika. Projekt <em>Eko Blace 2022.<\/em> je odr\u017ean pod pokroviteljstvom Zajednice tehni\u010dke kulture Dubrovnik.<\/p>\n\r\n                <style type=\"text\/css\">\r\n                    \r\n                    #tdi_1  .td-doubleSlider-2 .td-item1 {\r\n                        background: url(https:\/\/likemetkovic.hr\/portal\/wp-content\/uploads\/2022\/06\/cicsenje-mora-blace1-80x60.jpg) 0 0 no-repeat;\r\n                    }\r\n                    #tdi_1  .td-doubleSlider-2 .td-item2 {\r\n                        background: url(https:\/\/likemetkovic.hr\/portal\/wp-content\/uploads\/2022\/06\/ronioci-blace-ciscenje-mora-80x60.jpg) 0 0 no-repeat;\r\n                    }\r\n                    #tdi_1  .td-doubleSlider-2 .td-item3 {\r\n                        background: url(https:\/\/likemetkovic.hr\/portal\/wp-content\/uploads\/2022\/06\/cicsenje-mora-blace-80x60.jpg) 0 0 no-repeat;\r\n                    }\r\n                <\/style>\r\n\r\n                <div id=\"tdi_1\" class=\"td-gallery td-slide-on-2-columns\">\r\n                    <div class=\"post_td_gallery\">\r\n                        <div class=\"td-gallery-slide-top\">\r\n                           <div class=\"td-gallery-title\"><\/div>\r\n\r\n                            <div class=\"td-gallery-controls-wrapper\">\r\n                                <div class=\"td-gallery-slide-count\"><span class=\"td-gallery-slide-item-focus\">1<\/span> of 3<\/div>\r\n                                <div class=\"td-gallery-slide-prev-next-but\">\r\n                                    <i class = \"td-icon-left doubleSliderPrevButton\"><\/i>\r\n                                    <i class = \"td-icon-right doubleSliderNextButton\"><\/i>\r\n                                <\/div>\r\n                            <\/div>\r\n                        <\/div>\r\n\r\n                        <div class = \"td-doubleSlider-1 \">\r\n                            <div class = \"td-slider\">\r\n                                \r\n                    <div class = \"td-slide-item td-item1\">\r\n                        <figure class=\"td-slide-galery-figure td-slide-popup-gallery\">\r\n                            <a class=\"slide-gallery-image-link\" href=\"https:\/\/likemetkovic.hr\/portal\/wp-content\/uploads\/2022\/06\/cicsenje-mora-blace1.jpg\" title=\"cicsenje mora blace1\"  data-caption=\"\"  data-description=\"\">\r\n                                <img decoding=\"async\" src=\"https:\/\/likemetkovic.hr\/portal\/wp-content\/uploads\/2022\/06\/cicsenje-mora-blace1-560x420.jpg\" srcset=\"https:\/\/likemetkovic.hr\/portal\/wp-content\/uploads\/2022\/06\/cicsenje-mora-blace1-560x420.jpg 560w, https:\/\/likemetkovic.hr\/portal\/wp-content\/uploads\/2022\/06\/cicsenje-mora-blace1-800x600.jpg 800w, https:\/\/likemetkovic.hr\/portal\/wp-content\/uploads\/2022\/06\/cicsenje-mora-blace1-768x576.jpg 768w, https:\/\/likemetkovic.hr\/portal\/wp-content\/uploads\/2022\/06\/cicsenje-mora-blace1-696x522.jpg 696w, https:\/\/likemetkovic.hr\/portal\/wp-content\/uploads\/2022\/06\/cicsenje-mora-blace1-80x60.jpg 80w, https:\/\/likemetkovic.hr\/portal\/wp-content\/uploads\/2022\/06\/cicsenje-mora-blace1-265x198.jpg 265w, https:\/\/likemetkovic.hr\/portal\/wp-content\/uploads\/2022\/06\/cicsenje-mora-blace1.jpg 1024w\" sizes=\"(max-width: 560px) 100vw, 560px\" alt=\"\">\r\n                            <\/a>\r\n                            \r\n                        <\/figure>\r\n                    <\/div>\r\n                    <div class = \"td-slide-item td-item2\">\r\n                        <figure class=\"td-slide-galery-figure td-slide-popup-gallery\">\r\n                            <a class=\"slide-gallery-image-link\" href=\"https:\/\/likemetkovic.hr\/portal\/wp-content\/uploads\/2022\/06\/ronioci-blace-ciscenje-mora.jpg\" title=\"ronioci blace ciscenje mora\"  data-caption=\"\"  data-description=\"\">\r\n                                <img decoding=\"async\" src=\"https:\/\/likemetkovic.hr\/portal\/wp-content\/uploads\/2022\/06\/ronioci-blace-ciscenje-mora-840x420.jpg\" srcset=\"https:\/\/likemetkovic.hr\/portal\/wp-content\/uploads\/2022\/06\/ronioci-blace-ciscenje-mora-840x420.jpg 840w, https:\/\/likemetkovic.hr\/portal\/wp-content\/uploads\/2022\/06\/ronioci-blace-ciscenje-mora-800x400.jpg 800w, https:\/\/likemetkovic.hr\/portal\/wp-content\/uploads\/2022\/06\/ronioci-blace-ciscenje-mora-768x384.jpg 768w, https:\/\/likemetkovic.hr\/portal\/wp-content\/uploads\/2022\/06\/ronioci-blace-ciscenje-mora-696x348.jpg 696w, https:\/\/likemetkovic.hr\/portal\/wp-content\/uploads\/2022\/06\/ronioci-blace-ciscenje-mora.jpg 1000w\" sizes=\"(max-width: 840px) 100vw, 840px\" alt=\"\">\r\n                            <\/a>\r\n                            \r\n                        <\/figure>\r\n                    <\/div>\r\n                    <div class = \"td-slide-item td-item3\">\r\n                        <figure class=\"td-slide-galery-figure td-slide-popup-gallery\">\r\n                            <a class=\"slide-gallery-image-link\" href=\"https:\/\/likemetkovic.hr\/portal\/wp-content\/uploads\/2022\/06\/cicsenje-mora-blace.jpg\" title=\"cicsenje mora blace\"  data-caption=\"\"  data-description=\"\">\r\n                                <img decoding=\"async\" src=\"https:\/\/likemetkovic.hr\/portal\/wp-content\/uploads\/2022\/06\/cicsenje-mora-blace-560x420.jpg\" srcset=\"https:\/\/likemetkovic.hr\/portal\/wp-content\/uploads\/2022\/06\/cicsenje-mora-blace-560x420.jpg 560w, https:\/\/likemetkovic.hr\/portal\/wp-content\/uploads\/2022\/06\/cicsenje-mora-blace-768x576.jpg 768w, https:\/\/likemetkovic.hr\/portal\/wp-content\/uploads\/2022\/06\/cicsenje-mora-blace-696x522.jpg 696w, https:\/\/likemetkovic.hr\/portal\/wp-content\/uploads\/2022\/06\/cicsenje-mora-blace-80x60.jpg 80w, https:\/\/likemetkovic.hr\/portal\/wp-content\/uploads\/2022\/06\/cicsenje-mora-blace-265x198.jpg 265w, https:\/\/likemetkovic.hr\/portal\/wp-content\/uploads\/2022\/06\/cicsenje-mora-blace.jpg 800w\" sizes=\"(max-width: 560px) 100vw, 560px\" alt=\"\">\r\n                            <\/a>\r\n                            \r\n                        <\/figure>\r\n                    <\/div>\r\n                            <\/div>\r\n                        <\/div>\r\n\r\n                        <div class = \"td-doubleSlider-2\">\r\n                            <div class = \"td-slider\">\r\n                                \r\n                    <div class = \"td-button td-item1\">\r\n                        <div class = \"td-border\"><\/div>\r\n                    <\/div>\r\n                    <div class = \"td-button td-item2\">\r\n                        <div class = \"td-border\"><\/div>\r\n                    <\/div>\r\n                    <div class = \"td-button td-item3\">\r\n                        <div class = \"td-border\"><\/div>\r\n                    <\/div>\r\n                            <\/div>\r\n                        <\/div>\r\n\r\n                    <\/div>\r\n\r\n                <\/div>\r\n                \n<p>Ronioci su ovom prigodom bojama svojih majica dali podr\u0161ku narodu Ukrajine.<\/p>\n<p>Ronioci ERK Leut ovog ljeta planiraju jo\u0161 ekolo\u0161kih akcija pod pokroviteljstvom Fonda za za\u0161titu okoli\u0161a i energetske u\u010dinkovitosti. <strong><em>Eko Pelje\u0161ki most<\/em> <\/strong>je akcija \u010di\u0161\u0107enja uvale Brijesta i oto\u010di\u0107a Koko\u0161ara ispred uvale nakon zavr\u0161etka mosta. Planiran je i projekt <em>Divlji vezovi 2022.<\/em> Rije\u010d je o tjedan dana \u010di\u0161\u0107enja uvala na slaborazvijenim i nerazvijenim otocima Splitsko-dalmatinske, \u0160ibensko-kninske i zadarske \u017eupanije.<\/p>\n<p>Pi\u0161e: Stanislav Soldo \/\u00a0<a href=\"https:\/\/dubrovacki.slobodnadalmacija.hr\/dubrovnik\/zupanija\/neretva\/ronioci-uklanjali-otpad-iz-podmorja-u-blacama-doznajemo-ekipa-priprema-i-veliko-ciscenje-oko-peljeskog-mosta-1200159\" target=\"_blank\" rel=\"noopener\">Dubrova\u010dki vjesnik<\/a><\/p>\n","protected":false},"excerpt":{"rendered":"<p>Ekolo\u0161ko-roniteljski klub Leut i ove je godine organizirao tradicionalnu akciju \u010di\u0161\u0107enja podmorja u naselju Blace, Eko Blace 2022., javlja Dubrova\u010dki vjesnik. Leutu su se pridru\u017eili ENK Pena iz Sjeverne Makedonije, \u0160REK Delta 5 iz Metkovi\u0107a, RK Neretva iz Mostara, RK Crveno jezero iz Imotskog, ERK Periska Plo\u010de, RK \u017dnjan i PIK Mornar iz Splita, PUZ [&hellip;]<\/p>\n","protected":false},"author":7,"featured_media":132407,"comment_status":"open","ping_status":"open","sticky":false,"template":"","format":"standard","meta":{"footnotes":""},"categories":[296,11],"tags":[1123,8289],"class_list":{"0":"post-132406","1":"post","2":"type-post","3":"status-publish","4":"format-standard","5":"has-post-thumbnail","7":"category-ab","8":"category-metkovic-dolina","9":"tag-blace","10":"tag-ciscenje-mora"},"yoast_head":"<!-- This site is optimized with the Yoast SEO plugin v25.2 - https:\/\/yoast.com\/wordpress\/plugins\/seo\/ -->\n<title>Ronioci \u010distili podmorje u Blacama. Priprema se i veliko \u010di\u0161\u0107enje oko Pelje\u0161kog mosta - likemetkovic.hr<\/title>\n<meta name=\"robots\" content=\"index, follow, max-snippet:-1, max-image-preview:large, max-video-preview:-1\" \/>\n<link rel=\"canonical\" href=\"https:\/\/likemetkovic.hr\/ronioci-cistili-podmorja-u-blacama-priprema-se-i-veliko-ciscenje-oko-peljeskog-mosta\/\" \/>\n<meta property=\"og:locale\" content=\"hr_HR\" \/>\n<meta property=\"og:type\" content=\"article\" \/>\n<meta property=\"og:title\" content=\"Ronioci \u010distili podmorje u Blacama. Priprema se i veliko \u010di\u0161\u0107enje oko Pelje\u0161kog mosta - likemetkovic.hr\" \/>\n<meta property=\"og:description\" content=\"Ekolo\u0161ko-roniteljski klub Leut i ove je godine organizirao tradicionalnu akciju \u010di\u0161\u0107enja podmorja u naselju Blace, Eko Blace 2022., javlja Dubrova\u010dki vjesnik. Leutu su se pridru\u017eili ENK Pena iz Sjeverne Makedonije, \u0160REK Delta 5 iz Metkovi\u0107a, RK Neretva iz Mostara, RK Crveno jezero iz Imotskog, ERK Periska Plo\u010de, RK \u017dnjan i PIK Mornar iz Splita, PUZ [&hellip;]\" \/>\n<meta property=\"og:url\" content=\"https:\/\/likemetkovic.hr\/ronioci-cistili-podmorja-u-blacama-priprema-se-i-veliko-ciscenje-oko-peljeskog-mosta\/\" \/>\n<meta property=\"og:site_name\" content=\"likemetkovic.hr\" \/>\n<meta property=\"article:publisher\" content=\"https:\/\/www.facebook.com\/likemetkovic.hr\/\" \/>\n<meta property=\"article:published_time\" content=\"2022-06-12T16:37:30+00:00\" \/>\n<meta property=\"article:modified_time\" content=\"2022-06-12T16:41:28+00:00\" \/>\n<meta property=\"og:image\" content=\"https:\/\/likemetkovic.hr\/wp-content\/uploads\/2022\/06\/cicsenje-mora-blace.jpg\" \/>\n\t<meta property=\"og:image:width\" content=\"800\" \/>\n\t<meta property=\"og:image:height\" content=\"600\" \/>\n\t<meta property=\"og:image:type\" content=\"image\/jpeg\" \/>\n<meta name=\"author\" content=\"LIKEmetkovic.hr\" \/>\n<meta name=\"twitter:card\" content=\"summary_large_image\" \/>\n<meta name=\"twitter:label1\" content=\"Napisao\/la\" \/>\n\t<meta name=\"twitter:data1\" content=\"LIKEmetkovic.hr\" \/>\n\t<meta name=\"twitter:label2\" content=\"Procijenjeno vrijeme \u010ditanja\" \/>\n\t<meta name=\"twitter:data2\" content=\"2 minute\" \/>\n<script type=\"application\/ld+json\" class=\"yoast-schema-graph\">{\"@context\":\"https:\/\/schema.org\",\"@graph\":[{\"@type\":\"WebPage\",\"@id\":\"https:\/\/likemetkovic.hr\/ronioci-cistili-podmorja-u-blacama-priprema-se-i-veliko-ciscenje-oko-peljeskog-mosta\/\",\"url\":\"https:\/\/likemetkovic.hr\/ronioci-cistili-podmorja-u-blacama-priprema-se-i-veliko-ciscenje-oko-peljeskog-mosta\/\",\"name\":\"Ronioci \u010distili podmorje u Blacama. Priprema se i veliko \u010di\u0161\u0107enje oko Pelje\u0161kog mosta - likemetkovic.hr\",\"isPartOf\":{\"@id\":\"https:\/\/likemetkovic.hr\/#website\"},\"primaryImageOfPage\":{\"@id\":\"https:\/\/likemetkovic.hr\/ronioci-cistili-podmorja-u-blacama-priprema-se-i-veliko-ciscenje-oko-peljeskog-mosta\/#primaryimage\"},\"image\":{\"@id\":\"https:\/\/likemetkovic.hr\/ronioci-cistili-podmorja-u-blacama-priprema-se-i-veliko-ciscenje-oko-peljeskog-mosta\/#primaryimage\"},\"thumbnailUrl\":\"https:\/\/likemetkovic.hr\/portal\/wp-content\/uploads\/2022\/06\/cicsenje-mora-blace.jpg\",\"datePublished\":\"2022-06-12T16:37:30+00:00\",\"dateModified\":\"2022-06-12T16:41:28+00:00\",\"author\":{\"@id\":\"https:\/\/likemetkovic.hr\/#\/schema\/person\/a42711f3385a0e2be6f7e0443bfb28f0\"},\"breadcrumb\":{\"@id\":\"https:\/\/likemetkovic.hr\/ronioci-cistili-podmorja-u-blacama-priprema-se-i-veliko-ciscenje-oko-peljeskog-mosta\/#breadcrumb\"},\"inLanguage\":\"hr\",\"potentialAction\":[{\"@type\":\"ReadAction\",\"target\":[\"https:\/\/likemetkovic.hr\/ronioci-cistili-podmorja-u-blacama-priprema-se-i-veliko-ciscenje-oko-peljeskog-mosta\/\"]}]},{\"@type\":\"ImageObject\",\"inLanguage\":\"hr\",\"@id\":\"https:\/\/likemetkovic.hr\/ronioci-cistili-podmorja-u-blacama-priprema-se-i-veliko-ciscenje-oko-peljeskog-mosta\/#primaryimage\",\"url\":\"https:\/\/likemetkovic.hr\/portal\/wp-content\/uploads\/2022\/06\/cicsenje-mora-blace.jpg\",\"contentUrl\":\"https:\/\/likemetkovic.hr\/portal\/wp-content\/uploads\/2022\/06\/cicsenje-mora-blace.jpg\",\"width\":800,\"height\":600},{\"@type\":\"BreadcrumbList\",\"@id\":\"https:\/\/likemetkovic.hr\/ronioci-cistili-podmorja-u-blacama-priprema-se-i-veliko-ciscenje-oko-peljeskog-mosta\/#breadcrumb\",\"itemListElement\":[{\"@type\":\"ListItem\",\"position\":1,\"name\":\"Po\u010detna stranica\",\"item\":\"https:\/\/likemetkovic.hr\/portal\/\"},{\"@type\":\"ListItem\",\"position\":2,\"name\":\"Ronioci \u010distili podmorje u Blacama. Priprema se i veliko \u010di\u0161\u0107enje oko Pelje\u0161kog mosta\"}]},{\"@type\":\"WebSite\",\"@id\":\"https:\/\/likemetkovic.hr\/#website\",\"url\":\"https:\/\/likemetkovic.hr\/\",\"name\":\"likemetkovic.hr\",\"description\":\"Misli pozitivno... \u010ditaj LIKE\",\"potentialAction\":[{\"@type\":\"SearchAction\",\"target\":{\"@type\":\"EntryPoint\",\"urlTemplate\":\"https:\/\/likemetkovic.hr\/?s={search_term_string}\"},\"query-input\":{\"@type\":\"PropertyValueSpecification\",\"valueRequired\":true,\"valueName\":\"search_term_string\"}}],\"inLanguage\":\"hr\"},{\"@type\":\"Person\",\"@id\":\"https:\/\/likemetkovic.hr\/#\/schema\/person\/a42711f3385a0e2be6f7e0443bfb28f0\",\"name\":\"LIKEmetkovic.hr\",\"sameAs\":[\"http:\/\/likemetkovic.hr\"],\"url\":\"https:\/\/likemetkovic.hr\/portal\/author\/likemetkovic-hr\/\"}]}<\/script>\n<!-- \/ Yoast SEO plugin. -->","yoast_head_json":{"title":"Ronioci \u010distili podmorje u Blacama. Priprema se i veliko \u010di\u0161\u0107enje oko Pelje\u0161kog mosta - likemetkovic.hr","robots":{"index":"index","follow":"follow","max-snippet":"max-snippet:-1","max-image-preview":"max-image-preview:large","max-video-preview":"max-video-preview:-1"},"canonical":"https:\/\/likemetkovic.hr\/ronioci-cistili-podmorja-u-blacama-priprema-se-i-veliko-ciscenje-oko-peljeskog-mosta\/","og_locale":"hr_HR","og_type":"article","og_title":"Ronioci \u010distili podmorje u Blacama. Priprema se i veliko \u010di\u0161\u0107enje oko Pelje\u0161kog mosta - likemetkovic.hr","og_description":"Ekolo\u0161ko-roniteljski klub Leut i ove je godine organizirao tradicionalnu akciju \u010di\u0161\u0107enja podmorja u naselju Blace, Eko Blace 2022., javlja Dubrova\u010dki vjesnik. Leutu su se pridru\u017eili ENK Pena iz Sjeverne Makedonije, \u0160REK Delta 5 iz Metkovi\u0107a, RK Neretva iz Mostara, RK Crveno jezero iz Imotskog, ERK Periska Plo\u010de, RK \u017dnjan i PIK Mornar iz Splita, PUZ [&hellip;]","og_url":"https:\/\/likemetkovic.hr\/ronioci-cistili-podmorja-u-blacama-priprema-se-i-veliko-ciscenje-oko-peljeskog-mosta\/","og_site_name":"likemetkovic.hr","article_publisher":"https:\/\/www.facebook.com\/likemetkovic.hr\/","article_published_time":"2022-06-12T16:37:30+00:00","article_modified_time":"2022-06-12T16:41:28+00:00","og_image":[{"width":800,"height":600,"url":"https:\/\/likemetkovic.hr\/wp-content\/uploads\/2022\/06\/cicsenje-mora-blace.jpg","type":"image\/jpeg"}],"author":"LIKEmetkovic.hr","twitter_card":"summary_large_image","twitter_misc":{"Napisao\/la":"LIKEmetkovic.hr","Procijenjeno vrijeme \u010ditanja":"2 minute"},"schema":{"@context":"https:\/\/schema.org","@graph":[{"@type":"WebPage","@id":"https:\/\/likemetkovic.hr\/ronioci-cistili-podmorja-u-blacama-priprema-se-i-veliko-ciscenje-oko-peljeskog-mosta\/","url":"https:\/\/likemetkovic.hr\/ronioci-cistili-podmorja-u-blacama-priprema-se-i-veliko-ciscenje-oko-peljeskog-mosta\/","name":"Ronioci \u010distili podmorje u Blacama. Priprema se i veliko \u010di\u0161\u0107enje oko Pelje\u0161kog mosta - likemetkovic.hr","isPartOf":{"@id":"https:\/\/likemetkovic.hr\/#website"},"primaryImageOfPage":{"@id":"https:\/\/likemetkovic.hr\/ronioci-cistili-podmorja-u-blacama-priprema-se-i-veliko-ciscenje-oko-peljeskog-mosta\/#primaryimage"},"image":{"@id":"https:\/\/likemetkovic.hr\/ronioci-cistili-podmorja-u-blacama-priprema-se-i-veliko-ciscenje-oko-peljeskog-mosta\/#primaryimage"},"thumbnailUrl":"https:\/\/likemetkovic.hr\/portal\/wp-content\/uploads\/2022\/06\/cicsenje-mora-blace.jpg","datePublished":"2022-06-12T16:37:30+00:00","dateModified":"2022-06-12T16:41:28+00:00","author":{"@id":"https:\/\/likemetkovic.hr\/#\/schema\/person\/a42711f3385a0e2be6f7e0443bfb28f0"},"breadcrumb":{"@id":"https:\/\/likemetkovic.hr\/ronioci-cistili-podmorja-u-blacama-priprema-se-i-veliko-ciscenje-oko-peljeskog-mosta\/#breadcrumb"},"inLanguage":"hr","potentialAction":[{"@type":"ReadAction","target":["https:\/\/likemetkovic.hr\/ronioci-cistili-podmorja-u-blacama-priprema-se-i-veliko-ciscenje-oko-peljeskog-mosta\/"]}]},{"@type":"ImageObject","inLanguage":"hr","@id":"https:\/\/likemetkovic.hr\/ronioci-cistili-podmorja-u-blacama-priprema-se-i-veliko-ciscenje-oko-peljeskog-mosta\/#primaryimage","url":"https:\/\/likemetkovic.hr\/portal\/wp-content\/uploads\/2022\/06\/cicsenje-mora-blace.jpg","contentUrl":"https:\/\/likemetkovic.hr\/portal\/wp-content\/uploads\/2022\/06\/cicsenje-mora-blace.jpg","width":800,"height":600},{"@type":"BreadcrumbList","@id":"https:\/\/likemetkovic.hr\/ronioci-cistili-podmorja-u-blacama-priprema-se-i-veliko-ciscenje-oko-peljeskog-mosta\/#breadcrumb","itemListElement":[{"@type":"ListItem","position":1,"name":"Po\u010detna stranica","item":"https:\/\/likemetkovic.hr\/portal\/"},{"@type":"ListItem","position":2,"name":"Ronioci \u010distili podmorje u Blacama. Priprema se i veliko \u010di\u0161\u0107enje oko Pelje\u0161kog mosta"}]},{"@type":"WebSite","@id":"https:\/\/likemetkovic.hr\/#website","url":"https:\/\/likemetkovic.hr\/","name":"likemetkovic.hr","description":"Misli pozitivno... \u010ditaj LIKE","potentialAction":[{"@type":"SearchAction","target":{"@type":"EntryPoint","urlTemplate":"https:\/\/likemetkovic.hr\/?s={search_term_string}"},"query-input":{"@type":"PropertyValueSpecification","valueRequired":true,"valueName":"search_term_string"}}],"inLanguage":"hr"},{"@type":"Person","@id":"https:\/\/likemetkovic.hr\/#\/schema\/person\/a42711f3385a0e2be6f7e0443bfb28f0","name":"LIKEmetkovic.hr","sameAs":["http:\/\/likemetkovic.hr"],"url":"https:\/\/likemetkovic.hr\/portal\/author\/likemetkovic-hr\/"}]}},"_links":{"self":[{"href":"https:\/\/likemetkovic.hr\/portal\/wp-json\/wp\/v2\/posts\/132406","targetHints":{"allow":["GET"]}}],"collection":[{"href":"https:\/\/likemetkovic.hr\/portal\/wp-json\/wp\/v2\/posts"}],"about":[{"href":"https:\/\/likemetkovic.hr\/portal\/wp-json\/wp\/v2\/types\/post"}],"author":[{"embeddable":true,"href":"https:\/\/likemetkovic.hr\/portal\/wp-json\/wp\/v2\/users\/7"}],"replies":[{"embeddable":true,"href":"https:\/\/likemetkovic.hr\/portal\/wp-json\/wp\/v2\/comments?post=132406"}],"version-history":[{"count":4,"href":"https:\/\/likemetkovic.hr\/portal\/wp-json\/wp\/v2\/posts\/132406\/revisions"}],"predecessor-version":[{"id":132413,"href":"https:\/\/likemetkovic.hr\/portal\/wp-json\/wp\/v2\/posts\/132406\/revisions\/132413"}],"wp:featuredmedia":[{"embeddable":true,"href":"https:\/\/likemetkovic.hr\/portal\/wp-json\/wp\/v2\/media\/132407"}],"wp:attachment":[{"href":"https:\/\/likemetkovic.hr\/portal\/wp-json\/wp\/v2\/media?parent=132406"}],"wp:term":[{"taxonomy":"category","embeddable":true,"href":"https:\/\/likemetkovic.hr\/portal\/wp-json\/wp\/v2\/categories?post=132406"},{"taxonomy":"post_tag","embeddable":true,"href":"https:\/\/likemetkovic.hr\/portal\/wp-json\/wp\/v2\/tags?post=132406"}],"curies":[{"name":"wp","href":"https:\/\/api.w.org\/{rel}","templated":true}]}}