{"id":132436,"date":"2022-06-13T13:18:53","date_gmt":"2022-06-13T11:18:53","guid":{"rendered":"https:\/\/likemetkovic.hr\/?p=132436"},"modified":"2022-06-13T13:18:53","modified_gmt":"2022-06-13T11:18:53","slug":"proslavljen-blagdan-sv-ante-u-novim-selima","status":"publish","type":"post","link":"https:\/\/likemetkovic.hr\/portal\/proslavljen-blagdan-sv-ante-u-novim-selima\/","title":{"rendered":"Proslavljen blagdan sv. Ante u Novim Selima"},"content":{"rendered":"<p>Sve\u010danom svetom misom s procesijom danas, s po\u010detkom u 10 sati, proslavljen je blagdan sv. Antuna Padovanskoga u Novim Selima.<\/p>\n<p>Misno slavlje je predvodio don Dino Prkut. Nakon mise je bio blagoslov djece. Ve\u010deranja sv. misa \u0107e biti u 19 sati nakon koje \u0107e tako\u0111er biti blagoslov djece.<\/p>\n<p><iframe style=\"border: none; overflow: hidden;\" src=\"https:\/\/www.facebook.com\/plugins\/post.php?href=https%3A%2F%2Fwww.facebook.com%2Fzupasvnikolametkovic%2Fposts%2F393495642817361&amp;show_text=true&amp;width=500\" width=\"500\" height=\"645\" frameborder=\"0\" scrolling=\"no\" allowfullscreen=\"allowfullscreen\"><\/iframe><\/p>\n","protected":false},"excerpt":{"rendered":"<p>Sve\u010danom svetom misom s procesijom danas, s po\u010detkom u 10 sati, proslavljen je blagdan sv. Antuna Padovanskoga u Novim Selima. Misno slavlje je predvodio don Dino Prkut. Nakon mise je bio blagoslov djece. Ve\u010deranja sv. misa \u0107e biti u 19 sati nakon koje \u0107e tako\u0111er biti blagoslov djece.<\/p>\n","protected":false},"author":9,"featured_media":132437,"comment_status":"open","ping_status":"open","sticky":false,"template":"","format":"standard","meta":{"footnotes":""},"categories":[296,11,27],"tags":[1163,5338],"class_list":{"0":"post-132436","1":"post","2":"type-post","3":"status-publish","4":"format-standard","5":"has-post-thumbnail","7":"category-ab","8":"category-metkovic-dolina","9":"category-vjera-i-zivot","10":"tag-nova-sela","11":"tag-sv-ante"},"yoast_head":"<!-- This site is optimized with the Yoast SEO plugin v25.2 - https:\/\/yoast.com\/wordpress\/plugins\/seo\/ -->\n<title>Proslavljen blagdan sv. Ante u Novim Selima - likemetkovic.hr<\/title>\n<meta name=\"robots\" content=\"index, follow, max-snippet:-1, max-image-preview:large, max-video-preview:-1\" \/>\n<link rel=\"canonical\" href=\"https:\/\/likemetkovic.hr\/proslavljen-blagdan-sv-ante-u-novim-selima\/\" \/>\n<meta property=\"og:locale\" content=\"hr_HR\" \/>\n<meta property=\"og:type\" content=\"article\" \/>\n<meta property=\"og:title\" content=\"Proslavljen blagdan sv. Ante u Novim Selima - likemetkovic.hr\" \/>\n<meta property=\"og:description\" content=\"Sve\u010danom svetom misom s procesijom danas, s po\u010detkom u 10 sati, proslavljen je blagdan sv. Antuna Padovanskoga u Novim Selima. Misno slavlje je predvodio don Dino Prkut. Nakon mise je bio blagoslov djece. Ve\u010deranja sv. misa \u0107e biti u 19 sati nakon koje \u0107e tako\u0111er biti blagoslov djece.\" \/>\n<meta property=\"og:url\" content=\"https:\/\/likemetkovic.hr\/proslavljen-blagdan-sv-ante-u-novim-selima\/\" \/>\n<meta property=\"og:site_name\" content=\"likemetkovic.hr\" \/>\n<meta property=\"article:publisher\" content=\"https:\/\/www.facebook.com\/likemetkovic.hr\/\" \/>\n<meta property=\"article:published_time\" content=\"2022-06-13T11:18:53+00:00\" \/>\n<meta property=\"og:image\" content=\"https:\/\/likemetkovic.hr\/wp-content\/uploads\/2022\/06\/sv.-ante-nova-sela-2022.jpg\" \/>\n\t<meta property=\"og:image:width\" content=\"800\" \/>\n\t<meta property=\"og:image:height\" content=\"600\" \/>\n\t<meta property=\"og:image:type\" content=\"image\/jpeg\" \/>\n<meta name=\"author\" content=\"K. J.\" \/>\n<meta name=\"twitter:card\" content=\"summary_large_image\" \/>\n<meta name=\"twitter:label1\" content=\"Napisao\/la\" \/>\n\t<meta name=\"twitter:data1\" content=\"K. J.\" \/>\n\t<meta name=\"twitter:label2\" content=\"Procijenjeno vrijeme \u010ditanja\" \/>\n\t<meta name=\"twitter:data2\" content=\"1 minuta\" \/>\n<script type=\"application\/ld+json\" class=\"yoast-schema-graph\">{\"@context\":\"https:\/\/schema.org\",\"@graph\":[{\"@type\":\"WebPage\",\"@id\":\"https:\/\/likemetkovic.hr\/proslavljen-blagdan-sv-ante-u-novim-selima\/\",\"url\":\"https:\/\/likemetkovic.hr\/proslavljen-blagdan-sv-ante-u-novim-selima\/\",\"name\":\"Proslavljen blagdan sv. Ante u Novim Selima - likemetkovic.hr\",\"isPartOf\":{\"@id\":\"https:\/\/likemetkovic.hr\/#website\"},\"primaryImageOfPage\":{\"@id\":\"https:\/\/likemetkovic.hr\/proslavljen-blagdan-sv-ante-u-novim-selima\/#primaryimage\"},\"image\":{\"@id\":\"https:\/\/likemetkovic.hr\/proslavljen-blagdan-sv-ante-u-novim-selima\/#primaryimage\"},\"thumbnailUrl\":\"https:\/\/likemetkovic.hr\/portal\/wp-content\/uploads\/2022\/06\/sv.-ante-nova-sela-2022.jpg\",\"datePublished\":\"2022-06-13T11:18:53+00:00\",\"author\":{\"@id\":\"https:\/\/likemetkovic.hr\/#\/schema\/person\/0a8b4ebfdfe1ff01192dccda40c5da0c\"},\"breadcrumb\":{\"@id\":\"https:\/\/likemetkovic.hr\/proslavljen-blagdan-sv-ante-u-novim-selima\/#breadcrumb\"},\"inLanguage\":\"hr\",\"potentialAction\":[{\"@type\":\"ReadAction\",\"target\":[\"https:\/\/likemetkovic.hr\/proslavljen-blagdan-sv-ante-u-novim-selima\/\"]}]},{\"@type\":\"ImageObject\",\"inLanguage\":\"hr\",\"@id\":\"https:\/\/likemetkovic.hr\/proslavljen-blagdan-sv-ante-u-novim-selima\/#primaryimage\",\"url\":\"https:\/\/likemetkovic.hr\/portal\/wp-content\/uploads\/2022\/06\/sv.-ante-nova-sela-2022.jpg\",\"contentUrl\":\"https:\/\/likemetkovic.hr\/portal\/wp-content\/uploads\/2022\/06\/sv.-ante-nova-sela-2022.jpg\",\"width\":800,\"height\":600},{\"@type\":\"BreadcrumbList\",\"@id\":\"https:\/\/likemetkovic.hr\/proslavljen-blagdan-sv-ante-u-novim-selima\/#breadcrumb\",\"itemListElement\":[{\"@type\":\"ListItem\",\"position\":1,\"name\":\"Po\u010detna stranica\",\"item\":\"https:\/\/likemetkovic.hr\/portal\/\"},{\"@type\":\"ListItem\",\"position\":2,\"name\":\"Proslavljen blagdan sv. Ante u Novim Selima\"}]},{\"@type\":\"WebSite\",\"@id\":\"https:\/\/likemetkovic.hr\/#website\",\"url\":\"https:\/\/likemetkovic.hr\/\",\"name\":\"likemetkovic.hr\",\"description\":\"Misli pozitivno... \u010ditaj LIKE\",\"potentialAction\":[{\"@type\":\"SearchAction\",\"target\":{\"@type\":\"EntryPoint\",\"urlTemplate\":\"https:\/\/likemetkovic.hr\/?s={search_term_string}\"},\"query-input\":{\"@type\":\"PropertyValueSpecification\",\"valueRequired\":true,\"valueName\":\"search_term_string\"}}],\"inLanguage\":\"hr\"},{\"@type\":\"Person\",\"@id\":\"https:\/\/likemetkovic.hr\/#\/schema\/person\/0a8b4ebfdfe1ff01192dccda40c5da0c\",\"name\":\"K. J.\",\"url\":\"https:\/\/likemetkovic.hr\/portal\/author\/likemetkovic\/\"}]}<\/script>\n<!-- \/ Yoast SEO plugin. -->","yoast_head_json":{"title":"Proslavljen blagdan sv. Ante u Novim Selima - likemetkovic.hr","robots":{"index":"index","follow":"follow","max-snippet":"max-snippet:-1","max-image-preview":"max-image-preview:large","max-video-preview":"max-video-preview:-1"},"canonical":"https:\/\/likemetkovic.hr\/proslavljen-blagdan-sv-ante-u-novim-selima\/","og_locale":"hr_HR","og_type":"article","og_title":"Proslavljen blagdan sv. Ante u Novim Selima - likemetkovic.hr","og_description":"Sve\u010danom svetom misom s procesijom danas, s po\u010detkom u 10 sati, proslavljen je blagdan sv. Antuna Padovanskoga u Novim Selima. Misno slavlje je predvodio don Dino Prkut. Nakon mise je bio blagoslov djece. Ve\u010deranja sv. misa \u0107e biti u 19 sati nakon koje \u0107e tako\u0111er biti blagoslov djece.","og_url":"https:\/\/likemetkovic.hr\/proslavljen-blagdan-sv-ante-u-novim-selima\/","og_site_name":"likemetkovic.hr","article_publisher":"https:\/\/www.facebook.com\/likemetkovic.hr\/","article_published_time":"2022-06-13T11:18:53+00:00","og_image":[{"width":800,"height":600,"url":"https:\/\/likemetkovic.hr\/wp-content\/uploads\/2022\/06\/sv.-ante-nova-sela-2022.jpg","type":"image\/jpeg"}],"author":"K. J.","twitter_card":"summary_large_image","twitter_misc":{"Napisao\/la":"K. J.","Procijenjeno vrijeme \u010ditanja":"1 minuta"},"schema":{"@context":"https:\/\/schema.org","@graph":[{"@type":"WebPage","@id":"https:\/\/likemetkovic.hr\/proslavljen-blagdan-sv-ante-u-novim-selima\/","url":"https:\/\/likemetkovic.hr\/proslavljen-blagdan-sv-ante-u-novim-selima\/","name":"Proslavljen blagdan sv. Ante u Novim Selima - likemetkovic.hr","isPartOf":{"@id":"https:\/\/likemetkovic.hr\/#website"},"primaryImageOfPage":{"@id":"https:\/\/likemetkovic.hr\/proslavljen-blagdan-sv-ante-u-novim-selima\/#primaryimage"},"image":{"@id":"https:\/\/likemetkovic.hr\/proslavljen-blagdan-sv-ante-u-novim-selima\/#primaryimage"},"thumbnailUrl":"https:\/\/likemetkovic.hr\/portal\/wp-content\/uploads\/2022\/06\/sv.-ante-nova-sela-2022.jpg","datePublished":"2022-06-13T11:18:53+00:00","author":{"@id":"https:\/\/likemetkovic.hr\/#\/schema\/person\/0a8b4ebfdfe1ff01192dccda40c5da0c"},"breadcrumb":{"@id":"https:\/\/likemetkovic.hr\/proslavljen-blagdan-sv-ante-u-novim-selima\/#breadcrumb"},"inLanguage":"hr","potentialAction":[{"@type":"ReadAction","target":["https:\/\/likemetkovic.hr\/proslavljen-blagdan-sv-ante-u-novim-selima\/"]}]},{"@type":"ImageObject","inLanguage":"hr","@id":"https:\/\/likemetkovic.hr\/proslavljen-blagdan-sv-ante-u-novim-selima\/#primaryimage","url":"https:\/\/likemetkovic.hr\/portal\/wp-content\/uploads\/2022\/06\/sv.-ante-nova-sela-2022.jpg","contentUrl":"https:\/\/likemetkovic.hr\/portal\/wp-content\/uploads\/2022\/06\/sv.-ante-nova-sela-2022.jpg","width":800,"height":600},{"@type":"BreadcrumbList","@id":"https:\/\/likemetkovic.hr\/proslavljen-blagdan-sv-ante-u-novim-selima\/#breadcrumb","itemListElement":[{"@type":"ListItem","position":1,"name":"Po\u010detna stranica","item":"https:\/\/likemetkovic.hr\/portal\/"},{"@type":"ListItem","position":2,"name":"Proslavljen blagdan sv. Ante u Novim Selima"}]},{"@type":"WebSite","@id":"https:\/\/likemetkovic.hr\/#website","url":"https:\/\/likemetkovic.hr\/","name":"likemetkovic.hr","description":"Misli pozitivno... \u010ditaj LIKE","potentialAction":[{"@type":"SearchAction","target":{"@type":"EntryPoint","urlTemplate":"https:\/\/likemetkovic.hr\/?s={search_term_string}"},"query-input":{"@type":"PropertyValueSpecification","valueRequired":true,"valueName":"search_term_string"}}],"inLanguage":"hr"},{"@type":"Person","@id":"https:\/\/likemetkovic.hr\/#\/schema\/person\/0a8b4ebfdfe1ff01192dccda40c5da0c","name":"K. J.","url":"https:\/\/likemetkovic.hr\/portal\/author\/likemetkovic\/"}]}},"_links":{"self":[{"href":"https:\/\/likemetkovic.hr\/portal\/wp-json\/wp\/v2\/posts\/132436","targetHints":{"allow":["GET"]}}],"collection":[{"href":"https:\/\/likemetkovic.hr\/portal\/wp-json\/wp\/v2\/posts"}],"about":[{"href":"https:\/\/likemetkovic.hr\/portal\/wp-json\/wp\/v2\/types\/post"}],"author":[{"embeddable":true,"href":"https:\/\/likemetkovic.hr\/portal\/wp-json\/wp\/v2\/users\/9"}],"replies":[{"embeddable":true,"href":"https:\/\/likemetkovic.hr\/portal\/wp-json\/wp\/v2\/comments?post=132436"}],"version-history":[{"count":1,"href":"https:\/\/likemetkovic.hr\/portal\/wp-json\/wp\/v2\/posts\/132436\/revisions"}],"predecessor-version":[{"id":132438,"href":"https:\/\/likemetkovic.hr\/portal\/wp-json\/wp\/v2\/posts\/132436\/revisions\/132438"}],"wp:featuredmedia":[{"embeddable":true,"href":"https:\/\/likemetkovic.hr\/portal\/wp-json\/wp\/v2\/media\/132437"}],"wp:attachment":[{"href":"https:\/\/likemetkovic.hr\/portal\/wp-json\/wp\/v2\/media?parent=132436"}],"wp:term":[{"taxonomy":"category","embeddable":true,"href":"https:\/\/likemetkovic.hr\/portal\/wp-json\/wp\/v2\/categories?post=132436"},{"taxonomy":"post_tag","embeddable":true,"href":"https:\/\/likemetkovic.hr\/portal\/wp-json\/wp\/v2\/tags?post=132436"}],"curies":[{"name":"wp","href":"https:\/\/api.w.org\/{rel}","templated":true}]}}