{"id":132444,"date":"2022-06-13T17:04:51","date_gmt":"2022-06-13T15:04:51","guid":{"rendered":"https:\/\/likemetkovic.hr\/?p=132444"},"modified":"2022-06-13T17:06:20","modified_gmt":"2022-06-13T15:06:20","slug":"neretvani-nece-u-zadruge-kad-bi-htjeli-svima-bi-bilo-bolje","status":"publish","type":"post","link":"https:\/\/likemetkovic.hr\/portal\/neretvani-nece-u-zadruge-kad-bi-htjeli-svima-bi-bilo-bolje\/","title":{"rendered":"Neretvani ne\u0107e u zadruge: kad bi htjeli, svima bi bilo bolje"},"content":{"rendered":"<p>Iako Ministarstvo poljoprivrede i EU izda\u0161no poti\u010du formiranje proizvo\u0111a\u010dkih organizacija, ovakav oblik udru\u017eivanja poljoprivrednika jo\u0161 uvijek nije za\u017eivio u dolini Neretve, pi\u0161e <a href=\"https:\/\/dubrovacki.slobodnadalmacija.hr\/dubrovnik\/zupanija\/neretva\/neretvani-nece-u-zadruge-a-kad-bi-htjeli-svima-bi-bilo-bolje-1200392\">Dubrova\u010dki vjesnik<\/a>.<\/p>\n<p>Upravo je osnivanje organizacija i zadruga trend u proklamiranoj politici EU-a jer na taj na\u010din poljoprivrednici lak\u0161e izlaze na tr\u017ei\u0161te sa svojim proizvodima ali i jednostavnije nabavljaju repromaterijal.<\/p>\n<p>Upravo je raspisan novi natje\u010daj iz Programa ruralnog razvoja za provedbu tipa operacije 9.1.1 \u201cUspostava proizvo\u0111a\u010dkih grupa i organizacija\u201d, pri \u010demu ukupna vrijednost raspolo\u017eivih sredstava javne potpore iznosi 10 milijuna kuna. Rok za podno\u0161enje zahtjeva za potporu i dostavu Potvrde o podno\u0161enju zahtjeva za potporu je od 4. srpnja do 30. rujna 2022. godine i biti \u0107e zanimljivo vidjeti ho\u0107e li se u dolini Neretve okupiti proizvo\u0111a\u010di u zadrugu te tako uzeti EU novac koji im je na dohvat ruke. Svrha natje\u010daja je dodjela potpore za provo\u0111enje aktivnosti predvi\u0111enih poslovnim planovima priznatih proizvo\u0111a\u010dkih organizacija najdu\u017ee za prvih pet godina od priznavanja, ali ne du\u017ee od 1. lipnja 2025. godine, u cilju olak\u0161avanja izlaska na tr\u017ei\u0161te, a time i pove\u0107anja konkurentnosti poljoprivrednih gospodarstava.<\/p>\n<p>\u2013 Proizvo\u0111a\u010dke organizacije \u0107e uz pomo\u0107 sredstava ovog natje\u010daja, izme\u0111u ostalog, mo\u0107i sufinancirati tro\u0161kove sakupljanja, sortiranja, skladi\u0161tenja i pakiranja proizvoda svojih \u010dlanova, organiziranja i usmjeravanja u primjeni inovativnih procesa i digitalizacije, kupnje informati\u010dke opreme i tehnologije te zajedni\u010dkog nastupa na tr\u017ei\u0161tu proizvo\u0111a\u010dke organizacije-priop\u0107ilo je Ministarstvo poljoprivrede iz kojega poja\u0161njavaju da su prihvatljivi korisnici proizvo\u0111a\u010dke organizacije koje su priznate nakon 1. sije\u010dnja 2020. godine i kojima je Ministarstvo poljoprivrede odobrilo Poslovni plan. Premda ima \u010ditav niz prednosti u intenzivnoj poljoprivredi zadrugarstvo se kod nas do\u017eivljava relikt pro\u0161losti i na\u0161i poljoprivrednici se nerado udru\u017euju.<\/p>\n<p>Dalmacija je bila pionir u stvaranju zadruga i lo\u0161e je \u0161to smo tako dobre temelje uni\u0161tili. Cijela EU se vra\u0107a udru\u017eivanju u proizvo\u0111a\u010dke organizacije i kooperative, a kod nas je i dalje udru\u017eivanje problem i svi njemu vide neku prevaru i strah da \u0107e ne\u0161to izgubiti.<\/p>\n<p>To je problem mentaliteta i nekih ranijih lo\u0161ih iskustava. Udru\u017eivanje je va\u017eno, ali zadruge moraju voditi educirani, stru\u010dni, mladi ljudi koji znaju nove tehnologije koji se brzo mogu prilagoditi novim trendovima i upijati znanje sa svjetskog tr\u017ei\u0161ta, smatraju poljoprivredni analiti\u010dari.<\/p>\n<p>Pi\u0161e: Stanislav Soldo \/ <a href=\"https:\/\/dubrovacki.slobodnadalmacija.hr\/dubrovnik\/zupanija\/neretva\/neretvani-nece-u-zadruge-a-kad-bi-htjeli-svima-bi-bilo-bolje-1200392\">Dubrova\u010dki vjesnik<\/a><\/p>\n","protected":false},"excerpt":{"rendered":"<p>Iako Ministarstvo poljoprivrede i EU izda\u0161no poti\u010du formiranje proizvo\u0111a\u010dkih organizacija, ovakav oblik udru\u017eivanja poljoprivrednika jo\u0161 uvijek nije za\u017eivio u dolini Neretve, pi\u0161e Dubrova\u010dki vjesnik. Upravo je osnivanje organizacija i zadruga trend u proklamiranoj politici EU-a jer na taj na\u010din poljoprivrednici lak\u0161e izlaze na tr\u017ei\u0161te sa svojim proizvodima ali i jednostavnije nabavljaju repromaterijal. Upravo je raspisan [&hellip;]<\/p>\n","protected":false},"author":7,"featured_media":117762,"comment_status":"open","ping_status":"open","sticky":false,"template":"","format":"standard","meta":{"footnotes":""},"categories":[283,837],"tags":[420,341,10026],"class_list":{"0":"post-132444","1":"post","2":"type-post","3":"status-publish","4":"format-standard","5":"has-post-thumbnail","7":"category-a","8":"category-poljoprivreda","9":"tag-dolina-neretve","10":"tag-poljoprivreda","11":"tag-poljoprivredne-zadruge"},"yoast_head":"<!-- This site is optimized with the Yoast SEO plugin v25.2 - https:\/\/yoast.com\/wordpress\/plugins\/seo\/ -->\n<title>Neretvani ne\u0107e u zadruge: kad bi htjeli, svima bi bilo bolje - likemetkovic.hr<\/title>\n<meta name=\"robots\" content=\"index, follow, max-snippet:-1, max-image-preview:large, max-video-preview:-1\" \/>\n<link rel=\"canonical\" href=\"https:\/\/likemetkovic.hr\/neretvani-nece-u-zadruge-kad-bi-htjeli-svima-bi-bilo-bolje\/\" \/>\n<meta property=\"og:locale\" content=\"hr_HR\" \/>\n<meta property=\"og:type\" content=\"article\" \/>\n<meta property=\"og:title\" content=\"Neretvani ne\u0107e u zadruge: kad bi htjeli, svima bi bilo bolje - likemetkovic.hr\" \/>\n<meta property=\"og:description\" content=\"Iako Ministarstvo poljoprivrede i EU izda\u0161no poti\u010du formiranje proizvo\u0111a\u010dkih organizacija, ovakav oblik udru\u017eivanja poljoprivrednika jo\u0161 uvijek nije za\u017eivio u dolini Neretve, pi\u0161e Dubrova\u010dki vjesnik. Upravo je osnivanje organizacija i zadruga trend u proklamiranoj politici EU-a jer na taj na\u010din poljoprivrednici lak\u0161e izlaze na tr\u017ei\u0161te sa svojim proizvodima ali i jednostavnije nabavljaju repromaterijal. Upravo je raspisan [&hellip;]\" \/>\n<meta property=\"og:url\" content=\"https:\/\/likemetkovic.hr\/neretvani-nece-u-zadruge-kad-bi-htjeli-svima-bi-bilo-bolje\/\" \/>\n<meta property=\"og:site_name\" content=\"likemetkovic.hr\" \/>\n<meta property=\"article:publisher\" content=\"https:\/\/www.facebook.com\/likemetkovic.hr\/\" \/>\n<meta property=\"article:published_time\" content=\"2022-06-13T15:04:51+00:00\" \/>\n<meta property=\"article:modified_time\" content=\"2022-06-13T15:06:20+00:00\" \/>\n<meta property=\"og:image\" content=\"https:\/\/likemetkovic.hr\/wp-content\/uploads\/2021\/05\/kukumar-krastavac-poljoprivreda.jpg\" \/>\n\t<meta property=\"og:image:width\" content=\"800\" \/>\n\t<meta property=\"og:image:height\" content=\"533\" \/>\n\t<meta property=\"og:image:type\" content=\"image\/jpeg\" \/>\n<meta name=\"author\" content=\"LIKEmetkovic.hr\" \/>\n<meta name=\"twitter:card\" content=\"summary_large_image\" \/>\n<meta name=\"twitter:label1\" content=\"Napisao\/la\" \/>\n\t<meta name=\"twitter:data1\" content=\"LIKEmetkovic.hr\" \/>\n\t<meta name=\"twitter:label2\" content=\"Procijenjeno vrijeme \u010ditanja\" \/>\n\t<meta name=\"twitter:data2\" content=\"2 minute\" \/>\n<script type=\"application\/ld+json\" class=\"yoast-schema-graph\">{\"@context\":\"https:\/\/schema.org\",\"@graph\":[{\"@type\":\"WebPage\",\"@id\":\"https:\/\/likemetkovic.hr\/neretvani-nece-u-zadruge-kad-bi-htjeli-svima-bi-bilo-bolje\/\",\"url\":\"https:\/\/likemetkovic.hr\/neretvani-nece-u-zadruge-kad-bi-htjeli-svima-bi-bilo-bolje\/\",\"name\":\"Neretvani ne\u0107e u zadruge: kad bi htjeli, svima bi bilo bolje - likemetkovic.hr\",\"isPartOf\":{\"@id\":\"https:\/\/likemetkovic.hr\/#website\"},\"primaryImageOfPage\":{\"@id\":\"https:\/\/likemetkovic.hr\/neretvani-nece-u-zadruge-kad-bi-htjeli-svima-bi-bilo-bolje\/#primaryimage\"},\"image\":{\"@id\":\"https:\/\/likemetkovic.hr\/neretvani-nece-u-zadruge-kad-bi-htjeli-svima-bi-bilo-bolje\/#primaryimage\"},\"thumbnailUrl\":\"https:\/\/likemetkovic.hr\/portal\/wp-content\/uploads\/2021\/05\/kukumar-krastavac-poljoprivreda.jpg\",\"datePublished\":\"2022-06-13T15:04:51+00:00\",\"dateModified\":\"2022-06-13T15:06:20+00:00\",\"author\":{\"@id\":\"https:\/\/likemetkovic.hr\/#\/schema\/person\/a42711f3385a0e2be6f7e0443bfb28f0\"},\"breadcrumb\":{\"@id\":\"https:\/\/likemetkovic.hr\/neretvani-nece-u-zadruge-kad-bi-htjeli-svima-bi-bilo-bolje\/#breadcrumb\"},\"inLanguage\":\"hr\",\"potentialAction\":[{\"@type\":\"ReadAction\",\"target\":[\"https:\/\/likemetkovic.hr\/neretvani-nece-u-zadruge-kad-bi-htjeli-svima-bi-bilo-bolje\/\"]}]},{\"@type\":\"ImageObject\",\"inLanguage\":\"hr\",\"@id\":\"https:\/\/likemetkovic.hr\/neretvani-nece-u-zadruge-kad-bi-htjeli-svima-bi-bilo-bolje\/#primaryimage\",\"url\":\"https:\/\/likemetkovic.hr\/portal\/wp-content\/uploads\/2021\/05\/kukumar-krastavac-poljoprivreda.jpg\",\"contentUrl\":\"https:\/\/likemetkovic.hr\/portal\/wp-content\/uploads\/2021\/05\/kukumar-krastavac-poljoprivreda.jpg\",\"width\":800,\"height\":533},{\"@type\":\"BreadcrumbList\",\"@id\":\"https:\/\/likemetkovic.hr\/neretvani-nece-u-zadruge-kad-bi-htjeli-svima-bi-bilo-bolje\/#breadcrumb\",\"itemListElement\":[{\"@type\":\"ListItem\",\"position\":1,\"name\":\"Po\u010detna stranica\",\"item\":\"https:\/\/likemetkovic.hr\/portal\/\"},{\"@type\":\"ListItem\",\"position\":2,\"name\":\"Neretvani ne\u0107e u zadruge: kad bi htjeli, svima bi bilo bolje\"}]},{\"@type\":\"WebSite\",\"@id\":\"https:\/\/likemetkovic.hr\/#website\",\"url\":\"https:\/\/likemetkovic.hr\/\",\"name\":\"likemetkovic.hr\",\"description\":\"Misli pozitivno... \u010ditaj LIKE\",\"potentialAction\":[{\"@type\":\"SearchAction\",\"target\":{\"@type\":\"EntryPoint\",\"urlTemplate\":\"https:\/\/likemetkovic.hr\/?s={search_term_string}\"},\"query-input\":{\"@type\":\"PropertyValueSpecification\",\"valueRequired\":true,\"valueName\":\"search_term_string\"}}],\"inLanguage\":\"hr\"},{\"@type\":\"Person\",\"@id\":\"https:\/\/likemetkovic.hr\/#\/schema\/person\/a42711f3385a0e2be6f7e0443bfb28f0\",\"name\":\"LIKEmetkovic.hr\",\"sameAs\":[\"http:\/\/likemetkovic.hr\"],\"url\":\"https:\/\/likemetkovic.hr\/portal\/author\/likemetkovic-hr\/\"}]}<\/script>\n<!-- \/ Yoast SEO plugin. -->","yoast_head_json":{"title":"Neretvani ne\u0107e u zadruge: kad bi htjeli, svima bi bilo bolje - likemetkovic.hr","robots":{"index":"index","follow":"follow","max-snippet":"max-snippet:-1","max-image-preview":"max-image-preview:large","max-video-preview":"max-video-preview:-1"},"canonical":"https:\/\/likemetkovic.hr\/neretvani-nece-u-zadruge-kad-bi-htjeli-svima-bi-bilo-bolje\/","og_locale":"hr_HR","og_type":"article","og_title":"Neretvani ne\u0107e u zadruge: kad bi htjeli, svima bi bilo bolje - likemetkovic.hr","og_description":"Iako Ministarstvo poljoprivrede i EU izda\u0161no poti\u010du formiranje proizvo\u0111a\u010dkih organizacija, ovakav oblik udru\u017eivanja poljoprivrednika jo\u0161 uvijek nije za\u017eivio u dolini Neretve, pi\u0161e Dubrova\u010dki vjesnik. Upravo je osnivanje organizacija i zadruga trend u proklamiranoj politici EU-a jer na taj na\u010din poljoprivrednici lak\u0161e izlaze na tr\u017ei\u0161te sa svojim proizvodima ali i jednostavnije nabavljaju repromaterijal. Upravo je raspisan [&hellip;]","og_url":"https:\/\/likemetkovic.hr\/neretvani-nece-u-zadruge-kad-bi-htjeli-svima-bi-bilo-bolje\/","og_site_name":"likemetkovic.hr","article_publisher":"https:\/\/www.facebook.com\/likemetkovic.hr\/","article_published_time":"2022-06-13T15:04:51+00:00","article_modified_time":"2022-06-13T15:06:20+00:00","og_image":[{"width":800,"height":533,"url":"https:\/\/likemetkovic.hr\/wp-content\/uploads\/2021\/05\/kukumar-krastavac-poljoprivreda.jpg","type":"image\/jpeg"}],"author":"LIKEmetkovic.hr","twitter_card":"summary_large_image","twitter_misc":{"Napisao\/la":"LIKEmetkovic.hr","Procijenjeno vrijeme \u010ditanja":"2 minute"},"schema":{"@context":"https:\/\/schema.org","@graph":[{"@type":"WebPage","@id":"https:\/\/likemetkovic.hr\/neretvani-nece-u-zadruge-kad-bi-htjeli-svima-bi-bilo-bolje\/","url":"https:\/\/likemetkovic.hr\/neretvani-nece-u-zadruge-kad-bi-htjeli-svima-bi-bilo-bolje\/","name":"Neretvani ne\u0107e u zadruge: kad bi htjeli, svima bi bilo bolje - likemetkovic.hr","isPartOf":{"@id":"https:\/\/likemetkovic.hr\/#website"},"primaryImageOfPage":{"@id":"https:\/\/likemetkovic.hr\/neretvani-nece-u-zadruge-kad-bi-htjeli-svima-bi-bilo-bolje\/#primaryimage"},"image":{"@id":"https:\/\/likemetkovic.hr\/neretvani-nece-u-zadruge-kad-bi-htjeli-svima-bi-bilo-bolje\/#primaryimage"},"thumbnailUrl":"https:\/\/likemetkovic.hr\/portal\/wp-content\/uploads\/2021\/05\/kukumar-krastavac-poljoprivreda.jpg","datePublished":"2022-06-13T15:04:51+00:00","dateModified":"2022-06-13T15:06:20+00:00","author":{"@id":"https:\/\/likemetkovic.hr\/#\/schema\/person\/a42711f3385a0e2be6f7e0443bfb28f0"},"breadcrumb":{"@id":"https:\/\/likemetkovic.hr\/neretvani-nece-u-zadruge-kad-bi-htjeli-svima-bi-bilo-bolje\/#breadcrumb"},"inLanguage":"hr","potentialAction":[{"@type":"ReadAction","target":["https:\/\/likemetkovic.hr\/neretvani-nece-u-zadruge-kad-bi-htjeli-svima-bi-bilo-bolje\/"]}]},{"@type":"ImageObject","inLanguage":"hr","@id":"https:\/\/likemetkovic.hr\/neretvani-nece-u-zadruge-kad-bi-htjeli-svima-bi-bilo-bolje\/#primaryimage","url":"https:\/\/likemetkovic.hr\/portal\/wp-content\/uploads\/2021\/05\/kukumar-krastavac-poljoprivreda.jpg","contentUrl":"https:\/\/likemetkovic.hr\/portal\/wp-content\/uploads\/2021\/05\/kukumar-krastavac-poljoprivreda.jpg","width":800,"height":533},{"@type":"BreadcrumbList","@id":"https:\/\/likemetkovic.hr\/neretvani-nece-u-zadruge-kad-bi-htjeli-svima-bi-bilo-bolje\/#breadcrumb","itemListElement":[{"@type":"ListItem","position":1,"name":"Po\u010detna stranica","item":"https:\/\/likemetkovic.hr\/portal\/"},{"@type":"ListItem","position":2,"name":"Neretvani ne\u0107e u zadruge: kad bi htjeli, svima bi bilo bolje"}]},{"@type":"WebSite","@id":"https:\/\/likemetkovic.hr\/#website","url":"https:\/\/likemetkovic.hr\/","name":"likemetkovic.hr","description":"Misli pozitivno... \u010ditaj LIKE","potentialAction":[{"@type":"SearchAction","target":{"@type":"EntryPoint","urlTemplate":"https:\/\/likemetkovic.hr\/?s={search_term_string}"},"query-input":{"@type":"PropertyValueSpecification","valueRequired":true,"valueName":"search_term_string"}}],"inLanguage":"hr"},{"@type":"Person","@id":"https:\/\/likemetkovic.hr\/#\/schema\/person\/a42711f3385a0e2be6f7e0443bfb28f0","name":"LIKEmetkovic.hr","sameAs":["http:\/\/likemetkovic.hr"],"url":"https:\/\/likemetkovic.hr\/portal\/author\/likemetkovic-hr\/"}]}},"_links":{"self":[{"href":"https:\/\/likemetkovic.hr\/portal\/wp-json\/wp\/v2\/posts\/132444","targetHints":{"allow":["GET"]}}],"collection":[{"href":"https:\/\/likemetkovic.hr\/portal\/wp-json\/wp\/v2\/posts"}],"about":[{"href":"https:\/\/likemetkovic.hr\/portal\/wp-json\/wp\/v2\/types\/post"}],"author":[{"embeddable":true,"href":"https:\/\/likemetkovic.hr\/portal\/wp-json\/wp\/v2\/users\/7"}],"replies":[{"embeddable":true,"href":"https:\/\/likemetkovic.hr\/portal\/wp-json\/wp\/v2\/comments?post=132444"}],"version-history":[{"count":3,"href":"https:\/\/likemetkovic.hr\/portal\/wp-json\/wp\/v2\/posts\/132444\/revisions"}],"predecessor-version":[{"id":132447,"href":"https:\/\/likemetkovic.hr\/portal\/wp-json\/wp\/v2\/posts\/132444\/revisions\/132447"}],"wp:featuredmedia":[{"embeddable":true,"href":"https:\/\/likemetkovic.hr\/portal\/wp-json\/wp\/v2\/media\/117762"}],"wp:attachment":[{"href":"https:\/\/likemetkovic.hr\/portal\/wp-json\/wp\/v2\/media?parent=132444"}],"wp:term":[{"taxonomy":"category","embeddable":true,"href":"https:\/\/likemetkovic.hr\/portal\/wp-json\/wp\/v2\/categories?post=132444"},{"taxonomy":"post_tag","embeddable":true,"href":"https:\/\/likemetkovic.hr\/portal\/wp-json\/wp\/v2\/tags?post=132444"}],"curies":[{"name":"wp","href":"https:\/\/api.w.org\/{rel}","templated":true}]}}