{"id":132483,"date":"2022-06-14T20:50:12","date_gmt":"2022-06-14T18:50:12","guid":{"rendered":"https:\/\/likemetkovic.hr\/?p=132483"},"modified":"2022-06-14T20:52:42","modified_gmt":"2022-06-14T18:52:42","slug":"vraca-se-naplata-parkinga-odluka-o-tome-ocekuje-se-na-sljedecoj-sjednici-gradskoga-vijece","status":"publish","type":"post","link":"https:\/\/likemetkovic.hr\/portal\/vraca-se-naplata-parkinga-odluka-o-tome-ocekuje-se-na-sljedecoj-sjednici-gradskoga-vijece\/","title":{"rendered":"VRA\u0106A SE NAPLATA PARKINGA! Odluka o tome o\u010dekuje se na sljede\u0107oj sjednici Gradskoga vije\u0107e"},"content":{"rendered":"<p>Na sljede\u0107oj, 7. sjednici Gradskog vije\u0107a Grada Metkovi\u0107a koja \u0107e se odr\u017eati 21. lipnja (utorak) u 8 sati u Galeriji GKS-a jedna od to\u010daka je Prijedlog Odluke o organizaciji i naplati parkinga na podru\u010dju Grada Metkovi\u0107a.<\/p>\n<p>Ne sumnjamo da vladaju\u0107a ve\u0107ina predvo\u0111ena HDZ-om, koja je prije pet godina ukinula naplatu parkinga, sada ne\u0107e glasovati za uvo\u0111enje istoga. Ostaje nam vidjeti koja \u0107e biti cijena ove komunalne mjere koja bi trebala prometno rasteretiti u\u017ei centar grada. Prema neslu\u017ebenim informacijama, one se ne bi trebala bitno mijenjati u odnosu na onu iz 2017. godine kada je naplata ukinuta kao ispunjenje predizbornog obe\u0107anja.<\/p>\n<p>Vi\u0161e o ovome \u0107emo znati kada se donese Pravilnik \u010dije dono\u0161enje je u nadle\u017enosti gradona\u010delnika.<\/p>\n<p>https:\/\/likemetkovic.hr\/grad-metkovic-prvi-hrvatskoj-uspjesno-uveo-pa-ukinuo-naplatu-parkinga\/<\/p>\n","protected":false},"excerpt":{"rendered":"<p>Na sljede\u0107oj, 7. sjednici Gradskog vije\u0107a Grada Metkovi\u0107a koja \u0107e se odr\u017eati 21. lipnja (utorak) u 8 sati u Galeriji GKS-a jedna od to\u010daka je Prijedlog Odluke o organizaciji i naplati parkinga na podru\u010dju Grada Metkovi\u0107a. Ne sumnjamo da vladaju\u0107a ve\u0107ina predvo\u0111ena HDZ-om, koja je prije pet godina ukinula naplatu parkinga, sada ne\u0107e glasovati za [&hellip;]<\/p>\n","protected":false},"author":9,"featured_media":132484,"comment_status":"open","ping_status":"open","sticky":false,"template":"","format":"standard","meta":{"footnotes":""},"categories":[283,11],"tags":[9641],"class_list":{"0":"post-132483","1":"post","2":"type-post","3":"status-publish","4":"format-standard","5":"has-post-thumbnail","7":"category-a","8":"category-metkovic-dolina","9":"tag-naplata-parkinga"},"yoast_head":"<!-- This site is optimized with the Yoast SEO plugin v25.2 - https:\/\/yoast.com\/wordpress\/plugins\/seo\/ -->\n<title>VRA\u0106A SE NAPLATA PARKINGA! Odluka o tome o\u010dekuje se na sljede\u0107oj sjednici Gradskoga vije\u0107e - likemetkovic.hr<\/title>\n<meta name=\"robots\" content=\"index, follow, max-snippet:-1, max-image-preview:large, max-video-preview:-1\" \/>\n<link rel=\"canonical\" href=\"https:\/\/likemetkovic.hr\/vraca-se-naplata-parkinga-odluka-o-tome-ocekuje-se-na-sljedecoj-sjednici-gradskoga-vijece\/\" \/>\n<meta property=\"og:locale\" content=\"hr_HR\" \/>\n<meta property=\"og:type\" content=\"article\" \/>\n<meta property=\"og:title\" content=\"VRA\u0106A SE NAPLATA PARKINGA! Odluka o tome o\u010dekuje se na sljede\u0107oj sjednici Gradskoga vije\u0107e - likemetkovic.hr\" \/>\n<meta property=\"og:description\" content=\"Na sljede\u0107oj, 7. sjednici Gradskog vije\u0107a Grada Metkovi\u0107a koja \u0107e se odr\u017eati 21. lipnja (utorak) u 8 sati u Galeriji GKS-a jedna od to\u010daka je Prijedlog Odluke o organizaciji i naplati parkinga na podru\u010dju Grada Metkovi\u0107a. Ne sumnjamo da vladaju\u0107a ve\u0107ina predvo\u0111ena HDZ-om, koja je prije pet godina ukinula naplatu parkinga, sada ne\u0107e glasovati za [&hellip;]\" \/>\n<meta property=\"og:url\" content=\"https:\/\/likemetkovic.hr\/vraca-se-naplata-parkinga-odluka-o-tome-ocekuje-se-na-sljedecoj-sjednici-gradskoga-vijece\/\" \/>\n<meta property=\"og:site_name\" content=\"likemetkovic.hr\" \/>\n<meta property=\"article:publisher\" content=\"https:\/\/www.facebook.com\/likemetkovic.hr\/\" \/>\n<meta property=\"article:published_time\" content=\"2022-06-14T18:50:12+00:00\" \/>\n<meta property=\"article:modified_time\" content=\"2022-06-14T18:52:42+00:00\" \/>\n<meta property=\"og:image\" content=\"https:\/\/likemetkovic.hr\/wp-content\/uploads\/2022\/06\/parking-naplata.jpg\" \/>\n\t<meta property=\"og:image:width\" content=\"800\" \/>\n\t<meta property=\"og:image:height\" content=\"450\" \/>\n\t<meta property=\"og:image:type\" content=\"image\/jpeg\" \/>\n<meta name=\"author\" content=\"K. J.\" \/>\n<meta name=\"twitter:card\" content=\"summary_large_image\" \/>\n<meta name=\"twitter:label1\" content=\"Napisao\/la\" \/>\n\t<meta name=\"twitter:data1\" content=\"K. J.\" \/>\n\t<meta name=\"twitter:label2\" content=\"Procijenjeno vrijeme \u010ditanja\" \/>\n\t<meta name=\"twitter:data2\" content=\"1 minuta\" \/>\n<script type=\"application\/ld+json\" class=\"yoast-schema-graph\">{\"@context\":\"https:\/\/schema.org\",\"@graph\":[{\"@type\":\"WebPage\",\"@id\":\"https:\/\/likemetkovic.hr\/vraca-se-naplata-parkinga-odluka-o-tome-ocekuje-se-na-sljedecoj-sjednici-gradskoga-vijece\/\",\"url\":\"https:\/\/likemetkovic.hr\/vraca-se-naplata-parkinga-odluka-o-tome-ocekuje-se-na-sljedecoj-sjednici-gradskoga-vijece\/\",\"name\":\"VRA\u0106A SE NAPLATA PARKINGA! Odluka o tome o\u010dekuje se na sljede\u0107oj sjednici Gradskoga vije\u0107e - likemetkovic.hr\",\"isPartOf\":{\"@id\":\"https:\/\/likemetkovic.hr\/#website\"},\"primaryImageOfPage\":{\"@id\":\"https:\/\/likemetkovic.hr\/vraca-se-naplata-parkinga-odluka-o-tome-ocekuje-se-na-sljedecoj-sjednici-gradskoga-vijece\/#primaryimage\"},\"image\":{\"@id\":\"https:\/\/likemetkovic.hr\/vraca-se-naplata-parkinga-odluka-o-tome-ocekuje-se-na-sljedecoj-sjednici-gradskoga-vijece\/#primaryimage\"},\"thumbnailUrl\":\"https:\/\/likemetkovic.hr\/portal\/wp-content\/uploads\/2022\/06\/parking-naplata.jpg\",\"datePublished\":\"2022-06-14T18:50:12+00:00\",\"dateModified\":\"2022-06-14T18:52:42+00:00\",\"author\":{\"@id\":\"https:\/\/likemetkovic.hr\/#\/schema\/person\/0a8b4ebfdfe1ff01192dccda40c5da0c\"},\"breadcrumb\":{\"@id\":\"https:\/\/likemetkovic.hr\/vraca-se-naplata-parkinga-odluka-o-tome-ocekuje-se-na-sljedecoj-sjednici-gradskoga-vijece\/#breadcrumb\"},\"inLanguage\":\"hr\",\"potentialAction\":[{\"@type\":\"ReadAction\",\"target\":[\"https:\/\/likemetkovic.hr\/vraca-se-naplata-parkinga-odluka-o-tome-ocekuje-se-na-sljedecoj-sjednici-gradskoga-vijece\/\"]}]},{\"@type\":\"ImageObject\",\"inLanguage\":\"hr\",\"@id\":\"https:\/\/likemetkovic.hr\/vraca-se-naplata-parkinga-odluka-o-tome-ocekuje-se-na-sljedecoj-sjednici-gradskoga-vijece\/#primaryimage\",\"url\":\"https:\/\/likemetkovic.hr\/portal\/wp-content\/uploads\/2022\/06\/parking-naplata.jpg\",\"contentUrl\":\"https:\/\/likemetkovic.hr\/portal\/wp-content\/uploads\/2022\/06\/parking-naplata.jpg\",\"width\":800,\"height\":450},{\"@type\":\"BreadcrumbList\",\"@id\":\"https:\/\/likemetkovic.hr\/vraca-se-naplata-parkinga-odluka-o-tome-ocekuje-se-na-sljedecoj-sjednici-gradskoga-vijece\/#breadcrumb\",\"itemListElement\":[{\"@type\":\"ListItem\",\"position\":1,\"name\":\"Po\u010detna stranica\",\"item\":\"https:\/\/likemetkovic.hr\/portal\/\"},{\"@type\":\"ListItem\",\"position\":2,\"name\":\"VRA\u0106A SE NAPLATA PARKINGA! Odluka o tome o\u010dekuje se na sljede\u0107oj sjednici Gradskoga vije\u0107e\"}]},{\"@type\":\"WebSite\",\"@id\":\"https:\/\/likemetkovic.hr\/#website\",\"url\":\"https:\/\/likemetkovic.hr\/\",\"name\":\"likemetkovic.hr\",\"description\":\"Misli pozitivno... \u010ditaj LIKE\",\"potentialAction\":[{\"@type\":\"SearchAction\",\"target\":{\"@type\":\"EntryPoint\",\"urlTemplate\":\"https:\/\/likemetkovic.hr\/?s={search_term_string}\"},\"query-input\":{\"@type\":\"PropertyValueSpecification\",\"valueRequired\":true,\"valueName\":\"search_term_string\"}}],\"inLanguage\":\"hr\"},{\"@type\":\"Person\",\"@id\":\"https:\/\/likemetkovic.hr\/#\/schema\/person\/0a8b4ebfdfe1ff01192dccda40c5da0c\",\"name\":\"K. J.\",\"url\":\"https:\/\/likemetkovic.hr\/portal\/author\/likemetkovic\/\"}]}<\/script>\n<!-- \/ Yoast SEO plugin. -->","yoast_head_json":{"title":"VRA\u0106A SE NAPLATA PARKINGA! Odluka o tome o\u010dekuje se na sljede\u0107oj sjednici Gradskoga vije\u0107e - likemetkovic.hr","robots":{"index":"index","follow":"follow","max-snippet":"max-snippet:-1","max-image-preview":"max-image-preview:large","max-video-preview":"max-video-preview:-1"},"canonical":"https:\/\/likemetkovic.hr\/vraca-se-naplata-parkinga-odluka-o-tome-ocekuje-se-na-sljedecoj-sjednici-gradskoga-vijece\/","og_locale":"hr_HR","og_type":"article","og_title":"VRA\u0106A SE NAPLATA PARKINGA! Odluka o tome o\u010dekuje se na sljede\u0107oj sjednici Gradskoga vije\u0107e - likemetkovic.hr","og_description":"Na sljede\u0107oj, 7. sjednici Gradskog vije\u0107a Grada Metkovi\u0107a koja \u0107e se odr\u017eati 21. lipnja (utorak) u 8 sati u Galeriji GKS-a jedna od to\u010daka je Prijedlog Odluke o organizaciji i naplati parkinga na podru\u010dju Grada Metkovi\u0107a. Ne sumnjamo da vladaju\u0107a ve\u0107ina predvo\u0111ena HDZ-om, koja je prije pet godina ukinula naplatu parkinga, sada ne\u0107e glasovati za [&hellip;]","og_url":"https:\/\/likemetkovic.hr\/vraca-se-naplata-parkinga-odluka-o-tome-ocekuje-se-na-sljedecoj-sjednici-gradskoga-vijece\/","og_site_name":"likemetkovic.hr","article_publisher":"https:\/\/www.facebook.com\/likemetkovic.hr\/","article_published_time":"2022-06-14T18:50:12+00:00","article_modified_time":"2022-06-14T18:52:42+00:00","og_image":[{"width":800,"height":450,"url":"https:\/\/likemetkovic.hr\/wp-content\/uploads\/2022\/06\/parking-naplata.jpg","type":"image\/jpeg"}],"author":"K. J.","twitter_card":"summary_large_image","twitter_misc":{"Napisao\/la":"K. J.","Procijenjeno vrijeme \u010ditanja":"1 minuta"},"schema":{"@context":"https:\/\/schema.org","@graph":[{"@type":"WebPage","@id":"https:\/\/likemetkovic.hr\/vraca-se-naplata-parkinga-odluka-o-tome-ocekuje-se-na-sljedecoj-sjednici-gradskoga-vijece\/","url":"https:\/\/likemetkovic.hr\/vraca-se-naplata-parkinga-odluka-o-tome-ocekuje-se-na-sljedecoj-sjednici-gradskoga-vijece\/","name":"VRA\u0106A SE NAPLATA PARKINGA! Odluka o tome o\u010dekuje se na sljede\u0107oj sjednici Gradskoga vije\u0107e - likemetkovic.hr","isPartOf":{"@id":"https:\/\/likemetkovic.hr\/#website"},"primaryImageOfPage":{"@id":"https:\/\/likemetkovic.hr\/vraca-se-naplata-parkinga-odluka-o-tome-ocekuje-se-na-sljedecoj-sjednici-gradskoga-vijece\/#primaryimage"},"image":{"@id":"https:\/\/likemetkovic.hr\/vraca-se-naplata-parkinga-odluka-o-tome-ocekuje-se-na-sljedecoj-sjednici-gradskoga-vijece\/#primaryimage"},"thumbnailUrl":"https:\/\/likemetkovic.hr\/portal\/wp-content\/uploads\/2022\/06\/parking-naplata.jpg","datePublished":"2022-06-14T18:50:12+00:00","dateModified":"2022-06-14T18:52:42+00:00","author":{"@id":"https:\/\/likemetkovic.hr\/#\/schema\/person\/0a8b4ebfdfe1ff01192dccda40c5da0c"},"breadcrumb":{"@id":"https:\/\/likemetkovic.hr\/vraca-se-naplata-parkinga-odluka-o-tome-ocekuje-se-na-sljedecoj-sjednici-gradskoga-vijece\/#breadcrumb"},"inLanguage":"hr","potentialAction":[{"@type":"ReadAction","target":["https:\/\/likemetkovic.hr\/vraca-se-naplata-parkinga-odluka-o-tome-ocekuje-se-na-sljedecoj-sjednici-gradskoga-vijece\/"]}]},{"@type":"ImageObject","inLanguage":"hr","@id":"https:\/\/likemetkovic.hr\/vraca-se-naplata-parkinga-odluka-o-tome-ocekuje-se-na-sljedecoj-sjednici-gradskoga-vijece\/#primaryimage","url":"https:\/\/likemetkovic.hr\/portal\/wp-content\/uploads\/2022\/06\/parking-naplata.jpg","contentUrl":"https:\/\/likemetkovic.hr\/portal\/wp-content\/uploads\/2022\/06\/parking-naplata.jpg","width":800,"height":450},{"@type":"BreadcrumbList","@id":"https:\/\/likemetkovic.hr\/vraca-se-naplata-parkinga-odluka-o-tome-ocekuje-se-na-sljedecoj-sjednici-gradskoga-vijece\/#breadcrumb","itemListElement":[{"@type":"ListItem","position":1,"name":"Po\u010detna stranica","item":"https:\/\/likemetkovic.hr\/portal\/"},{"@type":"ListItem","position":2,"name":"VRA\u0106A SE NAPLATA PARKINGA! Odluka o tome o\u010dekuje se na sljede\u0107oj sjednici Gradskoga vije\u0107e"}]},{"@type":"WebSite","@id":"https:\/\/likemetkovic.hr\/#website","url":"https:\/\/likemetkovic.hr\/","name":"likemetkovic.hr","description":"Misli pozitivno... \u010ditaj LIKE","potentialAction":[{"@type":"SearchAction","target":{"@type":"EntryPoint","urlTemplate":"https:\/\/likemetkovic.hr\/?s={search_term_string}"},"query-input":{"@type":"PropertyValueSpecification","valueRequired":true,"valueName":"search_term_string"}}],"inLanguage":"hr"},{"@type":"Person","@id":"https:\/\/likemetkovic.hr\/#\/schema\/person\/0a8b4ebfdfe1ff01192dccda40c5da0c","name":"K. J.","url":"https:\/\/likemetkovic.hr\/portal\/author\/likemetkovic\/"}]}},"_links":{"self":[{"href":"https:\/\/likemetkovic.hr\/portal\/wp-json\/wp\/v2\/posts\/132483","targetHints":{"allow":["GET"]}}],"collection":[{"href":"https:\/\/likemetkovic.hr\/portal\/wp-json\/wp\/v2\/posts"}],"about":[{"href":"https:\/\/likemetkovic.hr\/portal\/wp-json\/wp\/v2\/types\/post"}],"author":[{"embeddable":true,"href":"https:\/\/likemetkovic.hr\/portal\/wp-json\/wp\/v2\/users\/9"}],"replies":[{"embeddable":true,"href":"https:\/\/likemetkovic.hr\/portal\/wp-json\/wp\/v2\/comments?post=132483"}],"version-history":[{"count":3,"href":"https:\/\/likemetkovic.hr\/portal\/wp-json\/wp\/v2\/posts\/132483\/revisions"}],"predecessor-version":[{"id":132487,"href":"https:\/\/likemetkovic.hr\/portal\/wp-json\/wp\/v2\/posts\/132483\/revisions\/132487"}],"wp:featuredmedia":[{"embeddable":true,"href":"https:\/\/likemetkovic.hr\/portal\/wp-json\/wp\/v2\/media\/132484"}],"wp:attachment":[{"href":"https:\/\/likemetkovic.hr\/portal\/wp-json\/wp\/v2\/media?parent=132483"}],"wp:term":[{"taxonomy":"category","embeddable":true,"href":"https:\/\/likemetkovic.hr\/portal\/wp-json\/wp\/v2\/categories?post=132483"},{"taxonomy":"post_tag","embeddable":true,"href":"https:\/\/likemetkovic.hr\/portal\/wp-json\/wp\/v2\/tags?post=132483"}],"curies":[{"name":"wp","href":"https:\/\/api.w.org\/{rel}","templated":true}]}}