{"id":132599,"date":"2022-06-17T09:52:56","date_gmt":"2022-06-17T07:52:56","guid":{"rendered":"https:\/\/likemetkovic.hr\/?p=132599"},"modified":"2022-06-17T14:26:17","modified_gmt":"2022-06-17T12:26:17","slug":"ministarstvo-obrazovanja-od-2024-obavezno-skolovanje-ce-trajati-devet-godina","status":"publish","type":"post","link":"https:\/\/likemetkovic.hr\/portal\/ministarstvo-obrazovanja-od-2024-obavezno-skolovanje-ce-trajati-devet-godina\/","title":{"rendered":"Ministarstvo obrazovanja: Od 2024. obavezno \u0161kolovanje \u0107e trajati devet godina"},"content":{"rendered":"<p>Ministarstvo znanosti i obrazovanja planira uvesti novi koncept pred\u0161kolskog obrazovanja, na primjeru drugih europskih dr\u017eava, te obveznu satnicu pred\u0161kole pove\u0107ati s trenutnih 150 do 200 sati na oko 500 do 700 sati kroz \u010ditavu pred\u0161kolsku godinu prije upisa djeteta u osnovnu \u0161kolu, potvrdili su iz ministarstva\u00a0<a href=\"https:\/\/www.jutarnji.hr\/vijesti\/hrvatska\/doznajemo-veliki-plan-za-vrtice-i-skole-od-2024-ce-obavezno-obrazovanje-trajati-devet-godina-15211509\" target=\"_blank\" rel=\"noopener noreferrer\">Jutarnjem listu<\/a>.<\/p>\n<p>Prema novom programu, koji bi u primjeni trebao biti najkasnije do 2024. godine, pred\u0161kolci bi imali obvezu kontinuirano pet dana u tjednu od rujna do lipnja boraviti u vrti\u0107u, umjesto dosada\u0161njih maksimalno tri sata dnevno kroz \u010detiri mjeseca kako je odre\u0111eno za one koji ne poha\u0111aju redovni program vrti\u0107a.<\/p>\n<p>Ministarstvo smatra da je potrebno unaprijediti trenutni pred\u0161kolski program, koji je obvezan od 2013., jer \u201cne zadovoljava standarde obaveznosti i ne ulazi u Eurydice statistiku obaveznog obrazovanja\u201d. Hrvatska je jedna od rijetkih dr\u017eava \u010dlanica EU-a s osmogodi\u0161njom obaveznom \u0161kolom, a uvo\u0111enjem punosatne pred\u0161kole planira se produljiti obavezno obrazovanje na devet godina.<\/p>\n<h4>\u2018Nu\u017ean je takav iskorak\u2019<\/h4>\n<p>\u201cCilj je sna\u017enije povezati rani i pred\u0161kolski odgoj s osnovno\u0161kolskim, pri \u010demu nam kao primjer mogu poslu\u017eiti Finska, Norve\u0161ka i susjedna Slovenija\u201d, istaknuli su iz Ministarstva obrazovanja. U Finskoj se nacionalni kurikulumi za rani pred\u0161kolski i osnovno\u0161kolski odgoj i obrazovanje nadopunjuju, a u Sloveniji su kurikulumi dje\u010djih vrti\u0107a i oni \u0161kolskih predmeta rezultat iste kurikularne reforme, navodi Jutarnji.<\/p>\n<p>U Finskoj, kao i \u0160vedskoj, Litvi te Srbiji, pred\u0161kolski program se ra\u010duna kao po\u010detak obaveznog obrazovanja, a prema analizi ministarstva desetak zemalja \u010dlanica EU-a su spustile dob za obavezno obrazovanje na pred\u0161kolsku razinu. Neke, poput Francuske i Ma\u0111arske su dob spustile na \u010dak tre\u0107u godinu \u017eivota.<\/p>\n<p>\u201cIz prakse drugih zemalja vidljiva je nu\u017enost iskoraka u taj dio sustava jer je to svjetski trend. Na tom tragu, ali ne tako radikalno, kre\u0107e i Hrvatska\u201d, naveli su iz ministarstva koje planira kurikulum za pred\u0161kolsko obrazovanja pripremiti u idu\u0107oj godini.<\/p>\n<h4>Planiraju gradnju novih vrti\u0107a<\/h4>\n<p>Ministarstvo je istaknulo kako je prvo potrebno osigurati prostorne uvjete, jer, navode, u vrti\u0107ima trenutno nedostaje oko 22.500 mjesta da bi obuhvat djece bio ve\u0107i od 90 posto.<\/p>\n<p>Zbog toga su pro\u0161li mjesec raspisali javni poziv za gradnju i dogradnju vrti\u0107a u vrijednosti od 1,22 milijarde kuna. Na to su se odlu\u010dili, naglasili su, jer \u201cpojedini gradovi i op\u0107ine nisu kao prioritete odredili osiguravanje mjesta u vrti\u0107u za svako dijete\u201d.<\/p>\n<p>Vjeruju da \u0107e do kraja 2026. u Hrvatskoj biti vi\u0161e od 200 novih vrti\u0107a, ali u planu ne navode kako \u0107e osigurati dovoljno mjesta u vrti\u0107ima i njihovu jednaku dostupnost u svim dijelovima zemlje do 2024. kada planiraju uvesti novi koncept pred\u0161kolskog odgoja.<\/p>\n","protected":false},"excerpt":{"rendered":"<p>Ministarstvo znanosti i obrazovanja planira uvesti novi koncept pred\u0161kolskog obrazovanja, na primjeru drugih europskih dr\u017eava, te obveznu satnicu pred\u0161kole pove\u0107ati s trenutnih 150 do 200 sati na oko 500 do 700 sati kroz \u010ditavu pred\u0161kolsku godinu prije upisa djeteta u osnovnu \u0161kolu, potvrdili su iz ministarstva\u00a0Jutarnjem listu. Prema novom programu, koji bi u primjeni trebao [&hellip;]<\/p>\n","protected":false},"author":7,"featured_media":106806,"comment_status":"open","ping_status":"open","sticky":false,"template":"","format":"standard","meta":{"footnotes":""},"categories":[296,11],"tags":[10819,10820],"class_list":{"0":"post-132599","1":"post","2":"type-post","3":"status-publish","4":"format-standard","5":"has-post-thumbnail","7":"category-ab","8":"category-metkovic-dolina","9":"tag-devetogodisnje-skolovanje","10":"tag-obavezno-obrazovanje"},"yoast_head":"<!-- This site is optimized with the Yoast SEO plugin v25.2 - https:\/\/yoast.com\/wordpress\/plugins\/seo\/ -->\n<title>Ministarstvo obrazovanja: Od 2024. obavezno \u0161kolovanje \u0107e trajati devet godina - likemetkovic.hr<\/title>\n<meta name=\"robots\" content=\"index, follow, max-snippet:-1, max-image-preview:large, max-video-preview:-1\" \/>\n<link rel=\"canonical\" href=\"https:\/\/likemetkovic.hr\/ministarstvo-obrazovanja-od-2024-obavezno-skolovanje-ce-trajati-devet-godina\/\" \/>\n<meta property=\"og:locale\" content=\"hr_HR\" \/>\n<meta property=\"og:type\" content=\"article\" \/>\n<meta property=\"og:title\" content=\"Ministarstvo obrazovanja: Od 2024. obavezno \u0161kolovanje \u0107e trajati devet godina - likemetkovic.hr\" \/>\n<meta property=\"og:description\" content=\"Ministarstvo znanosti i obrazovanja planira uvesti novi koncept pred\u0161kolskog obrazovanja, na primjeru drugih europskih dr\u017eava, te obveznu satnicu pred\u0161kole pove\u0107ati s trenutnih 150 do 200 sati na oko 500 do 700 sati kroz \u010ditavu pred\u0161kolsku godinu prije upisa djeteta u osnovnu \u0161kolu, potvrdili su iz ministarstva\u00a0Jutarnjem listu. Prema novom programu, koji bi u primjeni trebao [&hellip;]\" \/>\n<meta property=\"og:url\" content=\"https:\/\/likemetkovic.hr\/ministarstvo-obrazovanja-od-2024-obavezno-skolovanje-ce-trajati-devet-godina\/\" \/>\n<meta property=\"og:site_name\" content=\"likemetkovic.hr\" \/>\n<meta property=\"article:publisher\" content=\"https:\/\/www.facebook.com\/likemetkovic.hr\/\" \/>\n<meta property=\"article:published_time\" content=\"2022-06-17T07:52:56+00:00\" \/>\n<meta property=\"article:modified_time\" content=\"2022-06-17T12:26:17+00:00\" \/>\n<meta property=\"og:image\" content=\"https:\/\/likemetkovic.hr\/wp-content\/uploads\/2020\/08\/fuchs-radovan.jpg\" \/>\n\t<meta property=\"og:image:width\" content=\"800\" \/>\n\t<meta property=\"og:image:height\" content=\"533\" \/>\n\t<meta property=\"og:image:type\" content=\"image\/jpeg\" \/>\n<meta name=\"author\" content=\"LIKEmetkovic.hr\" \/>\n<meta name=\"twitter:card\" content=\"summary_large_image\" \/>\n<meta name=\"twitter:label1\" content=\"Napisao\/la\" \/>\n\t<meta name=\"twitter:data1\" content=\"LIKEmetkovic.hr\" \/>\n\t<meta name=\"twitter:label2\" content=\"Procijenjeno vrijeme \u010ditanja\" \/>\n\t<meta name=\"twitter:data2\" content=\"2 minute\" \/>\n<script type=\"application\/ld+json\" class=\"yoast-schema-graph\">{\"@context\":\"https:\/\/schema.org\",\"@graph\":[{\"@type\":\"WebPage\",\"@id\":\"https:\/\/likemetkovic.hr\/ministarstvo-obrazovanja-od-2024-obavezno-skolovanje-ce-trajati-devet-godina\/\",\"url\":\"https:\/\/likemetkovic.hr\/ministarstvo-obrazovanja-od-2024-obavezno-skolovanje-ce-trajati-devet-godina\/\",\"name\":\"Ministarstvo obrazovanja: Od 2024. obavezno \u0161kolovanje \u0107e trajati devet godina - likemetkovic.hr\",\"isPartOf\":{\"@id\":\"https:\/\/likemetkovic.hr\/#website\"},\"primaryImageOfPage\":{\"@id\":\"https:\/\/likemetkovic.hr\/ministarstvo-obrazovanja-od-2024-obavezno-skolovanje-ce-trajati-devet-godina\/#primaryimage\"},\"image\":{\"@id\":\"https:\/\/likemetkovic.hr\/ministarstvo-obrazovanja-od-2024-obavezno-skolovanje-ce-trajati-devet-godina\/#primaryimage\"},\"thumbnailUrl\":\"https:\/\/likemetkovic.hr\/portal\/wp-content\/uploads\/2020\/08\/fuchs-radovan.jpg\",\"datePublished\":\"2022-06-17T07:52:56+00:00\",\"dateModified\":\"2022-06-17T12:26:17+00:00\",\"author\":{\"@id\":\"https:\/\/likemetkovic.hr\/#\/schema\/person\/a42711f3385a0e2be6f7e0443bfb28f0\"},\"breadcrumb\":{\"@id\":\"https:\/\/likemetkovic.hr\/ministarstvo-obrazovanja-od-2024-obavezno-skolovanje-ce-trajati-devet-godina\/#breadcrumb\"},\"inLanguage\":\"hr\",\"potentialAction\":[{\"@type\":\"ReadAction\",\"target\":[\"https:\/\/likemetkovic.hr\/ministarstvo-obrazovanja-od-2024-obavezno-skolovanje-ce-trajati-devet-godina\/\"]}]},{\"@type\":\"ImageObject\",\"inLanguage\":\"hr\",\"@id\":\"https:\/\/likemetkovic.hr\/ministarstvo-obrazovanja-od-2024-obavezno-skolovanje-ce-trajati-devet-godina\/#primaryimage\",\"url\":\"https:\/\/likemetkovic.hr\/portal\/wp-content\/uploads\/2020\/08\/fuchs-radovan.jpg\",\"contentUrl\":\"https:\/\/likemetkovic.hr\/portal\/wp-content\/uploads\/2020\/08\/fuchs-radovan.jpg\",\"width\":800,\"height\":533},{\"@type\":\"BreadcrumbList\",\"@id\":\"https:\/\/likemetkovic.hr\/ministarstvo-obrazovanja-od-2024-obavezno-skolovanje-ce-trajati-devet-godina\/#breadcrumb\",\"itemListElement\":[{\"@type\":\"ListItem\",\"position\":1,\"name\":\"Po\u010detna stranica\",\"item\":\"https:\/\/likemetkovic.hr\/portal\/\"},{\"@type\":\"ListItem\",\"position\":2,\"name\":\"Ministarstvo obrazovanja: Od 2024. obavezno \u0161kolovanje \u0107e trajati devet godina\"}]},{\"@type\":\"WebSite\",\"@id\":\"https:\/\/likemetkovic.hr\/#website\",\"url\":\"https:\/\/likemetkovic.hr\/\",\"name\":\"likemetkovic.hr\",\"description\":\"Misli pozitivno... \u010ditaj LIKE\",\"potentialAction\":[{\"@type\":\"SearchAction\",\"target\":{\"@type\":\"EntryPoint\",\"urlTemplate\":\"https:\/\/likemetkovic.hr\/?s={search_term_string}\"},\"query-input\":{\"@type\":\"PropertyValueSpecification\",\"valueRequired\":true,\"valueName\":\"search_term_string\"}}],\"inLanguage\":\"hr\"},{\"@type\":\"Person\",\"@id\":\"https:\/\/likemetkovic.hr\/#\/schema\/person\/a42711f3385a0e2be6f7e0443bfb28f0\",\"name\":\"LIKEmetkovic.hr\",\"sameAs\":[\"http:\/\/likemetkovic.hr\"],\"url\":\"https:\/\/likemetkovic.hr\/portal\/author\/likemetkovic-hr\/\"}]}<\/script>\n<!-- \/ Yoast SEO plugin. -->","yoast_head_json":{"title":"Ministarstvo obrazovanja: Od 2024. obavezno \u0161kolovanje \u0107e trajati devet godina - likemetkovic.hr","robots":{"index":"index","follow":"follow","max-snippet":"max-snippet:-1","max-image-preview":"max-image-preview:large","max-video-preview":"max-video-preview:-1"},"canonical":"https:\/\/likemetkovic.hr\/ministarstvo-obrazovanja-od-2024-obavezno-skolovanje-ce-trajati-devet-godina\/","og_locale":"hr_HR","og_type":"article","og_title":"Ministarstvo obrazovanja: Od 2024. obavezno \u0161kolovanje \u0107e trajati devet godina - likemetkovic.hr","og_description":"Ministarstvo znanosti i obrazovanja planira uvesti novi koncept pred\u0161kolskog obrazovanja, na primjeru drugih europskih dr\u017eava, te obveznu satnicu pred\u0161kole pove\u0107ati s trenutnih 150 do 200 sati na oko 500 do 700 sati kroz \u010ditavu pred\u0161kolsku godinu prije upisa djeteta u osnovnu \u0161kolu, potvrdili su iz ministarstva\u00a0Jutarnjem listu. Prema novom programu, koji bi u primjeni trebao [&hellip;]","og_url":"https:\/\/likemetkovic.hr\/ministarstvo-obrazovanja-od-2024-obavezno-skolovanje-ce-trajati-devet-godina\/","og_site_name":"likemetkovic.hr","article_publisher":"https:\/\/www.facebook.com\/likemetkovic.hr\/","article_published_time":"2022-06-17T07:52:56+00:00","article_modified_time":"2022-06-17T12:26:17+00:00","og_image":[{"width":800,"height":533,"url":"https:\/\/likemetkovic.hr\/wp-content\/uploads\/2020\/08\/fuchs-radovan.jpg","type":"image\/jpeg"}],"author":"LIKEmetkovic.hr","twitter_card":"summary_large_image","twitter_misc":{"Napisao\/la":"LIKEmetkovic.hr","Procijenjeno vrijeme \u010ditanja":"2 minute"},"schema":{"@context":"https:\/\/schema.org","@graph":[{"@type":"WebPage","@id":"https:\/\/likemetkovic.hr\/ministarstvo-obrazovanja-od-2024-obavezno-skolovanje-ce-trajati-devet-godina\/","url":"https:\/\/likemetkovic.hr\/ministarstvo-obrazovanja-od-2024-obavezno-skolovanje-ce-trajati-devet-godina\/","name":"Ministarstvo obrazovanja: Od 2024. obavezno \u0161kolovanje \u0107e trajati devet godina - likemetkovic.hr","isPartOf":{"@id":"https:\/\/likemetkovic.hr\/#website"},"primaryImageOfPage":{"@id":"https:\/\/likemetkovic.hr\/ministarstvo-obrazovanja-od-2024-obavezno-skolovanje-ce-trajati-devet-godina\/#primaryimage"},"image":{"@id":"https:\/\/likemetkovic.hr\/ministarstvo-obrazovanja-od-2024-obavezno-skolovanje-ce-trajati-devet-godina\/#primaryimage"},"thumbnailUrl":"https:\/\/likemetkovic.hr\/portal\/wp-content\/uploads\/2020\/08\/fuchs-radovan.jpg","datePublished":"2022-06-17T07:52:56+00:00","dateModified":"2022-06-17T12:26:17+00:00","author":{"@id":"https:\/\/likemetkovic.hr\/#\/schema\/person\/a42711f3385a0e2be6f7e0443bfb28f0"},"breadcrumb":{"@id":"https:\/\/likemetkovic.hr\/ministarstvo-obrazovanja-od-2024-obavezno-skolovanje-ce-trajati-devet-godina\/#breadcrumb"},"inLanguage":"hr","potentialAction":[{"@type":"ReadAction","target":["https:\/\/likemetkovic.hr\/ministarstvo-obrazovanja-od-2024-obavezno-skolovanje-ce-trajati-devet-godina\/"]}]},{"@type":"ImageObject","inLanguage":"hr","@id":"https:\/\/likemetkovic.hr\/ministarstvo-obrazovanja-od-2024-obavezno-skolovanje-ce-trajati-devet-godina\/#primaryimage","url":"https:\/\/likemetkovic.hr\/portal\/wp-content\/uploads\/2020\/08\/fuchs-radovan.jpg","contentUrl":"https:\/\/likemetkovic.hr\/portal\/wp-content\/uploads\/2020\/08\/fuchs-radovan.jpg","width":800,"height":533},{"@type":"BreadcrumbList","@id":"https:\/\/likemetkovic.hr\/ministarstvo-obrazovanja-od-2024-obavezno-skolovanje-ce-trajati-devet-godina\/#breadcrumb","itemListElement":[{"@type":"ListItem","position":1,"name":"Po\u010detna stranica","item":"https:\/\/likemetkovic.hr\/portal\/"},{"@type":"ListItem","position":2,"name":"Ministarstvo obrazovanja: Od 2024. obavezno \u0161kolovanje \u0107e trajati devet godina"}]},{"@type":"WebSite","@id":"https:\/\/likemetkovic.hr\/#website","url":"https:\/\/likemetkovic.hr\/","name":"likemetkovic.hr","description":"Misli pozitivno... \u010ditaj LIKE","potentialAction":[{"@type":"SearchAction","target":{"@type":"EntryPoint","urlTemplate":"https:\/\/likemetkovic.hr\/?s={search_term_string}"},"query-input":{"@type":"PropertyValueSpecification","valueRequired":true,"valueName":"search_term_string"}}],"inLanguage":"hr"},{"@type":"Person","@id":"https:\/\/likemetkovic.hr\/#\/schema\/person\/a42711f3385a0e2be6f7e0443bfb28f0","name":"LIKEmetkovic.hr","sameAs":["http:\/\/likemetkovic.hr"],"url":"https:\/\/likemetkovic.hr\/portal\/author\/likemetkovic-hr\/"}]}},"_links":{"self":[{"href":"https:\/\/likemetkovic.hr\/portal\/wp-json\/wp\/v2\/posts\/132599","targetHints":{"allow":["GET"]}}],"collection":[{"href":"https:\/\/likemetkovic.hr\/portal\/wp-json\/wp\/v2\/posts"}],"about":[{"href":"https:\/\/likemetkovic.hr\/portal\/wp-json\/wp\/v2\/types\/post"}],"author":[{"embeddable":true,"href":"https:\/\/likemetkovic.hr\/portal\/wp-json\/wp\/v2\/users\/7"}],"replies":[{"embeddable":true,"href":"https:\/\/likemetkovic.hr\/portal\/wp-json\/wp\/v2\/comments?post=132599"}],"version-history":[{"count":1,"href":"https:\/\/likemetkovic.hr\/portal\/wp-json\/wp\/v2\/posts\/132599\/revisions"}],"predecessor-version":[{"id":132600,"href":"https:\/\/likemetkovic.hr\/portal\/wp-json\/wp\/v2\/posts\/132599\/revisions\/132600"}],"wp:featuredmedia":[{"embeddable":true,"href":"https:\/\/likemetkovic.hr\/portal\/wp-json\/wp\/v2\/media\/106806"}],"wp:attachment":[{"href":"https:\/\/likemetkovic.hr\/portal\/wp-json\/wp\/v2\/media?parent=132599"}],"wp:term":[{"taxonomy":"category","embeddable":true,"href":"https:\/\/likemetkovic.hr\/portal\/wp-json\/wp\/v2\/categories?post=132599"},{"taxonomy":"post_tag","embeddable":true,"href":"https:\/\/likemetkovic.hr\/portal\/wp-json\/wp\/v2\/tags?post=132599"}],"curies":[{"name":"wp","href":"https:\/\/api.w.org\/{rel}","templated":true}]}}