{"id":132654,"date":"2022-06-19T14:56:02","date_gmt":"2022-06-19T12:56:02","guid":{"rendered":"https:\/\/likemetkovic.hr\/?p=132654"},"modified":"2022-06-19T14:56:02","modified_gmt":"2022-06-19T12:56:02","slug":"najava-dani-dalmatinskoga-prsuta-i-vina-u-vrgorcu-uz-koncerte-severine-i-grupe-vox-box","status":"publish","type":"post","link":"https:\/\/likemetkovic.hr\/portal\/najava-dani-dalmatinskoga-prsuta-i-vina-u-vrgorcu-uz-koncerte-severine-i-grupe-vox-box\/","title":{"rendered":"NAJAVA! Dani dalmatinskoga pr\u0161uta i vina u Vrgorcu &#8211; uz koncerte Severine i grupe Vox Box"},"content":{"rendered":"<div class=\"elementor-column elementor-col-50 elementor-inner-column elementor-element elementor-element-3aa82d6\" data-id=\"3aa82d6\" data-element_type=\"column\">\n<div class=\"elementor-column-wrap elementor-element-populated\">\n<div class=\"elementor-widget-wrap\">\n<div class=\"elementor-element elementor-element-18bf251 elementor-widget elementor-widget-text-editor\" data-id=\"18bf251\" data-element_type=\"widget\" data-widget_type=\"text-editor.default\">\n<div class=\"elementor-widget-container\">\n<div class=\"elementor-text-editor elementor-clearfix\">\n<p>Dobrodo\u0161li na festival koji slavi okuse tradicije &#8211;<strong> Dane dalmatinskoga pr\u0161uta i vina\u00a0<\/strong>u Vrgorcu koji \u0107e se odr\u017eati 24. i 25. lipnja 2022.!<\/p>\n<p>U autenti\u010dnom do\u017eivljaju gradskog parka u Vrgorcu, za\u010dinjeni pr\u0161utom, vinom i ostalim doma\u0107im proizvodima, puni ritma i sadr\u017eaja Dani Dalmatinskog pr\u0161uta i vina uklju\u010duju raznoliku sajamsku ponudu i bogat zabavni i folklorni program.<\/p>\n<\/div>\n<\/div>\n<\/div>\n<\/div>\n<\/div>\n<\/div>\n<div class=\"elementor-column elementor-col-50 elementor-inner-column elementor-element elementor-element-b04a489\" data-id=\"b04a489\" data-element_type=\"column\">\n<div class=\"elementor-column-wrap elementor-element-populated\">\n<div class=\"elementor-widget-wrap\">\n<div class=\"elementor-element elementor-element-98840b6 elementor-widget elementor-widget-text-editor\" data-id=\"98840b6\" data-element_type=\"widget\" data-widget_type=\"text-editor.default\">\n<div class=\"elementor-widget-container\">\n<div class=\"elementor-text-editor elementor-clearfix\">\n<p>Dani Dalmatinskog pr\u0161uta i vina odr\u017eavaju se u organizaciji Turisti\u010dke zajednice grada Vrgorca i Grada Vrgorca, a pod pokroviteljstvom Mesne industrije \u201cBra\u0107a Pivac\u201d d.o.o. Vrgorac.<\/p>\n<\/div>\n<\/div>\n<\/div>\n<\/div>\n<\/div>\n<\/div>\n<div class=\"elementor-element elementor-element-03905d8 elementor-widget elementor-widget-heading\" data-id=\"03905d8\" data-element_type=\"widget\" data-widget_type=\"heading.default\">\n<div class=\"elementor-widget-container\">\n<h4 class=\"elementor-heading-title elementor-size-default\"><span style=\"text-decoration: underline;\">PETAK, 24.06.<\/span><\/h4>\n<\/div>\n<\/div>\n<div class=\"elementor-element elementor-element-6bdc8c4c elementor-widget elementor-widget-text-editor\" data-id=\"6bdc8c4c\" data-element_type=\"widget\" data-widget_type=\"text-editor.default\">\n<div class=\"elementor-widget-container\">\n<div class=\"elementor-text-editor elementor-clearfix\">\n<p><strong>18:30 \u2013 SVE\u010cANO OTVARANJE MANIFESTACIJE \u00a0\u2013 Gradski park Vrgorac<\/strong><\/p>\n<p>PREDSTAVLJANJE KNJIGE \u201eSTOLJE\u0106A VRGORSKOG VINA I PR\u0160UTA\u201c, autora Branka Radoni\u0107a, Dru\u0161tvo prijatelja vrgorske starine<strong>\u00a0\u2013\u00a0<\/strong>(30 min)<\/p>\n<p><strong>19.00 \u2013<\/strong>\u00a0<strong>DANI DALMATINSKOG PR\u0160UTA I VINA u Gradskom parku u Vrgorcu<\/strong>\u00a0\u2013\u00a0<strong>otvaranje sajma i<\/strong>\u00a0<strong>obilazak manifestacije<\/strong><\/p>\n<ul>\n<li>degustacija i prodaja pr\u0161uta i vina te ostalih doma\u0107ih proizvoda<\/li>\n<li>kulinarski show \u2013 doma\u0107a spiza<\/li>\n<li>nagradne igre<\/li>\n<li>folklorni i zabavni program uz glazbu u\u017eivo<\/li>\n<li>PR\u0160UTI SVIJETA: predstavljanje i degustacija za\u0161ti\u0107enoga portugalskog pr\u0161uta od crne svinje Porco Alentejano<\/li>\n<\/ul>\n<p><strong>22.00 \u2013 KONCERT VE\u010cERI: VOX BOX<\/strong><\/p>\n<div class=\"elementor-element elementor-element-a4c4e90 elementor-widget elementor-widget-heading\" data-id=\"a4c4e90\" data-element_type=\"widget\" data-widget_type=\"heading.default\">\n<div class=\"elementor-widget-container\">\n<h4 class=\"elementor-heading-title elementor-size-default\"><span style=\"text-decoration: underline;\">SUBOTA, 25.06.<\/span><\/h4>\n<\/div>\n<\/div>\n<div class=\"elementor-element elementor-element-e4a1b72 elementor-widget elementor-widget-text-editor\" data-id=\"e4a1b72\" data-element_type=\"widget\" data-widget_type=\"text-editor.default\">\n<div class=\"elementor-widget-container\">\n<div class=\"elementor-text-editor elementor-clearfix\">\n<p><strong>19.00 \u2013 DANI DALMATINSKOG PR\u0160UTA I VINA u Gradskom parku u Vrgorcu<\/strong><\/p>\n<ul>\n<li>degustacija i prodaja pr\u0161uta i vina te ostalih doma\u0107ih proizvoda<\/li>\n<li>kulinarski show<\/li>\n<li>nagradne igre<\/li>\n<li>folklorni i zabavni program uz glazbu u\u017eivo<\/li>\n<li>prezentacija umije\u0107a ru\u010dnog rezanja Dalmatinskog pr\u0161uta<\/li>\n<\/ul>\n<p><strong>22.00 \u2013 KONCERT VE\u010cERI: SEVERINA<\/strong><\/p>\n<\/div>\n<\/div>\n<\/div>\n<\/div>\n<\/div>\n<\/div>\n","protected":false},"excerpt":{"rendered":"<p>Dobrodo\u0161li na festival koji slavi okuse tradicije &#8211; Dane dalmatinskoga pr\u0161uta i vina\u00a0u Vrgorcu koji \u0107e se odr\u017eati 24. i 25. lipnja 2022.! U autenti\u010dnom do\u017eivljaju gradskog parka u Vrgorcu, za\u010dinjeni pr\u0161utom, vinom i ostalim doma\u0107im proizvodima, puni ritma i sadr\u017eaja Dani Dalmatinskog pr\u0161uta i vina uklju\u010duju raznoliku sajamsku ponudu i bogat zabavni i folklorni [&hellip;]<\/p>\n","protected":false},"author":7,"featured_media":132655,"comment_status":"open","ping_status":"open","sticky":false,"template":"","format":"standard","meta":{"footnotes":""},"categories":[296,11],"tags":[10824],"class_list":{"0":"post-132654","1":"post","2":"type-post","3":"status-publish","4":"format-standard","5":"has-post-thumbnail","7":"category-ab","8":"category-metkovic-dolina","9":"tag-dani-prsuta-i-vina"},"yoast_head":"<!-- This site is optimized with the Yoast SEO plugin v25.2 - https:\/\/yoast.com\/wordpress\/plugins\/seo\/ -->\n<title>NAJAVA! Dani dalmatinskoga pr\u0161uta i vina u Vrgorcu - uz koncerte Severine i grupe Vox Box - likemetkovic.hr<\/title>\n<meta name=\"robots\" content=\"index, follow, max-snippet:-1, max-image-preview:large, max-video-preview:-1\" \/>\n<link rel=\"canonical\" href=\"https:\/\/likemetkovic.hr\/najava-dani-dalmatinskoga-prsuta-i-vina-u-vrgorcu-uz-koncerte-severine-i-grupe-vox-box\/\" \/>\n<meta property=\"og:locale\" content=\"hr_HR\" \/>\n<meta property=\"og:type\" content=\"article\" \/>\n<meta property=\"og:title\" content=\"NAJAVA! Dani dalmatinskoga pr\u0161uta i vina u Vrgorcu - uz koncerte Severine i grupe Vox Box - likemetkovic.hr\" \/>\n<meta property=\"og:description\" content=\"Dobrodo\u0161li na festival koji slavi okuse tradicije &#8211; Dane dalmatinskoga pr\u0161uta i vina\u00a0u Vrgorcu koji \u0107e se odr\u017eati 24. i 25. lipnja 2022.! U autenti\u010dnom do\u017eivljaju gradskog parka u Vrgorcu, za\u010dinjeni pr\u0161utom, vinom i ostalim doma\u0107im proizvodima, puni ritma i sadr\u017eaja Dani Dalmatinskog pr\u0161uta i vina uklju\u010duju raznoliku sajamsku ponudu i bogat zabavni i folklorni [&hellip;]\" \/>\n<meta property=\"og:url\" content=\"https:\/\/likemetkovic.hr\/najava-dani-dalmatinskoga-prsuta-i-vina-u-vrgorcu-uz-koncerte-severine-i-grupe-vox-box\/\" \/>\n<meta property=\"og:site_name\" content=\"likemetkovic.hr\" \/>\n<meta property=\"article:publisher\" content=\"https:\/\/www.facebook.com\/likemetkovic.hr\/\" \/>\n<meta property=\"article:published_time\" content=\"2022-06-19T12:56:02+00:00\" \/>\n<meta property=\"og:image\" content=\"https:\/\/likemetkovic.hr\/wp-content\/uploads\/2022\/06\/daniporsuta-i-vina-vrgorac.jpg\" \/>\n\t<meta property=\"og:image:width\" content=\"800\" \/>\n\t<meta property=\"og:image:height\" content=\"533\" \/>\n\t<meta property=\"og:image:type\" content=\"image\/jpeg\" \/>\n<meta name=\"author\" content=\"LIKEmetkovic.hr\" \/>\n<meta name=\"twitter:card\" content=\"summary_large_image\" \/>\n<meta name=\"twitter:label1\" content=\"Napisao\/la\" \/>\n\t<meta name=\"twitter:data1\" content=\"LIKEmetkovic.hr\" \/>\n\t<meta name=\"twitter:label2\" content=\"Procijenjeno vrijeme \u010ditanja\" \/>\n\t<meta name=\"twitter:data2\" content=\"2 minute\" \/>\n<script type=\"application\/ld+json\" class=\"yoast-schema-graph\">{\"@context\":\"https:\/\/schema.org\",\"@graph\":[{\"@type\":\"WebPage\",\"@id\":\"https:\/\/likemetkovic.hr\/najava-dani-dalmatinskoga-prsuta-i-vina-u-vrgorcu-uz-koncerte-severine-i-grupe-vox-box\/\",\"url\":\"https:\/\/likemetkovic.hr\/najava-dani-dalmatinskoga-prsuta-i-vina-u-vrgorcu-uz-koncerte-severine-i-grupe-vox-box\/\",\"name\":\"NAJAVA! Dani dalmatinskoga pr\u0161uta i vina u Vrgorcu - uz koncerte Severine i grupe Vox Box - likemetkovic.hr\",\"isPartOf\":{\"@id\":\"https:\/\/likemetkovic.hr\/#website\"},\"primaryImageOfPage\":{\"@id\":\"https:\/\/likemetkovic.hr\/najava-dani-dalmatinskoga-prsuta-i-vina-u-vrgorcu-uz-koncerte-severine-i-grupe-vox-box\/#primaryimage\"},\"image\":{\"@id\":\"https:\/\/likemetkovic.hr\/najava-dani-dalmatinskoga-prsuta-i-vina-u-vrgorcu-uz-koncerte-severine-i-grupe-vox-box\/#primaryimage\"},\"thumbnailUrl\":\"https:\/\/likemetkovic.hr\/portal\/wp-content\/uploads\/2022\/06\/daniporsuta-i-vina-vrgorac.jpg\",\"datePublished\":\"2022-06-19T12:56:02+00:00\",\"author\":{\"@id\":\"https:\/\/likemetkovic.hr\/#\/schema\/person\/a42711f3385a0e2be6f7e0443bfb28f0\"},\"breadcrumb\":{\"@id\":\"https:\/\/likemetkovic.hr\/najava-dani-dalmatinskoga-prsuta-i-vina-u-vrgorcu-uz-koncerte-severine-i-grupe-vox-box\/#breadcrumb\"},\"inLanguage\":\"hr\",\"potentialAction\":[{\"@type\":\"ReadAction\",\"target\":[\"https:\/\/likemetkovic.hr\/najava-dani-dalmatinskoga-prsuta-i-vina-u-vrgorcu-uz-koncerte-severine-i-grupe-vox-box\/\"]}]},{\"@type\":\"ImageObject\",\"inLanguage\":\"hr\",\"@id\":\"https:\/\/likemetkovic.hr\/najava-dani-dalmatinskoga-prsuta-i-vina-u-vrgorcu-uz-koncerte-severine-i-grupe-vox-box\/#primaryimage\",\"url\":\"https:\/\/likemetkovic.hr\/portal\/wp-content\/uploads\/2022\/06\/daniporsuta-i-vina-vrgorac.jpg\",\"contentUrl\":\"https:\/\/likemetkovic.hr\/portal\/wp-content\/uploads\/2022\/06\/daniporsuta-i-vina-vrgorac.jpg\",\"width\":800,\"height\":533},{\"@type\":\"BreadcrumbList\",\"@id\":\"https:\/\/likemetkovic.hr\/najava-dani-dalmatinskoga-prsuta-i-vina-u-vrgorcu-uz-koncerte-severine-i-grupe-vox-box\/#breadcrumb\",\"itemListElement\":[{\"@type\":\"ListItem\",\"position\":1,\"name\":\"Po\u010detna stranica\",\"item\":\"https:\/\/likemetkovic.hr\/portal\/\"},{\"@type\":\"ListItem\",\"position\":2,\"name\":\"NAJAVA! Dani dalmatinskoga pr\u0161uta i vina u Vrgorcu &#8211; uz koncerte Severine i grupe Vox Box\"}]},{\"@type\":\"WebSite\",\"@id\":\"https:\/\/likemetkovic.hr\/#website\",\"url\":\"https:\/\/likemetkovic.hr\/\",\"name\":\"likemetkovic.hr\",\"description\":\"Misli pozitivno... \u010ditaj LIKE\",\"potentialAction\":[{\"@type\":\"SearchAction\",\"target\":{\"@type\":\"EntryPoint\",\"urlTemplate\":\"https:\/\/likemetkovic.hr\/?s={search_term_string}\"},\"query-input\":{\"@type\":\"PropertyValueSpecification\",\"valueRequired\":true,\"valueName\":\"search_term_string\"}}],\"inLanguage\":\"hr\"},{\"@type\":\"Person\",\"@id\":\"https:\/\/likemetkovic.hr\/#\/schema\/person\/a42711f3385a0e2be6f7e0443bfb28f0\",\"name\":\"LIKEmetkovic.hr\",\"sameAs\":[\"http:\/\/likemetkovic.hr\"],\"url\":\"https:\/\/likemetkovic.hr\/portal\/author\/likemetkovic-hr\/\"}]}<\/script>\n<!-- \/ Yoast SEO plugin. -->","yoast_head_json":{"title":"NAJAVA! Dani dalmatinskoga pr\u0161uta i vina u Vrgorcu - uz koncerte Severine i grupe Vox Box - likemetkovic.hr","robots":{"index":"index","follow":"follow","max-snippet":"max-snippet:-1","max-image-preview":"max-image-preview:large","max-video-preview":"max-video-preview:-1"},"canonical":"https:\/\/likemetkovic.hr\/najava-dani-dalmatinskoga-prsuta-i-vina-u-vrgorcu-uz-koncerte-severine-i-grupe-vox-box\/","og_locale":"hr_HR","og_type":"article","og_title":"NAJAVA! Dani dalmatinskoga pr\u0161uta i vina u Vrgorcu - uz koncerte Severine i grupe Vox Box - likemetkovic.hr","og_description":"Dobrodo\u0161li na festival koji slavi okuse tradicije &#8211; Dane dalmatinskoga pr\u0161uta i vina\u00a0u Vrgorcu koji \u0107e se odr\u017eati 24. i 25. lipnja 2022.! U autenti\u010dnom do\u017eivljaju gradskog parka u Vrgorcu, za\u010dinjeni pr\u0161utom, vinom i ostalim doma\u0107im proizvodima, puni ritma i sadr\u017eaja Dani Dalmatinskog pr\u0161uta i vina uklju\u010duju raznoliku sajamsku ponudu i bogat zabavni i folklorni [&hellip;]","og_url":"https:\/\/likemetkovic.hr\/najava-dani-dalmatinskoga-prsuta-i-vina-u-vrgorcu-uz-koncerte-severine-i-grupe-vox-box\/","og_site_name":"likemetkovic.hr","article_publisher":"https:\/\/www.facebook.com\/likemetkovic.hr\/","article_published_time":"2022-06-19T12:56:02+00:00","og_image":[{"width":800,"height":533,"url":"https:\/\/likemetkovic.hr\/wp-content\/uploads\/2022\/06\/daniporsuta-i-vina-vrgorac.jpg","type":"image\/jpeg"}],"author":"LIKEmetkovic.hr","twitter_card":"summary_large_image","twitter_misc":{"Napisao\/la":"LIKEmetkovic.hr","Procijenjeno vrijeme \u010ditanja":"2 minute"},"schema":{"@context":"https:\/\/schema.org","@graph":[{"@type":"WebPage","@id":"https:\/\/likemetkovic.hr\/najava-dani-dalmatinskoga-prsuta-i-vina-u-vrgorcu-uz-koncerte-severine-i-grupe-vox-box\/","url":"https:\/\/likemetkovic.hr\/najava-dani-dalmatinskoga-prsuta-i-vina-u-vrgorcu-uz-koncerte-severine-i-grupe-vox-box\/","name":"NAJAVA! Dani dalmatinskoga pr\u0161uta i vina u Vrgorcu - uz koncerte Severine i grupe Vox Box - likemetkovic.hr","isPartOf":{"@id":"https:\/\/likemetkovic.hr\/#website"},"primaryImageOfPage":{"@id":"https:\/\/likemetkovic.hr\/najava-dani-dalmatinskoga-prsuta-i-vina-u-vrgorcu-uz-koncerte-severine-i-grupe-vox-box\/#primaryimage"},"image":{"@id":"https:\/\/likemetkovic.hr\/najava-dani-dalmatinskoga-prsuta-i-vina-u-vrgorcu-uz-koncerte-severine-i-grupe-vox-box\/#primaryimage"},"thumbnailUrl":"https:\/\/likemetkovic.hr\/portal\/wp-content\/uploads\/2022\/06\/daniporsuta-i-vina-vrgorac.jpg","datePublished":"2022-06-19T12:56:02+00:00","author":{"@id":"https:\/\/likemetkovic.hr\/#\/schema\/person\/a42711f3385a0e2be6f7e0443bfb28f0"},"breadcrumb":{"@id":"https:\/\/likemetkovic.hr\/najava-dani-dalmatinskoga-prsuta-i-vina-u-vrgorcu-uz-koncerte-severine-i-grupe-vox-box\/#breadcrumb"},"inLanguage":"hr","potentialAction":[{"@type":"ReadAction","target":["https:\/\/likemetkovic.hr\/najava-dani-dalmatinskoga-prsuta-i-vina-u-vrgorcu-uz-koncerte-severine-i-grupe-vox-box\/"]}]},{"@type":"ImageObject","inLanguage":"hr","@id":"https:\/\/likemetkovic.hr\/najava-dani-dalmatinskoga-prsuta-i-vina-u-vrgorcu-uz-koncerte-severine-i-grupe-vox-box\/#primaryimage","url":"https:\/\/likemetkovic.hr\/portal\/wp-content\/uploads\/2022\/06\/daniporsuta-i-vina-vrgorac.jpg","contentUrl":"https:\/\/likemetkovic.hr\/portal\/wp-content\/uploads\/2022\/06\/daniporsuta-i-vina-vrgorac.jpg","width":800,"height":533},{"@type":"BreadcrumbList","@id":"https:\/\/likemetkovic.hr\/najava-dani-dalmatinskoga-prsuta-i-vina-u-vrgorcu-uz-koncerte-severine-i-grupe-vox-box\/#breadcrumb","itemListElement":[{"@type":"ListItem","position":1,"name":"Po\u010detna stranica","item":"https:\/\/likemetkovic.hr\/portal\/"},{"@type":"ListItem","position":2,"name":"NAJAVA! Dani dalmatinskoga pr\u0161uta i vina u Vrgorcu &#8211; uz koncerte Severine i grupe Vox Box"}]},{"@type":"WebSite","@id":"https:\/\/likemetkovic.hr\/#website","url":"https:\/\/likemetkovic.hr\/","name":"likemetkovic.hr","description":"Misli pozitivno... \u010ditaj LIKE","potentialAction":[{"@type":"SearchAction","target":{"@type":"EntryPoint","urlTemplate":"https:\/\/likemetkovic.hr\/?s={search_term_string}"},"query-input":{"@type":"PropertyValueSpecification","valueRequired":true,"valueName":"search_term_string"}}],"inLanguage":"hr"},{"@type":"Person","@id":"https:\/\/likemetkovic.hr\/#\/schema\/person\/a42711f3385a0e2be6f7e0443bfb28f0","name":"LIKEmetkovic.hr","sameAs":["http:\/\/likemetkovic.hr"],"url":"https:\/\/likemetkovic.hr\/portal\/author\/likemetkovic-hr\/"}]}},"_links":{"self":[{"href":"https:\/\/likemetkovic.hr\/portal\/wp-json\/wp\/v2\/posts\/132654","targetHints":{"allow":["GET"]}}],"collection":[{"href":"https:\/\/likemetkovic.hr\/portal\/wp-json\/wp\/v2\/posts"}],"about":[{"href":"https:\/\/likemetkovic.hr\/portal\/wp-json\/wp\/v2\/types\/post"}],"author":[{"embeddable":true,"href":"https:\/\/likemetkovic.hr\/portal\/wp-json\/wp\/v2\/users\/7"}],"replies":[{"embeddable":true,"href":"https:\/\/likemetkovic.hr\/portal\/wp-json\/wp\/v2\/comments?post=132654"}],"version-history":[{"count":1,"href":"https:\/\/likemetkovic.hr\/portal\/wp-json\/wp\/v2\/posts\/132654\/revisions"}],"predecessor-version":[{"id":132656,"href":"https:\/\/likemetkovic.hr\/portal\/wp-json\/wp\/v2\/posts\/132654\/revisions\/132656"}],"wp:featuredmedia":[{"embeddable":true,"href":"https:\/\/likemetkovic.hr\/portal\/wp-json\/wp\/v2\/media\/132655"}],"wp:attachment":[{"href":"https:\/\/likemetkovic.hr\/portal\/wp-json\/wp\/v2\/media?parent=132654"}],"wp:term":[{"taxonomy":"category","embeddable":true,"href":"https:\/\/likemetkovic.hr\/portal\/wp-json\/wp\/v2\/categories?post=132654"},{"taxonomy":"post_tag","embeddable":true,"href":"https:\/\/likemetkovic.hr\/portal\/wp-json\/wp\/v2\/tags?post=132654"}],"curies":[{"name":"wp","href":"https:\/\/api.w.org\/{rel}","templated":true}]}}